{"id":3548,"date":"2026-01-05T08:50:59","date_gmt":"2026-01-05T08:50:59","guid":{"rendered":"https:\/\/bladnanews.com\/neymar-considered-retirement-amid-exhausting-injury-struggles\/"},"modified":"2026-01-05T08:50:59","modified_gmt":"2026-01-05T08:50:59","slug":"neymar-a-envisage-la-retraite-au-milieu-de-luttes-epuisantes-contre-les-blessures","status":"publish","type":"post","link":"https:\/\/bladnanews.com\/fr\/neymar-a-envisage-la-retraite-au-milieu-de-luttes-epuisantes-contre-les-blessures\/","title":{"rendered":"Neymar envisageait la retraite au milieu de luttes contre des blessures \u00e9puisantes"},"content":{"rendered":"<p><strong>Neymar envisageait la retraite au milieu de luttes contre des blessures \u00e9puisantes<\/strong><\/p>\n<p>Neymar a pens\u00e9 \u00e0 abandonner le football pendant ce que son p\u00e8re a d\u00e9crit comme une p\u00e9riode \u201c\u00e9puisante\u201d de blessures \u00e0 Santos.<\/p>\n<p>En parlant de la p\u00e9riode la plus difficile de la carri\u00e8re de son fils, Neymar Snr a r\u00e9v\u00e9l\u00e9 que les luttes de l'attaquant l'avaient amen\u00e9 \u00e0 se demander s'il pouvait continuer. \u201cIl y a eu un moment o\u00f9 il a pens\u00e9 \u00e0 s'arr\u00eater,\u201d a d\u00e9clar\u00e9 le p\u00e8re de Neymar, expliquant \u00e0 quel point cela devenait difficile alors que les probl\u00e8mes revenaient sans cesse et que le chemin du retour semblait plus long \u00e0 chaque fois.<\/p>\n<p>La star br\u00e9silienne a lutt\u00e9 contre des probl\u00e8mes de condition physique r\u00e9p\u00e9t\u00e9s, avec de longues p\u00e9riodes loin du terrain perturbant son rythme et ses plans. Son p\u00e8re a d\u00e9clar\u00e9 que la pression mentale \u00e9tait aussi lourde que la douleur physique, alors que Neymar essayait de se r\u00e9tablir tout en faisant face \u00e0 une incertitude constante sur le moment o\u00f9 il pourrait rejouer.<\/p>\n<p>Malgr\u00e9 ces doutes, Neymar n'a pas franchi le pas et a continu\u00e9 \u00e0 avancer dans sa r\u00e9habilitation. Neymar Snr a insist\u00e9 sur le fait que l'amour de son fils pour le jeu restait intact, mais a admis qu'il y avait des moments o\u00f9 la situation l'\u00e9puisait.<\/p>\n<p>Les commentaires offrent un aper\u00e7u clair de la proximit\u00e9 de Neymar avec la fin de sa carri\u00e8re, avant de choisir de continuer \u00e0 se battre \u00e0 travers les revers.<\/p>","protected":false},"excerpt":{"rendered":"<p>Neymar considered retirement amid exhausting injury struggles Neymar thought about walking away from football during what his father described as [&hellip;]<\/p>\n","protected":false},"author":3,"featured_media":3547,"comment_status":"","ping_status":"open","sticky":false,"template":"","format":"standard","meta":{"googlesitekit_rrm_CAow_uzEDA:productID":"","site-sidebar-layout":"default","site-content-layout":"","ast-site-content-layout":"default","site-content-style":"default","site-sidebar-style":"default","ast-global-header-display":"","ast-banner-title-visibility":"","ast-main-header-display":"","ast-hfb-above-header-display":"","ast-hfb-below-header-display":"","ast-hfb-mobile-header-display":"","site-post-title":"","ast-breadcrumbs-content":"","ast-featured-img":"","footer-sml-layout":"","ast-disable-related-posts":"","theme-transparent-header-meta":"","adv-header-id-meta":"","stick-header-meta":"","header-above-stick-meta":"","header-main-stick-meta":"","header-below-stick-meta":"","astra-migrate-meta-layouts":"default","ast-page-background-enabled":"default","ast-page-background-meta":{"desktop":{"background-color":"var(--ast-global-color-5)","background-image":"","background-repeat":"repeat","background-position":"center center","background-size":"auto","background-attachment":"scroll","background-type":"","background-media":"","overlay-type":"","overlay-color":"","overlay-opacity":"","overlay-gradient":""},"tablet":{"background-color":"","background-image":"","background-repeat":"repeat","background-position":"center center","background-size":"auto","background-attachment":"scroll","background-type":"","background-media":"","overlay-type":"","overlay-color":"","overlay-opacity":"","overlay-gradient":""},"mobile":{"background-color":"","background-image":"","background-repeat":"repeat","background-position":"center center","background-size":"auto","background-attachment":"scroll","background-type":"","background-media":"","overlay-type":"","overlay-color":"","overlay-opacity":"","overlay-gradient":""}},"ast-content-background-meta":{"desktop":{"background-color":"var(--ast-global-color-4)","background-image":"","background-repeat":"repeat","background-position":"center center","background-size":"auto","background-attachment":"scroll","background-type":"","background-media":"","overlay-type":"","overlay-color":"","overlay-opacity":"","overlay-gradient":""},"tablet":{"background-color":"var(--ast-global-color-4)","background-image":"","background-repeat":"repeat","background-position":"center center","background-size":"auto","background-attachment":"scroll","background-type":"","background-media":"","overlay-type":"","overlay-color":"","overlay-opacity":"","overlay-gradient":""},"mobile":{"background-color":"var(--ast-global-color-4)","background-image":"","background-repeat":"repeat","background-position":"center center","background-size":"auto","background-attachment":"scroll","background-type":"","background-media":"","overlay-type":"","overlay-color":"","overlay-opacity":"","overlay-gradient":""}},"footnotes":""},"categories":[20,1],"tags":[],"class_list":["post-3548","post","type-post","status-publish","format-standard","has-post-thumbnail","hentry","category-international","category-football-latest-news"],"yoast_head":"<!-- This site is optimized with the Yoast SEO Premium plugin v26.6 (Yoast SEO v27.5) - https:\/\/yoast.com\/product\/yoast-seo-premium-wordpress\/ -->\n<title>Neymar considered retirement amid exhausting injury struggles - Bladna News<\/title>\n<meta name=\"robots\" content=\"index, follow, max-snippet:-1, max-image-preview:large, max-video-preview:-1\" \/>\n<link rel=\"canonical\" href=\"https:\/\/bladnanews.com\/fr\/neymar-a-envisage-la-retraite-au-milieu-de-luttes-epuisantes-contre-les-blessures\/\" \/>\n<meta property=\"og:locale\" content=\"fr_FR\" \/>\n<meta property=\"og:type\" content=\"article\" \/>\n<meta property=\"og:title\" content=\"Neymar considered retirement amid exhausting injury struggles\" \/>\n<meta property=\"og:description\" content=\"Neymar considered retirement amid exhausting injury struggles Neymar thought about walking away from football during what his father described as [&hellip;]\" \/>\n<meta property=\"og:url\" content=\"https:\/\/bladnanews.com\/fr\/neymar-a-envisage-la-retraite-au-milieu-de-luttes-epuisantes-contre-les-blessures\/\" \/>\n<meta property=\"og:site_name\" content=\"Bladna News\" \/>\n<meta property=\"article:published_time\" content=\"2026-01-05T08:50:59+00:00\" \/>\n<meta property=\"og:image\" content=\"https:\/\/bladnanews.com\/wp-content\/uploads\/2025\/12\/freepik__bladna-newscom-moroccan-soccer-homepage-banner-mor__41838.png\" \/>\n\t<meta property=\"og:image:width\" content=\"1312\" \/>\n\t<meta property=\"og:image:height\" content=\"736\" \/>\n\t<meta property=\"og:image:type\" content=\"image\/png\" \/>\n<meta name=\"author\" content=\"Bladna News Staff\" \/>\n<meta name=\"twitter:card\" content=\"summary_large_image\" \/>\n<meta name=\"twitter:label1\" content=\"\u00c9crit par\" \/>\n\t<meta name=\"twitter:data1\" content=\"Bladna News Staff\" \/>\n\t<meta name=\"twitter:label2\" content=\"Dur\u00e9e de lecture estim\u00e9e\" \/>\n\t<meta name=\"twitter:data2\" content=\"1 minute\" \/>\n<script type=\"application\/ld+json\" class=\"yoast-schema-graph\">{\"@context\":\"https:\\\/\\\/schema.org\",\"@graph\":[{\"@type\":\"Article\",\"@id\":\"https:\\\/\\\/bladnanews.com\\\/neymar-considered-retirement-amid-exhausting-injury-struggles\\\/#article\",\"isPartOf\":{\"@id\":\"https:\\\/\\\/bladnanews.com\\\/neymar-considered-retirement-amid-exhausting-injury-struggles\\\/\"},\"author\":{\"name\":\"Bladna News Staff\",\"@id\":\"https:\\\/\\\/mediumseagreen-eel-531711.hostingersite.com\\\/#\\\/schema\\\/person\\\/268e18a453ab080ebf76df6ef7845083\"},\"headline\":\"Neymar considered retirement amid exhausting injury struggles\",\"datePublished\":\"2026-01-05T08:50:59+00:00\",\"mainEntityOfPage\":{\"@id\":\"https:\\\/\\\/bladnanews.com\\\/neymar-considered-retirement-amid-exhausting-injury-struggles\\\/\"},\"wordCount\":197,\"publisher\":{\"@id\":\"https:\\\/\\\/mediumseagreen-eel-531711.hostingersite.com\\\/#organization\"},\"image\":{\"@id\":\"https:\\\/\\\/bladnanews.com\\\/neymar-considered-retirement-amid-exhausting-injury-struggles\\\/#primaryimage\"},\"thumbnailUrl\":\"https:\\\/\\\/bladnanews.com\\\/wp-content\\\/uploads\\\/2026\\\/01\\\/BladnaNews-Neymar-considered-retirement-amid-exhausting-injury-struggles-2026-01-05T095121.112Z.jpg\",\"articleSection\":[\"International\",\"Latest News\"],\"inLanguage\":\"fr-FR\",\"copyrightYear\":\"2026\",\"copyrightHolder\":{\"@id\":\"https:\\\/\\\/bladnanews.com\\\/fr\\\/#organization\"}},{\"@type\":\"WebPage\",\"@id\":\"https:\\\/\\\/bladnanews.com\\\/neymar-considered-retirement-amid-exhausting-injury-struggles\\\/\",\"url\":\"https:\\\/\\\/bladnanews.com\\\/neymar-considered-retirement-amid-exhausting-injury-struggles\\\/\",\"name\":\"Neymar considered retirement amid exhausting injury struggles - Bladna News\",\"isPartOf\":{\"@id\":\"https:\\\/\\\/mediumseagreen-eel-531711.hostingersite.com\\\/#website\"},\"primaryImageOfPage\":{\"@id\":\"https:\\\/\\\/bladnanews.com\\\/neymar-considered-retirement-amid-exhausting-injury-struggles\\\/#primaryimage\"},\"image\":{\"@id\":\"https:\\\/\\\/bladnanews.com\\\/neymar-considered-retirement-amid-exhausting-injury-struggles\\\/#primaryimage\"},\"thumbnailUrl\":\"https:\\\/\\\/bladnanews.com\\\/wp-content\\\/uploads\\\/2026\\\/01\\\/BladnaNews-Neymar-considered-retirement-amid-exhausting-injury-struggles-2026-01-05T095121.112Z.jpg\",\"datePublished\":\"2026-01-05T08:50:59+00:00\",\"breadcrumb\":{\"@id\":\"https:\\\/\\\/bladnanews.com\\\/neymar-considered-retirement-amid-exhausting-injury-struggles\\\/#breadcrumb\"},\"inLanguage\":\"fr-FR\",\"potentialAction\":[{\"@type\":\"ReadAction\",\"target\":[\"https:\\\/\\\/bladnanews.com\\\/neymar-considered-retirement-amid-exhausting-injury-struggles\\\/\"]}]},{\"@type\":\"ImageObject\",\"inLanguage\":\"fr-FR\",\"@id\":\"https:\\\/\\\/bladnanews.com\\\/neymar-considered-retirement-amid-exhausting-injury-struggles\\\/#primaryimage\",\"url\":\"https:\\\/\\\/bladnanews.com\\\/wp-content\\\/uploads\\\/2026\\\/01\\\/BladnaNews-Neymar-considered-retirement-amid-exhausting-injury-struggles-2026-01-05T095121.112Z.jpg\",\"contentUrl\":\"https:\\\/\\\/bladnanews.com\\\/wp-content\\\/uploads\\\/2026\\\/01\\\/BladnaNews-Neymar-considered-retirement-amid-exhausting-injury-struggles-2026-01-05T095121.112Z.jpg\",\"width\":1920,\"height\":1080,\"caption\":\"Neymar in a blue football kit, visibly distressed, with his hand on his face, showcasing tattooed arms and braided hair.\"},{\"@type\":\"BreadcrumbList\",\"@id\":\"https:\\\/\\\/bladnanews.com\\\/neymar-considered-retirement-amid-exhausting-injury-struggles\\\/#breadcrumb\",\"itemListElement\":[{\"@type\":\"ListItem\",\"position\":1,\"name\":\"Home\",\"item\":\"https:\\\/\\\/bladnanews.com\\\/\"},{\"@type\":\"ListItem\",\"position\":2,\"name\":\"Neymar considered retirement amid exhausting injury struggles\"}]},{\"@type\":\"WebSite\",\"@id\":\"https:\\\/\\\/mediumseagreen-eel-531711.hostingersite.com\\\/#website\",\"url\":\"https:\\\/\\\/mediumseagreen-eel-531711.hostingersite.com\\\/\",\"name\":\"Bladna News - Morocco\",\"description\":\"Where Moroccan Football Meets the World\",\"publisher\":{\"@id\":\"https:\\\/\\\/mediumseagreen-eel-531711.hostingersite.com\\\/#organization\"},\"potentialAction\":[{\"@type\":\"SearchAction\",\"target\":{\"@type\":\"EntryPoint\",\"urlTemplate\":\"https:\\\/\\\/mediumseagreen-eel-531711.hostingersite.com\\\/?s={search_term_string}\"},\"query-input\":{\"@type\":\"PropertyValueSpecification\",\"valueRequired\":true,\"valueName\":\"search_term_string\"}}],\"inLanguage\":\"fr-FR\"},{\"@type\":\"Organization\",\"@id\":\"https:\\\/\\\/mediumseagreen-eel-531711.hostingersite.com\\\/#organization\",\"name\":\"Bladna News.com\",\"url\":\"https:\\\/\\\/mediumseagreen-eel-531711.hostingersite.com\\\/\",\"logo\":{\"@type\":\"ImageObject\",\"inLanguage\":\"fr-FR\",\"@id\":\"https:\\\/\\\/mediumseagreen-eel-531711.hostingersite.com\\\/#\\\/schema\\\/logo\\\/image\\\/\",\"url\":\"https:\\\/\\\/bladnanews.com\\\/wp-content\\\/uploads\\\/2025\\\/12\\\/logo-bladnanews-V2-web-black-red.png\",\"contentUrl\":\"https:\\\/\\\/bladnanews.com\\\/wp-content\\\/uploads\\\/2025\\\/12\\\/logo-bladnanews-V2-web-black-red.png\",\"width\":703,\"height\":287,\"caption\":\"Bladna News.com\"},\"image\":{\"@id\":\"https:\\\/\\\/mediumseagreen-eel-531711.hostingersite.com\\\/#\\\/schema\\\/logo\\\/image\\\/\"},\"email\":\"info@bladnanews.com\",\"legalName\":\"Bladna News\"},{\"@type\":\"Person\",\"@id\":\"https:\\\/\\\/mediumseagreen-eel-531711.hostingersite.com\\\/#\\\/schema\\\/person\\\/268e18a453ab080ebf76df6ef7845083\",\"name\":\"Bladna News Staff\",\"url\":\"https:\\\/\\\/bladnanews.com\\\/fr\\\/author\\\/bladna-news-staff\\\/\"}]}<\/script>\n<!-- \/ Yoast SEO Premium plugin. -->","yoast_head_json":{"title":"Neymar a envisag\u00e9 la retraite au milieu de luttes \u00e9puisantes contre les blessures - Bladna News","robots":{"index":"index","follow":"follow","max-snippet":"max-snippet:-1","max-image-preview":"max-image-preview:large","max-video-preview":"max-video-preview:-1"},"canonical":"https:\/\/bladnanews.com\/fr\/neymar-a-envisage-la-retraite-au-milieu-de-luttes-epuisantes-contre-les-blessures\/","og_locale":"fr_FR","og_type":"article","og_title":"Neymar considered retirement amid exhausting injury struggles","og_description":"Neymar considered retirement amid exhausting injury struggles Neymar thought about walking away from football during what his father described as [&hellip;]","og_url":"https:\/\/bladnanews.com\/fr\/neymar-a-envisage-la-retraite-au-milieu-de-luttes-epuisantes-contre-les-blessures\/","og_site_name":"Bladna News","article_published_time":"2026-01-05T08:50:59+00:00","og_image":[{"width":1312,"height":736,"url":"https:\/\/bladnanews.com\/wp-content\/uploads\/2025\/12\/freepik__bladna-newscom-moroccan-soccer-homepage-banner-mor__41838.png","type":"image\/png"}],"author":"Bladna News Staff","twitter_card":"summary_large_image","twitter_misc":{"\u00c9crit par":"Bladna News Staff","Dur\u00e9e de lecture estim\u00e9e":"1 minute"},"schema":{"@context":"https:\/\/schema.org","@graph":[{"@type":"Article","@id":"https:\/\/bladnanews.com\/neymar-considered-retirement-amid-exhausting-injury-struggles\/#article","isPartOf":{"@id":"https:\/\/bladnanews.com\/neymar-considered-retirement-amid-exhausting-injury-struggles\/"},"author":{"name":"Bladna News Staff","@id":"https:\/\/mediumseagreen-eel-531711.hostingersite.com\/#\/schema\/person\/268e18a453ab080ebf76df6ef7845083"},"headline":"Neymar considered retirement amid exhausting injury struggles","datePublished":"2026-01-05T08:50:59+00:00","mainEntityOfPage":{"@id":"https:\/\/bladnanews.com\/neymar-considered-retirement-amid-exhausting-injury-struggles\/"},"wordCount":197,"publisher":{"@id":"https:\/\/mediumseagreen-eel-531711.hostingersite.com\/#organization"},"image":{"@id":"https:\/\/bladnanews.com\/neymar-considered-retirement-amid-exhausting-injury-struggles\/#primaryimage"},"thumbnailUrl":"https:\/\/bladnanews.com\/wp-content\/uploads\/2026\/01\/BladnaNews-Neymar-considered-retirement-amid-exhausting-injury-struggles-2026-01-05T095121.112Z.jpg","articleSection":["International","Latest News"],"inLanguage":"fr-FR","copyrightYear":"2026","copyrightHolder":{"@id":"https:\/\/bladnanews.com\/fr\/#organization"}},{"@type":"WebPage","@id":"https:\/\/bladnanews.com\/neymar-considered-retirement-amid-exhausting-injury-struggles\/","url":"https:\/\/bladnanews.com\/neymar-considered-retirement-amid-exhausting-injury-struggles\/","name":"Neymar a envisag\u00e9 la retraite au milieu de luttes \u00e9puisantes contre les blessures - Bladna News","isPartOf":{"@id":"https:\/\/mediumseagreen-eel-531711.hostingersite.com\/#website"},"primaryImageOfPage":{"@id":"https:\/\/bladnanews.com\/neymar-considered-retirement-amid-exhausting-injury-struggles\/#primaryimage"},"image":{"@id":"https:\/\/bladnanews.com\/neymar-considered-retirement-amid-exhausting-injury-struggles\/#primaryimage"},"thumbnailUrl":"https:\/\/bladnanews.com\/wp-content\/uploads\/2026\/01\/BladnaNews-Neymar-considered-retirement-amid-exhausting-injury-struggles-2026-01-05T095121.112Z.jpg","datePublished":"2026-01-05T08:50:59+00:00","breadcrumb":{"@id":"https:\/\/bladnanews.com\/neymar-considered-retirement-amid-exhausting-injury-struggles\/#breadcrumb"},"inLanguage":"fr-FR","potentialAction":[{"@type":"ReadAction","target":["https:\/\/bladnanews.com\/neymar-considered-retirement-amid-exhausting-injury-struggles\/"]}]},{"@type":"ImageObject","inLanguage":"fr-FR","@id":"https:\/\/bladnanews.com\/neymar-considered-retirement-amid-exhausting-injury-struggles\/#primaryimage","url":"https:\/\/bladnanews.com\/wp-content\/uploads\/2026\/01\/BladnaNews-Neymar-considered-retirement-amid-exhausting-injury-struggles-2026-01-05T095121.112Z.jpg","contentUrl":"https:\/\/bladnanews.com\/wp-content\/uploads\/2026\/01\/BladnaNews-Neymar-considered-retirement-amid-exhausting-injury-struggles-2026-01-05T095121.112Z.jpg","width":1920,"height":1080,"caption":"Neymar in a blue football kit, visibly distressed, with his hand on his face, showcasing tattooed arms and braided hair."},{"@type":"BreadcrumbList","@id":"https:\/\/bladnanews.com\/neymar-considered-retirement-amid-exhausting-injury-struggles\/#breadcrumb","itemListElement":[{"@type":"ListItem","position":1,"name":"Home","item":"https:\/\/bladnanews.com\/"},{"@type":"ListItem","position":2,"name":"Neymar considered retirement amid exhausting injury struggles"}]},{"@type":"WebSite","@id":"https:\/\/mediumseagreen-eel-531711.hostingersite.com\/#website","url":"https:\/\/mediumseagreen-eel-531711.hostingersite.com\/","name":"Bladna News - Maroc","description":"Quand le football marocain rencontre le monde","publisher":{"@id":"https:\/\/mediumseagreen-eel-531711.hostingersite.com\/#organization"},"potentialAction":[{"@type":"SearchAction","target":{"@type":"EntryPoint","urlTemplate":"https:\/\/mediumseagreen-eel-531711.hostingersite.com\/?s={search_term_string}"},"query-input":{"@type":"PropertyValueSpecification","valueRequired":true,"valueName":"search_term_string"}}],"inLanguage":"fr-FR"},{"@type":"Organization","@id":"https:\/\/mediumseagreen-eel-531711.hostingersite.com\/#organization","name":"Bladna News.com","url":"https:\/\/mediumseagreen-eel-531711.hostingersite.com\/","logo":{"@type":"ImageObject","inLanguage":"fr-FR","@id":"https:\/\/mediumseagreen-eel-531711.hostingersite.com\/#\/schema\/logo\/image\/","url":"https:\/\/bladnanews.com\/wp-content\/uploads\/2025\/12\/logo-bladnanews-V2-web-black-red.png","contentUrl":"https:\/\/bladnanews.com\/wp-content\/uploads\/2025\/12\/logo-bladnanews-V2-web-black-red.png","width":703,"height":287,"caption":"Bladna News.com"},"image":{"@id":"https:\/\/mediumseagreen-eel-531711.hostingersite.com\/#\/schema\/logo\/image\/"},"email":"info@bladnanews.com","legalName":"Bladna News"},{"@type":"Person","@id":"https:\/\/mediumseagreen-eel-531711.hostingersite.com\/#\/schema\/person\/268e18a453ab080ebf76df6ef7845083","name":"\u00c9quipe r\u00e9dactionnelle de Bladna News","url":"https:\/\/bladnanews.com\/fr\/author\/bladna-news-staff\/"}]}},"_links":{"self":[{"href":"https:\/\/bladnanews.com\/fr\/wp-json\/wp\/v2\/posts\/3548","targetHints":{"allow":["GET"]}}],"collection":[{"href":"https:\/\/bladnanews.com\/fr\/wp-json\/wp\/v2\/posts"}],"about":[{"href":"https:\/\/bladnanews.com\/fr\/wp-json\/wp\/v2\/types\/post"}],"author":[{"embeddable":true,"href":"https:\/\/bladnanews.com\/fr\/wp-json\/wp\/v2\/users\/3"}],"replies":[{"embeddable":true,"href":"https:\/\/bladnanews.com\/fr\/wp-json\/wp\/v2\/comments?post=3548"}],"version-history":[{"count":0,"href":"https:\/\/bladnanews.com\/fr\/wp-json\/wp\/v2\/posts\/3548\/revisions"}],"wp:featuredmedia":[{"embeddable":true,"href":"https:\/\/bladnanews.com\/fr\/wp-json\/wp\/v2\/media\/3547"}],"wp:attachment":[{"href":"https:\/\/bladnanews.com\/fr\/wp-json\/wp\/v2\/media?parent=3548"}],"wp:term":[{"taxonomy":"category","embeddable":true,"href":"https:\/\/bladnanews.com\/fr\/wp-json\/wp\/v2\/categories?post=3548"},{"taxonomy":"post_tag","embeddable":true,"href":"https:\/\/bladnanews.com\/fr\/wp-json\/wp\/v2\/tags?post=3548"}],"curies":[{"name":"wp","href":"https:\/\/api.w.org\/{rel}","templated":true}]}}