{"id":361,"date":"2025-12-29T18:53:10","date_gmt":"2025-12-29T18:53:10","guid":{"rendered":"https:\/\/bladnanews.com\/hakimi-shines-in-morocco-debut-fans-heartfelt-afcon-plea\/"},"modified":"2025-12-31T09:49:27","modified_gmt":"2025-12-31T09:49:27","slug":"hakimi-brille-pour-ses-debuts-au-maroc-les-fans-font-un-vibrant-plaidoyer-en-faveur-de-lafrique","status":"publish","type":"post","link":"https:\/\/bladnanews.com\/fr\/hakimi-brille-pour-ses-debuts-au-maroc-les-fans-font-un-vibrant-plaidoyer-en-faveur-de-lafrique\/","title":{"rendered":"Hakimi brille pour ses d\u00e9buts au Maroc, les fans font un vibrant plaidoyer pour l'AFCON"},"content":{"rendered":"<p><html><br \/>\n<head><br \/>\n<meta charset=\"UTF-8\"><br \/>\n<title>Achraf Hakimi impressionne pour ses d\u00e9buts au Maroc, dans l'espoir d'une victoire \u00e0 l'AFCON<\/title><br \/>\n<\/head><br \/>\n<body><\/p>\n<p>L'\u00e9quipe nationale de football du Maroc a franchi une \u00e9tape importante avec les d\u00e9buts remarqu\u00e9s d'Achraf Hakimi, qui ont enthousiasm\u00e9 \u00e0 la fois les supporters et les analystes. Connu pour son rythme \u00e9lectrisant et son sens tactique dans le football europ\u00e9en, l'arriv\u00e9e de Hakimi a renforc\u00e9 les aspirations des Lions de l'Atlas \u00e0 l'approche de la tr\u00e8s attendue Coupe d'Afrique des Nations (AFCON).<\/p>\n<p>Hakimi, qui joue actuellement au Paris Saint-Germain, s'est distingu\u00e9 lors de son premier match officiel avec le Maroc, d\u00e9montrant pourquoi il est consid\u00e9r\u00e9 comme l'un des joueurs les plus talentueux du continent. Le lat\u00e9ral droit de 25 ans a apport\u00e9 sa contribution tant sur le plan offensif que d\u00e9fensif, alliant dribbles fluides et positionnement disciplin\u00e9, une combinaison qui souligne l'\u00e9volution du profil des footballeurs marocains sur la sc\u00e8ne internationale.<\/p>\n<p>Les Lions de l'Atlas, l'\u00e9quipe nationale du Maroc, sont depuis longtemps une puissance du football africain, mais ils ont eu du mal \u00e0 traduire leurs succ\u00e8s nationaux et en Coupe de la Conf\u00e9d\u00e9ration de la CAF en triomphes internationaux r\u00e9guliers. Avec une histoire footballistique riche, marqu\u00e9e par une participation \u00e0 plusieurs Coupes du monde de la FIFA et des performances comp\u00e9titives lors de la Coupe d'Afrique des Nations de la CAF, les attentes sont \u00e9lev\u00e9es pour l'\u00e9quipe, en particulier au moment o\u00f9 elle se pr\u00e9pare pour le prochain tournoi de l'AFCON.<\/p>\n<p>Le championnat national du Maroc, la Botola Pro, continue de cultiver les talents locaux qui alimentent l'\u00e9quipe nationale, produisant des stars qui se font souvent remarquer sur le continent et en Europe. Des clubs comme le Wydad Casablanca, le Raja Casablanca et les FAR Rabat ont jou\u00e9 un r\u00f4le essentiel dans le d\u00e9veloppement de joueurs qui comprennent les exigences tactiques du football moderne tout en pr\u00e9servant un style passionn\u00e9 et habile, embl\u00e9matique de la r\u00e9gion.<\/p>\n<p>L'int\u00e9gration de Hakimi dans l'\u00e9quipe nationale souligne \u00e9galement la collaboration croissante entre les structures nationales du Maroc et les joueurs de la diaspora. De nombreux membres de l'\u00e9quipe des Lions de l'Atlas \u00e9voluent dans les meilleurs championnats europ\u00e9ens, apportant une exp\u00e9rience pr\u00e9cieuse qui compl\u00e8te les approches tactiques enseign\u00e9es dans la Botola Pro et les comp\u00e9titions de la CAF. Cette synergie est essentielle pour les ambitions du Maroc sur la sc\u00e8ne continentale, o\u00f9 il cherche \u00e0 mettre fin \u00e0 une attente de pr\u00e8s de trois d\u00e9cennies pour le titre de l'AFCON.<\/p>\n<p>Le premier match du joueur, caract\u00e9ris\u00e9 par un rythme \u00e9lev\u00e9 et une discipline tactique, a vu le Maroc mettre en \u0153uvre un style qui allie une solide organisation d\u00e9fensive \u00e0 des contre-attaques rapides - une approche bien adapt\u00e9e aux points forts de Hakimi. Sa capacit\u00e9 \u00e0 passer rapidement de la d\u00e9fense \u00e0 l'attaque offre aux Lions de l'Atlas un avantage tactique crucial, en particulier face \u00e0 de redoutables adversaires africains.<\/p>\n<p>Les supporters ont exprim\u00e9 leur d\u00e9sir passionn\u00e9 de voir Hakimi et ses co\u00e9quipiers maintenir ce niveau de performance tout au long du prochain tournoi de l'AFCON. Les supporters marocains, connus pour leur enthousiasme fervent, esp\u00e8rent que l'\u00e9quipe pourra profiter de cette dynamique pour faire un grand pas en avant, et peut-\u00eatre d\u00e9crocher son premier titre de champion depuis 1976. La communaut\u00e9 footballistique du pays est particuli\u00e8rement optimiste quant \u00e0 la fa\u00e7on dont des stars comme Hakimi peuvent influencer les matchs dans les moments cruciaux, \u00e0 la fois en attaque et en stabilit\u00e9 d\u00e9fensive.<\/p>\n<p>En outre, la Conf\u00e9d\u00e9ration africaine de football (CAF) a de plus en plus mis en avant le Maroc comme un centre \u00e9mergent d'excellence en mati\u00e8re de football. Les investissements du pays dans les infrastructures, les programmes de d\u00e9veloppement de la jeunesse et les droits d'accueil des principaux \u00e9v\u00e9nements africains soulignent son engagement \u00e0 \u00e9lever le niveau de jeu sur le continent. Ces efforts sont \u00e9galement li\u00e9s \u00e0 l'ambition du Maroc d'avoir un impact durable au-del\u00e0 de l'Afrique, comme en t\u00e9moigne le profil international croissant de ses joueurs.<\/p>\n<p>Si les d\u00e9buts de Hakimi ont \u00e9t\u00e9 un moment fort, ils ont \u00e9galement mis en lumi\u00e8re les domaines dans lesquels l'\u00e9quipe doit progresser. L'int\u00e9gration des joueurs de la diaspora les plus en vue et des talents locaux reste un exercice d'\u00e9quilibre d\u00e9licat pour l'\u00e9quipe d'encadrement marocaine. Assurer la coh\u00e9sion et la clart\u00e9 tactique sera crucial alors que l'\u00e9quipe navigue dans le paysage comp\u00e9titif de l'AFCON, o\u00f9 les \u00e9quipes sont de plus en plus astucieuses sur le plan tactique et exigeantes sur le plan physique.<\/p>\n<p>Alors que les Lions de l'Atlas poursuivent leur pr\u00e9paration, la F\u00e9d\u00e9ration marocaine de football souhaite tirer parti de ce regain d'optimisme et de cette planification strat\u00e9gique. Avec le calendrier de la Botola Pro qui s'aligne pour fournir aux joueurs la condition physique et l'avantage comp\u00e9titif n\u00e9cessaires, et les comp\u00e9titions de la CAF qui offrent une exposition vitale \u00e0 la pression continentale, le Maroc semble pr\u00eat \u00e0 se battre pour les honneurs.<\/p>\n<p>La trajectoire de l'\u00e9quipe nationale marocaine promet d'\u00eatre passionnante pour les observateurs du football africain et les spectateurs internationaux. L'int\u00e9gration r\u00e9ussie de Hakimi pourrait marquer le d\u00e9but d'une nouvelle \u00e8re, dans laquelle le Maroc associe le talent local et l'exp\u00e9rience internationale pour pr\u00e9tendre r\u00e9guli\u00e8rement aux titres africains et mondiaux. Le prochain tournoi de l'AFCON sera un test critique des capacit\u00e9s de cette \u00e9quipe en pleine \u00e9volution, les fans et les analystes \u00e9tant impatients de voir si les Lions de l'Atlas peuvent transformer leur potentiel en succ\u00e8s palpable.<\/p>\n<p><\/body><br \/>\n<\/html><\/p>","protected":false},"excerpt":{"rendered":"<p>Achraf Hakimi Impresses in Morocco Debut Amid AFCON Hopes Morocco\u2019s national football team marked a significant milestone as Achraf Hakimi [&hellip;]<\/p>\n","protected":false},"author":3,"featured_media":360,"comment_status":"closed","ping_status":"open","sticky":false,"template":"","format":"standard","meta":{"googlesitekit_rrm_CAow_uzEDA:productID":"","site-sidebar-layout":"default","site-content-layout":"","ast-site-content-layout":"default","site-content-style":"default","site-sidebar-style":"default","ast-global-header-display":"","ast-banner-title-visibility":"","ast-main-header-display":"","ast-hfb-above-header-display":"","ast-hfb-below-header-display":"","ast-hfb-mobile-header-display":"","site-post-title":"","ast-breadcrumbs-content":"","ast-featured-img":"","footer-sml-layout":"","ast-disable-related-posts":"","theme-transparent-header-meta":"","adv-header-id-meta":"","stick-header-meta":"","header-above-stick-meta":"","header-main-stick-meta":"","header-below-stick-meta":"","astra-migrate-meta-layouts":"default","ast-page-background-enabled":"default","ast-page-background-meta":{"desktop":{"background-color":"var(--ast-global-color-5)","background-image":"","background-repeat":"repeat","background-position":"center center","background-size":"auto","background-attachment":"scroll","background-type":"","background-media":"","overlay-type":"","overlay-color":"","overlay-opacity":"","overlay-gradient":""},"tablet":{"background-color":"","background-image":"","background-repeat":"repeat","background-position":"center center","background-size":"auto","background-attachment":"scroll","background-type":"","background-media":"","overlay-type":"","overlay-color":"","overlay-opacity":"","overlay-gradient":""},"mobile":{"background-color":"","background-image":"","background-repeat":"repeat","background-position":"center center","background-size":"auto","background-attachment":"scroll","background-type":"","background-media":"","overlay-type":"","overlay-color":"","overlay-opacity":"","overlay-gradient":""}},"ast-content-background-meta":{"desktop":{"background-color":"var(--ast-global-color-4)","background-image":"","background-repeat":"repeat","background-position":"center center","background-size":"auto","background-attachment":"scroll","background-type":"","background-media":"","overlay-type":"","overlay-color":"","overlay-opacity":"","overlay-gradient":""},"tablet":{"background-color":"var(--ast-global-color-4)","background-image":"","background-repeat":"repeat","background-position":"center center","background-size":"auto","background-attachment":"scroll","background-type":"","background-media":"","overlay-type":"","overlay-color":"","overlay-opacity":"","overlay-gradient":""},"mobile":{"background-color":"var(--ast-global-color-4)","background-image":"","background-repeat":"repeat","background-position":"center center","background-size":"auto","background-attachment":"scroll","background-type":"","background-media":"","overlay-type":"","overlay-color":"","overlay-opacity":"","overlay-gradient":""}},"footnotes":""},"categories":[1],"tags":[],"class_list":["post-361","post","type-post","status-publish","format-standard","has-post-thumbnail","hentry","category-football-latest-news"],"yoast_head":"<!-- This site is optimized with the Yoast SEO Premium plugin v26.6 (Yoast SEO v27.5) - https:\/\/yoast.com\/product\/yoast-seo-premium-wordpress\/ -->\n<title>Hakimi Shines in Morocco Debut, Fans Heartfelt AFCON Plea - Bladna News<\/title>\n<meta name=\"robots\" content=\"index, follow, max-snippet:-1, max-image-preview:large, max-video-preview:-1\" \/>\n<link rel=\"canonical\" href=\"https:\/\/bladnanews.com\/fr\/hakimi-brille-pour-ses-debuts-au-maroc-les-fans-font-un-vibrant-plaidoyer-en-faveur-de-lafrique\/\" \/>\n<meta property=\"og:locale\" content=\"fr_FR\" \/>\n<meta property=\"og:type\" content=\"article\" \/>\n<meta property=\"og:title\" content=\"Hakimi Shines in Morocco Debut, Fans Heartfelt AFCON Plea\" \/>\n<meta property=\"og:description\" content=\"Achraf Hakimi Impresses in Morocco Debut Amid AFCON Hopes Morocco\u2019s national football team marked a significant milestone as Achraf Hakimi [&hellip;]\" \/>\n<meta property=\"og:url\" content=\"https:\/\/bladnanews.com\/fr\/hakimi-brille-pour-ses-debuts-au-maroc-les-fans-font-un-vibrant-plaidoyer-en-faveur-de-lafrique\/\" \/>\n<meta property=\"og:site_name\" content=\"Bladna News\" \/>\n<meta property=\"article:published_time\" content=\"2025-12-29T18:53:10+00:00\" \/>\n<meta property=\"article:modified_time\" content=\"2025-12-31T09:49:27+00:00\" \/>\n<meta property=\"og:image\" content=\"https:\/\/bladnanews.com\/wp-content\/uploads\/2025\/12\/i.jpgHakimi-Shines-in-Morocco-Debut-Fans-Heartfelt-AFCON-Plea-2025-12-29T185307.734Z.jpg\" \/>\n\t<meta property=\"og:image:width\" content=\"1296\" \/>\n\t<meta property=\"og:image:height\" content=\"729\" \/>\n\t<meta property=\"og:image:type\" content=\"image\/jpeg\" \/>\n<meta name=\"author\" content=\"Bladna News Staff\" \/>\n<meta name=\"twitter:card\" content=\"summary_large_image\" \/>\n<meta name=\"twitter:label1\" content=\"\u00c9crit par\" \/>\n\t<meta name=\"twitter:data1\" content=\"Bladna News Staff\" \/>\n\t<meta name=\"twitter:label2\" content=\"Dur\u00e9e de lecture estim\u00e9e\" \/>\n\t<meta name=\"twitter:data2\" content=\"4 minutes\" \/>\n<script type=\"application\/ld+json\" class=\"yoast-schema-graph\">{\"@context\":\"https:\\\/\\\/schema.org\",\"@graph\":[{\"@type\":\"Article\",\"@id\":\"https:\\\/\\\/bladnanews.com\\\/hakimi-shines-in-morocco-debut-fans-heartfelt-afcon-plea\\\/#article\",\"isPartOf\":{\"@id\":\"https:\\\/\\\/bladnanews.com\\\/hakimi-shines-in-morocco-debut-fans-heartfelt-afcon-plea\\\/\"},\"author\":{\"name\":\"Bladna News Staff\",\"@id\":\"https:\\\/\\\/mediumseagreen-eel-531711.hostingersite.com\\\/#\\\/schema\\\/person\\\/268e18a453ab080ebf76df6ef7845083\"},\"headline\":\"Hakimi Shines in Morocco Debut, Fans Heartfelt AFCON Plea\",\"datePublished\":\"2025-12-29T18:53:10+00:00\",\"dateModified\":\"2025-12-31T09:49:27+00:00\",\"mainEntityOfPage\":{\"@id\":\"https:\\\/\\\/bladnanews.com\\\/hakimi-shines-in-morocco-debut-fans-heartfelt-afcon-plea\\\/\"},\"wordCount\":730,\"publisher\":{\"@id\":\"https:\\\/\\\/mediumseagreen-eel-531711.hostingersite.com\\\/#organization\"},\"image\":{\"@id\":\"https:\\\/\\\/bladnanews.com\\\/hakimi-shines-in-morocco-debut-fans-heartfelt-afcon-plea\\\/#primaryimage\"},\"thumbnailUrl\":\"https:\\\/\\\/bladnanews.com\\\/wp-content\\\/uploads\\\/2025\\\/12\\\/i.jpgHakimi-Shines-in-Morocco-Debut-Fans-Heartfelt-AFCON-Plea-2025-12-29T185307.734Z.jpg\",\"articleSection\":[\"Latest News\"],\"inLanguage\":\"fr-FR\",\"copyrightYear\":\"2025\",\"copyrightHolder\":{\"@id\":\"https:\\\/\\\/bladnanews.com\\\/fr\\\/#organization\"}},{\"@type\":\"WebPage\",\"@id\":\"https:\\\/\\\/bladnanews.com\\\/hakimi-shines-in-morocco-debut-fans-heartfelt-afcon-plea\\\/\",\"url\":\"https:\\\/\\\/bladnanews.com\\\/hakimi-shines-in-morocco-debut-fans-heartfelt-afcon-plea\\\/\",\"name\":\"Hakimi Shines in Morocco Debut, Fans Heartfelt AFCON Plea - Bladna News\",\"isPartOf\":{\"@id\":\"https:\\\/\\\/mediumseagreen-eel-531711.hostingersite.com\\\/#website\"},\"primaryImageOfPage\":{\"@id\":\"https:\\\/\\\/bladnanews.com\\\/hakimi-shines-in-morocco-debut-fans-heartfelt-afcon-plea\\\/#primaryimage\"},\"image\":{\"@id\":\"https:\\\/\\\/bladnanews.com\\\/hakimi-shines-in-morocco-debut-fans-heartfelt-afcon-plea\\\/#primaryimage\"},\"thumbnailUrl\":\"https:\\\/\\\/bladnanews.com\\\/wp-content\\\/uploads\\\/2025\\\/12\\\/i.jpgHakimi-Shines-in-Morocco-Debut-Fans-Heartfelt-AFCON-Plea-2025-12-29T185307.734Z.jpg\",\"datePublished\":\"2025-12-29T18:53:10+00:00\",\"dateModified\":\"2025-12-31T09:49:27+00:00\",\"breadcrumb\":{\"@id\":\"https:\\\/\\\/bladnanews.com\\\/hakimi-shines-in-morocco-debut-fans-heartfelt-afcon-plea\\\/#breadcrumb\"},\"inLanguage\":\"fr-FR\",\"potentialAction\":[{\"@type\":\"ReadAction\",\"target\":[\"https:\\\/\\\/bladnanews.com\\\/hakimi-shines-in-morocco-debut-fans-heartfelt-afcon-plea\\\/\"]}]},{\"@type\":\"ImageObject\",\"inLanguage\":\"fr-FR\",\"@id\":\"https:\\\/\\\/bladnanews.com\\\/hakimi-shines-in-morocco-debut-fans-heartfelt-afcon-plea\\\/#primaryimage\",\"url\":\"https:\\\/\\\/bladnanews.com\\\/wp-content\\\/uploads\\\/2025\\\/12\\\/i.jpgHakimi-Shines-in-Morocco-Debut-Fans-Heartfelt-AFCON-Plea-2025-12-29T185307.734Z.jpg\",\"contentUrl\":\"https:\\\/\\\/bladnanews.com\\\/wp-content\\\/uploads\\\/2025\\\/12\\\/i.jpgHakimi-Shines-in-Morocco-Debut-Fans-Heartfelt-AFCON-Plea-2025-12-29T185307.734Z.jpg\",\"width\":1296,\"height\":729,\"caption\":\"Moroccan football player in action on the field, highlighting Morocco national team.\"},{\"@type\":\"BreadcrumbList\",\"@id\":\"https:\\\/\\\/bladnanews.com\\\/hakimi-shines-in-morocco-debut-fans-heartfelt-afcon-plea\\\/#breadcrumb\",\"itemListElement\":[{\"@type\":\"ListItem\",\"position\":1,\"name\":\"Home\",\"item\":\"https:\\\/\\\/bladnanews.com\\\/\"},{\"@type\":\"ListItem\",\"position\":2,\"name\":\"Hakimi Shines in Morocco Debut, Fans Heartfelt AFCON Plea\"}]},{\"@type\":\"WebSite\",\"@id\":\"https:\\\/\\\/mediumseagreen-eel-531711.hostingersite.com\\\/#website\",\"url\":\"https:\\\/\\\/mediumseagreen-eel-531711.hostingersite.com\\\/\",\"name\":\"Bladna News - Morocco\",\"description\":\"Where Moroccan Football Meets the World\",\"publisher\":{\"@id\":\"https:\\\/\\\/mediumseagreen-eel-531711.hostingersite.com\\\/#organization\"},\"potentialAction\":[{\"@type\":\"SearchAction\",\"target\":{\"@type\":\"EntryPoint\",\"urlTemplate\":\"https:\\\/\\\/mediumseagreen-eel-531711.hostingersite.com\\\/?s={search_term_string}\"},\"query-input\":{\"@type\":\"PropertyValueSpecification\",\"valueRequired\":true,\"valueName\":\"search_term_string\"}}],\"inLanguage\":\"fr-FR\"},{\"@type\":\"Organization\",\"@id\":\"https:\\\/\\\/mediumseagreen-eel-531711.hostingersite.com\\\/#organization\",\"name\":\"Bladna News.com\",\"url\":\"https:\\\/\\\/mediumseagreen-eel-531711.hostingersite.com\\\/\",\"logo\":{\"@type\":\"ImageObject\",\"inLanguage\":\"fr-FR\",\"@id\":\"https:\\\/\\\/mediumseagreen-eel-531711.hostingersite.com\\\/#\\\/schema\\\/logo\\\/image\\\/\",\"url\":\"https:\\\/\\\/bladnanews.com\\\/wp-content\\\/uploads\\\/2025\\\/12\\\/logo-bladnanews-V2-web-black-red.png\",\"contentUrl\":\"https:\\\/\\\/bladnanews.com\\\/wp-content\\\/uploads\\\/2025\\\/12\\\/logo-bladnanews-V2-web-black-red.png\",\"width\":703,\"height\":287,\"caption\":\"Bladna News.com\"},\"image\":{\"@id\":\"https:\\\/\\\/mediumseagreen-eel-531711.hostingersite.com\\\/#\\\/schema\\\/logo\\\/image\\\/\"},\"email\":\"info@bladnanews.com\",\"legalName\":\"Bladna News\"},{\"@type\":\"Person\",\"@id\":\"https:\\\/\\\/mediumseagreen-eel-531711.hostingersite.com\\\/#\\\/schema\\\/person\\\/268e18a453ab080ebf76df6ef7845083\",\"name\":\"Bladna News Staff\",\"url\":\"https:\\\/\\\/bladnanews.com\\\/fr\\\/author\\\/bladna-news-staff\\\/\"}]}<\/script>\n<!-- \/ Yoast SEO Premium plugin. -->","yoast_head_json":{"title":"Hakimi brille pour ses d\u00e9buts au Maroc, les fans font un vibrant plaidoyer pour l'AFCON - Bladna News","robots":{"index":"index","follow":"follow","max-snippet":"max-snippet:-1","max-image-preview":"max-image-preview:large","max-video-preview":"max-video-preview:-1"},"canonical":"https:\/\/bladnanews.com\/fr\/hakimi-brille-pour-ses-debuts-au-maroc-les-fans-font-un-vibrant-plaidoyer-en-faveur-de-lafrique\/","og_locale":"fr_FR","og_type":"article","og_title":"Hakimi Shines in Morocco Debut, Fans Heartfelt AFCON Plea","og_description":"Achraf Hakimi Impresses in Morocco Debut Amid AFCON Hopes Morocco\u2019s national football team marked a significant milestone as Achraf Hakimi [&hellip;]","og_url":"https:\/\/bladnanews.com\/fr\/hakimi-brille-pour-ses-debuts-au-maroc-les-fans-font-un-vibrant-plaidoyer-en-faveur-de-lafrique\/","og_site_name":"Bladna News","article_published_time":"2025-12-29T18:53:10+00:00","article_modified_time":"2025-12-31T09:49:27+00:00","og_image":[{"width":1296,"height":729,"url":"https:\/\/bladnanews.com\/wp-content\/uploads\/2025\/12\/i.jpgHakimi-Shines-in-Morocco-Debut-Fans-Heartfelt-AFCON-Plea-2025-12-29T185307.734Z.jpg","type":"image\/jpeg"}],"author":"Bladna News Staff","twitter_card":"summary_large_image","twitter_misc":{"\u00c9crit par":"Bladna News Staff","Dur\u00e9e de lecture estim\u00e9e":"4 minutes"},"schema":{"@context":"https:\/\/schema.org","@graph":[{"@type":"Article","@id":"https:\/\/bladnanews.com\/hakimi-shines-in-morocco-debut-fans-heartfelt-afcon-plea\/#article","isPartOf":{"@id":"https:\/\/bladnanews.com\/hakimi-shines-in-morocco-debut-fans-heartfelt-afcon-plea\/"},"author":{"name":"Bladna News Staff","@id":"https:\/\/mediumseagreen-eel-531711.hostingersite.com\/#\/schema\/person\/268e18a453ab080ebf76df6ef7845083"},"headline":"Hakimi Shines in Morocco Debut, Fans Heartfelt AFCON Plea","datePublished":"2025-12-29T18:53:10+00:00","dateModified":"2025-12-31T09:49:27+00:00","mainEntityOfPage":{"@id":"https:\/\/bladnanews.com\/hakimi-shines-in-morocco-debut-fans-heartfelt-afcon-plea\/"},"wordCount":730,"publisher":{"@id":"https:\/\/mediumseagreen-eel-531711.hostingersite.com\/#organization"},"image":{"@id":"https:\/\/bladnanews.com\/hakimi-shines-in-morocco-debut-fans-heartfelt-afcon-plea\/#primaryimage"},"thumbnailUrl":"https:\/\/bladnanews.com\/wp-content\/uploads\/2025\/12\/i.jpgHakimi-Shines-in-Morocco-Debut-Fans-Heartfelt-AFCON-Plea-2025-12-29T185307.734Z.jpg","articleSection":["Latest News"],"inLanguage":"fr-FR","copyrightYear":"2025","copyrightHolder":{"@id":"https:\/\/bladnanews.com\/fr\/#organization"}},{"@type":"WebPage","@id":"https:\/\/bladnanews.com\/hakimi-shines-in-morocco-debut-fans-heartfelt-afcon-plea\/","url":"https:\/\/bladnanews.com\/hakimi-shines-in-morocco-debut-fans-heartfelt-afcon-plea\/","name":"Hakimi brille pour ses d\u00e9buts au Maroc, les fans font un vibrant plaidoyer pour l'AFCON - Bladna News","isPartOf":{"@id":"https:\/\/mediumseagreen-eel-531711.hostingersite.com\/#website"},"primaryImageOfPage":{"@id":"https:\/\/bladnanews.com\/hakimi-shines-in-morocco-debut-fans-heartfelt-afcon-plea\/#primaryimage"},"image":{"@id":"https:\/\/bladnanews.com\/hakimi-shines-in-morocco-debut-fans-heartfelt-afcon-plea\/#primaryimage"},"thumbnailUrl":"https:\/\/bladnanews.com\/wp-content\/uploads\/2025\/12\/i.jpgHakimi-Shines-in-Morocco-Debut-Fans-Heartfelt-AFCON-Plea-2025-12-29T185307.734Z.jpg","datePublished":"2025-12-29T18:53:10+00:00","dateModified":"2025-12-31T09:49:27+00:00","breadcrumb":{"@id":"https:\/\/bladnanews.com\/hakimi-shines-in-morocco-debut-fans-heartfelt-afcon-plea\/#breadcrumb"},"inLanguage":"fr-FR","potentialAction":[{"@type":"ReadAction","target":["https:\/\/bladnanews.com\/hakimi-shines-in-morocco-debut-fans-heartfelt-afcon-plea\/"]}]},{"@type":"ImageObject","inLanguage":"fr-FR","@id":"https:\/\/bladnanews.com\/hakimi-shines-in-morocco-debut-fans-heartfelt-afcon-plea\/#primaryimage","url":"https:\/\/bladnanews.com\/wp-content\/uploads\/2025\/12\/i.jpgHakimi-Shines-in-Morocco-Debut-Fans-Heartfelt-AFCON-Plea-2025-12-29T185307.734Z.jpg","contentUrl":"https:\/\/bladnanews.com\/wp-content\/uploads\/2025\/12\/i.jpgHakimi-Shines-in-Morocco-Debut-Fans-Heartfelt-AFCON-Plea-2025-12-29T185307.734Z.jpg","width":1296,"height":729,"caption":"Moroccan football player in action on the field, highlighting Morocco national team."},{"@type":"BreadcrumbList","@id":"https:\/\/bladnanews.com\/hakimi-shines-in-morocco-debut-fans-heartfelt-afcon-plea\/#breadcrumb","itemListElement":[{"@type":"ListItem","position":1,"name":"Home","item":"https:\/\/bladnanews.com\/"},{"@type":"ListItem","position":2,"name":"Hakimi Shines in Morocco Debut, Fans Heartfelt AFCON Plea"}]},{"@type":"WebSite","@id":"https:\/\/mediumseagreen-eel-531711.hostingersite.com\/#website","url":"https:\/\/mediumseagreen-eel-531711.hostingersite.com\/","name":"Bladna News - Maroc","description":"Quand le football marocain rencontre le monde","publisher":{"@id":"https:\/\/mediumseagreen-eel-531711.hostingersite.com\/#organization"},"potentialAction":[{"@type":"SearchAction","target":{"@type":"EntryPoint","urlTemplate":"https:\/\/mediumseagreen-eel-531711.hostingersite.com\/?s={search_term_string}"},"query-input":{"@type":"PropertyValueSpecification","valueRequired":true,"valueName":"search_term_string"}}],"inLanguage":"fr-FR"},{"@type":"Organization","@id":"https:\/\/mediumseagreen-eel-531711.hostingersite.com\/#organization","name":"Bladna News.com","url":"https:\/\/mediumseagreen-eel-531711.hostingersite.com\/","logo":{"@type":"ImageObject","inLanguage":"fr-FR","@id":"https:\/\/mediumseagreen-eel-531711.hostingersite.com\/#\/schema\/logo\/image\/","url":"https:\/\/bladnanews.com\/wp-content\/uploads\/2025\/12\/logo-bladnanews-V2-web-black-red.png","contentUrl":"https:\/\/bladnanews.com\/wp-content\/uploads\/2025\/12\/logo-bladnanews-V2-web-black-red.png","width":703,"height":287,"caption":"Bladna News.com"},"image":{"@id":"https:\/\/mediumseagreen-eel-531711.hostingersite.com\/#\/schema\/logo\/image\/"},"email":"info@bladnanews.com","legalName":"Bladna News"},{"@type":"Person","@id":"https:\/\/mediumseagreen-eel-531711.hostingersite.com\/#\/schema\/person\/268e18a453ab080ebf76df6ef7845083","name":"\u00c9quipe r\u00e9dactionnelle de Bladna News","url":"https:\/\/bladnanews.com\/fr\/author\/bladna-news-staff\/"}]}},"_links":{"self":[{"href":"https:\/\/bladnanews.com\/fr\/wp-json\/wp\/v2\/posts\/361","targetHints":{"allow":["GET"]}}],"collection":[{"href":"https:\/\/bladnanews.com\/fr\/wp-json\/wp\/v2\/posts"}],"about":[{"href":"https:\/\/bladnanews.com\/fr\/wp-json\/wp\/v2\/types\/post"}],"author":[{"embeddable":true,"href":"https:\/\/bladnanews.com\/fr\/wp-json\/wp\/v2\/users\/3"}],"replies":[{"embeddable":true,"href":"https:\/\/bladnanews.com\/fr\/wp-json\/wp\/v2\/comments?post=361"}],"version-history":[{"count":0,"href":"https:\/\/bladnanews.com\/fr\/wp-json\/wp\/v2\/posts\/361\/revisions"}],"wp:featuredmedia":[{"embeddable":true,"href":"https:\/\/bladnanews.com\/fr\/wp-json\/wp\/v2\/media\/360"}],"wp:attachment":[{"href":"https:\/\/bladnanews.com\/fr\/wp-json\/wp\/v2\/media?parent=361"}],"wp:term":[{"taxonomy":"category","embeddable":true,"href":"https:\/\/bladnanews.com\/fr\/wp-json\/wp\/v2\/categories?post=361"},{"taxonomy":"post_tag","embeddable":true,"href":"https:\/\/bladnanews.com\/fr\/wp-json\/wp\/v2\/tags?post=361"}],"curies":[{"name":"wp","href":"https:\/\/api.w.org\/{rel}","templated":true}]}}