{"id":3675,"date":"2026-01-05T09:51:04","date_gmt":"2026-01-05T09:51:04","guid":{"rendered":"https:\/\/bladnanews.com\/wayne-rooney-tells-ruben-amorim-he-is-not-guardiola-or-klopp\/"},"modified":"2026-01-05T09:51:04","modified_gmt":"2026-01-05T09:51:04","slug":"wayne-rooney-dit-a-ruben-amorim-quil-nest-ni-guardiola-ni-klopp","status":"publish","type":"post","link":"https:\/\/bladnanews.com\/fr\/wayne-rooney-dit-a-ruben-amorim-quil-nest-ni-guardiola-ni-klopp\/","title":{"rendered":"Wayne Rooney dit \u00e0 Ruben Amorim qu'il n'est ni Guardiola ni Klopp"},"content":{"rendered":"<p>Wayne Rooney a lanc\u00e9 un avertissement s\u00e9v\u00e8re \u00e0 Ruben Amorim, sous pression, d\u00e9clarant au manager de Manchester United qu'il \u201cn'est ni Pep Guardiola ni J\u00fcrgen Klopp\u201d, suite \u00e0 une violente sortie visant la direction du club.<\/p>\n<p>Amorim a fait les gros titres en adressant un message public sans d\u00e9tour \u00e0 la hi\u00e9rarchie de United, \u00e9voquant ce dont il a besoin de la part de ses sup\u00e9rieurs alors que les r\u00e9sultats sont sous pression. Ces commentaires ont rapidement suscit\u00e9 un d\u00e9bat sur l'opportunit\u00e9 pour l'entra\u00eeneur principal d'adopter une ligne aussi dure en public durant une p\u00e9riode difficile.<\/p>\n<p>Rooney n'a pas m\u00e2ch\u00e9 ses mots dans sa r\u00e9ponse. L'ancien capitaine de United a affirm\u00e9 qu'Amorim doit accepter qu'il n'est pas dans la m\u00eame position que des managers comme Guardiola ou Klopp, et ne peut pas agir comme s'il avait acquis ce niveau de pouvoir et de confiance au sein du club.<\/p>\n<p>La critique de la l\u00e9gende de United s'est concentr\u00e9e sur ce qu'il a per\u00e7u comme une surench\u00e8re d'Amorim envers la direction, sugg\u00e9rant que l'entra\u00eeneur devrait se concentrer sur l'am\u00e9lioration des performances et l'obtention de r\u00e9sultats plut\u00f4t que de tirer \u00e0 boulets rouges sur les dirigeants du club.<\/p>\n<p>Les commentaires de Rooney interviennent \u00e0 un moment o\u00f9 tous les regards restent braqu\u00e9s sur Old Trafford et l'orientation du projet, la relation d'Amorim avec la direction du club \u00e9tant d\u00e9sormais aussi sous le microscope suite \u00e0 ses d\u00e9clarations \u201cexplosives\u201d.<\/p>","protected":false},"excerpt":{"rendered":"<p>Wayne Rooney has launched a strong warning at under-fire Ruben Amorim, telling the Manchester United boss he is \u201cnot Pep [&hellip;]<\/p>\n","protected":false},"author":3,"featured_media":3673,"comment_status":"","ping_status":"open","sticky":false,"template":"","format":"standard","meta":{"googlesitekit_rrm_CAow_uzEDA:productID":"","site-sidebar-layout":"default","site-content-layout":"","ast-site-content-layout":"default","site-content-style":"default","site-sidebar-style":"default","ast-global-header-display":"","ast-banner-title-visibility":"","ast-main-header-display":"","ast-hfb-above-header-display":"","ast-hfb-below-header-display":"","ast-hfb-mobile-header-display":"","site-post-title":"","ast-breadcrumbs-content":"","ast-featured-img":"","footer-sml-layout":"","ast-disable-related-posts":"","theme-transparent-header-meta":"","adv-header-id-meta":"","stick-header-meta":"","header-above-stick-meta":"","header-main-stick-meta":"","header-below-stick-meta":"","astra-migrate-meta-layouts":"default","ast-page-background-enabled":"default","ast-page-background-meta":{"desktop":{"background-color":"var(--ast-global-color-5)","background-image":"","background-repeat":"repeat","background-position":"center center","background-size":"auto","background-attachment":"scroll","background-type":"","background-media":"","overlay-type":"","overlay-color":"","overlay-opacity":"","overlay-gradient":""},"tablet":{"background-color":"","background-image":"","background-repeat":"repeat","background-position":"center center","background-size":"auto","background-attachment":"scroll","background-type":"","background-media":"","overlay-type":"","overlay-color":"","overlay-opacity":"","overlay-gradient":""},"mobile":{"background-color":"","background-image":"","background-repeat":"repeat","background-position":"center center","background-size":"auto","background-attachment":"scroll","background-type":"","background-media":"","overlay-type":"","overlay-color":"","overlay-opacity":"","overlay-gradient":""}},"ast-content-background-meta":{"desktop":{"background-color":"var(--ast-global-color-4)","background-image":"","background-repeat":"repeat","background-position":"center center","background-size":"auto","background-attachment":"scroll","background-type":"","background-media":"","overlay-type":"","overlay-color":"","overlay-opacity":"","overlay-gradient":""},"tablet":{"background-color":"var(--ast-global-color-4)","background-image":"","background-repeat":"repeat","background-position":"center center","background-size":"auto","background-attachment":"scroll","background-type":"","background-media":"","overlay-type":"","overlay-color":"","overlay-opacity":"","overlay-gradient":""},"mobile":{"background-color":"var(--ast-global-color-4)","background-image":"","background-repeat":"repeat","background-position":"center center","background-size":"auto","background-attachment":"scroll","background-type":"","background-media":"","overlay-type":"","overlay-color":"","overlay-opacity":"","overlay-gradient":""}},"footnotes":""},"categories":[20,1],"tags":[],"class_list":["post-3675","post","type-post","status-publish","format-standard","has-post-thumbnail","hentry","category-international","category-football-latest-news"],"yoast_head":"<!-- This site is optimized with the Yoast SEO Premium plugin v26.6 (Yoast SEO v27.5) - https:\/\/yoast.com\/product\/yoast-seo-premium-wordpress\/ -->\n<title>Wayne Rooney tells Ruben Amorim he is not Guardiola or Klopp - Bladna News<\/title>\n<meta name=\"robots\" content=\"index, follow, max-snippet:-1, max-image-preview:large, max-video-preview:-1\" \/>\n<link rel=\"canonical\" href=\"https:\/\/bladnanews.com\/fr\/wayne-rooney-dit-a-ruben-amorim-quil-nest-ni-guardiola-ni-klopp\/\" \/>\n<meta property=\"og:locale\" content=\"fr_FR\" \/>\n<meta property=\"og:type\" content=\"article\" \/>\n<meta property=\"og:title\" content=\"Wayne Rooney tells Ruben Amorim he is not Guardiola or Klopp\" \/>\n<meta property=\"og:description\" content=\"Wayne Rooney has launched a strong warning at under-fire Ruben Amorim, telling the Manchester United boss he is \u201cnot Pep [&hellip;]\" \/>\n<meta property=\"og:url\" content=\"https:\/\/bladnanews.com\/fr\/wayne-rooney-dit-a-ruben-amorim-quil-nest-ni-guardiola-ni-klopp\/\" \/>\n<meta property=\"og:site_name\" content=\"Bladna News\" \/>\n<meta property=\"article:published_time\" content=\"2026-01-05T09:51:04+00:00\" \/>\n<meta property=\"og:image\" content=\"https:\/\/bladnanews.com\/wp-content\/uploads\/2025\/12\/freepik__bladna-newscom-moroccan-soccer-homepage-banner-mor__41838.png\" \/>\n\t<meta property=\"og:image:width\" content=\"1312\" \/>\n\t<meta property=\"og:image:height\" content=\"736\" \/>\n\t<meta property=\"og:image:type\" content=\"image\/png\" \/>\n<meta name=\"author\" content=\"Bladna News Staff\" \/>\n<meta name=\"twitter:card\" content=\"summary_large_image\" \/>\n<meta name=\"twitter:label1\" content=\"\u00c9crit par\" \/>\n\t<meta name=\"twitter:data1\" content=\"Bladna News Staff\" \/>\n\t<meta name=\"twitter:label2\" content=\"Dur\u00e9e de lecture estim\u00e9e\" \/>\n\t<meta name=\"twitter:data2\" content=\"1 minute\" \/>\n<script type=\"application\/ld+json\" class=\"yoast-schema-graph\">{\"@context\":\"https:\\\/\\\/schema.org\",\"@graph\":[{\"@type\":\"Article\",\"@id\":\"https:\\\/\\\/bladnanews.com\\\/wayne-rooney-tells-ruben-amorim-he-is-not-guardiola-or-klopp\\\/#article\",\"isPartOf\":{\"@id\":\"https:\\\/\\\/bladnanews.com\\\/wayne-rooney-tells-ruben-amorim-he-is-not-guardiola-or-klopp\\\/\"},\"author\":{\"name\":\"Bladna News Staff\",\"@id\":\"https:\\\/\\\/mediumseagreen-eel-531711.hostingersite.com\\\/#\\\/schema\\\/person\\\/268e18a453ab080ebf76df6ef7845083\"},\"headline\":\"Wayne Rooney tells Ruben Amorim he is not Guardiola or Klopp\",\"datePublished\":\"2026-01-05T09:51:04+00:00\",\"mainEntityOfPage\":{\"@id\":\"https:\\\/\\\/bladnanews.com\\\/wayne-rooney-tells-ruben-amorim-he-is-not-guardiola-or-klopp\\\/\"},\"wordCount\":220,\"publisher\":{\"@id\":\"https:\\\/\\\/mediumseagreen-eel-531711.hostingersite.com\\\/#organization\"},\"image\":{\"@id\":\"https:\\\/\\\/bladnanews.com\\\/wayne-rooney-tells-ruben-amorim-he-is-not-guardiola-or-klopp\\\/#primaryimage\"},\"thumbnailUrl\":\"https:\\\/\\\/bladnanews.com\\\/wp-content\\\/uploads\\\/2026\\\/01\\\/BladnaNews-Wayne-Rooney-tells-Ruben-Amorim-he-is-not-Guardiola-or-Klopp-2026-01-05T115036.693Z.jpg\",\"articleSection\":[\"International\",\"Latest News\"],\"inLanguage\":\"fr-FR\",\"copyrightYear\":\"2026\",\"copyrightHolder\":{\"@id\":\"https:\\\/\\\/bladnanews.com\\\/fr\\\/#organization\"}},{\"@type\":\"WebPage\",\"@id\":\"https:\\\/\\\/bladnanews.com\\\/wayne-rooney-tells-ruben-amorim-he-is-not-guardiola-or-klopp\\\/\",\"url\":\"https:\\\/\\\/bladnanews.com\\\/wayne-rooney-tells-ruben-amorim-he-is-not-guardiola-or-klopp\\\/\",\"name\":\"Wayne Rooney tells Ruben Amorim he is not Guardiola or Klopp - Bladna News\",\"isPartOf\":{\"@id\":\"https:\\\/\\\/mediumseagreen-eel-531711.hostingersite.com\\\/#website\"},\"primaryImageOfPage\":{\"@id\":\"https:\\\/\\\/bladnanews.com\\\/wayne-rooney-tells-ruben-amorim-he-is-not-guardiola-or-klopp\\\/#primaryimage\"},\"image\":{\"@id\":\"https:\\\/\\\/bladnanews.com\\\/wayne-rooney-tells-ruben-amorim-he-is-not-guardiola-or-klopp\\\/#primaryimage\"},\"thumbnailUrl\":\"https:\\\/\\\/bladnanews.com\\\/wp-content\\\/uploads\\\/2026\\\/01\\\/BladnaNews-Wayne-Rooney-tells-Ruben-Amorim-he-is-not-Guardiola-or-Klopp-2026-01-05T115036.693Z.jpg\",\"datePublished\":\"2026-01-05T09:51:04+00:00\",\"breadcrumb\":{\"@id\":\"https:\\\/\\\/bladnanews.com\\\/wayne-rooney-tells-ruben-amorim-he-is-not-guardiola-or-klopp\\\/#breadcrumb\"},\"inLanguage\":\"fr-FR\",\"potentialAction\":[{\"@type\":\"ReadAction\",\"target\":[\"https:\\\/\\\/bladnanews.com\\\/wayne-rooney-tells-ruben-amorim-he-is-not-guardiola-or-klopp\\\/\"]}]},{\"@type\":\"ImageObject\",\"inLanguage\":\"fr-FR\",\"@id\":\"https:\\\/\\\/bladnanews.com\\\/wayne-rooney-tells-ruben-amorim-he-is-not-guardiola-or-klopp\\\/#primaryimage\",\"url\":\"https:\\\/\\\/bladnanews.com\\\/wp-content\\\/uploads\\\/2026\\\/01\\\/BladnaNews-Wayne-Rooney-tells-Ruben-Amorim-he-is-not-Guardiola-or-Klopp-2026-01-05T115036.693Z.jpg\",\"contentUrl\":\"https:\\\/\\\/bladnanews.com\\\/wp-content\\\/uploads\\\/2026\\\/01\\\/BladnaNews-Wayne-Rooney-tells-Ruben-Amorim-he-is-not-Guardiola-or-Klopp-2026-01-05T115036.693Z.jpg\",\"width\":1600,\"height\":900,\"caption\":\"Pep Guardiola, Ruben Amorim, and J\u00fcrgen Klopp express differing emotions in this split image, representing their respective teams.\"},{\"@type\":\"BreadcrumbList\",\"@id\":\"https:\\\/\\\/bladnanews.com\\\/wayne-rooney-tells-ruben-amorim-he-is-not-guardiola-or-klopp\\\/#breadcrumb\",\"itemListElement\":[{\"@type\":\"ListItem\",\"position\":1,\"name\":\"Home\",\"item\":\"https:\\\/\\\/bladnanews.com\\\/\"},{\"@type\":\"ListItem\",\"position\":2,\"name\":\"Wayne Rooney tells Ruben Amorim he is not Guardiola or Klopp\"}]},{\"@type\":\"WebSite\",\"@id\":\"https:\\\/\\\/mediumseagreen-eel-531711.hostingersite.com\\\/#website\",\"url\":\"https:\\\/\\\/mediumseagreen-eel-531711.hostingersite.com\\\/\",\"name\":\"Bladna News - Morocco\",\"description\":\"Where Moroccan Football Meets the World\",\"publisher\":{\"@id\":\"https:\\\/\\\/mediumseagreen-eel-531711.hostingersite.com\\\/#organization\"},\"potentialAction\":[{\"@type\":\"SearchAction\",\"target\":{\"@type\":\"EntryPoint\",\"urlTemplate\":\"https:\\\/\\\/mediumseagreen-eel-531711.hostingersite.com\\\/?s={search_term_string}\"},\"query-input\":{\"@type\":\"PropertyValueSpecification\",\"valueRequired\":true,\"valueName\":\"search_term_string\"}}],\"inLanguage\":\"fr-FR\"},{\"@type\":\"Organization\",\"@id\":\"https:\\\/\\\/mediumseagreen-eel-531711.hostingersite.com\\\/#organization\",\"name\":\"Bladna News.com\",\"url\":\"https:\\\/\\\/mediumseagreen-eel-531711.hostingersite.com\\\/\",\"logo\":{\"@type\":\"ImageObject\",\"inLanguage\":\"fr-FR\",\"@id\":\"https:\\\/\\\/mediumseagreen-eel-531711.hostingersite.com\\\/#\\\/schema\\\/logo\\\/image\\\/\",\"url\":\"https:\\\/\\\/bladnanews.com\\\/wp-content\\\/uploads\\\/2025\\\/12\\\/logo-bladnanews-V2-web-black-red.png\",\"contentUrl\":\"https:\\\/\\\/bladnanews.com\\\/wp-content\\\/uploads\\\/2025\\\/12\\\/logo-bladnanews-V2-web-black-red.png\",\"width\":703,\"height\":287,\"caption\":\"Bladna News.com\"},\"image\":{\"@id\":\"https:\\\/\\\/mediumseagreen-eel-531711.hostingersite.com\\\/#\\\/schema\\\/logo\\\/image\\\/\"},\"email\":\"info@bladnanews.com\",\"legalName\":\"Bladna News\"},{\"@type\":\"Person\",\"@id\":\"https:\\\/\\\/mediumseagreen-eel-531711.hostingersite.com\\\/#\\\/schema\\\/person\\\/268e18a453ab080ebf76df6ef7845083\",\"name\":\"Bladna News Staff\",\"url\":\"https:\\\/\\\/bladnanews.com\\\/fr\\\/author\\\/bladna-news-staff\\\/\"}]}<\/script>\n<!-- \/ Yoast SEO Premium plugin. -->","yoast_head_json":{"title":"Wayne Rooney dit \u00e0 Ruben Amorim qu'il n'est ni Guardiola ni Klopp - Bladna News","robots":{"index":"index","follow":"follow","max-snippet":"max-snippet:-1","max-image-preview":"max-image-preview:large","max-video-preview":"max-video-preview:-1"},"canonical":"https:\/\/bladnanews.com\/fr\/wayne-rooney-dit-a-ruben-amorim-quil-nest-ni-guardiola-ni-klopp\/","og_locale":"fr_FR","og_type":"article","og_title":"Wayne Rooney tells Ruben Amorim he is not Guardiola or Klopp","og_description":"Wayne Rooney has launched a strong warning at under-fire Ruben Amorim, telling the Manchester United boss he is \u201cnot Pep [&hellip;]","og_url":"https:\/\/bladnanews.com\/fr\/wayne-rooney-dit-a-ruben-amorim-quil-nest-ni-guardiola-ni-klopp\/","og_site_name":"Bladna News","article_published_time":"2026-01-05T09:51:04+00:00","og_image":[{"width":1312,"height":736,"url":"https:\/\/bladnanews.com\/wp-content\/uploads\/2025\/12\/freepik__bladna-newscom-moroccan-soccer-homepage-banner-mor__41838.png","type":"image\/png"}],"author":"Bladna News Staff","twitter_card":"summary_large_image","twitter_misc":{"\u00c9crit par":"Bladna News Staff","Dur\u00e9e de lecture estim\u00e9e":"1 minute"},"schema":{"@context":"https:\/\/schema.org","@graph":[{"@type":"Article","@id":"https:\/\/bladnanews.com\/wayne-rooney-tells-ruben-amorim-he-is-not-guardiola-or-klopp\/#article","isPartOf":{"@id":"https:\/\/bladnanews.com\/wayne-rooney-tells-ruben-amorim-he-is-not-guardiola-or-klopp\/"},"author":{"name":"Bladna News Staff","@id":"https:\/\/mediumseagreen-eel-531711.hostingersite.com\/#\/schema\/person\/268e18a453ab080ebf76df6ef7845083"},"headline":"Wayne Rooney tells Ruben Amorim he is not Guardiola or Klopp","datePublished":"2026-01-05T09:51:04+00:00","mainEntityOfPage":{"@id":"https:\/\/bladnanews.com\/wayne-rooney-tells-ruben-amorim-he-is-not-guardiola-or-klopp\/"},"wordCount":220,"publisher":{"@id":"https:\/\/mediumseagreen-eel-531711.hostingersite.com\/#organization"},"image":{"@id":"https:\/\/bladnanews.com\/wayne-rooney-tells-ruben-amorim-he-is-not-guardiola-or-klopp\/#primaryimage"},"thumbnailUrl":"https:\/\/bladnanews.com\/wp-content\/uploads\/2026\/01\/BladnaNews-Wayne-Rooney-tells-Ruben-Amorim-he-is-not-Guardiola-or-Klopp-2026-01-05T115036.693Z.jpg","articleSection":["International","Latest News"],"inLanguage":"fr-FR","copyrightYear":"2026","copyrightHolder":{"@id":"https:\/\/bladnanews.com\/fr\/#organization"}},{"@type":"WebPage","@id":"https:\/\/bladnanews.com\/wayne-rooney-tells-ruben-amorim-he-is-not-guardiola-or-klopp\/","url":"https:\/\/bladnanews.com\/wayne-rooney-tells-ruben-amorim-he-is-not-guardiola-or-klopp\/","name":"Wayne Rooney dit \u00e0 Ruben Amorim qu'il n'est ni Guardiola ni Klopp - Bladna News","isPartOf":{"@id":"https:\/\/mediumseagreen-eel-531711.hostingersite.com\/#website"},"primaryImageOfPage":{"@id":"https:\/\/bladnanews.com\/wayne-rooney-tells-ruben-amorim-he-is-not-guardiola-or-klopp\/#primaryimage"},"image":{"@id":"https:\/\/bladnanews.com\/wayne-rooney-tells-ruben-amorim-he-is-not-guardiola-or-klopp\/#primaryimage"},"thumbnailUrl":"https:\/\/bladnanews.com\/wp-content\/uploads\/2026\/01\/BladnaNews-Wayne-Rooney-tells-Ruben-Amorim-he-is-not-Guardiola-or-Klopp-2026-01-05T115036.693Z.jpg","datePublished":"2026-01-05T09:51:04+00:00","breadcrumb":{"@id":"https:\/\/bladnanews.com\/wayne-rooney-tells-ruben-amorim-he-is-not-guardiola-or-klopp\/#breadcrumb"},"inLanguage":"fr-FR","potentialAction":[{"@type":"ReadAction","target":["https:\/\/bladnanews.com\/wayne-rooney-tells-ruben-amorim-he-is-not-guardiola-or-klopp\/"]}]},{"@type":"ImageObject","inLanguage":"fr-FR","@id":"https:\/\/bladnanews.com\/wayne-rooney-tells-ruben-amorim-he-is-not-guardiola-or-klopp\/#primaryimage","url":"https:\/\/bladnanews.com\/wp-content\/uploads\/2026\/01\/BladnaNews-Wayne-Rooney-tells-Ruben-Amorim-he-is-not-Guardiola-or-Klopp-2026-01-05T115036.693Z.jpg","contentUrl":"https:\/\/bladnanews.com\/wp-content\/uploads\/2026\/01\/BladnaNews-Wayne-Rooney-tells-Ruben-Amorim-he-is-not-Guardiola-or-Klopp-2026-01-05T115036.693Z.jpg","width":1600,"height":900,"caption":"Pep Guardiola, Ruben Amorim, and J\u00fcrgen Klopp express differing emotions in this split image, representing their respective teams."},{"@type":"BreadcrumbList","@id":"https:\/\/bladnanews.com\/wayne-rooney-tells-ruben-amorim-he-is-not-guardiola-or-klopp\/#breadcrumb","itemListElement":[{"@type":"ListItem","position":1,"name":"Home","item":"https:\/\/bladnanews.com\/"},{"@type":"ListItem","position":2,"name":"Wayne Rooney tells Ruben Amorim he is not Guardiola or Klopp"}]},{"@type":"WebSite","@id":"https:\/\/mediumseagreen-eel-531711.hostingersite.com\/#website","url":"https:\/\/mediumseagreen-eel-531711.hostingersite.com\/","name":"Bladna News - Maroc","description":"Quand le football marocain rencontre le monde","publisher":{"@id":"https:\/\/mediumseagreen-eel-531711.hostingersite.com\/#organization"},"potentialAction":[{"@type":"SearchAction","target":{"@type":"EntryPoint","urlTemplate":"https:\/\/mediumseagreen-eel-531711.hostingersite.com\/?s={search_term_string}"},"query-input":{"@type":"PropertyValueSpecification","valueRequired":true,"valueName":"search_term_string"}}],"inLanguage":"fr-FR"},{"@type":"Organization","@id":"https:\/\/mediumseagreen-eel-531711.hostingersite.com\/#organization","name":"Bladna News.com","url":"https:\/\/mediumseagreen-eel-531711.hostingersite.com\/","logo":{"@type":"ImageObject","inLanguage":"fr-FR","@id":"https:\/\/mediumseagreen-eel-531711.hostingersite.com\/#\/schema\/logo\/image\/","url":"https:\/\/bladnanews.com\/wp-content\/uploads\/2025\/12\/logo-bladnanews-V2-web-black-red.png","contentUrl":"https:\/\/bladnanews.com\/wp-content\/uploads\/2025\/12\/logo-bladnanews-V2-web-black-red.png","width":703,"height":287,"caption":"Bladna News.com"},"image":{"@id":"https:\/\/mediumseagreen-eel-531711.hostingersite.com\/#\/schema\/logo\/image\/"},"email":"info@bladnanews.com","legalName":"Bladna News"},{"@type":"Person","@id":"https:\/\/mediumseagreen-eel-531711.hostingersite.com\/#\/schema\/person\/268e18a453ab080ebf76df6ef7845083","name":"\u00c9quipe r\u00e9dactionnelle de Bladna News","url":"https:\/\/bladnanews.com\/fr\/author\/bladna-news-staff\/"}]}},"_links":{"self":[{"href":"https:\/\/bladnanews.com\/fr\/wp-json\/wp\/v2\/posts\/3675","targetHints":{"allow":["GET"]}}],"collection":[{"href":"https:\/\/bladnanews.com\/fr\/wp-json\/wp\/v2\/posts"}],"about":[{"href":"https:\/\/bladnanews.com\/fr\/wp-json\/wp\/v2\/types\/post"}],"author":[{"embeddable":true,"href":"https:\/\/bladnanews.com\/fr\/wp-json\/wp\/v2\/users\/3"}],"replies":[{"embeddable":true,"href":"https:\/\/bladnanews.com\/fr\/wp-json\/wp\/v2\/comments?post=3675"}],"version-history":[{"count":0,"href":"https:\/\/bladnanews.com\/fr\/wp-json\/wp\/v2\/posts\/3675\/revisions"}],"wp:featuredmedia":[{"embeddable":true,"href":"https:\/\/bladnanews.com\/fr\/wp-json\/wp\/v2\/media\/3673"}],"wp:attachment":[{"href":"https:\/\/bladnanews.com\/fr\/wp-json\/wp\/v2\/media?parent=3675"}],"wp:term":[{"taxonomy":"category","embeddable":true,"href":"https:\/\/bladnanews.com\/fr\/wp-json\/wp\/v2\/categories?post=3675"},{"taxonomy":"post_tag","embeddable":true,"href":"https:\/\/bladnanews.com\/fr\/wp-json\/wp\/v2\/tags?post=3675"}],"curies":[{"name":"wp","href":"https:\/\/api.w.org\/{rel}","templated":true}]}}