{"id":3678,"date":"2026-01-05T09:55:05","date_gmt":"2026-01-05T09:55:05","guid":{"rendered":"https:\/\/bladnanews.com\/strasbourg-boss-tipped-to-replace-enzo-maresca-at-chelsea\/"},"modified":"2026-01-05T09:55:05","modified_gmt":"2026-01-05T09:55:05","slug":"le-patron-de-strasbourg-pressenti-pour-remplacer-enzo-maresca-a-chelsea","status":"publish","type":"post","link":"https:\/\/bladnanews.com\/fr\/le-patron-de-strasbourg-pressenti-pour-remplacer-enzo-maresca-a-chelsea\/","title":{"rendered":"Le patron de Strasbourg pressenti pour remplacer Enzo Maresca \u00e0 Chelsea"},"content":{"rendered":"<p>Liam Rosenior devrait \u00eatre remplac\u00e9 \u00e0 Strasbourg, un autre jeune entra\u00eeneur anglais \u00e9tant pr\u00e9vu alors que le patron du club de Ligue 1 se pr\u00e9pare \u00e0 succ\u00e9der \u00e0 Enzo Maresca \u00e0 Chelsea.<\/p>\n<p>Rosenior n'a pris ses fonctions qu'en \u00e9t\u00e9 mais devrait maintenant se retirer alors que Strasbourg se dirige vers un changement sur le banc. Le club serait en passe de finaliser un nouvel entra\u00eeneur principal, dont la nomination devrait venir d'Angleterre.<\/p>\n<p>Le contexte de la d\u00e9cision est li\u00e9 aux propres plans de Chelsea. Avec Maresca se pr\u00e9parant \u00e0 quitter Stamford Bridge, l'actuel entra\u00eeneur de Strasbourg est apparu comme le candidat principal pour prendre la rel\u00e8ve \u00e0 l'ouest de Londres. Le changement permettrait de garder les clubs align\u00e9s sous la m\u00eame structure de propri\u00e9t\u00e9.<\/p>\n<p>Le d\u00e9tail cl\u00e9 r\u00e9v\u00e9l\u00e9 est que Chelsea travaille \u00e0 remplacer Maresca et que le patron de Strasbourg est l'option pr\u00e9f\u00e9r\u00e9e, ce qui d\u00e9clencherait alors la recherche d'un nouvel entra\u00eeneur par Strasbourg et mettrait en p\u00e9ril la position de Rosenior.<\/p>\n<p>Si le transfert se concr\u00e9tise, ce serait une autre \u00e9tape notable dans le carousel des entra\u00eeneurs entre les deux clubs, Strasbourg \u00e9tant pr\u00eat \u00e0 agir rapidement pour \u00e9viter d'\u00eatre en difficult\u00e9 avant la nouvelle saison.<\/p>","protected":false},"excerpt":{"rendered":"<p>Liam Rosenior is set to be replaced at Strasbourg, with another young English coach being lined up as the Ligue [&hellip;]<\/p>\n","protected":false},"author":3,"featured_media":3676,"comment_status":"","ping_status":"open","sticky":false,"template":"","format":"standard","meta":{"googlesitekit_rrm_CAow_uzEDA:productID":"","site-sidebar-layout":"default","site-content-layout":"","ast-site-content-layout":"default","site-content-style":"default","site-sidebar-style":"default","ast-global-header-display":"","ast-banner-title-visibility":"","ast-main-header-display":"","ast-hfb-above-header-display":"","ast-hfb-below-header-display":"","ast-hfb-mobile-header-display":"","site-post-title":"","ast-breadcrumbs-content":"","ast-featured-img":"","footer-sml-layout":"","ast-disable-related-posts":"","theme-transparent-header-meta":"","adv-header-id-meta":"","stick-header-meta":"","header-above-stick-meta":"","header-main-stick-meta":"","header-below-stick-meta":"","astra-migrate-meta-layouts":"default","ast-page-background-enabled":"default","ast-page-background-meta":{"desktop":{"background-color":"var(--ast-global-color-5)","background-image":"","background-repeat":"repeat","background-position":"center center","background-size":"auto","background-attachment":"scroll","background-type":"","background-media":"","overlay-type":"","overlay-color":"","overlay-opacity":"","overlay-gradient":""},"tablet":{"background-color":"","background-image":"","background-repeat":"repeat","background-position":"center center","background-size":"auto","background-attachment":"scroll","background-type":"","background-media":"","overlay-type":"","overlay-color":"","overlay-opacity":"","overlay-gradient":""},"mobile":{"background-color":"","background-image":"","background-repeat":"repeat","background-position":"center center","background-size":"auto","background-attachment":"scroll","background-type":"","background-media":"","overlay-type":"","overlay-color":"","overlay-opacity":"","overlay-gradient":""}},"ast-content-background-meta":{"desktop":{"background-color":"var(--ast-global-color-4)","background-image":"","background-repeat":"repeat","background-position":"center center","background-size":"auto","background-attachment":"scroll","background-type":"","background-media":"","overlay-type":"","overlay-color":"","overlay-opacity":"","overlay-gradient":""},"tablet":{"background-color":"var(--ast-global-color-4)","background-image":"","background-repeat":"repeat","background-position":"center center","background-size":"auto","background-attachment":"scroll","background-type":"","background-media":"","overlay-type":"","overlay-color":"","overlay-opacity":"","overlay-gradient":""},"mobile":{"background-color":"var(--ast-global-color-4)","background-image":"","background-repeat":"repeat","background-position":"center center","background-size":"auto","background-attachment":"scroll","background-type":"","background-media":"","overlay-type":"","overlay-color":"","overlay-opacity":"","overlay-gradient":""}},"footnotes":""},"categories":[20,1],"tags":[],"class_list":["post-3678","post","type-post","status-publish","format-standard","has-post-thumbnail","hentry","category-international","category-football-latest-news"],"yoast_head":"<!-- This site is optimized with the Yoast SEO Premium plugin v26.6 (Yoast SEO v27.5) - https:\/\/yoast.com\/product\/yoast-seo-premium-wordpress\/ -->\n<title>Strasbourg boss tipped to replace Enzo Maresca at Chelsea - Bladna News<\/title>\n<meta name=\"robots\" content=\"index, follow, max-snippet:-1, max-image-preview:large, max-video-preview:-1\" \/>\n<link rel=\"canonical\" href=\"https:\/\/bladnanews.com\/fr\/le-patron-de-strasbourg-pressenti-pour-remplacer-enzo-maresca-a-chelsea\/\" \/>\n<meta property=\"og:locale\" content=\"fr_FR\" \/>\n<meta property=\"og:type\" content=\"article\" \/>\n<meta property=\"og:title\" content=\"Strasbourg boss tipped to replace Enzo Maresca at Chelsea\" \/>\n<meta property=\"og:description\" content=\"Liam Rosenior is set to be replaced at Strasbourg, with another young English coach being lined up as the Ligue [&hellip;]\" \/>\n<meta property=\"og:url\" content=\"https:\/\/bladnanews.com\/fr\/le-patron-de-strasbourg-pressenti-pour-remplacer-enzo-maresca-a-chelsea\/\" \/>\n<meta property=\"og:site_name\" content=\"Bladna News\" \/>\n<meta property=\"article:published_time\" content=\"2026-01-05T09:55:05+00:00\" \/>\n<meta property=\"og:image\" content=\"https:\/\/bladnanews.com\/wp-content\/uploads\/2025\/12\/freepik__bladna-newscom-moroccan-soccer-homepage-banner-mor__41838.png\" \/>\n\t<meta property=\"og:image:width\" content=\"1312\" \/>\n\t<meta property=\"og:image:height\" content=\"736\" \/>\n\t<meta property=\"og:image:type\" content=\"image\/png\" \/>\n<meta name=\"author\" content=\"Bladna News Staff\" \/>\n<meta name=\"twitter:card\" content=\"summary_large_image\" \/>\n<meta name=\"twitter:label1\" content=\"\u00c9crit par\" \/>\n\t<meta name=\"twitter:data1\" content=\"Bladna News Staff\" \/>\n\t<meta name=\"twitter:label2\" content=\"Dur\u00e9e de lecture estim\u00e9e\" \/>\n\t<meta name=\"twitter:data2\" content=\"1 minute\" \/>\n<script type=\"application\/ld+json\" class=\"yoast-schema-graph\">{\"@context\":\"https:\\\/\\\/schema.org\",\"@graph\":[{\"@type\":\"Article\",\"@id\":\"https:\\\/\\\/bladnanews.com\\\/strasbourg-boss-tipped-to-replace-enzo-maresca-at-chelsea\\\/#article\",\"isPartOf\":{\"@id\":\"https:\\\/\\\/bladnanews.com\\\/strasbourg-boss-tipped-to-replace-enzo-maresca-at-chelsea\\\/\"},\"author\":{\"name\":\"Bladna News Staff\",\"@id\":\"https:\\\/\\\/mediumseagreen-eel-531711.hostingersite.com\\\/#\\\/schema\\\/person\\\/268e18a453ab080ebf76df6ef7845083\"},\"headline\":\"Strasbourg boss tipped to replace Enzo Maresca at Chelsea\",\"datePublished\":\"2026-01-05T09:55:05+00:00\",\"mainEntityOfPage\":{\"@id\":\"https:\\\/\\\/bladnanews.com\\\/strasbourg-boss-tipped-to-replace-enzo-maresca-at-chelsea\\\/\"},\"wordCount\":202,\"publisher\":{\"@id\":\"https:\\\/\\\/mediumseagreen-eel-531711.hostingersite.com\\\/#organization\"},\"image\":{\"@id\":\"https:\\\/\\\/bladnanews.com\\\/strasbourg-boss-tipped-to-replace-enzo-maresca-at-chelsea\\\/#primaryimage\"},\"thumbnailUrl\":\"https:\\\/\\\/bladnanews.com\\\/wp-content\\\/uploads\\\/2026\\\/01\\\/BladnaNews-Strasbourg-boss-tipped-to-replace-Enzo-Maresca-at-Chelsea-2026-01-05T115051.235Z.jpg\",\"articleSection\":[\"International\",\"Latest News\"],\"inLanguage\":\"fr-FR\",\"copyrightYear\":\"2026\",\"copyrightHolder\":{\"@id\":\"https:\\\/\\\/bladnanews.com\\\/fr\\\/#organization\"}},{\"@type\":\"WebPage\",\"@id\":\"https:\\\/\\\/bladnanews.com\\\/strasbourg-boss-tipped-to-replace-enzo-maresca-at-chelsea\\\/\",\"url\":\"https:\\\/\\\/bladnanews.com\\\/strasbourg-boss-tipped-to-replace-enzo-maresca-at-chelsea\\\/\",\"name\":\"Strasbourg boss tipped to replace Enzo Maresca at Chelsea - Bladna News\",\"isPartOf\":{\"@id\":\"https:\\\/\\\/mediumseagreen-eel-531711.hostingersite.com\\\/#website\"},\"primaryImageOfPage\":{\"@id\":\"https:\\\/\\\/bladnanews.com\\\/strasbourg-boss-tipped-to-replace-enzo-maresca-at-chelsea\\\/#primaryimage\"},\"image\":{\"@id\":\"https:\\\/\\\/bladnanews.com\\\/strasbourg-boss-tipped-to-replace-enzo-maresca-at-chelsea\\\/#primaryimage\"},\"thumbnailUrl\":\"https:\\\/\\\/bladnanews.com\\\/wp-content\\\/uploads\\\/2026\\\/01\\\/BladnaNews-Strasbourg-boss-tipped-to-replace-Enzo-Maresca-at-Chelsea-2026-01-05T115051.235Z.jpg\",\"datePublished\":\"2026-01-05T09:55:05+00:00\",\"breadcrumb\":{\"@id\":\"https:\\\/\\\/bladnanews.com\\\/strasbourg-boss-tipped-to-replace-enzo-maresca-at-chelsea\\\/#breadcrumb\"},\"inLanguage\":\"fr-FR\",\"potentialAction\":[{\"@type\":\"ReadAction\",\"target\":[\"https:\\\/\\\/bladnanews.com\\\/strasbourg-boss-tipped-to-replace-enzo-maresca-at-chelsea\\\/\"]}]},{\"@type\":\"ImageObject\",\"inLanguage\":\"fr-FR\",\"@id\":\"https:\\\/\\\/bladnanews.com\\\/strasbourg-boss-tipped-to-replace-enzo-maresca-at-chelsea\\\/#primaryimage\",\"url\":\"https:\\\/\\\/bladnanews.com\\\/wp-content\\\/uploads\\\/2026\\\/01\\\/BladnaNews-Strasbourg-boss-tipped-to-replace-Enzo-Maresca-at-Chelsea-2026-01-05T115051.235Z.jpg\",\"contentUrl\":\"https:\\\/\\\/bladnanews.com\\\/wp-content\\\/uploads\\\/2026\\\/01\\\/BladnaNews-Strasbourg-boss-tipped-to-replace-Enzo-Maresca-at-Chelsea-2026-01-05T115051.235Z.jpg\",\"width\":1360,\"height\":765,\"caption\":\"Strasbourg's head coach applauding from the sidelines during a match, dressed in a smart coat and glasses, with players in the background.\"},{\"@type\":\"BreadcrumbList\",\"@id\":\"https:\\\/\\\/bladnanews.com\\\/strasbourg-boss-tipped-to-replace-enzo-maresca-at-chelsea\\\/#breadcrumb\",\"itemListElement\":[{\"@type\":\"ListItem\",\"position\":1,\"name\":\"Home\",\"item\":\"https:\\\/\\\/bladnanews.com\\\/\"},{\"@type\":\"ListItem\",\"position\":2,\"name\":\"Strasbourg boss tipped to replace Enzo Maresca at Chelsea\"}]},{\"@type\":\"WebSite\",\"@id\":\"https:\\\/\\\/mediumseagreen-eel-531711.hostingersite.com\\\/#website\",\"url\":\"https:\\\/\\\/mediumseagreen-eel-531711.hostingersite.com\\\/\",\"name\":\"Bladna News - Morocco\",\"description\":\"Where Moroccan Football Meets the World\",\"publisher\":{\"@id\":\"https:\\\/\\\/mediumseagreen-eel-531711.hostingersite.com\\\/#organization\"},\"potentialAction\":[{\"@type\":\"SearchAction\",\"target\":{\"@type\":\"EntryPoint\",\"urlTemplate\":\"https:\\\/\\\/mediumseagreen-eel-531711.hostingersite.com\\\/?s={search_term_string}\"},\"query-input\":{\"@type\":\"PropertyValueSpecification\",\"valueRequired\":true,\"valueName\":\"search_term_string\"}}],\"inLanguage\":\"fr-FR\"},{\"@type\":\"Organization\",\"@id\":\"https:\\\/\\\/mediumseagreen-eel-531711.hostingersite.com\\\/#organization\",\"name\":\"Bladna News.com\",\"url\":\"https:\\\/\\\/mediumseagreen-eel-531711.hostingersite.com\\\/\",\"logo\":{\"@type\":\"ImageObject\",\"inLanguage\":\"fr-FR\",\"@id\":\"https:\\\/\\\/mediumseagreen-eel-531711.hostingersite.com\\\/#\\\/schema\\\/logo\\\/image\\\/\",\"url\":\"https:\\\/\\\/bladnanews.com\\\/wp-content\\\/uploads\\\/2025\\\/12\\\/logo-bladnanews-V2-web-black-red.png\",\"contentUrl\":\"https:\\\/\\\/bladnanews.com\\\/wp-content\\\/uploads\\\/2025\\\/12\\\/logo-bladnanews-V2-web-black-red.png\",\"width\":703,\"height\":287,\"caption\":\"Bladna News.com\"},\"image\":{\"@id\":\"https:\\\/\\\/mediumseagreen-eel-531711.hostingersite.com\\\/#\\\/schema\\\/logo\\\/image\\\/\"},\"email\":\"info@bladnanews.com\",\"legalName\":\"Bladna News\"},{\"@type\":\"Person\",\"@id\":\"https:\\\/\\\/mediumseagreen-eel-531711.hostingersite.com\\\/#\\\/schema\\\/person\\\/268e18a453ab080ebf76df6ef7845083\",\"name\":\"Bladna News Staff\",\"url\":\"https:\\\/\\\/bladnanews.com\\\/fr\\\/author\\\/bladna-news-staff\\\/\"}]}<\/script>\n<!-- \/ Yoast SEO Premium plugin. -->","yoast_head_json":{"title":"Le patron de Strasbourg pressenti pour remplacer Enzo Maresca \u00e0 Chelsea - Bladna News","robots":{"index":"index","follow":"follow","max-snippet":"max-snippet:-1","max-image-preview":"max-image-preview:large","max-video-preview":"max-video-preview:-1"},"canonical":"https:\/\/bladnanews.com\/fr\/le-patron-de-strasbourg-pressenti-pour-remplacer-enzo-maresca-a-chelsea\/","og_locale":"fr_FR","og_type":"article","og_title":"Strasbourg boss tipped to replace Enzo Maresca at Chelsea","og_description":"Liam Rosenior is set to be replaced at Strasbourg, with another young English coach being lined up as the Ligue [&hellip;]","og_url":"https:\/\/bladnanews.com\/fr\/le-patron-de-strasbourg-pressenti-pour-remplacer-enzo-maresca-a-chelsea\/","og_site_name":"Bladna News","article_published_time":"2026-01-05T09:55:05+00:00","og_image":[{"width":1312,"height":736,"url":"https:\/\/bladnanews.com\/wp-content\/uploads\/2025\/12\/freepik__bladna-newscom-moroccan-soccer-homepage-banner-mor__41838.png","type":"image\/png"}],"author":"Bladna News Staff","twitter_card":"summary_large_image","twitter_misc":{"\u00c9crit par":"Bladna News Staff","Dur\u00e9e de lecture estim\u00e9e":"1 minute"},"schema":{"@context":"https:\/\/schema.org","@graph":[{"@type":"Article","@id":"https:\/\/bladnanews.com\/strasbourg-boss-tipped-to-replace-enzo-maresca-at-chelsea\/#article","isPartOf":{"@id":"https:\/\/bladnanews.com\/strasbourg-boss-tipped-to-replace-enzo-maresca-at-chelsea\/"},"author":{"name":"Bladna News Staff","@id":"https:\/\/mediumseagreen-eel-531711.hostingersite.com\/#\/schema\/person\/268e18a453ab080ebf76df6ef7845083"},"headline":"Strasbourg boss tipped to replace Enzo Maresca at Chelsea","datePublished":"2026-01-05T09:55:05+00:00","mainEntityOfPage":{"@id":"https:\/\/bladnanews.com\/strasbourg-boss-tipped-to-replace-enzo-maresca-at-chelsea\/"},"wordCount":202,"publisher":{"@id":"https:\/\/mediumseagreen-eel-531711.hostingersite.com\/#organization"},"image":{"@id":"https:\/\/bladnanews.com\/strasbourg-boss-tipped-to-replace-enzo-maresca-at-chelsea\/#primaryimage"},"thumbnailUrl":"https:\/\/bladnanews.com\/wp-content\/uploads\/2026\/01\/BladnaNews-Strasbourg-boss-tipped-to-replace-Enzo-Maresca-at-Chelsea-2026-01-05T115051.235Z.jpg","articleSection":["International","Latest News"],"inLanguage":"fr-FR","copyrightYear":"2026","copyrightHolder":{"@id":"https:\/\/bladnanews.com\/fr\/#organization"}},{"@type":"WebPage","@id":"https:\/\/bladnanews.com\/strasbourg-boss-tipped-to-replace-enzo-maresca-at-chelsea\/","url":"https:\/\/bladnanews.com\/strasbourg-boss-tipped-to-replace-enzo-maresca-at-chelsea\/","name":"Le patron de Strasbourg pressenti pour remplacer Enzo Maresca \u00e0 Chelsea - Bladna News","isPartOf":{"@id":"https:\/\/mediumseagreen-eel-531711.hostingersite.com\/#website"},"primaryImageOfPage":{"@id":"https:\/\/bladnanews.com\/strasbourg-boss-tipped-to-replace-enzo-maresca-at-chelsea\/#primaryimage"},"image":{"@id":"https:\/\/bladnanews.com\/strasbourg-boss-tipped-to-replace-enzo-maresca-at-chelsea\/#primaryimage"},"thumbnailUrl":"https:\/\/bladnanews.com\/wp-content\/uploads\/2026\/01\/BladnaNews-Strasbourg-boss-tipped-to-replace-Enzo-Maresca-at-Chelsea-2026-01-05T115051.235Z.jpg","datePublished":"2026-01-05T09:55:05+00:00","breadcrumb":{"@id":"https:\/\/bladnanews.com\/strasbourg-boss-tipped-to-replace-enzo-maresca-at-chelsea\/#breadcrumb"},"inLanguage":"fr-FR","potentialAction":[{"@type":"ReadAction","target":["https:\/\/bladnanews.com\/strasbourg-boss-tipped-to-replace-enzo-maresca-at-chelsea\/"]}]},{"@type":"ImageObject","inLanguage":"fr-FR","@id":"https:\/\/bladnanews.com\/strasbourg-boss-tipped-to-replace-enzo-maresca-at-chelsea\/#primaryimage","url":"https:\/\/bladnanews.com\/wp-content\/uploads\/2026\/01\/BladnaNews-Strasbourg-boss-tipped-to-replace-Enzo-Maresca-at-Chelsea-2026-01-05T115051.235Z.jpg","contentUrl":"https:\/\/bladnanews.com\/wp-content\/uploads\/2026\/01\/BladnaNews-Strasbourg-boss-tipped-to-replace-Enzo-Maresca-at-Chelsea-2026-01-05T115051.235Z.jpg","width":1360,"height":765,"caption":"Strasbourg's head coach applauding from the sidelines during a match, dressed in a smart coat and glasses, with players in the background."},{"@type":"BreadcrumbList","@id":"https:\/\/bladnanews.com\/strasbourg-boss-tipped-to-replace-enzo-maresca-at-chelsea\/#breadcrumb","itemListElement":[{"@type":"ListItem","position":1,"name":"Home","item":"https:\/\/bladnanews.com\/"},{"@type":"ListItem","position":2,"name":"Strasbourg boss tipped to replace Enzo Maresca at Chelsea"}]},{"@type":"WebSite","@id":"https:\/\/mediumseagreen-eel-531711.hostingersite.com\/#website","url":"https:\/\/mediumseagreen-eel-531711.hostingersite.com\/","name":"Bladna News - Maroc","description":"Quand le football marocain rencontre le monde","publisher":{"@id":"https:\/\/mediumseagreen-eel-531711.hostingersite.com\/#organization"},"potentialAction":[{"@type":"SearchAction","target":{"@type":"EntryPoint","urlTemplate":"https:\/\/mediumseagreen-eel-531711.hostingersite.com\/?s={search_term_string}"},"query-input":{"@type":"PropertyValueSpecification","valueRequired":true,"valueName":"search_term_string"}}],"inLanguage":"fr-FR"},{"@type":"Organization","@id":"https:\/\/mediumseagreen-eel-531711.hostingersite.com\/#organization","name":"Bladna News.com","url":"https:\/\/mediumseagreen-eel-531711.hostingersite.com\/","logo":{"@type":"ImageObject","inLanguage":"fr-FR","@id":"https:\/\/mediumseagreen-eel-531711.hostingersite.com\/#\/schema\/logo\/image\/","url":"https:\/\/bladnanews.com\/wp-content\/uploads\/2025\/12\/logo-bladnanews-V2-web-black-red.png","contentUrl":"https:\/\/bladnanews.com\/wp-content\/uploads\/2025\/12\/logo-bladnanews-V2-web-black-red.png","width":703,"height":287,"caption":"Bladna News.com"},"image":{"@id":"https:\/\/mediumseagreen-eel-531711.hostingersite.com\/#\/schema\/logo\/image\/"},"email":"info@bladnanews.com","legalName":"Bladna News"},{"@type":"Person","@id":"https:\/\/mediumseagreen-eel-531711.hostingersite.com\/#\/schema\/person\/268e18a453ab080ebf76df6ef7845083","name":"\u00c9quipe r\u00e9dactionnelle de Bladna News","url":"https:\/\/bladnanews.com\/fr\/author\/bladna-news-staff\/"}]}},"_links":{"self":[{"href":"https:\/\/bladnanews.com\/fr\/wp-json\/wp\/v2\/posts\/3678","targetHints":{"allow":["GET"]}}],"collection":[{"href":"https:\/\/bladnanews.com\/fr\/wp-json\/wp\/v2\/posts"}],"about":[{"href":"https:\/\/bladnanews.com\/fr\/wp-json\/wp\/v2\/types\/post"}],"author":[{"embeddable":true,"href":"https:\/\/bladnanews.com\/fr\/wp-json\/wp\/v2\/users\/3"}],"replies":[{"embeddable":true,"href":"https:\/\/bladnanews.com\/fr\/wp-json\/wp\/v2\/comments?post=3678"}],"version-history":[{"count":0,"href":"https:\/\/bladnanews.com\/fr\/wp-json\/wp\/v2\/posts\/3678\/revisions"}],"wp:featuredmedia":[{"embeddable":true,"href":"https:\/\/bladnanews.com\/fr\/wp-json\/wp\/v2\/media\/3676"}],"wp:attachment":[{"href":"https:\/\/bladnanews.com\/fr\/wp-json\/wp\/v2\/media?parent=3678"}],"wp:term":[{"taxonomy":"category","embeddable":true,"href":"https:\/\/bladnanews.com\/fr\/wp-json\/wp\/v2\/categories?post=3678"},{"taxonomy":"post_tag","embeddable":true,"href":"https:\/\/bladnanews.com\/fr\/wp-json\/wp\/v2\/tags?post=3678"}],"curies":[{"name":"wp","href":"https:\/\/api.w.org\/{rel}","templated":true}]}}