{"id":3684,"date":"2026-01-05T10:57:11","date_gmt":"2026-01-05T10:57:11","guid":{"rendered":"https:\/\/bladnanews.com\/man-utd-fans-blast-ruben-amorim-after-brutal-sacking\/"},"modified":"2026-01-05T10:57:11","modified_gmt":"2026-01-05T10:57:11","slug":"les-fans-de-manchester-united-critiquent-ruben-amorim-apres-son-licenciement-brutal","status":"publish","type":"post","link":"https:\/\/bladnanews.com\/fr\/les-fans-de-manchester-united-critiquent-ruben-amorim-apres-son-licenciement-brutal\/","title":{"rendered":"Les fans de Manchester United critiquent Ruben Amorim apr\u00e8s son licenciement brutal."},"content":{"rendered":"<p>Les supporters de Manchester United ont clairement exprim\u00e9 leurs sentiments apr\u00e8s le licenciement brutal de Ruben Amorim, l'entra\u00eeneur portugais \u00e9tant vivement critiqu\u00e9 en ligne dans les heures ayant suivi son d\u00e9part.<\/p>\n<p>Cette d\u00e9cision est intervenue suite \u00e0 une diatribe visant le conseil d'administration du club, les commentaires d'Amorim ayant, selon les informations, jou\u00e9 un r\u00f4le cl\u00e9 dans la d\u00e9cision rapide de mettre fin \u00e0 son mandat. Ces r\u00e9v\u00e9lations sont apparues comme un facteur majeur \u00e0 l'origine de cette d\u00e9cision.<\/p>\n<p>Alors que la nouvelle du licenciement se r\u00e9pandait, les fans ont r\u00e9agi en masse sur les r\u00e9seaux sociaux, nombreux qualifiant la situation d\u201c\u201dinsoutenable \u00e0 tous les niveaux\" et insistant sur le fait que le club n'avait d'autre choix que d'agir.<\/p>\n<p>D'autres ont orient\u00e9 leur frustration diff\u00e9remment, arguant que la prise de position d'Amorim n'avait fait qu'ajouter \u00e0 l'instabilit\u00e9 autour d'Old Trafford et que ses critiques publiques envers la hi\u00e9rarchie avaient franchi une ligne rouge. Certains supporters ont d\u00e9crit cet \u00e9pisode comme pr\u00e9judiciable au club, tandis que d'autres s'interrogeaient sur la fa\u00e7on dont la situation avait pu en arriver l\u00e0.<\/p>\n<p>Certains fans ont \u00e9galement estim\u00e9 que le licenciement d'Amorim mettait en lumi\u00e8re des probl\u00e8mes plus larges au sein du club, appelant \u00e0 une responsabilit\u00e9 s'\u00e9tendant au-del\u00e0 de l'entra\u00eeneur principal. La diatribe contre le conseil d'administration a \u00e9t\u00e9 fr\u00e9quemment cit\u00e9e dans les d\u00e9bats, les supporters \u00e9tant divis\u00e9s sur le fait qu'il s'agissait d'une r\u00e9action justifi\u00e9e ou d'un geste non professionnel n'ayant laiss\u00e9 aucun choix \u00e0 United.<\/p>\n<p>Malgr\u00e9 les d\u00e9saccords, l'ampleur et la force des r\u00e9actions ne laissent aucun doute sur la tension qui r\u00e8gne au sein de la base de supporters de United, alors que le club tourne \u00e0 nouveau la page apr\u00e8s le d\u00e9part d'Amorim.<\/p>","protected":false},"excerpt":{"rendered":"<p>Manchester United supporters have made their feelings clear after Ruben Amorim was brutally sacked, with the Portuguese coach coming under [&hellip;]<\/p>\n","protected":false},"author":3,"featured_media":3682,"comment_status":"","ping_status":"open","sticky":false,"template":"","format":"standard","meta":{"googlesitekit_rrm_CAow_uzEDA:productID":"","site-sidebar-layout":"default","site-content-layout":"","ast-site-content-layout":"default","site-content-style":"default","site-sidebar-style":"default","ast-global-header-display":"","ast-banner-title-visibility":"","ast-main-header-display":"","ast-hfb-above-header-display":"","ast-hfb-below-header-display":"","ast-hfb-mobile-header-display":"","site-post-title":"","ast-breadcrumbs-content":"","ast-featured-img":"","footer-sml-layout":"","ast-disable-related-posts":"","theme-transparent-header-meta":"","adv-header-id-meta":"","stick-header-meta":"","header-above-stick-meta":"","header-main-stick-meta":"","header-below-stick-meta":"","astra-migrate-meta-layouts":"default","ast-page-background-enabled":"default","ast-page-background-meta":{"desktop":{"background-color":"var(--ast-global-color-5)","background-image":"","background-repeat":"repeat","background-position":"center center","background-size":"auto","background-attachment":"scroll","background-type":"","background-media":"","overlay-type":"","overlay-color":"","overlay-opacity":"","overlay-gradient":""},"tablet":{"background-color":"","background-image":"","background-repeat":"repeat","background-position":"center center","background-size":"auto","background-attachment":"scroll","background-type":"","background-media":"","overlay-type":"","overlay-color":"","overlay-opacity":"","overlay-gradient":""},"mobile":{"background-color":"","background-image":"","background-repeat":"repeat","background-position":"center center","background-size":"auto","background-attachment":"scroll","background-type":"","background-media":"","overlay-type":"","overlay-color":"","overlay-opacity":"","overlay-gradient":""}},"ast-content-background-meta":{"desktop":{"background-color":"var(--ast-global-color-4)","background-image":"","background-repeat":"repeat","background-position":"center center","background-size":"auto","background-attachment":"scroll","background-type":"","background-media":"","overlay-type":"","overlay-color":"","overlay-opacity":"","overlay-gradient":""},"tablet":{"background-color":"var(--ast-global-color-4)","background-image":"","background-repeat":"repeat","background-position":"center center","background-size":"auto","background-attachment":"scroll","background-type":"","background-media":"","overlay-type":"","overlay-color":"","overlay-opacity":"","overlay-gradient":""},"mobile":{"background-color":"var(--ast-global-color-4)","background-image":"","background-repeat":"repeat","background-position":"center center","background-size":"auto","background-attachment":"scroll","background-type":"","background-media":"","overlay-type":"","overlay-color":"","overlay-opacity":"","overlay-gradient":""}},"footnotes":""},"categories":[20,1],"tags":[],"class_list":["post-3684","post","type-post","status-publish","format-standard","has-post-thumbnail","hentry","category-international","category-football-latest-news"],"yoast_head":"<!-- This site is optimized with the Yoast SEO Premium plugin v26.6 (Yoast SEO v27.5) - https:\/\/yoast.com\/product\/yoast-seo-premium-wordpress\/ -->\n<title>Man Utd fans blast Ruben Amorim after brutal sacking - Bladna News<\/title>\n<meta name=\"robots\" content=\"index, follow, max-snippet:-1, max-image-preview:large, max-video-preview:-1\" \/>\n<link rel=\"canonical\" href=\"https:\/\/bladnanews.com\/fr\/les-fans-de-manchester-united-critiquent-ruben-amorim-apres-son-licenciement-brutal\/\" \/>\n<meta property=\"og:locale\" content=\"fr_FR\" \/>\n<meta property=\"og:type\" content=\"article\" \/>\n<meta property=\"og:title\" content=\"Man Utd fans blast Ruben Amorim after brutal sacking\" \/>\n<meta property=\"og:description\" content=\"Manchester United supporters have made their feelings clear after Ruben Amorim was brutally sacked, with the Portuguese coach coming under [&hellip;]\" \/>\n<meta property=\"og:url\" content=\"https:\/\/bladnanews.com\/fr\/les-fans-de-manchester-united-critiquent-ruben-amorim-apres-son-licenciement-brutal\/\" \/>\n<meta property=\"og:site_name\" content=\"Bladna News\" \/>\n<meta property=\"article:published_time\" content=\"2026-01-05T10:57:11+00:00\" \/>\n<meta property=\"og:image\" content=\"https:\/\/bladnanews.com\/wp-content\/uploads\/2025\/12\/freepik__bladna-newscom-moroccan-soccer-homepage-banner-mor__41838.png\" \/>\n\t<meta property=\"og:image:width\" content=\"1312\" \/>\n\t<meta property=\"og:image:height\" content=\"736\" \/>\n\t<meta property=\"og:image:type\" content=\"image\/png\" \/>\n<meta name=\"author\" content=\"Bladna News Staff\" \/>\n<meta name=\"twitter:card\" content=\"summary_large_image\" \/>\n<meta name=\"twitter:label1\" content=\"\u00c9crit par\" \/>\n\t<meta name=\"twitter:data1\" content=\"Bladna News Staff\" \/>\n\t<meta name=\"twitter:label2\" content=\"Dur\u00e9e de lecture estim\u00e9e\" \/>\n\t<meta name=\"twitter:data2\" content=\"1 minute\" \/>\n<script type=\"application\/ld+json\" class=\"yoast-schema-graph\">{\"@context\":\"https:\\\/\\\/schema.org\",\"@graph\":[{\"@type\":\"Article\",\"@id\":\"https:\\\/\\\/bladnanews.com\\\/man-utd-fans-blast-ruben-amorim-after-brutal-sacking\\\/#article\",\"isPartOf\":{\"@id\":\"https:\\\/\\\/bladnanews.com\\\/man-utd-fans-blast-ruben-amorim-after-brutal-sacking\\\/\"},\"author\":{\"name\":\"Bladna News Staff\",\"@id\":\"https:\\\/\\\/mediumseagreen-eel-531711.hostingersite.com\\\/#\\\/schema\\\/person\\\/268e18a453ab080ebf76df6ef7845083\"},\"headline\":\"Man Utd fans blast Ruben Amorim after brutal sacking\",\"datePublished\":\"2026-01-05T10:57:11+00:00\",\"mainEntityOfPage\":{\"@id\":\"https:\\\/\\\/bladnanews.com\\\/man-utd-fans-blast-ruben-amorim-after-brutal-sacking\\\/\"},\"wordCount\":265,\"publisher\":{\"@id\":\"https:\\\/\\\/mediumseagreen-eel-531711.hostingersite.com\\\/#organization\"},\"image\":{\"@id\":\"https:\\\/\\\/bladnanews.com\\\/man-utd-fans-blast-ruben-amorim-after-brutal-sacking\\\/#primaryimage\"},\"thumbnailUrl\":\"https:\\\/\\\/bladnanews.com\\\/wp-content\\\/uploads\\\/2026\\\/01\\\/BladnaNews-Man-Utd-fans-blast-Ruben-Amorim-after-brutal-sacking-2026-01-05T115121.866Z.jpg\",\"articleSection\":[\"International\",\"Latest News\"],\"inLanguage\":\"fr-FR\",\"copyrightYear\":\"2026\",\"copyrightHolder\":{\"@id\":\"https:\\\/\\\/bladnanews.com\\\/fr\\\/#organization\"}},{\"@type\":\"WebPage\",\"@id\":\"https:\\\/\\\/bladnanews.com\\\/man-utd-fans-blast-ruben-amorim-after-brutal-sacking\\\/\",\"url\":\"https:\\\/\\\/bladnanews.com\\\/man-utd-fans-blast-ruben-amorim-after-brutal-sacking\\\/\",\"name\":\"Man Utd fans blast Ruben Amorim after brutal sacking - Bladna News\",\"isPartOf\":{\"@id\":\"https:\\\/\\\/mediumseagreen-eel-531711.hostingersite.com\\\/#website\"},\"primaryImageOfPage\":{\"@id\":\"https:\\\/\\\/bladnanews.com\\\/man-utd-fans-blast-ruben-amorim-after-brutal-sacking\\\/#primaryimage\"},\"image\":{\"@id\":\"https:\\\/\\\/bladnanews.com\\\/man-utd-fans-blast-ruben-amorim-after-brutal-sacking\\\/#primaryimage\"},\"thumbnailUrl\":\"https:\\\/\\\/bladnanews.com\\\/wp-content\\\/uploads\\\/2026\\\/01\\\/BladnaNews-Man-Utd-fans-blast-Ruben-Amorim-after-brutal-sacking-2026-01-05T115121.866Z.jpg\",\"datePublished\":\"2026-01-05T10:57:11+00:00\",\"breadcrumb\":{\"@id\":\"https:\\\/\\\/bladnanews.com\\\/man-utd-fans-blast-ruben-amorim-after-brutal-sacking\\\/#breadcrumb\"},\"inLanguage\":\"fr-FR\",\"potentialAction\":[{\"@type\":\"ReadAction\",\"target\":[\"https:\\\/\\\/bladnanews.com\\\/man-utd-fans-blast-ruben-amorim-after-brutal-sacking\\\/\"]}]},{\"@type\":\"ImageObject\",\"inLanguage\":\"fr-FR\",\"@id\":\"https:\\\/\\\/bladnanews.com\\\/man-utd-fans-blast-ruben-amorim-after-brutal-sacking\\\/#primaryimage\",\"url\":\"https:\\\/\\\/bladnanews.com\\\/wp-content\\\/uploads\\\/2026\\\/01\\\/BladnaNews-Man-Utd-fans-blast-Ruben-Amorim-after-brutal-sacking-2026-01-05T115121.866Z.jpg\",\"contentUrl\":\"https:\\\/\\\/bladnanews.com\\\/wp-content\\\/uploads\\\/2026\\\/01\\\/BladnaNews-Man-Utd-fans-blast-Ruben-Amorim-after-brutal-sacking-2026-01-05T115121.866Z.jpg\",\"width\":1291,\"height\":726,\"caption\":\"Ruben Amorim reacts passionately on the touchline, wearing a black puffer jacket with red accents, amid a vibrant stadium backdrop.\"},{\"@type\":\"BreadcrumbList\",\"@id\":\"https:\\\/\\\/bladnanews.com\\\/man-utd-fans-blast-ruben-amorim-after-brutal-sacking\\\/#breadcrumb\",\"itemListElement\":[{\"@type\":\"ListItem\",\"position\":1,\"name\":\"Home\",\"item\":\"https:\\\/\\\/bladnanews.com\\\/\"},{\"@type\":\"ListItem\",\"position\":2,\"name\":\"Man Utd fans blast Ruben Amorim after brutal sacking\"}]},{\"@type\":\"WebSite\",\"@id\":\"https:\\\/\\\/mediumseagreen-eel-531711.hostingersite.com\\\/#website\",\"url\":\"https:\\\/\\\/mediumseagreen-eel-531711.hostingersite.com\\\/\",\"name\":\"Bladna News - Morocco\",\"description\":\"Where Moroccan Football Meets the World\",\"publisher\":{\"@id\":\"https:\\\/\\\/mediumseagreen-eel-531711.hostingersite.com\\\/#organization\"},\"potentialAction\":[{\"@type\":\"SearchAction\",\"target\":{\"@type\":\"EntryPoint\",\"urlTemplate\":\"https:\\\/\\\/mediumseagreen-eel-531711.hostingersite.com\\\/?s={search_term_string}\"},\"query-input\":{\"@type\":\"PropertyValueSpecification\",\"valueRequired\":true,\"valueName\":\"search_term_string\"}}],\"inLanguage\":\"fr-FR\"},{\"@type\":\"Organization\",\"@id\":\"https:\\\/\\\/mediumseagreen-eel-531711.hostingersite.com\\\/#organization\",\"name\":\"Bladna News.com\",\"url\":\"https:\\\/\\\/mediumseagreen-eel-531711.hostingersite.com\\\/\",\"logo\":{\"@type\":\"ImageObject\",\"inLanguage\":\"fr-FR\",\"@id\":\"https:\\\/\\\/mediumseagreen-eel-531711.hostingersite.com\\\/#\\\/schema\\\/logo\\\/image\\\/\",\"url\":\"https:\\\/\\\/bladnanews.com\\\/wp-content\\\/uploads\\\/2025\\\/12\\\/logo-bladnanews-V2-web-black-red.png\",\"contentUrl\":\"https:\\\/\\\/bladnanews.com\\\/wp-content\\\/uploads\\\/2025\\\/12\\\/logo-bladnanews-V2-web-black-red.png\",\"width\":703,\"height\":287,\"caption\":\"Bladna News.com\"},\"image\":{\"@id\":\"https:\\\/\\\/mediumseagreen-eel-531711.hostingersite.com\\\/#\\\/schema\\\/logo\\\/image\\\/\"},\"email\":\"info@bladnanews.com\",\"legalName\":\"Bladna News\"},{\"@type\":\"Person\",\"@id\":\"https:\\\/\\\/mediumseagreen-eel-531711.hostingersite.com\\\/#\\\/schema\\\/person\\\/268e18a453ab080ebf76df6ef7845083\",\"name\":\"Bladna News Staff\",\"url\":\"https:\\\/\\\/bladnanews.com\\\/fr\\\/author\\\/bladna-news-staff\\\/\"}]}<\/script>\n<!-- \/ Yoast SEO Premium plugin. -->","yoast_head_json":{"title":"Les supporters de Manchester United critiquent Ruben Amorim apr\u00e8s son licenciement brutal - Bladna News","robots":{"index":"index","follow":"follow","max-snippet":"max-snippet:-1","max-image-preview":"max-image-preview:large","max-video-preview":"max-video-preview:-1"},"canonical":"https:\/\/bladnanews.com\/fr\/les-fans-de-manchester-united-critiquent-ruben-amorim-apres-son-licenciement-brutal\/","og_locale":"fr_FR","og_type":"article","og_title":"Man Utd fans blast Ruben Amorim after brutal sacking","og_description":"Manchester United supporters have made their feelings clear after Ruben Amorim was brutally sacked, with the Portuguese coach coming under [&hellip;]","og_url":"https:\/\/bladnanews.com\/fr\/les-fans-de-manchester-united-critiquent-ruben-amorim-apres-son-licenciement-brutal\/","og_site_name":"Bladna News","article_published_time":"2026-01-05T10:57:11+00:00","og_image":[{"width":1312,"height":736,"url":"https:\/\/bladnanews.com\/wp-content\/uploads\/2025\/12\/freepik__bladna-newscom-moroccan-soccer-homepage-banner-mor__41838.png","type":"image\/png"}],"author":"Bladna News Staff","twitter_card":"summary_large_image","twitter_misc":{"\u00c9crit par":"Bladna News Staff","Dur\u00e9e de lecture estim\u00e9e":"1 minute"},"schema":{"@context":"https:\/\/schema.org","@graph":[{"@type":"Article","@id":"https:\/\/bladnanews.com\/man-utd-fans-blast-ruben-amorim-after-brutal-sacking\/#article","isPartOf":{"@id":"https:\/\/bladnanews.com\/man-utd-fans-blast-ruben-amorim-after-brutal-sacking\/"},"author":{"name":"Bladna News Staff","@id":"https:\/\/mediumseagreen-eel-531711.hostingersite.com\/#\/schema\/person\/268e18a453ab080ebf76df6ef7845083"},"headline":"Man Utd fans blast Ruben Amorim after brutal sacking","datePublished":"2026-01-05T10:57:11+00:00","mainEntityOfPage":{"@id":"https:\/\/bladnanews.com\/man-utd-fans-blast-ruben-amorim-after-brutal-sacking\/"},"wordCount":265,"publisher":{"@id":"https:\/\/mediumseagreen-eel-531711.hostingersite.com\/#organization"},"image":{"@id":"https:\/\/bladnanews.com\/man-utd-fans-blast-ruben-amorim-after-brutal-sacking\/#primaryimage"},"thumbnailUrl":"https:\/\/bladnanews.com\/wp-content\/uploads\/2026\/01\/BladnaNews-Man-Utd-fans-blast-Ruben-Amorim-after-brutal-sacking-2026-01-05T115121.866Z.jpg","articleSection":["International","Latest News"],"inLanguage":"fr-FR","copyrightYear":"2026","copyrightHolder":{"@id":"https:\/\/bladnanews.com\/fr\/#organization"}},{"@type":"WebPage","@id":"https:\/\/bladnanews.com\/man-utd-fans-blast-ruben-amorim-after-brutal-sacking\/","url":"https:\/\/bladnanews.com\/man-utd-fans-blast-ruben-amorim-after-brutal-sacking\/","name":"Les supporters de Manchester United critiquent Ruben Amorim apr\u00e8s son licenciement brutal - Bladna News","isPartOf":{"@id":"https:\/\/mediumseagreen-eel-531711.hostingersite.com\/#website"},"primaryImageOfPage":{"@id":"https:\/\/bladnanews.com\/man-utd-fans-blast-ruben-amorim-after-brutal-sacking\/#primaryimage"},"image":{"@id":"https:\/\/bladnanews.com\/man-utd-fans-blast-ruben-amorim-after-brutal-sacking\/#primaryimage"},"thumbnailUrl":"https:\/\/bladnanews.com\/wp-content\/uploads\/2026\/01\/BladnaNews-Man-Utd-fans-blast-Ruben-Amorim-after-brutal-sacking-2026-01-05T115121.866Z.jpg","datePublished":"2026-01-05T10:57:11+00:00","breadcrumb":{"@id":"https:\/\/bladnanews.com\/man-utd-fans-blast-ruben-amorim-after-brutal-sacking\/#breadcrumb"},"inLanguage":"fr-FR","potentialAction":[{"@type":"ReadAction","target":["https:\/\/bladnanews.com\/man-utd-fans-blast-ruben-amorim-after-brutal-sacking\/"]}]},{"@type":"ImageObject","inLanguage":"fr-FR","@id":"https:\/\/bladnanews.com\/man-utd-fans-blast-ruben-amorim-after-brutal-sacking\/#primaryimage","url":"https:\/\/bladnanews.com\/wp-content\/uploads\/2026\/01\/BladnaNews-Man-Utd-fans-blast-Ruben-Amorim-after-brutal-sacking-2026-01-05T115121.866Z.jpg","contentUrl":"https:\/\/bladnanews.com\/wp-content\/uploads\/2026\/01\/BladnaNews-Man-Utd-fans-blast-Ruben-Amorim-after-brutal-sacking-2026-01-05T115121.866Z.jpg","width":1291,"height":726,"caption":"Ruben Amorim reacts passionately on the touchline, wearing a black puffer jacket with red accents, amid a vibrant stadium backdrop."},{"@type":"BreadcrumbList","@id":"https:\/\/bladnanews.com\/man-utd-fans-blast-ruben-amorim-after-brutal-sacking\/#breadcrumb","itemListElement":[{"@type":"ListItem","position":1,"name":"Home","item":"https:\/\/bladnanews.com\/"},{"@type":"ListItem","position":2,"name":"Man Utd fans blast Ruben Amorim after brutal sacking"}]},{"@type":"WebSite","@id":"https:\/\/mediumseagreen-eel-531711.hostingersite.com\/#website","url":"https:\/\/mediumseagreen-eel-531711.hostingersite.com\/","name":"Bladna News - Maroc","description":"Quand le football marocain rencontre le monde","publisher":{"@id":"https:\/\/mediumseagreen-eel-531711.hostingersite.com\/#organization"},"potentialAction":[{"@type":"SearchAction","target":{"@type":"EntryPoint","urlTemplate":"https:\/\/mediumseagreen-eel-531711.hostingersite.com\/?s={search_term_string}"},"query-input":{"@type":"PropertyValueSpecification","valueRequired":true,"valueName":"search_term_string"}}],"inLanguage":"fr-FR"},{"@type":"Organization","@id":"https:\/\/mediumseagreen-eel-531711.hostingersite.com\/#organization","name":"Bladna News.com","url":"https:\/\/mediumseagreen-eel-531711.hostingersite.com\/","logo":{"@type":"ImageObject","inLanguage":"fr-FR","@id":"https:\/\/mediumseagreen-eel-531711.hostingersite.com\/#\/schema\/logo\/image\/","url":"https:\/\/bladnanews.com\/wp-content\/uploads\/2025\/12\/logo-bladnanews-V2-web-black-red.png","contentUrl":"https:\/\/bladnanews.com\/wp-content\/uploads\/2025\/12\/logo-bladnanews-V2-web-black-red.png","width":703,"height":287,"caption":"Bladna News.com"},"image":{"@id":"https:\/\/mediumseagreen-eel-531711.hostingersite.com\/#\/schema\/logo\/image\/"},"email":"info@bladnanews.com","legalName":"Bladna News"},{"@type":"Person","@id":"https:\/\/mediumseagreen-eel-531711.hostingersite.com\/#\/schema\/person\/268e18a453ab080ebf76df6ef7845083","name":"\u00c9quipe r\u00e9dactionnelle de Bladna News","url":"https:\/\/bladnanews.com\/fr\/author\/bladna-news-staff\/"}]}},"_links":{"self":[{"href":"https:\/\/bladnanews.com\/fr\/wp-json\/wp\/v2\/posts\/3684","targetHints":{"allow":["GET"]}}],"collection":[{"href":"https:\/\/bladnanews.com\/fr\/wp-json\/wp\/v2\/posts"}],"about":[{"href":"https:\/\/bladnanews.com\/fr\/wp-json\/wp\/v2\/types\/post"}],"author":[{"embeddable":true,"href":"https:\/\/bladnanews.com\/fr\/wp-json\/wp\/v2\/users\/3"}],"replies":[{"embeddable":true,"href":"https:\/\/bladnanews.com\/fr\/wp-json\/wp\/v2\/comments?post=3684"}],"version-history":[{"count":0,"href":"https:\/\/bladnanews.com\/fr\/wp-json\/wp\/v2\/posts\/3684\/revisions"}],"wp:featuredmedia":[{"embeddable":true,"href":"https:\/\/bladnanews.com\/fr\/wp-json\/wp\/v2\/media\/3682"}],"wp:attachment":[{"href":"https:\/\/bladnanews.com\/fr\/wp-json\/wp\/v2\/media?parent=3684"}],"wp:term":[{"taxonomy":"category","embeddable":true,"href":"https:\/\/bladnanews.com\/fr\/wp-json\/wp\/v2\/categories?post=3684"},{"taxonomy":"post_tag","embeddable":true,"href":"https:\/\/bladnanews.com\/fr\/wp-json\/wp\/v2\/tags?post=3684"}],"curies":[{"name":"wp","href":"https:\/\/api.w.org\/{rel}","templated":true}]}}