{"id":3804,"date":"2026-01-05T11:20:22","date_gmt":"2026-01-05T11:20:22","guid":{"rendered":"https:\/\/bladnanews.com\/ruben-amorim-controversial-press-conference-led-to-man-utd-sacking\/"},"modified":"2026-01-05T11:20:22","modified_gmt":"2026-01-05T11:20:22","slug":"la-conference-de-presse-controversee-de-ruben-amorim-a-conduit-au-licenciement-de-manchester-united","status":"publish","type":"post","link":"https:\/\/bladnanews.com\/fr\/la-conference-de-presse-controversee-de-ruben-amorim-a-conduit-au-licenciement-de-manchester-united\/","title":{"rendered":"La conf\u00e9rence de presse controvers\u00e9e de Ruben Amorim a conduit au licenciement de Manchester United."},"content":{"rendered":"<p>Le passage de Ruben Amorim \u00e0 Manchester United s'est achev\u00e9 de mani\u00e8re extraordinaire apr\u00e8s une conf\u00e9rence de presse d'apr\u00e8s-match controvers\u00e9e, au cours de laquelle il a insist\u00e9 : <em>\u201c Je suis le manager, pas l'entra\u00eeneur. \u201d<\/em><\/p>\n<p>Une vid\u00e9o de cet \u00e9change s'est rapidement propag\u00e9e en ligne et a intensifi\u00e9 les r\u00e9actions \u00e0 ses propos, les retomb\u00e9es conduisant finalement United \u00e0 opter pour son licenciement.<\/p>\n<p>Amorim a tenu ces commentaires apr\u00e8s un match contre Leeds, ses paroles et son ton ayant suscit\u00e9 le d\u00e9bat et attir\u00e9 de vives critiques alors que la pression grandissait autour de son poste.<\/p>\n<p>La situation a rapidement escalad\u00e9, cette conf\u00e9rence de presse \u00e9tant cit\u00e9e comme un moment cl\u00e9 ayant influenc\u00e9 la prise de d\u00e9cision du club.<\/p>\n<p>Dans l'extrait, on voit Amorim repousser la ligne de questionnement et pr\u00e9ciser clairement comment il percevait son r\u00f4le, r\u00e9p\u00e9tant qu'il \u00e9tait le manager et non simplement un entra\u00eeneur.<\/p>\n<p>L'encha\u00eenement des \u00e9v\u00e9nements, de la controverse imm\u00e9diate \u00e0 la r\u00e9ponse d\u00e9cisive du club, a soulign\u00e9 \u00e0 quelle vitesse l'atmosph\u00e8re peut changer \u00e0 Old Trafford lorsque les r\u00e9sultats et la communication entrent en collision.<\/p>","protected":false},"excerpt":{"rendered":"<p>Ruben Amorim\u2019s Manchester United spell ended in extraordinary fashion after a controversial post-match press conference, in which he insisted: \u201cI\u2019m [&hellip;]<\/p>\n","protected":false},"author":3,"featured_media":3803,"comment_status":"","ping_status":"open","sticky":false,"template":"","format":"standard","meta":{"googlesitekit_rrm_CAow_uzEDA:productID":"","site-sidebar-layout":"default","site-content-layout":"","ast-site-content-layout":"default","site-content-style":"default","site-sidebar-style":"default","ast-global-header-display":"","ast-banner-title-visibility":"","ast-main-header-display":"","ast-hfb-above-header-display":"","ast-hfb-below-header-display":"","ast-hfb-mobile-header-display":"","site-post-title":"","ast-breadcrumbs-content":"","ast-featured-img":"","footer-sml-layout":"","ast-disable-related-posts":"","theme-transparent-header-meta":"","adv-header-id-meta":"","stick-header-meta":"","header-above-stick-meta":"","header-main-stick-meta":"","header-below-stick-meta":"","astra-migrate-meta-layouts":"default","ast-page-background-enabled":"default","ast-page-background-meta":{"desktop":{"background-color":"var(--ast-global-color-5)","background-image":"","background-repeat":"repeat","background-position":"center center","background-size":"auto","background-attachment":"scroll","background-type":"","background-media":"","overlay-type":"","overlay-color":"","overlay-opacity":"","overlay-gradient":""},"tablet":{"background-color":"","background-image":"","background-repeat":"repeat","background-position":"center center","background-size":"auto","background-attachment":"scroll","background-type":"","background-media":"","overlay-type":"","overlay-color":"","overlay-opacity":"","overlay-gradient":""},"mobile":{"background-color":"","background-image":"","background-repeat":"repeat","background-position":"center center","background-size":"auto","background-attachment":"scroll","background-type":"","background-media":"","overlay-type":"","overlay-color":"","overlay-opacity":"","overlay-gradient":""}},"ast-content-background-meta":{"desktop":{"background-color":"var(--ast-global-color-4)","background-image":"","background-repeat":"repeat","background-position":"center center","background-size":"auto","background-attachment":"scroll","background-type":"","background-media":"","overlay-type":"","overlay-color":"","overlay-opacity":"","overlay-gradient":""},"tablet":{"background-color":"var(--ast-global-color-4)","background-image":"","background-repeat":"repeat","background-position":"center center","background-size":"auto","background-attachment":"scroll","background-type":"","background-media":"","overlay-type":"","overlay-color":"","overlay-opacity":"","overlay-gradient":""},"mobile":{"background-color":"var(--ast-global-color-4)","background-image":"","background-repeat":"repeat","background-position":"center center","background-size":"auto","background-attachment":"scroll","background-type":"","background-media":"","overlay-type":"","overlay-color":"","overlay-opacity":"","overlay-gradient":""}},"footnotes":""},"categories":[20,1],"tags":[],"class_list":["post-3804","post","type-post","status-publish","format-standard","has-post-thumbnail","hentry","category-international","category-football-latest-news"],"yoast_head":"<!-- This site is optimized with the Yoast SEO Premium plugin v26.6 (Yoast SEO v27.5) - https:\/\/yoast.com\/product\/yoast-seo-premium-wordpress\/ -->\n<title>Ruben Amorim controversial press conference led to Man Utd sacking - Bladna News<\/title>\n<meta name=\"robots\" content=\"index, follow, max-snippet:-1, max-image-preview:large, max-video-preview:-1\" \/>\n<link rel=\"canonical\" href=\"https:\/\/bladnanews.com\/fr\/la-conference-de-presse-controversee-de-ruben-amorim-a-conduit-au-licenciement-de-manchester-united\/\" \/>\n<meta property=\"og:locale\" content=\"fr_FR\" \/>\n<meta property=\"og:type\" content=\"article\" \/>\n<meta property=\"og:title\" content=\"Ruben Amorim controversial press conference led to Man Utd sacking\" \/>\n<meta property=\"og:description\" content=\"Ruben Amorim\u2019s Manchester United spell ended in extraordinary fashion after a controversial post-match press conference, in which he insisted: \u201cI\u2019m [&hellip;]\" \/>\n<meta property=\"og:url\" content=\"https:\/\/bladnanews.com\/fr\/la-conference-de-presse-controversee-de-ruben-amorim-a-conduit-au-licenciement-de-manchester-united\/\" \/>\n<meta property=\"og:site_name\" content=\"Bladna News\" \/>\n<meta property=\"article:published_time\" content=\"2026-01-05T11:20:22+00:00\" \/>\n<meta property=\"og:image\" content=\"https:\/\/bladnanews.com\/wp-content\/uploads\/2025\/12\/freepik__bladna-newscom-moroccan-soccer-homepage-banner-mor__41838.png\" \/>\n\t<meta property=\"og:image:width\" content=\"1312\" \/>\n\t<meta property=\"og:image:height\" content=\"736\" \/>\n\t<meta property=\"og:image:type\" content=\"image\/png\" \/>\n<meta name=\"author\" content=\"Bladna News Staff\" \/>\n<meta name=\"twitter:card\" content=\"summary_large_image\" \/>\n<meta name=\"twitter:label1\" content=\"\u00c9crit par\" \/>\n\t<meta name=\"twitter:data1\" content=\"Bladna News Staff\" \/>\n\t<meta name=\"twitter:label2\" content=\"Dur\u00e9e de lecture estim\u00e9e\" \/>\n\t<meta name=\"twitter:data2\" content=\"1 minute\" \/>\n<script type=\"application\/ld+json\" class=\"yoast-schema-graph\">{\"@context\":\"https:\\\/\\\/schema.org\",\"@graph\":[{\"@type\":\"Article\",\"@id\":\"https:\\\/\\\/bladnanews.com\\\/ruben-amorim-controversial-press-conference-led-to-man-utd-sacking\\\/#article\",\"isPartOf\":{\"@id\":\"https:\\\/\\\/bladnanews.com\\\/ruben-amorim-controversial-press-conference-led-to-man-utd-sacking\\\/\"},\"author\":{\"name\":\"Bladna News Staff\",\"@id\":\"https:\\\/\\\/mediumseagreen-eel-531711.hostingersite.com\\\/#\\\/schema\\\/person\\\/268e18a453ab080ebf76df6ef7845083\"},\"headline\":\"Ruben Amorim controversial press conference led to Man Utd sacking\",\"datePublished\":\"2026-01-05T11:20:22+00:00\",\"mainEntityOfPage\":{\"@id\":\"https:\\\/\\\/bladnanews.com\\\/ruben-amorim-controversial-press-conference-led-to-man-utd-sacking\\\/\"},\"wordCount\":169,\"publisher\":{\"@id\":\"https:\\\/\\\/mediumseagreen-eel-531711.hostingersite.com\\\/#organization\"},\"image\":{\"@id\":\"https:\\\/\\\/bladnanews.com\\\/ruben-amorim-controversial-press-conference-led-to-man-utd-sacking\\\/#primaryimage\"},\"thumbnailUrl\":\"https:\\\/\\\/bladnanews.com\\\/wp-content\\\/uploads\\\/2026\\\/01\\\/BladnaNews-Ruben-Amorim-controversial-press-conference-led-to-Man-Utd-sacking-2026-01-05T135035.976Z.jpg\",\"articleSection\":[\"International\",\"Latest News\"],\"inLanguage\":\"fr-FR\",\"copyrightYear\":\"2026\",\"copyrightHolder\":{\"@id\":\"https:\\\/\\\/bladnanews.com\\\/fr\\\/#organization\"}},{\"@type\":\"WebPage\",\"@id\":\"https:\\\/\\\/bladnanews.com\\\/ruben-amorim-controversial-press-conference-led-to-man-utd-sacking\\\/\",\"url\":\"https:\\\/\\\/bladnanews.com\\\/ruben-amorim-controversial-press-conference-led-to-man-utd-sacking\\\/\",\"name\":\"Ruben Amorim controversial press conference led to Man Utd sacking - Bladna News\",\"isPartOf\":{\"@id\":\"https:\\\/\\\/mediumseagreen-eel-531711.hostingersite.com\\\/#website\"},\"primaryImageOfPage\":{\"@id\":\"https:\\\/\\\/bladnanews.com\\\/ruben-amorim-controversial-press-conference-led-to-man-utd-sacking\\\/#primaryimage\"},\"image\":{\"@id\":\"https:\\\/\\\/bladnanews.com\\\/ruben-amorim-controversial-press-conference-led-to-man-utd-sacking\\\/#primaryimage\"},\"thumbnailUrl\":\"https:\\\/\\\/bladnanews.com\\\/wp-content\\\/uploads\\\/2026\\\/01\\\/BladnaNews-Ruben-Amorim-controversial-press-conference-led-to-Man-Utd-sacking-2026-01-05T135035.976Z.jpg\",\"datePublished\":\"2026-01-05T11:20:22+00:00\",\"breadcrumb\":{\"@id\":\"https:\\\/\\\/bladnanews.com\\\/ruben-amorim-controversial-press-conference-led-to-man-utd-sacking\\\/#breadcrumb\"},\"inLanguage\":\"fr-FR\",\"potentialAction\":[{\"@type\":\"ReadAction\",\"target\":[\"https:\\\/\\\/bladnanews.com\\\/ruben-amorim-controversial-press-conference-led-to-man-utd-sacking\\\/\"]}]},{\"@type\":\"ImageObject\",\"inLanguage\":\"fr-FR\",\"@id\":\"https:\\\/\\\/bladnanews.com\\\/ruben-amorim-controversial-press-conference-led-to-man-utd-sacking\\\/#primaryimage\",\"url\":\"https:\\\/\\\/bladnanews.com\\\/wp-content\\\/uploads\\\/2026\\\/01\\\/BladnaNews-Ruben-Amorim-controversial-press-conference-led-to-Man-Utd-sacking-2026-01-05T135035.976Z.jpg\",\"contentUrl\":\"https:\\\/\\\/bladnanews.com\\\/wp-content\\\/uploads\\\/2026\\\/01\\\/BladnaNews-Ruben-Amorim-controversial-press-conference-led-to-Man-Utd-sacking-2026-01-05T135035.976Z.jpg\",\"width\":2560,\"height\":1440,\"caption\":\"Ruben Amorim, in a black coat, gazes thoughtfully, capturing a moment of intensity in a blurred stadium background.\"},{\"@type\":\"BreadcrumbList\",\"@id\":\"https:\\\/\\\/bladnanews.com\\\/ruben-amorim-controversial-press-conference-led-to-man-utd-sacking\\\/#breadcrumb\",\"itemListElement\":[{\"@type\":\"ListItem\",\"position\":1,\"name\":\"Home\",\"item\":\"https:\\\/\\\/bladnanews.com\\\/\"},{\"@type\":\"ListItem\",\"position\":2,\"name\":\"Ruben Amorim controversial press conference led to Man Utd sacking\"}]},{\"@type\":\"WebSite\",\"@id\":\"https:\\\/\\\/mediumseagreen-eel-531711.hostingersite.com\\\/#website\",\"url\":\"https:\\\/\\\/mediumseagreen-eel-531711.hostingersite.com\\\/\",\"name\":\"Bladna News - Morocco\",\"description\":\"Where Moroccan Football Meets the World\",\"publisher\":{\"@id\":\"https:\\\/\\\/mediumseagreen-eel-531711.hostingersite.com\\\/#organization\"},\"potentialAction\":[{\"@type\":\"SearchAction\",\"target\":{\"@type\":\"EntryPoint\",\"urlTemplate\":\"https:\\\/\\\/mediumseagreen-eel-531711.hostingersite.com\\\/?s={search_term_string}\"},\"query-input\":{\"@type\":\"PropertyValueSpecification\",\"valueRequired\":true,\"valueName\":\"search_term_string\"}}],\"inLanguage\":\"fr-FR\"},{\"@type\":\"Organization\",\"@id\":\"https:\\\/\\\/mediumseagreen-eel-531711.hostingersite.com\\\/#organization\",\"name\":\"Bladna News.com\",\"url\":\"https:\\\/\\\/mediumseagreen-eel-531711.hostingersite.com\\\/\",\"logo\":{\"@type\":\"ImageObject\",\"inLanguage\":\"fr-FR\",\"@id\":\"https:\\\/\\\/mediumseagreen-eel-531711.hostingersite.com\\\/#\\\/schema\\\/logo\\\/image\\\/\",\"url\":\"https:\\\/\\\/bladnanews.com\\\/wp-content\\\/uploads\\\/2025\\\/12\\\/logo-bladnanews-V2-web-black-red.png\",\"contentUrl\":\"https:\\\/\\\/bladnanews.com\\\/wp-content\\\/uploads\\\/2025\\\/12\\\/logo-bladnanews-V2-web-black-red.png\",\"width\":703,\"height\":287,\"caption\":\"Bladna News.com\"},\"image\":{\"@id\":\"https:\\\/\\\/mediumseagreen-eel-531711.hostingersite.com\\\/#\\\/schema\\\/logo\\\/image\\\/\"},\"email\":\"info@bladnanews.com\",\"legalName\":\"Bladna News\"},{\"@type\":\"Person\",\"@id\":\"https:\\\/\\\/mediumseagreen-eel-531711.hostingersite.com\\\/#\\\/schema\\\/person\\\/268e18a453ab080ebf76df6ef7845083\",\"name\":\"Bladna News Staff\",\"url\":\"https:\\\/\\\/bladnanews.com\\\/fr\\\/author\\\/bladna-news-staff\\\/\"}]}<\/script>\n<!-- \/ Yoast SEO Premium plugin. -->","yoast_head_json":{"title":"La conf\u00e9rence de presse controvers\u00e9e de Ruben Amorim a conduit au licenciement de Man Utd - Bladna News","robots":{"index":"index","follow":"follow","max-snippet":"max-snippet:-1","max-image-preview":"max-image-preview:large","max-video-preview":"max-video-preview:-1"},"canonical":"https:\/\/bladnanews.com\/fr\/la-conference-de-presse-controversee-de-ruben-amorim-a-conduit-au-licenciement-de-manchester-united\/","og_locale":"fr_FR","og_type":"article","og_title":"Ruben Amorim controversial press conference led to Man Utd sacking","og_description":"Ruben Amorim\u2019s Manchester United spell ended in extraordinary fashion after a controversial post-match press conference, in which he insisted: \u201cI\u2019m [&hellip;]","og_url":"https:\/\/bladnanews.com\/fr\/la-conference-de-presse-controversee-de-ruben-amorim-a-conduit-au-licenciement-de-manchester-united\/","og_site_name":"Bladna News","article_published_time":"2026-01-05T11:20:22+00:00","og_image":[{"width":1312,"height":736,"url":"https:\/\/bladnanews.com\/wp-content\/uploads\/2025\/12\/freepik__bladna-newscom-moroccan-soccer-homepage-banner-mor__41838.png","type":"image\/png"}],"author":"Bladna News Staff","twitter_card":"summary_large_image","twitter_misc":{"\u00c9crit par":"Bladna News Staff","Dur\u00e9e de lecture estim\u00e9e":"1 minute"},"schema":{"@context":"https:\/\/schema.org","@graph":[{"@type":"Article","@id":"https:\/\/bladnanews.com\/ruben-amorim-controversial-press-conference-led-to-man-utd-sacking\/#article","isPartOf":{"@id":"https:\/\/bladnanews.com\/ruben-amorim-controversial-press-conference-led-to-man-utd-sacking\/"},"author":{"name":"Bladna News Staff","@id":"https:\/\/mediumseagreen-eel-531711.hostingersite.com\/#\/schema\/person\/268e18a453ab080ebf76df6ef7845083"},"headline":"Ruben Amorim controversial press conference led to Man Utd sacking","datePublished":"2026-01-05T11:20:22+00:00","mainEntityOfPage":{"@id":"https:\/\/bladnanews.com\/ruben-amorim-controversial-press-conference-led-to-man-utd-sacking\/"},"wordCount":169,"publisher":{"@id":"https:\/\/mediumseagreen-eel-531711.hostingersite.com\/#organization"},"image":{"@id":"https:\/\/bladnanews.com\/ruben-amorim-controversial-press-conference-led-to-man-utd-sacking\/#primaryimage"},"thumbnailUrl":"https:\/\/bladnanews.com\/wp-content\/uploads\/2026\/01\/BladnaNews-Ruben-Amorim-controversial-press-conference-led-to-Man-Utd-sacking-2026-01-05T135035.976Z.jpg","articleSection":["International","Latest News"],"inLanguage":"fr-FR","copyrightYear":"2026","copyrightHolder":{"@id":"https:\/\/bladnanews.com\/fr\/#organization"}},{"@type":"WebPage","@id":"https:\/\/bladnanews.com\/ruben-amorim-controversial-press-conference-led-to-man-utd-sacking\/","url":"https:\/\/bladnanews.com\/ruben-amorim-controversial-press-conference-led-to-man-utd-sacking\/","name":"La conf\u00e9rence de presse controvers\u00e9e de Ruben Amorim a conduit au licenciement de Man Utd - Bladna News","isPartOf":{"@id":"https:\/\/mediumseagreen-eel-531711.hostingersite.com\/#website"},"primaryImageOfPage":{"@id":"https:\/\/bladnanews.com\/ruben-amorim-controversial-press-conference-led-to-man-utd-sacking\/#primaryimage"},"image":{"@id":"https:\/\/bladnanews.com\/ruben-amorim-controversial-press-conference-led-to-man-utd-sacking\/#primaryimage"},"thumbnailUrl":"https:\/\/bladnanews.com\/wp-content\/uploads\/2026\/01\/BladnaNews-Ruben-Amorim-controversial-press-conference-led-to-Man-Utd-sacking-2026-01-05T135035.976Z.jpg","datePublished":"2026-01-05T11:20:22+00:00","breadcrumb":{"@id":"https:\/\/bladnanews.com\/ruben-amorim-controversial-press-conference-led-to-man-utd-sacking\/#breadcrumb"},"inLanguage":"fr-FR","potentialAction":[{"@type":"ReadAction","target":["https:\/\/bladnanews.com\/ruben-amorim-controversial-press-conference-led-to-man-utd-sacking\/"]}]},{"@type":"ImageObject","inLanguage":"fr-FR","@id":"https:\/\/bladnanews.com\/ruben-amorim-controversial-press-conference-led-to-man-utd-sacking\/#primaryimage","url":"https:\/\/bladnanews.com\/wp-content\/uploads\/2026\/01\/BladnaNews-Ruben-Amorim-controversial-press-conference-led-to-Man-Utd-sacking-2026-01-05T135035.976Z.jpg","contentUrl":"https:\/\/bladnanews.com\/wp-content\/uploads\/2026\/01\/BladnaNews-Ruben-Amorim-controversial-press-conference-led-to-Man-Utd-sacking-2026-01-05T135035.976Z.jpg","width":2560,"height":1440,"caption":"Ruben Amorim, in a black coat, gazes thoughtfully, capturing a moment of intensity in a blurred stadium background."},{"@type":"BreadcrumbList","@id":"https:\/\/bladnanews.com\/ruben-amorim-controversial-press-conference-led-to-man-utd-sacking\/#breadcrumb","itemListElement":[{"@type":"ListItem","position":1,"name":"Home","item":"https:\/\/bladnanews.com\/"},{"@type":"ListItem","position":2,"name":"Ruben Amorim controversial press conference led to Man Utd sacking"}]},{"@type":"WebSite","@id":"https:\/\/mediumseagreen-eel-531711.hostingersite.com\/#website","url":"https:\/\/mediumseagreen-eel-531711.hostingersite.com\/","name":"Bladna News - Maroc","description":"Quand le football marocain rencontre le monde","publisher":{"@id":"https:\/\/mediumseagreen-eel-531711.hostingersite.com\/#organization"},"potentialAction":[{"@type":"SearchAction","target":{"@type":"EntryPoint","urlTemplate":"https:\/\/mediumseagreen-eel-531711.hostingersite.com\/?s={search_term_string}"},"query-input":{"@type":"PropertyValueSpecification","valueRequired":true,"valueName":"search_term_string"}}],"inLanguage":"fr-FR"},{"@type":"Organization","@id":"https:\/\/mediumseagreen-eel-531711.hostingersite.com\/#organization","name":"Bladna News.com","url":"https:\/\/mediumseagreen-eel-531711.hostingersite.com\/","logo":{"@type":"ImageObject","inLanguage":"fr-FR","@id":"https:\/\/mediumseagreen-eel-531711.hostingersite.com\/#\/schema\/logo\/image\/","url":"https:\/\/bladnanews.com\/wp-content\/uploads\/2025\/12\/logo-bladnanews-V2-web-black-red.png","contentUrl":"https:\/\/bladnanews.com\/wp-content\/uploads\/2025\/12\/logo-bladnanews-V2-web-black-red.png","width":703,"height":287,"caption":"Bladna News.com"},"image":{"@id":"https:\/\/mediumseagreen-eel-531711.hostingersite.com\/#\/schema\/logo\/image\/"},"email":"info@bladnanews.com","legalName":"Bladna News"},{"@type":"Person","@id":"https:\/\/mediumseagreen-eel-531711.hostingersite.com\/#\/schema\/person\/268e18a453ab080ebf76df6ef7845083","name":"\u00c9quipe r\u00e9dactionnelle de Bladna News","url":"https:\/\/bladnanews.com\/fr\/author\/bladna-news-staff\/"}]}},"_links":{"self":[{"href":"https:\/\/bladnanews.com\/fr\/wp-json\/wp\/v2\/posts\/3804","targetHints":{"allow":["GET"]}}],"collection":[{"href":"https:\/\/bladnanews.com\/fr\/wp-json\/wp\/v2\/posts"}],"about":[{"href":"https:\/\/bladnanews.com\/fr\/wp-json\/wp\/v2\/types\/post"}],"author":[{"embeddable":true,"href":"https:\/\/bladnanews.com\/fr\/wp-json\/wp\/v2\/users\/3"}],"replies":[{"embeddable":true,"href":"https:\/\/bladnanews.com\/fr\/wp-json\/wp\/v2\/comments?post=3804"}],"version-history":[{"count":0,"href":"https:\/\/bladnanews.com\/fr\/wp-json\/wp\/v2\/posts\/3804\/revisions"}],"wp:featuredmedia":[{"embeddable":true,"href":"https:\/\/bladnanews.com\/fr\/wp-json\/wp\/v2\/media\/3803"}],"wp:attachment":[{"href":"https:\/\/bladnanews.com\/fr\/wp-json\/wp\/v2\/media?parent=3804"}],"wp:term":[{"taxonomy":"category","embeddable":true,"href":"https:\/\/bladnanews.com\/fr\/wp-json\/wp\/v2\/categories?post=3804"},{"taxonomy":"post_tag","embeddable":true,"href":"https:\/\/bladnanews.com\/fr\/wp-json\/wp\/v2\/tags?post=3804"}],"curies":[{"name":"wp","href":"https:\/\/api.w.org\/{rel}","templated":true}]}}