{"id":3807,"date":"2026-01-05T11:22:17","date_gmt":"2026-01-05T11:22:17","guid":{"rendered":"https:\/\/bladnanews.com\/thiago-silva-returns-to-europe-at-41-after-fluminense-exit\/"},"modified":"2026-01-05T11:22:17","modified_gmt":"2026-01-05T11:22:17","slug":"thiago-silva-retourne-en-europe-a-41-ans-apres-son-depart-de-fluminense-2","status":"publish","type":"post","link":"https:\/\/bladnanews.com\/fr\/thiago-silva-retourne-en-europe-a-41-ans-apres-son-depart-de-fluminense-2\/","title":{"rendered":"Thiago Silva retourne en Europe \u00e0 41 ans apr\u00e8s son d\u00e9part de Fluminense"},"content":{"rendered":"<p><strong>Thiago Silva retourne en Europe \u00e0 41 ans apr\u00e8s son d\u00e9part de Fluminense<\/strong><\/p>\n<p>Thiago Silva a trouv\u00e9 un nouveau club apr\u00e8s son d\u00e9part de Fluminense, l'ancien d\u00e9fenseur de Chelsea et du Paris Saint-Germain \u00e9tant sur le point de retourner en Europe \u00e0 l'\u00e2ge de 41 ans.<\/p>\n<p>Silva, qui \u00e9tait retourn\u00e9 au Br\u00e9sil apr\u00e8s son passage en Premier League, n'est plus \u00e0 Fluminense et a d\u00e9sormais convenu d'un transfert qui le verra rejouer en Europe.<\/p>\n<p>Ce d\u00e9fenseur central exp\u00e9riment\u00e9 a b\u00e2ti sa r\u00e9putation \u00e0 travers le continent lors d'ann\u00e9es riches en troph\u00e9es, s'imposant d'abord comme l'un des meilleurs d\u00e9fenseurs en Europe avant d'ajouter des titres majeurs avec Chelsea et le PSG. Il est \u00e9galement rest\u00e9 un pilier de la s\u00e9lection br\u00e9silienne tout au long de sa carri\u00e8re.<\/p>\n<p>Cette d\u00e9cision met fin \u00e0 son passage \u00e0 Fluminense et marque un nouveau chapitre pour un joueur qui continue de concourir au plus haut niveau bien au-del\u00e0 de la quarantaine.<\/p>\n<p>Les d\u00e9tails de ce transfert sont d\u00e9sormais confirm\u00e9s, la prochaine destination europ\u00e9enne de Silva ayant \u00e9t\u00e9 convenue suite \u00e0 son d\u00e9part du Br\u00e9sil.<\/p>","protected":false},"excerpt":{"rendered":"<p>Thiago Silva returns to Europe at 41 after Fluminense exit Thiago Silva has secured a new club after leaving Fluminense, [&hellip;]<\/p>\n","protected":false},"author":3,"featured_media":3805,"comment_status":"","ping_status":"open","sticky":false,"template":"","format":"standard","meta":{"googlesitekit_rrm_CAow_uzEDA:productID":"","site-sidebar-layout":"default","site-content-layout":"","ast-site-content-layout":"default","site-content-style":"default","site-sidebar-style":"default","ast-global-header-display":"","ast-banner-title-visibility":"","ast-main-header-display":"","ast-hfb-above-header-display":"","ast-hfb-below-header-display":"","ast-hfb-mobile-header-display":"","site-post-title":"","ast-breadcrumbs-content":"","ast-featured-img":"","footer-sml-layout":"","ast-disable-related-posts":"","theme-transparent-header-meta":"","adv-header-id-meta":"","stick-header-meta":"","header-above-stick-meta":"","header-main-stick-meta":"","header-below-stick-meta":"","astra-migrate-meta-layouts":"default","ast-page-background-enabled":"default","ast-page-background-meta":{"desktop":{"background-color":"var(--ast-global-color-5)","background-image":"","background-repeat":"repeat","background-position":"center center","background-size":"auto","background-attachment":"scroll","background-type":"","background-media":"","overlay-type":"","overlay-color":"","overlay-opacity":"","overlay-gradient":""},"tablet":{"background-color":"","background-image":"","background-repeat":"repeat","background-position":"center center","background-size":"auto","background-attachment":"scroll","background-type":"","background-media":"","overlay-type":"","overlay-color":"","overlay-opacity":"","overlay-gradient":""},"mobile":{"background-color":"","background-image":"","background-repeat":"repeat","background-position":"center center","background-size":"auto","background-attachment":"scroll","background-type":"","background-media":"","overlay-type":"","overlay-color":"","overlay-opacity":"","overlay-gradient":""}},"ast-content-background-meta":{"desktop":{"background-color":"var(--ast-global-color-4)","background-image":"","background-repeat":"repeat","background-position":"center center","background-size":"auto","background-attachment":"scroll","background-type":"","background-media":"","overlay-type":"","overlay-color":"","overlay-opacity":"","overlay-gradient":""},"tablet":{"background-color":"var(--ast-global-color-4)","background-image":"","background-repeat":"repeat","background-position":"center center","background-size":"auto","background-attachment":"scroll","background-type":"","background-media":"","overlay-type":"","overlay-color":"","overlay-opacity":"","overlay-gradient":""},"mobile":{"background-color":"var(--ast-global-color-4)","background-image":"","background-repeat":"repeat","background-position":"center center","background-size":"auto","background-attachment":"scroll","background-type":"","background-media":"","overlay-type":"","overlay-color":"","overlay-opacity":"","overlay-gradient":""}},"footnotes":""},"categories":[20,1],"tags":[],"class_list":["post-3807","post","type-post","status-publish","format-standard","has-post-thumbnail","hentry","category-international","category-football-latest-news"],"yoast_head":"<!-- This site is optimized with the Yoast SEO Premium plugin v26.6 (Yoast SEO v27.5) - https:\/\/yoast.com\/product\/yoast-seo-premium-wordpress\/ -->\n<title>Thiago Silva returns to Europe at 41 after Fluminense exit - Bladna News<\/title>\n<meta name=\"robots\" content=\"index, follow, max-snippet:-1, max-image-preview:large, max-video-preview:-1\" \/>\n<link rel=\"canonical\" href=\"https:\/\/bladnanews.com\/fr\/thiago-silva-retourne-en-europe-a-41-ans-apres-son-depart-de-fluminense-2\/\" \/>\n<meta property=\"og:locale\" content=\"fr_FR\" \/>\n<meta property=\"og:type\" content=\"article\" \/>\n<meta property=\"og:title\" content=\"Thiago Silva returns to Europe at 41 after Fluminense exit\" \/>\n<meta property=\"og:description\" content=\"Thiago Silva returns to Europe at 41 after Fluminense exit Thiago Silva has secured a new club after leaving Fluminense, [&hellip;]\" \/>\n<meta property=\"og:url\" content=\"https:\/\/bladnanews.com\/fr\/thiago-silva-retourne-en-europe-a-41-ans-apres-son-depart-de-fluminense-2\/\" \/>\n<meta property=\"og:site_name\" content=\"Bladna News\" \/>\n<meta property=\"article:published_time\" content=\"2026-01-05T11:22:17+00:00\" \/>\n<meta property=\"og:image\" content=\"https:\/\/bladnanews.com\/wp-content\/uploads\/2025\/12\/freepik__bladna-newscom-moroccan-soccer-homepage-banner-mor__41838.png\" \/>\n\t<meta property=\"og:image:width\" content=\"1312\" \/>\n\t<meta property=\"og:image:height\" content=\"736\" \/>\n\t<meta property=\"og:image:type\" content=\"image\/png\" \/>\n<meta name=\"author\" content=\"Bladna News Staff\" \/>\n<meta name=\"twitter:card\" content=\"summary_large_image\" \/>\n<meta name=\"twitter:label1\" content=\"\u00c9crit par\" \/>\n\t<meta name=\"twitter:data1\" content=\"Bladna News Staff\" \/>\n\t<meta name=\"twitter:label2\" content=\"Dur\u00e9e de lecture estim\u00e9e\" \/>\n\t<meta name=\"twitter:data2\" content=\"1 minute\" \/>\n<script type=\"application\/ld+json\" class=\"yoast-schema-graph\">{\"@context\":\"https:\\\/\\\/schema.org\",\"@graph\":[{\"@type\":\"Article\",\"@id\":\"https:\\\/\\\/bladnanews.com\\\/thiago-silva-returns-to-europe-at-41-after-fluminense-exit\\\/#article\",\"isPartOf\":{\"@id\":\"https:\\\/\\\/bladnanews.com\\\/thiago-silva-returns-to-europe-at-41-after-fluminense-exit\\\/\"},\"author\":{\"name\":\"Bladna News Staff\",\"@id\":\"https:\\\/\\\/mediumseagreen-eel-531711.hostingersite.com\\\/#\\\/schema\\\/person\\\/268e18a453ab080ebf76df6ef7845083\"},\"headline\":\"Thiago Silva returns to Europe at 41 after Fluminense exit\",\"datePublished\":\"2026-01-05T11:22:17+00:00\",\"mainEntityOfPage\":{\"@id\":\"https:\\\/\\\/bladnanews.com\\\/thiago-silva-returns-to-europe-at-41-after-fluminense-exit\\\/\"},\"wordCount\":172,\"publisher\":{\"@id\":\"https:\\\/\\\/mediumseagreen-eel-531711.hostingersite.com\\\/#organization\"},\"image\":{\"@id\":\"https:\\\/\\\/bladnanews.com\\\/thiago-silva-returns-to-europe-at-41-after-fluminense-exit\\\/#primaryimage\"},\"thumbnailUrl\":\"https:\\\/\\\/bladnanews.com\\\/wp-content\\\/uploads\\\/2026\\\/01\\\/BladnaNews-Thiago-Silva-returns-to-Europe-at-41-after-Fluminense-exit-2026-01-05T135055.451Z.jpg\",\"articleSection\":[\"International\",\"Latest News\"],\"inLanguage\":\"fr-FR\",\"copyrightYear\":\"2026\",\"copyrightHolder\":{\"@id\":\"https:\\\/\\\/bladnanews.com\\\/fr\\\/#organization\"}},{\"@type\":\"WebPage\",\"@id\":\"https:\\\/\\\/bladnanews.com\\\/thiago-silva-returns-to-europe-at-41-after-fluminense-exit\\\/\",\"url\":\"https:\\\/\\\/bladnanews.com\\\/thiago-silva-returns-to-europe-at-41-after-fluminense-exit\\\/\",\"name\":\"Thiago Silva returns to Europe at 41 after Fluminense exit - Bladna News\",\"isPartOf\":{\"@id\":\"https:\\\/\\\/mediumseagreen-eel-531711.hostingersite.com\\\/#website\"},\"primaryImageOfPage\":{\"@id\":\"https:\\\/\\\/bladnanews.com\\\/thiago-silva-returns-to-europe-at-41-after-fluminense-exit\\\/#primaryimage\"},\"image\":{\"@id\":\"https:\\\/\\\/bladnanews.com\\\/thiago-silva-returns-to-europe-at-41-after-fluminense-exit\\\/#primaryimage\"},\"thumbnailUrl\":\"https:\\\/\\\/bladnanews.com\\\/wp-content\\\/uploads\\\/2026\\\/01\\\/BladnaNews-Thiago-Silva-returns-to-Europe-at-41-after-Fluminense-exit-2026-01-05T135055.451Z.jpg\",\"datePublished\":\"2026-01-05T11:22:17+00:00\",\"breadcrumb\":{\"@id\":\"https:\\\/\\\/bladnanews.com\\\/thiago-silva-returns-to-europe-at-41-after-fluminense-exit\\\/#breadcrumb\"},\"inLanguage\":\"fr-FR\",\"potentialAction\":[{\"@type\":\"ReadAction\",\"target\":[\"https:\\\/\\\/bladnanews.com\\\/thiago-silva-returns-to-europe-at-41-after-fluminense-exit\\\/\"]}]},{\"@type\":\"ImageObject\",\"inLanguage\":\"fr-FR\",\"@id\":\"https:\\\/\\\/bladnanews.com\\\/thiago-silva-returns-to-europe-at-41-after-fluminense-exit\\\/#primaryimage\",\"url\":\"https:\\\/\\\/bladnanews.com\\\/wp-content\\\/uploads\\\/2026\\\/01\\\/BladnaNews-Thiago-Silva-returns-to-Europe-at-41-after-Fluminense-exit-2026-01-05T135055.451Z.jpg\",\"contentUrl\":\"https:\\\/\\\/bladnanews.com\\\/wp-content\\\/uploads\\\/2026\\\/01\\\/BladnaNews-Thiago-Silva-returns-to-Europe-at-41-after-Fluminense-exit-2026-01-05T135055.451Z.jpg\",\"width\":2560,\"height\":1440,\"caption\":\"Thiago Silva waves to fans post-match, wearing Fluminense's maroon kit with the captain's armband, in a vibrant stadium setting.\"},{\"@type\":\"BreadcrumbList\",\"@id\":\"https:\\\/\\\/bladnanews.com\\\/thiago-silva-returns-to-europe-at-41-after-fluminense-exit\\\/#breadcrumb\",\"itemListElement\":[{\"@type\":\"ListItem\",\"position\":1,\"name\":\"Home\",\"item\":\"https:\\\/\\\/bladnanews.com\\\/\"},{\"@type\":\"ListItem\",\"position\":2,\"name\":\"Thiago Silva returns to Europe at 41 after Fluminense exit\"}]},{\"@type\":\"WebSite\",\"@id\":\"https:\\\/\\\/mediumseagreen-eel-531711.hostingersite.com\\\/#website\",\"url\":\"https:\\\/\\\/mediumseagreen-eel-531711.hostingersite.com\\\/\",\"name\":\"Bladna News - Morocco\",\"description\":\"Where Moroccan Football Meets the World\",\"publisher\":{\"@id\":\"https:\\\/\\\/mediumseagreen-eel-531711.hostingersite.com\\\/#organization\"},\"potentialAction\":[{\"@type\":\"SearchAction\",\"target\":{\"@type\":\"EntryPoint\",\"urlTemplate\":\"https:\\\/\\\/mediumseagreen-eel-531711.hostingersite.com\\\/?s={search_term_string}\"},\"query-input\":{\"@type\":\"PropertyValueSpecification\",\"valueRequired\":true,\"valueName\":\"search_term_string\"}}],\"inLanguage\":\"fr-FR\"},{\"@type\":\"Organization\",\"@id\":\"https:\\\/\\\/mediumseagreen-eel-531711.hostingersite.com\\\/#organization\",\"name\":\"Bladna News.com\",\"url\":\"https:\\\/\\\/mediumseagreen-eel-531711.hostingersite.com\\\/\",\"logo\":{\"@type\":\"ImageObject\",\"inLanguage\":\"fr-FR\",\"@id\":\"https:\\\/\\\/mediumseagreen-eel-531711.hostingersite.com\\\/#\\\/schema\\\/logo\\\/image\\\/\",\"url\":\"https:\\\/\\\/bladnanews.com\\\/wp-content\\\/uploads\\\/2025\\\/12\\\/logo-bladnanews-V2-web-black-red.png\",\"contentUrl\":\"https:\\\/\\\/bladnanews.com\\\/wp-content\\\/uploads\\\/2025\\\/12\\\/logo-bladnanews-V2-web-black-red.png\",\"width\":703,\"height\":287,\"caption\":\"Bladna News.com\"},\"image\":{\"@id\":\"https:\\\/\\\/mediumseagreen-eel-531711.hostingersite.com\\\/#\\\/schema\\\/logo\\\/image\\\/\"},\"email\":\"info@bladnanews.com\",\"legalName\":\"Bladna News\"},{\"@type\":\"Person\",\"@id\":\"https:\\\/\\\/mediumseagreen-eel-531711.hostingersite.com\\\/#\\\/schema\\\/person\\\/268e18a453ab080ebf76df6ef7845083\",\"name\":\"Bladna News Staff\",\"url\":\"https:\\\/\\\/bladnanews.com\\\/fr\\\/author\\\/bladna-news-staff\\\/\"}]}<\/script>\n<!-- \/ Yoast SEO Premium plugin. -->","yoast_head_json":{"title":"Thiago Silva retourne en Europe \u00e0 41 ans apr\u00e8s son d\u00e9part de Fluminense - Bladna News","robots":{"index":"index","follow":"follow","max-snippet":"max-snippet:-1","max-image-preview":"max-image-preview:large","max-video-preview":"max-video-preview:-1"},"canonical":"https:\/\/bladnanews.com\/fr\/thiago-silva-retourne-en-europe-a-41-ans-apres-son-depart-de-fluminense-2\/","og_locale":"fr_FR","og_type":"article","og_title":"Thiago Silva returns to Europe at 41 after Fluminense exit","og_description":"Thiago Silva returns to Europe at 41 after Fluminense exit Thiago Silva has secured a new club after leaving Fluminense, [&hellip;]","og_url":"https:\/\/bladnanews.com\/fr\/thiago-silva-retourne-en-europe-a-41-ans-apres-son-depart-de-fluminense-2\/","og_site_name":"Bladna News","article_published_time":"2026-01-05T11:22:17+00:00","og_image":[{"width":1312,"height":736,"url":"https:\/\/bladnanews.com\/wp-content\/uploads\/2025\/12\/freepik__bladna-newscom-moroccan-soccer-homepage-banner-mor__41838.png","type":"image\/png"}],"author":"Bladna News Staff","twitter_card":"summary_large_image","twitter_misc":{"\u00c9crit par":"Bladna News Staff","Dur\u00e9e de lecture estim\u00e9e":"1 minute"},"schema":{"@context":"https:\/\/schema.org","@graph":[{"@type":"Article","@id":"https:\/\/bladnanews.com\/thiago-silva-returns-to-europe-at-41-after-fluminense-exit\/#article","isPartOf":{"@id":"https:\/\/bladnanews.com\/thiago-silva-returns-to-europe-at-41-after-fluminense-exit\/"},"author":{"name":"Bladna News Staff","@id":"https:\/\/mediumseagreen-eel-531711.hostingersite.com\/#\/schema\/person\/268e18a453ab080ebf76df6ef7845083"},"headline":"Thiago Silva returns to Europe at 41 after Fluminense exit","datePublished":"2026-01-05T11:22:17+00:00","mainEntityOfPage":{"@id":"https:\/\/bladnanews.com\/thiago-silva-returns-to-europe-at-41-after-fluminense-exit\/"},"wordCount":172,"publisher":{"@id":"https:\/\/mediumseagreen-eel-531711.hostingersite.com\/#organization"},"image":{"@id":"https:\/\/bladnanews.com\/thiago-silva-returns-to-europe-at-41-after-fluminense-exit\/#primaryimage"},"thumbnailUrl":"https:\/\/bladnanews.com\/wp-content\/uploads\/2026\/01\/BladnaNews-Thiago-Silva-returns-to-Europe-at-41-after-Fluminense-exit-2026-01-05T135055.451Z.jpg","articleSection":["International","Latest News"],"inLanguage":"fr-FR","copyrightYear":"2026","copyrightHolder":{"@id":"https:\/\/bladnanews.com\/fr\/#organization"}},{"@type":"WebPage","@id":"https:\/\/bladnanews.com\/thiago-silva-returns-to-europe-at-41-after-fluminense-exit\/","url":"https:\/\/bladnanews.com\/thiago-silva-returns-to-europe-at-41-after-fluminense-exit\/","name":"Thiago Silva retourne en Europe \u00e0 41 ans apr\u00e8s son d\u00e9part de Fluminense - Bladna News","isPartOf":{"@id":"https:\/\/mediumseagreen-eel-531711.hostingersite.com\/#website"},"primaryImageOfPage":{"@id":"https:\/\/bladnanews.com\/thiago-silva-returns-to-europe-at-41-after-fluminense-exit\/#primaryimage"},"image":{"@id":"https:\/\/bladnanews.com\/thiago-silva-returns-to-europe-at-41-after-fluminense-exit\/#primaryimage"},"thumbnailUrl":"https:\/\/bladnanews.com\/wp-content\/uploads\/2026\/01\/BladnaNews-Thiago-Silva-returns-to-Europe-at-41-after-Fluminense-exit-2026-01-05T135055.451Z.jpg","datePublished":"2026-01-05T11:22:17+00:00","breadcrumb":{"@id":"https:\/\/bladnanews.com\/thiago-silva-returns-to-europe-at-41-after-fluminense-exit\/#breadcrumb"},"inLanguage":"fr-FR","potentialAction":[{"@type":"ReadAction","target":["https:\/\/bladnanews.com\/thiago-silva-returns-to-europe-at-41-after-fluminense-exit\/"]}]},{"@type":"ImageObject","inLanguage":"fr-FR","@id":"https:\/\/bladnanews.com\/thiago-silva-returns-to-europe-at-41-after-fluminense-exit\/#primaryimage","url":"https:\/\/bladnanews.com\/wp-content\/uploads\/2026\/01\/BladnaNews-Thiago-Silva-returns-to-Europe-at-41-after-Fluminense-exit-2026-01-05T135055.451Z.jpg","contentUrl":"https:\/\/bladnanews.com\/wp-content\/uploads\/2026\/01\/BladnaNews-Thiago-Silva-returns-to-Europe-at-41-after-Fluminense-exit-2026-01-05T135055.451Z.jpg","width":2560,"height":1440,"caption":"Thiago Silva waves to fans post-match, wearing Fluminense's maroon kit with the captain's armband, in a vibrant stadium setting."},{"@type":"BreadcrumbList","@id":"https:\/\/bladnanews.com\/thiago-silva-returns-to-europe-at-41-after-fluminense-exit\/#breadcrumb","itemListElement":[{"@type":"ListItem","position":1,"name":"Home","item":"https:\/\/bladnanews.com\/"},{"@type":"ListItem","position":2,"name":"Thiago Silva returns to Europe at 41 after Fluminense exit"}]},{"@type":"WebSite","@id":"https:\/\/mediumseagreen-eel-531711.hostingersite.com\/#website","url":"https:\/\/mediumseagreen-eel-531711.hostingersite.com\/","name":"Bladna News - Maroc","description":"Quand le football marocain rencontre le monde","publisher":{"@id":"https:\/\/mediumseagreen-eel-531711.hostingersite.com\/#organization"},"potentialAction":[{"@type":"SearchAction","target":{"@type":"EntryPoint","urlTemplate":"https:\/\/mediumseagreen-eel-531711.hostingersite.com\/?s={search_term_string}"},"query-input":{"@type":"PropertyValueSpecification","valueRequired":true,"valueName":"search_term_string"}}],"inLanguage":"fr-FR"},{"@type":"Organization","@id":"https:\/\/mediumseagreen-eel-531711.hostingersite.com\/#organization","name":"Bladna News.com","url":"https:\/\/mediumseagreen-eel-531711.hostingersite.com\/","logo":{"@type":"ImageObject","inLanguage":"fr-FR","@id":"https:\/\/mediumseagreen-eel-531711.hostingersite.com\/#\/schema\/logo\/image\/","url":"https:\/\/bladnanews.com\/wp-content\/uploads\/2025\/12\/logo-bladnanews-V2-web-black-red.png","contentUrl":"https:\/\/bladnanews.com\/wp-content\/uploads\/2025\/12\/logo-bladnanews-V2-web-black-red.png","width":703,"height":287,"caption":"Bladna News.com"},"image":{"@id":"https:\/\/mediumseagreen-eel-531711.hostingersite.com\/#\/schema\/logo\/image\/"},"email":"info@bladnanews.com","legalName":"Bladna News"},{"@type":"Person","@id":"https:\/\/mediumseagreen-eel-531711.hostingersite.com\/#\/schema\/person\/268e18a453ab080ebf76df6ef7845083","name":"\u00c9quipe r\u00e9dactionnelle de Bladna News","url":"https:\/\/bladnanews.com\/fr\/author\/bladna-news-staff\/"}]}},"_links":{"self":[{"href":"https:\/\/bladnanews.com\/fr\/wp-json\/wp\/v2\/posts\/3807","targetHints":{"allow":["GET"]}}],"collection":[{"href":"https:\/\/bladnanews.com\/fr\/wp-json\/wp\/v2\/posts"}],"about":[{"href":"https:\/\/bladnanews.com\/fr\/wp-json\/wp\/v2\/types\/post"}],"author":[{"embeddable":true,"href":"https:\/\/bladnanews.com\/fr\/wp-json\/wp\/v2\/users\/3"}],"replies":[{"embeddable":true,"href":"https:\/\/bladnanews.com\/fr\/wp-json\/wp\/v2\/comments?post=3807"}],"version-history":[{"count":0,"href":"https:\/\/bladnanews.com\/fr\/wp-json\/wp\/v2\/posts\/3807\/revisions"}],"wp:featuredmedia":[{"embeddable":true,"href":"https:\/\/bladnanews.com\/fr\/wp-json\/wp\/v2\/media\/3805"}],"wp:attachment":[{"href":"https:\/\/bladnanews.com\/fr\/wp-json\/wp\/v2\/media?parent=3807"}],"wp:term":[{"taxonomy":"category","embeddable":true,"href":"https:\/\/bladnanews.com\/fr\/wp-json\/wp\/v2\/categories?post=3807"},{"taxonomy":"post_tag","embeddable":true,"href":"https:\/\/bladnanews.com\/fr\/wp-json\/wp\/v2\/tags?post=3807"}],"curies":[{"name":"wp","href":"https:\/\/api.w.org\/{rel}","templated":true}]}}