{"id":3836,"date":"2026-01-05T14:00:00","date_gmt":"2026-01-05T14:00:00","guid":{"rendered":"https:\/\/bladnanews.com\/fifa-considers-morocco-the-ideal-host-for-new-super-tournament\/"},"modified":"2026-01-05T14:00:00","modified_gmt":"2026-01-05T14:00:00","slug":"la-fifa-considere-le-maroc-comme-lhote-ideal-pour-le-nouveau-super-tournoi","status":"publish","type":"post","link":"https:\/\/bladnanews.com\/fr\/la-fifa-considere-le-maroc-comme-lhote-ideal-pour-le-nouveau-super-tournoi\/","title":{"rendered":"La Fifa consid\u00e8re le Maroc comme l'h\u00f4te id\u00e9al pour le nouveau super tournoi."},"content":{"rendered":"<p>La FIFA a identifi\u00e9 le Maroc comme l'h\u00f4te id\u00e9al pour sa nouvelle Coupe du Monde des Clubs \u00e9largie, une comp\u00e9tition qui se d\u00e9roulera sous un format \u201c super tournoi \u201d. Le Maroc est consid\u00e9r\u00e9 comme un candidat s\u00e9rieux gr\u00e2ce \u00e0 ses infrastructures modernes et \u00e0 sa r\u00e9cente exp\u00e9rience dans l'organisation d'\u00e9v\u00e9nements majeurs.<\/p>\n<p>La nouvelle Coupe du Monde des Clubs de la FIFA r\u00e9unira 32 \u00e9quipes et se disputera pour la premi\u00e8re fois \u00e0 l'\u00e9t\u00e9 2025 aux \u00c9tats-Unis. La FIFA anticipe d\u00e9j\u00e0 les \u00e9ditions futures du tournoi, le Maroc \u00e9tant d\u00e9sormais d\u00e9crit en interne comme une option privil\u00e9gi\u00e9e pour l'accueillir.<\/p>\n<p>Le plan pr\u00e9voit que l'\u00e9v\u00e9nement remani\u00e9 se tienne tous les quatre ans, \u00e0 l'instar de la Coupe du Monde masculine. Il rassemblera les meilleurs clubs de toutes les conf\u00e9d\u00e9rations, les \u00e9quipes europ\u00e9ennes devant constituer une part importante des participants.<\/p>\n<p>La r\u00e9putation croissante du Maroc en tant qu'h\u00f4te footballistique s'est renforc\u00e9e ces derni\u00e8res ann\u00e9es, non seulement par l'organisation de divers \u00e9v\u00e9nements de la CAF, mais aussi gr\u00e2ce aux ambitions du pays sur la sc\u00e8ne mondiale. Le royaume sera l'un des co-h\u00f4tes de la Coupe du Monde de la FIFA 2030 aux c\u00f4t\u00e9s de l'Espagne et du Portugal.<\/p>\n<p>Au sein de la FIFA, le Maroc est per\u00e7u comme un pays capable d'organiser le tournoi \u00e0 un haut niveau, ses stades, ses liaisons de transport et ses capacit\u00e9s organisationnelles \u00e9tant consid\u00e9r\u00e9s comme des atouts majeurs. La possibilit\u00e9 d'attribuer la Coupe du Monde des Clubs au Maroc s'inscrirait \u00e9galement dans la strat\u00e9gie plus large de la FIFA de confier ses grands \u00e9v\u00e9nements \u00e0 diff\u00e9rentes r\u00e9gions.<\/p>\n<p>Pour l'instant, aucune d\u00e9cision officielle n'a \u00e9t\u00e9 annonc\u00e9e concernant l'h\u00f4te d'une future \u00e9dition de la Coupe du Monde des Clubs apr\u00e8s le tournoi de 2025 aux \u00c9tats-Unis. Cependant, le nom du Maroc est de plus en plus cit\u00e9 comme le candidat principal pour la prochaine phase de la nouvelle comp\u00e9tition phare de clubs de la FIFA.<\/p>","protected":false},"excerpt":{"rendered":"<p>FIFA has identified Morocco as the ideal host for its new expanded Club World Cup, a competition that will be [&hellip;]<\/p>\n","protected":false},"author":4,"featured_media":3835,"comment_status":"","ping_status":"open","sticky":false,"template":"","format":"standard","meta":{"googlesitekit_rrm_CAow_uzEDA:productID":"","site-sidebar-layout":"default","site-content-layout":"","ast-site-content-layout":"default","site-content-style":"default","site-sidebar-style":"default","ast-global-header-display":"","ast-banner-title-visibility":"","ast-main-header-display":"","ast-hfb-above-header-display":"","ast-hfb-below-header-display":"","ast-hfb-mobile-header-display":"","site-post-title":"","ast-breadcrumbs-content":"","ast-featured-img":"","footer-sml-layout":"","ast-disable-related-posts":"","theme-transparent-header-meta":"","adv-header-id-meta":"","stick-header-meta":"","header-above-stick-meta":"","header-main-stick-meta":"","header-below-stick-meta":"","astra-migrate-meta-layouts":"default","ast-page-background-enabled":"default","ast-page-background-meta":{"desktop":{"background-color":"var(--ast-global-color-5)","background-image":"","background-repeat":"repeat","background-position":"center center","background-size":"auto","background-attachment":"scroll","background-type":"","background-media":"","overlay-type":"","overlay-color":"","overlay-opacity":"","overlay-gradient":""},"tablet":{"background-color":"","background-image":"","background-repeat":"repeat","background-position":"center center","background-size":"auto","background-attachment":"scroll","background-type":"","background-media":"","overlay-type":"","overlay-color":"","overlay-opacity":"","overlay-gradient":""},"mobile":{"background-color":"","background-image":"","background-repeat":"repeat","background-position":"center center","background-size":"auto","background-attachment":"scroll","background-type":"","background-media":"","overlay-type":"","overlay-color":"","overlay-opacity":"","overlay-gradient":""}},"ast-content-background-meta":{"desktop":{"background-color":"var(--ast-global-color-4)","background-image":"","background-repeat":"repeat","background-position":"center center","background-size":"auto","background-attachment":"scroll","background-type":"","background-media":"","overlay-type":"","overlay-color":"","overlay-opacity":"","overlay-gradient":""},"tablet":{"background-color":"var(--ast-global-color-4)","background-image":"","background-repeat":"repeat","background-position":"center center","background-size":"auto","background-attachment":"scroll","background-type":"","background-media":"","overlay-type":"","overlay-color":"","overlay-opacity":"","overlay-gradient":""},"mobile":{"background-color":"var(--ast-global-color-4)","background-image":"","background-repeat":"repeat","background-position":"center center","background-size":"auto","background-attachment":"scroll","background-type":"","background-media":"","overlay-type":"","overlay-color":"","overlay-opacity":"","overlay-gradient":""}},"footnotes":""},"categories":[1,168],"tags":[],"class_list":["post-3836","post","type-post","status-publish","format-standard","has-post-thumbnail","hentry","category-football-latest-news","category-morocco-national-team"],"yoast_head":"<!-- This site is optimized with the Yoast SEO Premium plugin v26.6 (Yoast SEO v27.4) - https:\/\/yoast.com\/product\/yoast-seo-premium-wordpress\/ -->\n<title>Fifa considers Morocco the ideal host for new super tournament - Bladna News<\/title>\n<meta name=\"robots\" content=\"index, follow, max-snippet:-1, max-image-preview:large, max-video-preview:-1\" \/>\n<link rel=\"canonical\" href=\"https:\/\/bladnanews.com\/fr\/la-fifa-considere-le-maroc-comme-lhote-ideal-pour-le-nouveau-super-tournoi\/\" \/>\n<meta property=\"og:locale\" content=\"fr_FR\" \/>\n<meta property=\"og:type\" content=\"article\" \/>\n<meta property=\"og:title\" content=\"Fifa considers Morocco the ideal host for new super tournament\" \/>\n<meta property=\"og:description\" content=\"FIFA has identified Morocco as the ideal host for its new expanded Club World Cup, a competition that will be [&hellip;]\" \/>\n<meta property=\"og:url\" content=\"https:\/\/bladnanews.com\/fr\/la-fifa-considere-le-maroc-comme-lhote-ideal-pour-le-nouveau-super-tournoi\/\" \/>\n<meta property=\"og:site_name\" content=\"Bladna News\" \/>\n<meta property=\"article:published_time\" content=\"2026-01-05T14:00:00+00:00\" \/>\n<meta property=\"og:image\" content=\"https:\/\/bladnanews.com\/wp-content\/uploads\/2025\/12\/freepik__bladna-newscom-moroccan-soccer-homepage-banner-mor__41838.png\" \/>\n\t<meta property=\"og:image:width\" content=\"1312\" \/>\n\t<meta property=\"og:image:height\" content=\"736\" \/>\n\t<meta property=\"og:image:type\" content=\"image\/png\" \/>\n<meta name=\"author\" content=\"Bladna Sports Desk\" \/>\n<meta name=\"twitter:card\" content=\"summary_large_image\" \/>\n<meta name=\"twitter:label1\" content=\"\u00c9crit par\" \/>\n\t<meta name=\"twitter:data1\" content=\"Bladna Sports Desk\" \/>\n\t<meta name=\"twitter:label2\" content=\"Dur\u00e9e de lecture estim\u00e9e\" \/>\n\t<meta name=\"twitter:data2\" content=\"1 minute\" \/>\n<script type=\"application\/ld+json\" class=\"yoast-schema-graph\">{\"@context\":\"https:\\\/\\\/schema.org\",\"@graph\":[{\"@type\":\"Article\",\"@id\":\"https:\\\/\\\/bladnanews.com\\\/fifa-considers-morocco-the-ideal-host-for-new-super-tournament\\\/#article\",\"isPartOf\":{\"@id\":\"https:\\\/\\\/bladnanews.com\\\/fifa-considers-morocco-the-ideal-host-for-new-super-tournament\\\/\"},\"author\":{\"name\":\"Bladna Sports Desk\",\"@id\":\"https:\\\/\\\/mediumseagreen-eel-531711.hostingersite.com\\\/#\\\/schema\\\/person\\\/6712b38fabe810f7eb8d15ed30d90f1e\"},\"headline\":\"Fifa considers Morocco the ideal host for new super tournament\",\"datePublished\":\"2026-01-05T14:00:00+00:00\",\"mainEntityOfPage\":{\"@id\":\"https:\\\/\\\/bladnanews.com\\\/fifa-considers-morocco-the-ideal-host-for-new-super-tournament\\\/\"},\"wordCount\":300,\"publisher\":{\"@id\":\"https:\\\/\\\/mediumseagreen-eel-531711.hostingersite.com\\\/#organization\"},\"image\":{\"@id\":\"https:\\\/\\\/bladnanews.com\\\/fifa-considers-morocco-the-ideal-host-for-new-super-tournament\\\/#primaryimage\"},\"thumbnailUrl\":\"https:\\\/\\\/bladnanews.com\\\/wp-content\\\/uploads\\\/2026\\\/01\\\/marokko-wk-clubs-2029.webp\",\"articleSection\":[\"Latest News\",\"Morocco National Team\"],\"inLanguage\":\"fr-FR\",\"copyrightYear\":\"2026\",\"copyrightHolder\":{\"@id\":\"https:\\\/\\\/bladnanews.com\\\/fr\\\/#organization\"}},{\"@type\":\"WebPage\",\"@id\":\"https:\\\/\\\/bladnanews.com\\\/fifa-considers-morocco-the-ideal-host-for-new-super-tournament\\\/\",\"url\":\"https:\\\/\\\/bladnanews.com\\\/fifa-considers-morocco-the-ideal-host-for-new-super-tournament\\\/\",\"name\":\"Fifa considers Morocco the ideal host for new super tournament - Bladna News\",\"isPartOf\":{\"@id\":\"https:\\\/\\\/mediumseagreen-eel-531711.hostingersite.com\\\/#website\"},\"primaryImageOfPage\":{\"@id\":\"https:\\\/\\\/bladnanews.com\\\/fifa-considers-morocco-the-ideal-host-for-new-super-tournament\\\/#primaryimage\"},\"image\":{\"@id\":\"https:\\\/\\\/bladnanews.com\\\/fifa-considers-morocco-the-ideal-host-for-new-super-tournament\\\/#primaryimage\"},\"thumbnailUrl\":\"https:\\\/\\\/bladnanews.com\\\/wp-content\\\/uploads\\\/2026\\\/01\\\/marokko-wk-clubs-2029.webp\",\"datePublished\":\"2026-01-05T14:00:00+00:00\",\"breadcrumb\":{\"@id\":\"https:\\\/\\\/bladnanews.com\\\/fifa-considers-morocco-the-ideal-host-for-new-super-tournament\\\/#breadcrumb\"},\"inLanguage\":\"fr-FR\",\"potentialAction\":[{\"@type\":\"ReadAction\",\"target\":[\"https:\\\/\\\/bladnanews.com\\\/fifa-considers-morocco-the-ideal-host-for-new-super-tournament\\\/\"]}]},{\"@type\":\"ImageObject\",\"inLanguage\":\"fr-FR\",\"@id\":\"https:\\\/\\\/bladnanews.com\\\/fifa-considers-morocco-the-ideal-host-for-new-super-tournament\\\/#primaryimage\",\"url\":\"https:\\\/\\\/bladnanews.com\\\/wp-content\\\/uploads\\\/2026\\\/01\\\/marokko-wk-clubs-2029.webp\",\"contentUrl\":\"https:\\\/\\\/bladnanews.com\\\/wp-content\\\/uploads\\\/2026\\\/01\\\/marokko-wk-clubs-2029.webp\",\"width\":1200,\"height\":750,\"caption\":\"Modern stadium interior featuring a green pitch, tiered seating in blue and white, and a bright overhead sky with digital screens displaying match information.\"},{\"@type\":\"BreadcrumbList\",\"@id\":\"https:\\\/\\\/bladnanews.com\\\/fifa-considers-morocco-the-ideal-host-for-new-super-tournament\\\/#breadcrumb\",\"itemListElement\":[{\"@type\":\"ListItem\",\"position\":1,\"name\":\"Home\",\"item\":\"https:\\\/\\\/bladnanews.com\\\/\"},{\"@type\":\"ListItem\",\"position\":2,\"name\":\"Fifa considers Morocco the ideal host for new super tournament\"}]},{\"@type\":\"WebSite\",\"@id\":\"https:\\\/\\\/mediumseagreen-eel-531711.hostingersite.com\\\/#website\",\"url\":\"https:\\\/\\\/mediumseagreen-eel-531711.hostingersite.com\\\/\",\"name\":\"Bladna News - Morocco\",\"description\":\"Where Moroccan Football Meets the World\",\"publisher\":{\"@id\":\"https:\\\/\\\/mediumseagreen-eel-531711.hostingersite.com\\\/#organization\"},\"potentialAction\":[{\"@type\":\"SearchAction\",\"target\":{\"@type\":\"EntryPoint\",\"urlTemplate\":\"https:\\\/\\\/mediumseagreen-eel-531711.hostingersite.com\\\/?s={search_term_string}\"},\"query-input\":{\"@type\":\"PropertyValueSpecification\",\"valueRequired\":true,\"valueName\":\"search_term_string\"}}],\"inLanguage\":\"fr-FR\"},{\"@type\":\"Organization\",\"@id\":\"https:\\\/\\\/mediumseagreen-eel-531711.hostingersite.com\\\/#organization\",\"name\":\"Bladna News.com\",\"url\":\"https:\\\/\\\/mediumseagreen-eel-531711.hostingersite.com\\\/\",\"logo\":{\"@type\":\"ImageObject\",\"inLanguage\":\"fr-FR\",\"@id\":\"https:\\\/\\\/mediumseagreen-eel-531711.hostingersite.com\\\/#\\\/schema\\\/logo\\\/image\\\/\",\"url\":\"https:\\\/\\\/bladnanews.com\\\/wp-content\\\/uploads\\\/2025\\\/12\\\/logo-bladnanews-V2-web-black-red.png\",\"contentUrl\":\"https:\\\/\\\/bladnanews.com\\\/wp-content\\\/uploads\\\/2025\\\/12\\\/logo-bladnanews-V2-web-black-red.png\",\"width\":703,\"height\":287,\"caption\":\"Bladna News.com\"},\"image\":{\"@id\":\"https:\\\/\\\/mediumseagreen-eel-531711.hostingersite.com\\\/#\\\/schema\\\/logo\\\/image\\\/\"},\"email\":\"info@bladnanews.com\",\"legalName\":\"Bladna News\"},{\"@type\":\"Person\",\"@id\":\"https:\\\/\\\/mediumseagreen-eel-531711.hostingersite.com\\\/#\\\/schema\\\/person\\\/6712b38fabe810f7eb8d15ed30d90f1e\",\"name\":\"Bladna Sports Desk\",\"url\":\"https:\\\/\\\/bladnanews.com\\\/fr\\\/author\\\/bladna-sports-desk\\\/\"}]}<\/script>\n<!-- \/ Yoast SEO Premium plugin. -->","yoast_head_json":{"title":"La Fifa consid\u00e8re le Maroc comme l'h\u00f4te id\u00e9al pour le nouveau super tournoi - Bladna News","robots":{"index":"index","follow":"follow","max-snippet":"max-snippet:-1","max-image-preview":"max-image-preview:large","max-video-preview":"max-video-preview:-1"},"canonical":"https:\/\/bladnanews.com\/fr\/la-fifa-considere-le-maroc-comme-lhote-ideal-pour-le-nouveau-super-tournoi\/","og_locale":"fr_FR","og_type":"article","og_title":"Fifa considers Morocco the ideal host for new super tournament","og_description":"FIFA has identified Morocco as the ideal host for its new expanded Club World Cup, a competition that will be [&hellip;]","og_url":"https:\/\/bladnanews.com\/fr\/la-fifa-considere-le-maroc-comme-lhote-ideal-pour-le-nouveau-super-tournoi\/","og_site_name":"Bladna News","article_published_time":"2026-01-05T14:00:00+00:00","og_image":[{"width":1312,"height":736,"url":"https:\/\/bladnanews.com\/wp-content\/uploads\/2025\/12\/freepik__bladna-newscom-moroccan-soccer-homepage-banner-mor__41838.png","type":"image\/png"}],"author":"Bladna Sports Desk","twitter_card":"summary_large_image","twitter_misc":{"\u00c9crit par":"Bladna Sports Desk","Dur\u00e9e de lecture estim\u00e9e":"1 minute"},"schema":{"@context":"https:\/\/schema.org","@graph":[{"@type":"Article","@id":"https:\/\/bladnanews.com\/fifa-considers-morocco-the-ideal-host-for-new-super-tournament\/#article","isPartOf":{"@id":"https:\/\/bladnanews.com\/fifa-considers-morocco-the-ideal-host-for-new-super-tournament\/"},"author":{"name":"Bladna Sports Desk","@id":"https:\/\/mediumseagreen-eel-531711.hostingersite.com\/#\/schema\/person\/6712b38fabe810f7eb8d15ed30d90f1e"},"headline":"Fifa considers Morocco the ideal host for new super tournament","datePublished":"2026-01-05T14:00:00+00:00","mainEntityOfPage":{"@id":"https:\/\/bladnanews.com\/fifa-considers-morocco-the-ideal-host-for-new-super-tournament\/"},"wordCount":300,"publisher":{"@id":"https:\/\/mediumseagreen-eel-531711.hostingersite.com\/#organization"},"image":{"@id":"https:\/\/bladnanews.com\/fifa-considers-morocco-the-ideal-host-for-new-super-tournament\/#primaryimage"},"thumbnailUrl":"https:\/\/bladnanews.com\/wp-content\/uploads\/2026\/01\/marokko-wk-clubs-2029.webp","articleSection":["Latest News","Morocco National Team"],"inLanguage":"fr-FR","copyrightYear":"2026","copyrightHolder":{"@id":"https:\/\/bladnanews.com\/fr\/#organization"}},{"@type":"WebPage","@id":"https:\/\/bladnanews.com\/fifa-considers-morocco-the-ideal-host-for-new-super-tournament\/","url":"https:\/\/bladnanews.com\/fifa-considers-morocco-the-ideal-host-for-new-super-tournament\/","name":"La Fifa consid\u00e8re le Maroc comme l'h\u00f4te id\u00e9al pour le nouveau super tournoi - Bladna News","isPartOf":{"@id":"https:\/\/mediumseagreen-eel-531711.hostingersite.com\/#website"},"primaryImageOfPage":{"@id":"https:\/\/bladnanews.com\/fifa-considers-morocco-the-ideal-host-for-new-super-tournament\/#primaryimage"},"image":{"@id":"https:\/\/bladnanews.com\/fifa-considers-morocco-the-ideal-host-for-new-super-tournament\/#primaryimage"},"thumbnailUrl":"https:\/\/bladnanews.com\/wp-content\/uploads\/2026\/01\/marokko-wk-clubs-2029.webp","datePublished":"2026-01-05T14:00:00+00:00","breadcrumb":{"@id":"https:\/\/bladnanews.com\/fifa-considers-morocco-the-ideal-host-for-new-super-tournament\/#breadcrumb"},"inLanguage":"fr-FR","potentialAction":[{"@type":"ReadAction","target":["https:\/\/bladnanews.com\/fifa-considers-morocco-the-ideal-host-for-new-super-tournament\/"]}]},{"@type":"ImageObject","inLanguage":"fr-FR","@id":"https:\/\/bladnanews.com\/fifa-considers-morocco-the-ideal-host-for-new-super-tournament\/#primaryimage","url":"https:\/\/bladnanews.com\/wp-content\/uploads\/2026\/01\/marokko-wk-clubs-2029.webp","contentUrl":"https:\/\/bladnanews.com\/wp-content\/uploads\/2026\/01\/marokko-wk-clubs-2029.webp","width":1200,"height":750,"caption":"Modern stadium interior featuring a green pitch, tiered seating in blue and white, and a bright overhead sky with digital screens displaying match information."},{"@type":"BreadcrumbList","@id":"https:\/\/bladnanews.com\/fifa-considers-morocco-the-ideal-host-for-new-super-tournament\/#breadcrumb","itemListElement":[{"@type":"ListItem","position":1,"name":"Home","item":"https:\/\/bladnanews.com\/"},{"@type":"ListItem","position":2,"name":"Fifa considers Morocco the ideal host for new super tournament"}]},{"@type":"WebSite","@id":"https:\/\/mediumseagreen-eel-531711.hostingersite.com\/#website","url":"https:\/\/mediumseagreen-eel-531711.hostingersite.com\/","name":"Bladna News - Maroc","description":"Quand le football marocain rencontre le monde","publisher":{"@id":"https:\/\/mediumseagreen-eel-531711.hostingersite.com\/#organization"},"potentialAction":[{"@type":"SearchAction","target":{"@type":"EntryPoint","urlTemplate":"https:\/\/mediumseagreen-eel-531711.hostingersite.com\/?s={search_term_string}"},"query-input":{"@type":"PropertyValueSpecification","valueRequired":true,"valueName":"search_term_string"}}],"inLanguage":"fr-FR"},{"@type":"Organization","@id":"https:\/\/mediumseagreen-eel-531711.hostingersite.com\/#organization","name":"Bladna News.com","url":"https:\/\/mediumseagreen-eel-531711.hostingersite.com\/","logo":{"@type":"ImageObject","inLanguage":"fr-FR","@id":"https:\/\/mediumseagreen-eel-531711.hostingersite.com\/#\/schema\/logo\/image\/","url":"https:\/\/bladnanews.com\/wp-content\/uploads\/2025\/12\/logo-bladnanews-V2-web-black-red.png","contentUrl":"https:\/\/bladnanews.com\/wp-content\/uploads\/2025\/12\/logo-bladnanews-V2-web-black-red.png","width":703,"height":287,"caption":"Bladna News.com"},"image":{"@id":"https:\/\/mediumseagreen-eel-531711.hostingersite.com\/#\/schema\/logo\/image\/"},"email":"info@bladnanews.com","legalName":"Bladna News"},{"@type":"Person","@id":"https:\/\/mediumseagreen-eel-531711.hostingersite.com\/#\/schema\/person\/6712b38fabe810f7eb8d15ed30d90f1e","name":"Bladna Sports Desk","url":"https:\/\/bladnanews.com\/fr\/author\/bladna-sports-desk\/"}]}},"_links":{"self":[{"href":"https:\/\/bladnanews.com\/fr\/wp-json\/wp\/v2\/posts\/3836","targetHints":{"allow":["GET"]}}],"collection":[{"href":"https:\/\/bladnanews.com\/fr\/wp-json\/wp\/v2\/posts"}],"about":[{"href":"https:\/\/bladnanews.com\/fr\/wp-json\/wp\/v2\/types\/post"}],"author":[{"embeddable":true,"href":"https:\/\/bladnanews.com\/fr\/wp-json\/wp\/v2\/users\/4"}],"replies":[{"embeddable":true,"href":"https:\/\/bladnanews.com\/fr\/wp-json\/wp\/v2\/comments?post=3836"}],"version-history":[{"count":0,"href":"https:\/\/bladnanews.com\/fr\/wp-json\/wp\/v2\/posts\/3836\/revisions"}],"wp:featuredmedia":[{"embeddable":true,"href":"https:\/\/bladnanews.com\/fr\/wp-json\/wp\/v2\/media\/3835"}],"wp:attachment":[{"href":"https:\/\/bladnanews.com\/fr\/wp-json\/wp\/v2\/media?parent=3836"}],"wp:term":[{"taxonomy":"category","embeddable":true,"href":"https:\/\/bladnanews.com\/fr\/wp-json\/wp\/v2\/categories?post=3836"},{"taxonomy":"post_tag","embeddable":true,"href":"https:\/\/bladnanews.com\/fr\/wp-json\/wp\/v2\/tags?post=3836"}],"curies":[{"name":"wp","href":"https:\/\/api.w.org\/{rel}","templated":true}]}}