{"id":3892,"date":"2026-01-05T11:45:05","date_gmt":"2026-01-05T11:45:05","guid":{"rendered":"https:\/\/bladnanews.com\/why-man-utd-sacked-ruben-amorim-amid-lack-of-progress\/"},"modified":"2026-01-05T11:45:05","modified_gmt":"2026-01-05T11:45:05","slug":"pourquoi-man-utd-a-licencie-ruben-amorim-en-raison-du-manque-de-progres","status":"publish","type":"post","link":"https:\/\/bladnanews.com\/fr\/pourquoi-man-utd-a-licencie-ruben-amorim-en-raison-du-manque-de-progres\/","title":{"rendered":"Pourquoi Man Utd a licenci\u00e9 Ruben Amorim en raison du manque de progr\u00e8s"},"content":{"rendered":"<p>La d\u00e9cision de Manchester United de licencier Ruben Amorim a \u00e9t\u00e9 motiv\u00e9e par un sentiment croissant au sein du club que l'\u00e9quipe n'avan\u00e7ait pas, malgr\u00e9 l'espoir initial que l'entra\u00eeneur portugais puisse d\u00e9clencher une nouvelle \u00e8re \u00e0 Old Trafford.<\/p>\n<p>Ceux qui sont proches de la situation insistent sur le fait que le club n'a pas pris cette d\u00e9cision \u00e0 la l\u00e9g\u00e8re, mais la hi\u00e9rarchie de United a atteint le point o\u00f9 elle croyait que les progr\u00e8s sur le terrain avaient stagn\u00e9. Les r\u00e9sultats et les performances n'ont pas montr\u00e9 l'am\u00e9lioration claire que le conseil d'administration attendait, et ce manque d'\u00e9lan est devenu le facteur cl\u00e9 derri\u00e8re la d\u00e9cision finale.<\/p>\n<p>Il y avait \u00e9galement des all\u00e9gations de lutte de pouvoir pendant le mandat d'Amorim, avec des suggestions que des tensions existaient sur le niveau de contr\u00f4le que l'entra\u00eeneur principal devrait avoir. Cependant, il a \u00e9t\u00e9 r\u00e9v\u00e9l\u00e9 que la direction du club estimait que la structure devait rester en place et ne voulait pas se diriger vers un mod\u00e8le o\u00f9 le manager dictait le recrutement et la planification plus larges.<\/p>\n<p>Un probl\u00e8me majeur \u00e9tait la construction de l'effectif. United a d\u00e9cid\u00e9 de ne pas signer de nouveau milieu de terrain, une d\u00e9cision qui a laiss\u00e9 Amorim \u00e0 court d'options dans une zone du terrain qui avait \u00e9t\u00e9 identifi\u00e9e en interne comme n\u00e9cessitant une nouvelle \u00e9nergie et un \u00e9quilibre. Le club est rest\u00e9 sur sa position, et le manque de renfort a mis une pression suppl\u00e9mentaire sur l'\u00e9quipe lorsque les performances ont chut\u00e9.<\/p>\n<p>Au fil des semaines, les r\u00e9sultats n'ont pas correspondu aux attentes fix\u00e9es par la nomination d'Amorim. United cherchait des signes clairs qu'un plan prenait forme, mais les inqui\u00e9tudes grandissaient quant au fait que l'\u00e9quipe restait incoh\u00e9rente et ne montrait pas suffisamment de progr\u00e8s dans des domaines cl\u00e9s, y compris le contr\u00f4le au milieu de terrain et la capacit\u00e9 d'attaque.<\/p>\n<p>En fin de compte, United a conclu qu'un changement \u00e9tait n\u00e9cessaire. Le d\u00e9part d'Amorim n'\u00e9tait pas d\u00fb \u00e0 un seul incident, mais \u00e0 une combinaison de facteurs qui se sont accumul\u00e9s au fil du temps : des progr\u00e8s limit\u00e9s sur le terrain, une frustration interne concernant la direction, et des d\u00e9cisions de recrutement qui ne correspondaient pas \u00e0 ce que l'entra\u00eeneur voulait.<\/p>\n<p>Avec Amorim d\u00e9sormais parti, United est pr\u00eat \u00e0 avancer rapidement alors qu'il essaie de se r\u00e9initialiser et de trouver un entra\u00eeneur capable d'apporter l'am\u00e9lioration que le conseil d'administration estime n\u00e9cessaire.<\/p>","protected":false},"excerpt":{"rendered":"<p>Manchester United\u2019s decision to sack Ruben Amorim was driven by a growing feeling inside the club that the team was [&hellip;]<\/p>\n","protected":false},"author":3,"featured_media":3891,"comment_status":"","ping_status":"open","sticky":false,"template":"","format":"standard","meta":{"googlesitekit_rrm_CAow_uzEDA:productID":"","site-sidebar-layout":"default","site-content-layout":"","ast-site-content-layout":"default","site-content-style":"default","site-sidebar-style":"default","ast-global-header-display":"","ast-banner-title-visibility":"","ast-main-header-display":"","ast-hfb-above-header-display":"","ast-hfb-below-header-display":"","ast-hfb-mobile-header-display":"","site-post-title":"","ast-breadcrumbs-content":"","ast-featured-img":"","footer-sml-layout":"","ast-disable-related-posts":"","theme-transparent-header-meta":"","adv-header-id-meta":"","stick-header-meta":"","header-above-stick-meta":"","header-main-stick-meta":"","header-below-stick-meta":"","astra-migrate-meta-layouts":"default","ast-page-background-enabled":"default","ast-page-background-meta":{"desktop":{"background-color":"var(--ast-global-color-5)","background-image":"","background-repeat":"repeat","background-position":"center center","background-size":"auto","background-attachment":"scroll","background-type":"","background-media":"","overlay-type":"","overlay-color":"","overlay-opacity":"","overlay-gradient":""},"tablet":{"background-color":"","background-image":"","background-repeat":"repeat","background-position":"center center","background-size":"auto","background-attachment":"scroll","background-type":"","background-media":"","overlay-type":"","overlay-color":"","overlay-opacity":"","overlay-gradient":""},"mobile":{"background-color":"","background-image":"","background-repeat":"repeat","background-position":"center center","background-size":"auto","background-attachment":"scroll","background-type":"","background-media":"","overlay-type":"","overlay-color":"","overlay-opacity":"","overlay-gradient":""}},"ast-content-background-meta":{"desktop":{"background-color":"var(--ast-global-color-4)","background-image":"","background-repeat":"repeat","background-position":"center center","background-size":"auto","background-attachment":"scroll","background-type":"","background-media":"","overlay-type":"","overlay-color":"","overlay-opacity":"","overlay-gradient":""},"tablet":{"background-color":"var(--ast-global-color-4)","background-image":"","background-repeat":"repeat","background-position":"center center","background-size":"auto","background-attachment":"scroll","background-type":"","background-media":"","overlay-type":"","overlay-color":"","overlay-opacity":"","overlay-gradient":""},"mobile":{"background-color":"var(--ast-global-color-4)","background-image":"","background-repeat":"repeat","background-position":"center center","background-size":"auto","background-attachment":"scroll","background-type":"","background-media":"","overlay-type":"","overlay-color":"","overlay-opacity":"","overlay-gradient":""}},"footnotes":""},"categories":[20,1],"tags":[],"class_list":["post-3892","post","type-post","status-publish","format-standard","has-post-thumbnail","hentry","category-international","category-football-latest-news"],"yoast_head":"<!-- This site is optimized with the Yoast SEO Premium plugin v26.6 (Yoast SEO v27.5) - https:\/\/yoast.com\/product\/yoast-seo-premium-wordpress\/ -->\n<title>Why Man Utd sacked Ruben Amorim amid lack of progress - Bladna News<\/title>\n<meta name=\"robots\" content=\"index, follow, max-snippet:-1, max-image-preview:large, max-video-preview:-1\" \/>\n<link rel=\"canonical\" href=\"https:\/\/bladnanews.com\/fr\/pourquoi-man-utd-a-licencie-ruben-amorim-en-raison-du-manque-de-progres\/\" \/>\n<meta property=\"og:locale\" content=\"fr_FR\" \/>\n<meta property=\"og:type\" content=\"article\" \/>\n<meta property=\"og:title\" content=\"Why Man Utd sacked Ruben Amorim amid lack of progress\" \/>\n<meta property=\"og:description\" content=\"Manchester United\u2019s decision to sack Ruben Amorim was driven by a growing feeling inside the club that the team was [&hellip;]\" \/>\n<meta property=\"og:url\" content=\"https:\/\/bladnanews.com\/fr\/pourquoi-man-utd-a-licencie-ruben-amorim-en-raison-du-manque-de-progres\/\" \/>\n<meta property=\"og:site_name\" content=\"Bladna News\" \/>\n<meta property=\"article:published_time\" content=\"2026-01-05T11:45:05+00:00\" \/>\n<meta property=\"og:image\" content=\"https:\/\/bladnanews.com\/wp-content\/uploads\/2025\/12\/freepik__bladna-newscom-moroccan-soccer-homepage-banner-mor__41838.png\" \/>\n\t<meta property=\"og:image:width\" content=\"1312\" \/>\n\t<meta property=\"og:image:height\" content=\"736\" \/>\n\t<meta property=\"og:image:type\" content=\"image\/png\" \/>\n<meta name=\"author\" content=\"Bladna News Staff\" \/>\n<meta name=\"twitter:card\" content=\"summary_large_image\" \/>\n<meta name=\"twitter:label1\" content=\"\u00c9crit par\" \/>\n\t<meta name=\"twitter:data1\" content=\"Bladna News Staff\" \/>\n\t<meta name=\"twitter:label2\" content=\"Dur\u00e9e de lecture estim\u00e9e\" \/>\n\t<meta name=\"twitter:data2\" content=\"2 minutes\" \/>\n<script type=\"application\/ld+json\" class=\"yoast-schema-graph\">{\"@context\":\"https:\\\/\\\/schema.org\",\"@graph\":[{\"@type\":\"Article\",\"@id\":\"https:\\\/\\\/bladnanews.com\\\/why-man-utd-sacked-ruben-amorim-amid-lack-of-progress\\\/#article\",\"isPartOf\":{\"@id\":\"https:\\\/\\\/bladnanews.com\\\/why-man-utd-sacked-ruben-amorim-amid-lack-of-progress\\\/\"},\"author\":{\"name\":\"Bladna News Staff\",\"@id\":\"https:\\\/\\\/mediumseagreen-eel-531711.hostingersite.com\\\/#\\\/schema\\\/person\\\/268e18a453ab080ebf76df6ef7845083\"},\"headline\":\"Why Man Utd sacked Ruben Amorim amid lack of progress\",\"datePublished\":\"2026-01-05T11:45:05+00:00\",\"mainEntityOfPage\":{\"@id\":\"https:\\\/\\\/bladnanews.com\\\/why-man-utd-sacked-ruben-amorim-amid-lack-of-progress\\\/\"},\"wordCount\":359,\"publisher\":{\"@id\":\"https:\\\/\\\/mediumseagreen-eel-531711.hostingersite.com\\\/#organization\"},\"image\":{\"@id\":\"https:\\\/\\\/bladnanews.com\\\/why-man-utd-sacked-ruben-amorim-amid-lack-of-progress\\\/#primaryimage\"},\"thumbnailUrl\":\"https:\\\/\\\/bladnanews.com\\\/wp-content\\\/uploads\\\/2026\\\/01\\\/BladnaNews-Why-Man-Utd-sacked-Ruben-Amorim-amid-lack-of-progress-2026-01-05T155040.608Z.jpg\",\"articleSection\":[\"International\",\"Latest News\"],\"inLanguage\":\"fr-FR\",\"copyrightYear\":\"2026\",\"copyrightHolder\":{\"@id\":\"https:\\\/\\\/bladnanews.com\\\/fr\\\/#organization\"}},{\"@type\":\"WebPage\",\"@id\":\"https:\\\/\\\/bladnanews.com\\\/why-man-utd-sacked-ruben-amorim-amid-lack-of-progress\\\/\",\"url\":\"https:\\\/\\\/bladnanews.com\\\/why-man-utd-sacked-ruben-amorim-amid-lack-of-progress\\\/\",\"name\":\"Why Man Utd sacked Ruben Amorim amid lack of progress - Bladna News\",\"isPartOf\":{\"@id\":\"https:\\\/\\\/mediumseagreen-eel-531711.hostingersite.com\\\/#website\"},\"primaryImageOfPage\":{\"@id\":\"https:\\\/\\\/bladnanews.com\\\/why-man-utd-sacked-ruben-amorim-amid-lack-of-progress\\\/#primaryimage\"},\"image\":{\"@id\":\"https:\\\/\\\/bladnanews.com\\\/why-man-utd-sacked-ruben-amorim-amid-lack-of-progress\\\/#primaryimage\"},\"thumbnailUrl\":\"https:\\\/\\\/bladnanews.com\\\/wp-content\\\/uploads\\\/2026\\\/01\\\/BladnaNews-Why-Man-Utd-sacked-Ruben-Amorim-amid-lack-of-progress-2026-01-05T155040.608Z.jpg\",\"datePublished\":\"2026-01-05T11:45:05+00:00\",\"breadcrumb\":{\"@id\":\"https:\\\/\\\/bladnanews.com\\\/why-man-utd-sacked-ruben-amorim-amid-lack-of-progress\\\/#breadcrumb\"},\"inLanguage\":\"fr-FR\",\"potentialAction\":[{\"@type\":\"ReadAction\",\"target\":[\"https:\\\/\\\/bladnanews.com\\\/why-man-utd-sacked-ruben-amorim-amid-lack-of-progress\\\/\"]}]},{\"@type\":\"ImageObject\",\"inLanguage\":\"fr-FR\",\"@id\":\"https:\\\/\\\/bladnanews.com\\\/why-man-utd-sacked-ruben-amorim-amid-lack-of-progress\\\/#primaryimage\",\"url\":\"https:\\\/\\\/bladnanews.com\\\/wp-content\\\/uploads\\\/2026\\\/01\\\/BladnaNews-Why-Man-Utd-sacked-Ruben-Amorim-amid-lack-of-progress-2026-01-05T155040.608Z.jpg\",\"contentUrl\":\"https:\\\/\\\/bladnanews.com\\\/wp-content\\\/uploads\\\/2026\\\/01\\\/BladnaNews-Why-Man-Utd-sacked-Ruben-Amorim-amid-lack-of-progress-2026-01-05T155040.608Z.jpg\",\"width\":1600,\"height\":900,\"caption\":\"R\u00faben Amorim in a black jacket, looking thoughtful against a backdrop featuring Manchester United's logo.\"},{\"@type\":\"BreadcrumbList\",\"@id\":\"https:\\\/\\\/bladnanews.com\\\/why-man-utd-sacked-ruben-amorim-amid-lack-of-progress\\\/#breadcrumb\",\"itemListElement\":[{\"@type\":\"ListItem\",\"position\":1,\"name\":\"Home\",\"item\":\"https:\\\/\\\/bladnanews.com\\\/\"},{\"@type\":\"ListItem\",\"position\":2,\"name\":\"Why Man Utd sacked Ruben Amorim amid lack of progress\"}]},{\"@type\":\"WebSite\",\"@id\":\"https:\\\/\\\/mediumseagreen-eel-531711.hostingersite.com\\\/#website\",\"url\":\"https:\\\/\\\/mediumseagreen-eel-531711.hostingersite.com\\\/\",\"name\":\"Bladna News - Morocco\",\"description\":\"Where Moroccan Football Meets the World\",\"publisher\":{\"@id\":\"https:\\\/\\\/mediumseagreen-eel-531711.hostingersite.com\\\/#organization\"},\"potentialAction\":[{\"@type\":\"SearchAction\",\"target\":{\"@type\":\"EntryPoint\",\"urlTemplate\":\"https:\\\/\\\/mediumseagreen-eel-531711.hostingersite.com\\\/?s={search_term_string}\"},\"query-input\":{\"@type\":\"PropertyValueSpecification\",\"valueRequired\":true,\"valueName\":\"search_term_string\"}}],\"inLanguage\":\"fr-FR\"},{\"@type\":\"Organization\",\"@id\":\"https:\\\/\\\/mediumseagreen-eel-531711.hostingersite.com\\\/#organization\",\"name\":\"Bladna News.com\",\"url\":\"https:\\\/\\\/mediumseagreen-eel-531711.hostingersite.com\\\/\",\"logo\":{\"@type\":\"ImageObject\",\"inLanguage\":\"fr-FR\",\"@id\":\"https:\\\/\\\/mediumseagreen-eel-531711.hostingersite.com\\\/#\\\/schema\\\/logo\\\/image\\\/\",\"url\":\"https:\\\/\\\/bladnanews.com\\\/wp-content\\\/uploads\\\/2025\\\/12\\\/logo-bladnanews-V2-web-black-red.png\",\"contentUrl\":\"https:\\\/\\\/bladnanews.com\\\/wp-content\\\/uploads\\\/2025\\\/12\\\/logo-bladnanews-V2-web-black-red.png\",\"width\":703,\"height\":287,\"caption\":\"Bladna News.com\"},\"image\":{\"@id\":\"https:\\\/\\\/mediumseagreen-eel-531711.hostingersite.com\\\/#\\\/schema\\\/logo\\\/image\\\/\"},\"email\":\"info@bladnanews.com\",\"legalName\":\"Bladna News\"},{\"@type\":\"Person\",\"@id\":\"https:\\\/\\\/mediumseagreen-eel-531711.hostingersite.com\\\/#\\\/schema\\\/person\\\/268e18a453ab080ebf76df6ef7845083\",\"name\":\"Bladna News Staff\",\"url\":\"https:\\\/\\\/bladnanews.com\\\/fr\\\/author\\\/bladna-news-staff\\\/\"}]}<\/script>\n<!-- \/ Yoast SEO Premium plugin. -->","yoast_head_json":{"title":"Pourquoi Man Utd a licenci\u00e9 Ruben Amorim en raison du manque de progr\u00e8s - Bladna News","robots":{"index":"index","follow":"follow","max-snippet":"max-snippet:-1","max-image-preview":"max-image-preview:large","max-video-preview":"max-video-preview:-1"},"canonical":"https:\/\/bladnanews.com\/fr\/pourquoi-man-utd-a-licencie-ruben-amorim-en-raison-du-manque-de-progres\/","og_locale":"fr_FR","og_type":"article","og_title":"Why Man Utd sacked Ruben Amorim amid lack of progress","og_description":"Manchester United\u2019s decision to sack Ruben Amorim was driven by a growing feeling inside the club that the team was [&hellip;]","og_url":"https:\/\/bladnanews.com\/fr\/pourquoi-man-utd-a-licencie-ruben-amorim-en-raison-du-manque-de-progres\/","og_site_name":"Bladna News","article_published_time":"2026-01-05T11:45:05+00:00","og_image":[{"width":1312,"height":736,"url":"https:\/\/bladnanews.com\/wp-content\/uploads\/2025\/12\/freepik__bladna-newscom-moroccan-soccer-homepage-banner-mor__41838.png","type":"image\/png"}],"author":"Bladna News Staff","twitter_card":"summary_large_image","twitter_misc":{"\u00c9crit par":"Bladna News Staff","Dur\u00e9e de lecture estim\u00e9e":"2 minutes"},"schema":{"@context":"https:\/\/schema.org","@graph":[{"@type":"Article","@id":"https:\/\/bladnanews.com\/why-man-utd-sacked-ruben-amorim-amid-lack-of-progress\/#article","isPartOf":{"@id":"https:\/\/bladnanews.com\/why-man-utd-sacked-ruben-amorim-amid-lack-of-progress\/"},"author":{"name":"Bladna News Staff","@id":"https:\/\/mediumseagreen-eel-531711.hostingersite.com\/#\/schema\/person\/268e18a453ab080ebf76df6ef7845083"},"headline":"Why Man Utd sacked Ruben Amorim amid lack of progress","datePublished":"2026-01-05T11:45:05+00:00","mainEntityOfPage":{"@id":"https:\/\/bladnanews.com\/why-man-utd-sacked-ruben-amorim-amid-lack-of-progress\/"},"wordCount":359,"publisher":{"@id":"https:\/\/mediumseagreen-eel-531711.hostingersite.com\/#organization"},"image":{"@id":"https:\/\/bladnanews.com\/why-man-utd-sacked-ruben-amorim-amid-lack-of-progress\/#primaryimage"},"thumbnailUrl":"https:\/\/bladnanews.com\/wp-content\/uploads\/2026\/01\/BladnaNews-Why-Man-Utd-sacked-Ruben-Amorim-amid-lack-of-progress-2026-01-05T155040.608Z.jpg","articleSection":["International","Latest News"],"inLanguage":"fr-FR","copyrightYear":"2026","copyrightHolder":{"@id":"https:\/\/bladnanews.com\/fr\/#organization"}},{"@type":"WebPage","@id":"https:\/\/bladnanews.com\/why-man-utd-sacked-ruben-amorim-amid-lack-of-progress\/","url":"https:\/\/bladnanews.com\/why-man-utd-sacked-ruben-amorim-amid-lack-of-progress\/","name":"Pourquoi Man Utd a licenci\u00e9 Ruben Amorim en raison du manque de progr\u00e8s - Bladna News","isPartOf":{"@id":"https:\/\/mediumseagreen-eel-531711.hostingersite.com\/#website"},"primaryImageOfPage":{"@id":"https:\/\/bladnanews.com\/why-man-utd-sacked-ruben-amorim-amid-lack-of-progress\/#primaryimage"},"image":{"@id":"https:\/\/bladnanews.com\/why-man-utd-sacked-ruben-amorim-amid-lack-of-progress\/#primaryimage"},"thumbnailUrl":"https:\/\/bladnanews.com\/wp-content\/uploads\/2026\/01\/BladnaNews-Why-Man-Utd-sacked-Ruben-Amorim-amid-lack-of-progress-2026-01-05T155040.608Z.jpg","datePublished":"2026-01-05T11:45:05+00:00","breadcrumb":{"@id":"https:\/\/bladnanews.com\/why-man-utd-sacked-ruben-amorim-amid-lack-of-progress\/#breadcrumb"},"inLanguage":"fr-FR","potentialAction":[{"@type":"ReadAction","target":["https:\/\/bladnanews.com\/why-man-utd-sacked-ruben-amorim-amid-lack-of-progress\/"]}]},{"@type":"ImageObject","inLanguage":"fr-FR","@id":"https:\/\/bladnanews.com\/why-man-utd-sacked-ruben-amorim-amid-lack-of-progress\/#primaryimage","url":"https:\/\/bladnanews.com\/wp-content\/uploads\/2026\/01\/BladnaNews-Why-Man-Utd-sacked-Ruben-Amorim-amid-lack-of-progress-2026-01-05T155040.608Z.jpg","contentUrl":"https:\/\/bladnanews.com\/wp-content\/uploads\/2026\/01\/BladnaNews-Why-Man-Utd-sacked-Ruben-Amorim-amid-lack-of-progress-2026-01-05T155040.608Z.jpg","width":1600,"height":900,"caption":"R\u00faben Amorim in a black jacket, looking thoughtful against a backdrop featuring Manchester United's logo."},{"@type":"BreadcrumbList","@id":"https:\/\/bladnanews.com\/why-man-utd-sacked-ruben-amorim-amid-lack-of-progress\/#breadcrumb","itemListElement":[{"@type":"ListItem","position":1,"name":"Home","item":"https:\/\/bladnanews.com\/"},{"@type":"ListItem","position":2,"name":"Why Man Utd sacked Ruben Amorim amid lack of progress"}]},{"@type":"WebSite","@id":"https:\/\/mediumseagreen-eel-531711.hostingersite.com\/#website","url":"https:\/\/mediumseagreen-eel-531711.hostingersite.com\/","name":"Bladna News - Maroc","description":"Quand le football marocain rencontre le monde","publisher":{"@id":"https:\/\/mediumseagreen-eel-531711.hostingersite.com\/#organization"},"potentialAction":[{"@type":"SearchAction","target":{"@type":"EntryPoint","urlTemplate":"https:\/\/mediumseagreen-eel-531711.hostingersite.com\/?s={search_term_string}"},"query-input":{"@type":"PropertyValueSpecification","valueRequired":true,"valueName":"search_term_string"}}],"inLanguage":"fr-FR"},{"@type":"Organization","@id":"https:\/\/mediumseagreen-eel-531711.hostingersite.com\/#organization","name":"Bladna News.com","url":"https:\/\/mediumseagreen-eel-531711.hostingersite.com\/","logo":{"@type":"ImageObject","inLanguage":"fr-FR","@id":"https:\/\/mediumseagreen-eel-531711.hostingersite.com\/#\/schema\/logo\/image\/","url":"https:\/\/bladnanews.com\/wp-content\/uploads\/2025\/12\/logo-bladnanews-V2-web-black-red.png","contentUrl":"https:\/\/bladnanews.com\/wp-content\/uploads\/2025\/12\/logo-bladnanews-V2-web-black-red.png","width":703,"height":287,"caption":"Bladna News.com"},"image":{"@id":"https:\/\/mediumseagreen-eel-531711.hostingersite.com\/#\/schema\/logo\/image\/"},"email":"info@bladnanews.com","legalName":"Bladna News"},{"@type":"Person","@id":"https:\/\/mediumseagreen-eel-531711.hostingersite.com\/#\/schema\/person\/268e18a453ab080ebf76df6ef7845083","name":"\u00c9quipe r\u00e9dactionnelle de Bladna News","url":"https:\/\/bladnanews.com\/fr\/author\/bladna-news-staff\/"}]}},"_links":{"self":[{"href":"https:\/\/bladnanews.com\/fr\/wp-json\/wp\/v2\/posts\/3892","targetHints":{"allow":["GET"]}}],"collection":[{"href":"https:\/\/bladnanews.com\/fr\/wp-json\/wp\/v2\/posts"}],"about":[{"href":"https:\/\/bladnanews.com\/fr\/wp-json\/wp\/v2\/types\/post"}],"author":[{"embeddable":true,"href":"https:\/\/bladnanews.com\/fr\/wp-json\/wp\/v2\/users\/3"}],"replies":[{"embeddable":true,"href":"https:\/\/bladnanews.com\/fr\/wp-json\/wp\/v2\/comments?post=3892"}],"version-history":[{"count":0,"href":"https:\/\/bladnanews.com\/fr\/wp-json\/wp\/v2\/posts\/3892\/revisions"}],"wp:featuredmedia":[{"embeddable":true,"href":"https:\/\/bladnanews.com\/fr\/wp-json\/wp\/v2\/media\/3891"}],"wp:attachment":[{"href":"https:\/\/bladnanews.com\/fr\/wp-json\/wp\/v2\/media?parent=3892"}],"wp:term":[{"taxonomy":"category","embeddable":true,"href":"https:\/\/bladnanews.com\/fr\/wp-json\/wp\/v2\/categories?post=3892"},{"taxonomy":"post_tag","embeddable":true,"href":"https:\/\/bladnanews.com\/fr\/wp-json\/wp\/v2\/tags?post=3892"}],"curies":[{"name":"wp","href":"https:\/\/api.w.org\/{rel}","templated":true}]}}