{"id":3901,"date":"2026-01-05T12:09:33","date_gmt":"2026-01-05T12:09:33","guid":{"rendered":"https:\/\/bladnanews.com\/chelsea-interim-boss-admits-blues-dressing-room-shock\/"},"modified":"2026-01-05T12:09:33","modified_gmt":"2026-01-05T12:09:33","slug":"le-manager-interimaire-de-chelsea-admet-le-choc-dans-le-vestiaire-des-blues","status":"publish","type":"post","link":"https:\/\/bladnanews.com\/fr\/le-manager-interimaire-de-chelsea-admet-le-choc-dans-le-vestiaire-des-blues\/","title":{"rendered":"Le manager int\u00e9rimaire de Chelsea admet le choc dans le vestiaire des Blues."},"content":{"rendered":"<p>L'entra\u00eeneur int\u00e9rimaire de Chelsea, Calum McFarlane, a reconnu qu'il y avait un \u00e9tat de \u201cchoc\u201d dans le vestiaire des Blues apr\u00e8s le limogeage d'Enzo Maresca, alors que le coach par int\u00e9rim tentait de stabiliser le groupe \u00e0 la suite de cette d\u00e9cision.<\/p>\n<p>McFarlane a \u00e9t\u00e9 plac\u00e9 \u00e0 la t\u00eate de l'\u00e9quipe par int\u00e9rim et a men\u00e9 l'\u00e9quipe vers un match nul contre Manchester City, l'int\u00e9rimaire insistant sur le fait que la r\u00e9action du groupe dans des circonstances difficiles en disait long sur les joueurs.<\/p>\n<p>S'exprimant apr\u00e8s le match, McFarlane a r\u00e9v\u00e9l\u00e9 l'ambiance au sein du camp apr\u00e8s le d\u00e9part de Maresca et n'a pas cach\u00e9 \u00e0 quel point cela avait sembl\u00e9 soudain pour les personnes concern\u00e9es. \u201cUn choc\u201d, a-t-il d\u00e9clar\u00e9 lorsqu'on l'a interrog\u00e9 sur la r\u00e9action dans le vestiaire.<\/p>\n<p>Malgr\u00e9 les perturbations, l'entra\u00eeneur int\u00e9rimaire a cr\u00e9dit\u00e9 trois joueurs pour avoir contribu\u00e9 \u00e0 maintenir la coh\u00e9sion du groupe imm\u00e9diatement apr\u00e8s l'\u00e9v\u00e9nement et pour avoir donn\u00e9 le ton durant cette p\u00e9riode difficile.<\/p>\n<p>McFarlane a d\u00e9clar\u00e9 que ces individus \u201cont rassembl\u00e9 le groupe\u201d alors que Chelsea cherchait \u00e0 tourner rapidement la page et \u00e0 se concentrer sur la t\u00e2che \u00e0 accomplir, le match nul contre City offrant une certaine stabilit\u00e9 en p\u00e9riode de transition.<\/p>\n<p>Les commentaires de l'int\u00e9rimaire ont soulign\u00e9 l'impact du limogeage de Maresca sur l'effectif, tout en mettant en lumi\u00e8re le r\u00f4le des figures d'exp\u00e9rience dans la r\u00e9ponse apport\u00e9e par Chelsea sur le terrain, malgr\u00e9 l'incertitude en dehors.<\/p>","protected":false},"excerpt":{"rendered":"<p>Chelsea interim boss Calum McFarlane has admitted there was \u201cshock\u201d in the Blues dressing room after Enzo Maresca was axed, [&hellip;]<\/p>\n","protected":false},"author":3,"featured_media":3899,"comment_status":"","ping_status":"open","sticky":false,"template":"","format":"standard","meta":{"googlesitekit_rrm_CAow_uzEDA:productID":"","site-sidebar-layout":"default","site-content-layout":"","ast-site-content-layout":"default","site-content-style":"default","site-sidebar-style":"default","ast-global-header-display":"","ast-banner-title-visibility":"","ast-main-header-display":"","ast-hfb-above-header-display":"","ast-hfb-below-header-display":"","ast-hfb-mobile-header-display":"","site-post-title":"","ast-breadcrumbs-content":"","ast-featured-img":"","footer-sml-layout":"","ast-disable-related-posts":"","theme-transparent-header-meta":"","adv-header-id-meta":"","stick-header-meta":"","header-above-stick-meta":"","header-main-stick-meta":"","header-below-stick-meta":"","astra-migrate-meta-layouts":"default","ast-page-background-enabled":"default","ast-page-background-meta":{"desktop":{"background-color":"var(--ast-global-color-5)","background-image":"","background-repeat":"repeat","background-position":"center center","background-size":"auto","background-attachment":"scroll","background-type":"","background-media":"","overlay-type":"","overlay-color":"","overlay-opacity":"","overlay-gradient":""},"tablet":{"background-color":"","background-image":"","background-repeat":"repeat","background-position":"center center","background-size":"auto","background-attachment":"scroll","background-type":"","background-media":"","overlay-type":"","overlay-color":"","overlay-opacity":"","overlay-gradient":""},"mobile":{"background-color":"","background-image":"","background-repeat":"repeat","background-position":"center center","background-size":"auto","background-attachment":"scroll","background-type":"","background-media":"","overlay-type":"","overlay-color":"","overlay-opacity":"","overlay-gradient":""}},"ast-content-background-meta":{"desktop":{"background-color":"var(--ast-global-color-4)","background-image":"","background-repeat":"repeat","background-position":"center center","background-size":"auto","background-attachment":"scroll","background-type":"","background-media":"","overlay-type":"","overlay-color":"","overlay-opacity":"","overlay-gradient":""},"tablet":{"background-color":"var(--ast-global-color-4)","background-image":"","background-repeat":"repeat","background-position":"center center","background-size":"auto","background-attachment":"scroll","background-type":"","background-media":"","overlay-type":"","overlay-color":"","overlay-opacity":"","overlay-gradient":""},"mobile":{"background-color":"var(--ast-global-color-4)","background-image":"","background-repeat":"repeat","background-position":"center center","background-size":"auto","background-attachment":"scroll","background-type":"","background-media":"","overlay-type":"","overlay-color":"","overlay-opacity":"","overlay-gradient":""}},"footnotes":""},"categories":[20,1],"tags":[],"class_list":["post-3901","post","type-post","status-publish","format-standard","has-post-thumbnail","hentry","category-international","category-football-latest-news"],"yoast_head":"<!-- This site is optimized with the Yoast SEO Premium plugin v26.6 (Yoast SEO v27.5) - https:\/\/yoast.com\/product\/yoast-seo-premium-wordpress\/ -->\n<title>Chelsea interim boss admits Blues dressing room shock - Bladna News<\/title>\n<meta name=\"robots\" content=\"index, follow, max-snippet:-1, max-image-preview:large, max-video-preview:-1\" \/>\n<link rel=\"canonical\" href=\"https:\/\/bladnanews.com\/fr\/le-manager-interimaire-de-chelsea-admet-le-choc-dans-le-vestiaire-des-blues\/\" \/>\n<meta property=\"og:locale\" content=\"fr_FR\" \/>\n<meta property=\"og:type\" content=\"article\" \/>\n<meta property=\"og:title\" content=\"Chelsea interim boss admits Blues dressing room shock\" \/>\n<meta property=\"og:description\" content=\"Chelsea interim boss Calum McFarlane has admitted there was \u201cshock\u201d in the Blues dressing room after Enzo Maresca was axed, [&hellip;]\" \/>\n<meta property=\"og:url\" content=\"https:\/\/bladnanews.com\/fr\/le-manager-interimaire-de-chelsea-admet-le-choc-dans-le-vestiaire-des-blues\/\" \/>\n<meta property=\"og:site_name\" content=\"Bladna News\" \/>\n<meta property=\"article:published_time\" content=\"2026-01-05T12:09:33+00:00\" \/>\n<meta property=\"og:image\" content=\"https:\/\/bladnanews.com\/wp-content\/uploads\/2025\/12\/freepik__bladna-newscom-moroccan-soccer-homepage-banner-mor__41838.png\" \/>\n\t<meta property=\"og:image:width\" content=\"1312\" \/>\n\t<meta property=\"og:image:height\" content=\"736\" \/>\n\t<meta property=\"og:image:type\" content=\"image\/png\" \/>\n<meta name=\"author\" content=\"Bladna News Staff\" \/>\n<meta name=\"twitter:card\" content=\"summary_large_image\" \/>\n<meta name=\"twitter:label1\" content=\"\u00c9crit par\" \/>\n\t<meta name=\"twitter:data1\" content=\"Bladna News Staff\" \/>\n\t<meta name=\"twitter:label2\" content=\"Dur\u00e9e de lecture estim\u00e9e\" \/>\n\t<meta name=\"twitter:data2\" content=\"1 minute\" \/>\n<script type=\"application\/ld+json\" class=\"yoast-schema-graph\">{\"@context\":\"https:\\\/\\\/schema.org\",\"@graph\":[{\"@type\":\"Article\",\"@id\":\"https:\\\/\\\/bladnanews.com\\\/chelsea-interim-boss-admits-blues-dressing-room-shock\\\/#article\",\"isPartOf\":{\"@id\":\"https:\\\/\\\/bladnanews.com\\\/chelsea-interim-boss-admits-blues-dressing-room-shock\\\/\"},\"author\":{\"name\":\"Bladna News Staff\",\"@id\":\"https:\\\/\\\/mediumseagreen-eel-531711.hostingersite.com\\\/#\\\/schema\\\/person\\\/268e18a453ab080ebf76df6ef7845083\"},\"headline\":\"Chelsea interim boss admits Blues dressing room shock\",\"datePublished\":\"2026-01-05T12:09:33+00:00\",\"mainEntityOfPage\":{\"@id\":\"https:\\\/\\\/bladnanews.com\\\/chelsea-interim-boss-admits-blues-dressing-room-shock\\\/\"},\"wordCount\":216,\"publisher\":{\"@id\":\"https:\\\/\\\/mediumseagreen-eel-531711.hostingersite.com\\\/#organization\"},\"image\":{\"@id\":\"https:\\\/\\\/bladnanews.com\\\/chelsea-interim-boss-admits-blues-dressing-room-shock\\\/#primaryimage\"},\"thumbnailUrl\":\"https:\\\/\\\/bladnanews.com\\\/wp-content\\\/uploads\\\/2026\\\/01\\\/BladnaNews-Chelsea-interim-boss-admits-Blues-dressing-room-shock-2026-01-05T155130.959Z.jpg\",\"articleSection\":[\"International\",\"Latest News\"],\"inLanguage\":\"fr-FR\",\"copyrightYear\":\"2026\",\"copyrightHolder\":{\"@id\":\"https:\\\/\\\/bladnanews.com\\\/fr\\\/#organization\"}},{\"@type\":\"WebPage\",\"@id\":\"https:\\\/\\\/bladnanews.com\\\/chelsea-interim-boss-admits-blues-dressing-room-shock\\\/\",\"url\":\"https:\\\/\\\/bladnanews.com\\\/chelsea-interim-boss-admits-blues-dressing-room-shock\\\/\",\"name\":\"Chelsea interim boss admits Blues dressing room shock - Bladna News\",\"isPartOf\":{\"@id\":\"https:\\\/\\\/mediumseagreen-eel-531711.hostingersite.com\\\/#website\"},\"primaryImageOfPage\":{\"@id\":\"https:\\\/\\\/bladnanews.com\\\/chelsea-interim-boss-admits-blues-dressing-room-shock\\\/#primaryimage\"},\"image\":{\"@id\":\"https:\\\/\\\/bladnanews.com\\\/chelsea-interim-boss-admits-blues-dressing-room-shock\\\/#primaryimage\"},\"thumbnailUrl\":\"https:\\\/\\\/bladnanews.com\\\/wp-content\\\/uploads\\\/2026\\\/01\\\/BladnaNews-Chelsea-interim-boss-admits-Blues-dressing-room-shock-2026-01-05T155130.959Z.jpg\",\"datePublished\":\"2026-01-05T12:09:33+00:00\",\"breadcrumb\":{\"@id\":\"https:\\\/\\\/bladnanews.com\\\/chelsea-interim-boss-admits-blues-dressing-room-shock\\\/#breadcrumb\"},\"inLanguage\":\"fr-FR\",\"potentialAction\":[{\"@type\":\"ReadAction\",\"target\":[\"https:\\\/\\\/bladnanews.com\\\/chelsea-interim-boss-admits-blues-dressing-room-shock\\\/\"]}]},{\"@type\":\"ImageObject\",\"inLanguage\":\"fr-FR\",\"@id\":\"https:\\\/\\\/bladnanews.com\\\/chelsea-interim-boss-admits-blues-dressing-room-shock\\\/#primaryimage\",\"url\":\"https:\\\/\\\/bladnanews.com\\\/wp-content\\\/uploads\\\/2026\\\/01\\\/BladnaNews-Chelsea-interim-boss-admits-Blues-dressing-room-shock-2026-01-05T155130.959Z.jpg\",\"contentUrl\":\"https:\\\/\\\/bladnanews.com\\\/wp-content\\\/uploads\\\/2026\\\/01\\\/BladnaNews-Chelsea-interim-boss-admits-Blues-dressing-room-shock-2026-01-05T155130.959Z.jpg\",\"width\":2560,\"height\":1440,\"caption\":\"Chelsea players share an emotional moment, with a captain in blue embracing a teammate in a grey jacket, showing concern and solidarity.\"},{\"@type\":\"BreadcrumbList\",\"@id\":\"https:\\\/\\\/bladnanews.com\\\/chelsea-interim-boss-admits-blues-dressing-room-shock\\\/#breadcrumb\",\"itemListElement\":[{\"@type\":\"ListItem\",\"position\":1,\"name\":\"Home\",\"item\":\"https:\\\/\\\/bladnanews.com\\\/\"},{\"@type\":\"ListItem\",\"position\":2,\"name\":\"Chelsea interim boss admits Blues dressing room shock\"}]},{\"@type\":\"WebSite\",\"@id\":\"https:\\\/\\\/mediumseagreen-eel-531711.hostingersite.com\\\/#website\",\"url\":\"https:\\\/\\\/mediumseagreen-eel-531711.hostingersite.com\\\/\",\"name\":\"Bladna News - Morocco\",\"description\":\"Where Moroccan Football Meets the World\",\"publisher\":{\"@id\":\"https:\\\/\\\/mediumseagreen-eel-531711.hostingersite.com\\\/#organization\"},\"potentialAction\":[{\"@type\":\"SearchAction\",\"target\":{\"@type\":\"EntryPoint\",\"urlTemplate\":\"https:\\\/\\\/mediumseagreen-eel-531711.hostingersite.com\\\/?s={search_term_string}\"},\"query-input\":{\"@type\":\"PropertyValueSpecification\",\"valueRequired\":true,\"valueName\":\"search_term_string\"}}],\"inLanguage\":\"fr-FR\"},{\"@type\":\"Organization\",\"@id\":\"https:\\\/\\\/mediumseagreen-eel-531711.hostingersite.com\\\/#organization\",\"name\":\"Bladna News.com\",\"url\":\"https:\\\/\\\/mediumseagreen-eel-531711.hostingersite.com\\\/\",\"logo\":{\"@type\":\"ImageObject\",\"inLanguage\":\"fr-FR\",\"@id\":\"https:\\\/\\\/mediumseagreen-eel-531711.hostingersite.com\\\/#\\\/schema\\\/logo\\\/image\\\/\",\"url\":\"https:\\\/\\\/bladnanews.com\\\/wp-content\\\/uploads\\\/2025\\\/12\\\/logo-bladnanews-V2-web-black-red.png\",\"contentUrl\":\"https:\\\/\\\/bladnanews.com\\\/wp-content\\\/uploads\\\/2025\\\/12\\\/logo-bladnanews-V2-web-black-red.png\",\"width\":703,\"height\":287,\"caption\":\"Bladna News.com\"},\"image\":{\"@id\":\"https:\\\/\\\/mediumseagreen-eel-531711.hostingersite.com\\\/#\\\/schema\\\/logo\\\/image\\\/\"},\"email\":\"info@bladnanews.com\",\"legalName\":\"Bladna News\"},{\"@type\":\"Person\",\"@id\":\"https:\\\/\\\/mediumseagreen-eel-531711.hostingersite.com\\\/#\\\/schema\\\/person\\\/268e18a453ab080ebf76df6ef7845083\",\"name\":\"Bladna News Staff\",\"url\":\"https:\\\/\\\/bladnanews.com\\\/fr\\\/author\\\/bladna-news-staff\\\/\"}]}<\/script>\n<!-- \/ Yoast SEO Premium plugin. -->","yoast_head_json":{"title":"Le manager int\u00e9rimaire de Chelsea admet le choc dans le vestiaire des Blues - Bladna News","robots":{"index":"index","follow":"follow","max-snippet":"max-snippet:-1","max-image-preview":"max-image-preview:large","max-video-preview":"max-video-preview:-1"},"canonical":"https:\/\/bladnanews.com\/fr\/le-manager-interimaire-de-chelsea-admet-le-choc-dans-le-vestiaire-des-blues\/","og_locale":"fr_FR","og_type":"article","og_title":"Chelsea interim boss admits Blues dressing room shock","og_description":"Chelsea interim boss Calum McFarlane has admitted there was \u201cshock\u201d in the Blues dressing room after Enzo Maresca was axed, [&hellip;]","og_url":"https:\/\/bladnanews.com\/fr\/le-manager-interimaire-de-chelsea-admet-le-choc-dans-le-vestiaire-des-blues\/","og_site_name":"Bladna News","article_published_time":"2026-01-05T12:09:33+00:00","og_image":[{"width":1312,"height":736,"url":"https:\/\/bladnanews.com\/wp-content\/uploads\/2025\/12\/freepik__bladna-newscom-moroccan-soccer-homepage-banner-mor__41838.png","type":"image\/png"}],"author":"Bladna News Staff","twitter_card":"summary_large_image","twitter_misc":{"\u00c9crit par":"Bladna News Staff","Dur\u00e9e de lecture estim\u00e9e":"1 minute"},"schema":{"@context":"https:\/\/schema.org","@graph":[{"@type":"Article","@id":"https:\/\/bladnanews.com\/chelsea-interim-boss-admits-blues-dressing-room-shock\/#article","isPartOf":{"@id":"https:\/\/bladnanews.com\/chelsea-interim-boss-admits-blues-dressing-room-shock\/"},"author":{"name":"Bladna News Staff","@id":"https:\/\/mediumseagreen-eel-531711.hostingersite.com\/#\/schema\/person\/268e18a453ab080ebf76df6ef7845083"},"headline":"Chelsea interim boss admits Blues dressing room shock","datePublished":"2026-01-05T12:09:33+00:00","mainEntityOfPage":{"@id":"https:\/\/bladnanews.com\/chelsea-interim-boss-admits-blues-dressing-room-shock\/"},"wordCount":216,"publisher":{"@id":"https:\/\/mediumseagreen-eel-531711.hostingersite.com\/#organization"},"image":{"@id":"https:\/\/bladnanews.com\/chelsea-interim-boss-admits-blues-dressing-room-shock\/#primaryimage"},"thumbnailUrl":"https:\/\/bladnanews.com\/wp-content\/uploads\/2026\/01\/BladnaNews-Chelsea-interim-boss-admits-Blues-dressing-room-shock-2026-01-05T155130.959Z.jpg","articleSection":["International","Latest News"],"inLanguage":"fr-FR","copyrightYear":"2026","copyrightHolder":{"@id":"https:\/\/bladnanews.com\/fr\/#organization"}},{"@type":"WebPage","@id":"https:\/\/bladnanews.com\/chelsea-interim-boss-admits-blues-dressing-room-shock\/","url":"https:\/\/bladnanews.com\/chelsea-interim-boss-admits-blues-dressing-room-shock\/","name":"Le manager int\u00e9rimaire de Chelsea admet le choc dans le vestiaire des Blues - Bladna News","isPartOf":{"@id":"https:\/\/mediumseagreen-eel-531711.hostingersite.com\/#website"},"primaryImageOfPage":{"@id":"https:\/\/bladnanews.com\/chelsea-interim-boss-admits-blues-dressing-room-shock\/#primaryimage"},"image":{"@id":"https:\/\/bladnanews.com\/chelsea-interim-boss-admits-blues-dressing-room-shock\/#primaryimage"},"thumbnailUrl":"https:\/\/bladnanews.com\/wp-content\/uploads\/2026\/01\/BladnaNews-Chelsea-interim-boss-admits-Blues-dressing-room-shock-2026-01-05T155130.959Z.jpg","datePublished":"2026-01-05T12:09:33+00:00","breadcrumb":{"@id":"https:\/\/bladnanews.com\/chelsea-interim-boss-admits-blues-dressing-room-shock\/#breadcrumb"},"inLanguage":"fr-FR","potentialAction":[{"@type":"ReadAction","target":["https:\/\/bladnanews.com\/chelsea-interim-boss-admits-blues-dressing-room-shock\/"]}]},{"@type":"ImageObject","inLanguage":"fr-FR","@id":"https:\/\/bladnanews.com\/chelsea-interim-boss-admits-blues-dressing-room-shock\/#primaryimage","url":"https:\/\/bladnanews.com\/wp-content\/uploads\/2026\/01\/BladnaNews-Chelsea-interim-boss-admits-Blues-dressing-room-shock-2026-01-05T155130.959Z.jpg","contentUrl":"https:\/\/bladnanews.com\/wp-content\/uploads\/2026\/01\/BladnaNews-Chelsea-interim-boss-admits-Blues-dressing-room-shock-2026-01-05T155130.959Z.jpg","width":2560,"height":1440,"caption":"Chelsea players share an emotional moment, with a captain in blue embracing a teammate in a grey jacket, showing concern and solidarity."},{"@type":"BreadcrumbList","@id":"https:\/\/bladnanews.com\/chelsea-interim-boss-admits-blues-dressing-room-shock\/#breadcrumb","itemListElement":[{"@type":"ListItem","position":1,"name":"Home","item":"https:\/\/bladnanews.com\/"},{"@type":"ListItem","position":2,"name":"Chelsea interim boss admits Blues dressing room shock"}]},{"@type":"WebSite","@id":"https:\/\/mediumseagreen-eel-531711.hostingersite.com\/#website","url":"https:\/\/mediumseagreen-eel-531711.hostingersite.com\/","name":"Bladna News - Maroc","description":"Quand le football marocain rencontre le monde","publisher":{"@id":"https:\/\/mediumseagreen-eel-531711.hostingersite.com\/#organization"},"potentialAction":[{"@type":"SearchAction","target":{"@type":"EntryPoint","urlTemplate":"https:\/\/mediumseagreen-eel-531711.hostingersite.com\/?s={search_term_string}"},"query-input":{"@type":"PropertyValueSpecification","valueRequired":true,"valueName":"search_term_string"}}],"inLanguage":"fr-FR"},{"@type":"Organization","@id":"https:\/\/mediumseagreen-eel-531711.hostingersite.com\/#organization","name":"Bladna News.com","url":"https:\/\/mediumseagreen-eel-531711.hostingersite.com\/","logo":{"@type":"ImageObject","inLanguage":"fr-FR","@id":"https:\/\/mediumseagreen-eel-531711.hostingersite.com\/#\/schema\/logo\/image\/","url":"https:\/\/bladnanews.com\/wp-content\/uploads\/2025\/12\/logo-bladnanews-V2-web-black-red.png","contentUrl":"https:\/\/bladnanews.com\/wp-content\/uploads\/2025\/12\/logo-bladnanews-V2-web-black-red.png","width":703,"height":287,"caption":"Bladna News.com"},"image":{"@id":"https:\/\/mediumseagreen-eel-531711.hostingersite.com\/#\/schema\/logo\/image\/"},"email":"info@bladnanews.com","legalName":"Bladna News"},{"@type":"Person","@id":"https:\/\/mediumseagreen-eel-531711.hostingersite.com\/#\/schema\/person\/268e18a453ab080ebf76df6ef7845083","name":"\u00c9quipe r\u00e9dactionnelle de Bladna News","url":"https:\/\/bladnanews.com\/fr\/author\/bladna-news-staff\/"}]}},"_links":{"self":[{"href":"https:\/\/bladnanews.com\/fr\/wp-json\/wp\/v2\/posts\/3901","targetHints":{"allow":["GET"]}}],"collection":[{"href":"https:\/\/bladnanews.com\/fr\/wp-json\/wp\/v2\/posts"}],"about":[{"href":"https:\/\/bladnanews.com\/fr\/wp-json\/wp\/v2\/types\/post"}],"author":[{"embeddable":true,"href":"https:\/\/bladnanews.com\/fr\/wp-json\/wp\/v2\/users\/3"}],"replies":[{"embeddable":true,"href":"https:\/\/bladnanews.com\/fr\/wp-json\/wp\/v2\/comments?post=3901"}],"version-history":[{"count":0,"href":"https:\/\/bladnanews.com\/fr\/wp-json\/wp\/v2\/posts\/3901\/revisions"}],"wp:featuredmedia":[{"embeddable":true,"href":"https:\/\/bladnanews.com\/fr\/wp-json\/wp\/v2\/media\/3899"}],"wp:attachment":[{"href":"https:\/\/bladnanews.com\/fr\/wp-json\/wp\/v2\/media?parent=3901"}],"wp:term":[{"taxonomy":"category","embeddable":true,"href":"https:\/\/bladnanews.com\/fr\/wp-json\/wp\/v2\/categories?post=3901"},{"taxonomy":"post_tag","embeddable":true,"href":"https:\/\/bladnanews.com\/fr\/wp-json\/wp\/v2\/tags?post=3901"}],"curies":[{"name":"wp","href":"https:\/\/api.w.org\/{rel}","templated":true}]}}