{"id":3950,"date":"2026-01-05T12:30:00","date_gmt":"2026-01-05T12:30:00","guid":{"rendered":"https:\/\/bladnanews.com\/ruben-amorim-blamed-for-losing-man-utd-job-after-poor-results\/"},"modified":"2026-01-05T12:30:00","modified_gmt":"2026-01-05T12:30:00","slug":"ruben-amorim-blame-pour-avoir-perdu-son-poste-a-man-utd-apres-de-mauvais-resultats","status":"publish","type":"post","link":"https:\/\/bladnanews.com\/fr\/ruben-amorim-blame-pour-avoir-perdu-son-poste-a-man-utd-apres-de-mauvais-resultats\/","title":{"rendered":"Ruben Amorim bl\u00e2m\u00e9 pour avoir perdu son poste \u00e0 Man Utd apr\u00e8s de mauvais r\u00e9sultats"},"content":{"rendered":"<p>Ruben Amorim a \u00e9t\u00e9 bl\u00e2m\u00e9 pour avoir rat\u00e9 le poste de Manchester United apr\u00e8s une s\u00e9rie de mauvais r\u00e9sultats et une approche inflexible, avec des affirmations selon lesquelles le conseil d'administration du club n'\u00e9tait pas la raison pour laquelle il n'a pas pris le relais \u00e0 Old Trafford.<\/p>\n<p>Amorim a \u00e9t\u00e9 li\u00e9 \u00e0 un transfert en Premier League apr\u00e8s son travail au Portugal, mais le rapport indique qu'il n'a que lui-m\u00eame \u00e0 bl\u00e2mer pour la situation qui s'est d\u00e9velopp\u00e9e autour de la recherche d'un entra\u00eeneur pour United.<\/p>\n<p>Selon ce qui a \u00e9t\u00e9 r\u00e9v\u00e9l\u00e9, les d\u00e9cideurs des Red Devils n'ont pas \u00e9t\u00e9 convaincus par le refus d'Amorim de s'\u00e9loigner de ses id\u00e9es pr\u00e9f\u00e9r\u00e9es, m\u00eame lorsque les r\u00e9sultats ont chut\u00e9. La m\u00eame information indique que la hi\u00e9rarchie de United ne l'a pas \u00e9cart\u00e9 de la course, mais a plut\u00f4t estim\u00e9 que sa position et la forme de l'\u00e9quipe jouaient contre lui \u00e0 un moment cl\u00e9.<\/p>\n<p>Il est sugg\u00e9r\u00e9 que l'approche dogmatique d'Amorim est devenue un probl\u00e8me majeur lorsque United a \u00e9valu\u00e9 s'il pouvait s'adapter aux exigences de la Premier League et aux attentes qui accompagnent la direction de l'un des plus grands clubs du jeu.<\/p>\n<p>Le rapport ajoute que les discussions sur le conseil d'administration \u00e9tant responsable du fait qu'Amorim n'a pas obtenu le poste sont loin de la v\u00e9rit\u00e9, insistant sur le fait que ce sont les propres actions de l'entra\u00eeneur et les r\u00e9sultats sur le terrain qui ont nui \u00e0 ses perspectives.<\/p>\n<p>La recherche d'un entra\u00eeneur pour Manchester United a \u00e9t\u00e9 suivie de pr\u00e8s tout au long de la saison, le club \u00e9tant sous pression pour trouver le bon ajustement \u00e0 long terme. Le nom d'Amorim est rest\u00e9 dans la conversation, mais les d\u00e9tails r\u00e9v\u00e9l\u00e9s clarifient pourquoi il n'a pas fini dans le banc de touche d'Old Trafford.<\/p>","protected":false},"excerpt":{"rendered":"<p>Ruben Amorim has been blamed for missing out on the Manchester United job after a run of poor results and [&hellip;]<\/p>\n","protected":false},"author":3,"featured_media":3948,"comment_status":"","ping_status":"open","sticky":false,"template":"","format":"standard","meta":{"googlesitekit_rrm_CAow_uzEDA:productID":"","site-sidebar-layout":"default","site-content-layout":"","ast-site-content-layout":"default","site-content-style":"default","site-sidebar-style":"default","ast-global-header-display":"","ast-banner-title-visibility":"","ast-main-header-display":"","ast-hfb-above-header-display":"","ast-hfb-below-header-display":"","ast-hfb-mobile-header-display":"","site-post-title":"","ast-breadcrumbs-content":"","ast-featured-img":"","footer-sml-layout":"","ast-disable-related-posts":"","theme-transparent-header-meta":"","adv-header-id-meta":"","stick-header-meta":"","header-above-stick-meta":"","header-main-stick-meta":"","header-below-stick-meta":"","astra-migrate-meta-layouts":"default","ast-page-background-enabled":"default","ast-page-background-meta":{"desktop":{"background-color":"var(--ast-global-color-5)","background-image":"","background-repeat":"repeat","background-position":"center center","background-size":"auto","background-attachment":"scroll","background-type":"","background-media":"","overlay-type":"","overlay-color":"","overlay-opacity":"","overlay-gradient":""},"tablet":{"background-color":"","background-image":"","background-repeat":"repeat","background-position":"center center","background-size":"auto","background-attachment":"scroll","background-type":"","background-media":"","overlay-type":"","overlay-color":"","overlay-opacity":"","overlay-gradient":""},"mobile":{"background-color":"","background-image":"","background-repeat":"repeat","background-position":"center center","background-size":"auto","background-attachment":"scroll","background-type":"","background-media":"","overlay-type":"","overlay-color":"","overlay-opacity":"","overlay-gradient":""}},"ast-content-background-meta":{"desktop":{"background-color":"var(--ast-global-color-4)","background-image":"","background-repeat":"repeat","background-position":"center center","background-size":"auto","background-attachment":"scroll","background-type":"","background-media":"","overlay-type":"","overlay-color":"","overlay-opacity":"","overlay-gradient":""},"tablet":{"background-color":"var(--ast-global-color-4)","background-image":"","background-repeat":"repeat","background-position":"center center","background-size":"auto","background-attachment":"scroll","background-type":"","background-media":"","overlay-type":"","overlay-color":"","overlay-opacity":"","overlay-gradient":""},"mobile":{"background-color":"var(--ast-global-color-4)","background-image":"","background-repeat":"repeat","background-position":"center center","background-size":"auto","background-attachment":"scroll","background-type":"","background-media":"","overlay-type":"","overlay-color":"","overlay-opacity":"","overlay-gradient":""}},"footnotes":""},"categories":[20,1],"tags":[],"class_list":["post-3950","post","type-post","status-publish","format-standard","has-post-thumbnail","hentry","category-international","category-football-latest-news"],"yoast_head":"<!-- This site is optimized with the Yoast SEO Premium plugin v26.6 (Yoast SEO v27.5) - https:\/\/yoast.com\/product\/yoast-seo-premium-wordpress\/ -->\n<title>Ruben Amorim blamed for losing Man Utd job after poor results - Bladna News<\/title>\n<meta name=\"robots\" content=\"index, follow, max-snippet:-1, max-image-preview:large, max-video-preview:-1\" \/>\n<link rel=\"canonical\" href=\"https:\/\/bladnanews.com\/fr\/ruben-amorim-blame-pour-avoir-perdu-son-poste-a-man-utd-apres-de-mauvais-resultats\/\" \/>\n<meta property=\"og:locale\" content=\"fr_FR\" \/>\n<meta property=\"og:type\" content=\"article\" \/>\n<meta property=\"og:title\" content=\"Ruben Amorim blamed for losing Man Utd job after poor results\" \/>\n<meta property=\"og:description\" content=\"Ruben Amorim has been blamed for missing out on the Manchester United job after a run of poor results and [&hellip;]\" \/>\n<meta property=\"og:url\" content=\"https:\/\/bladnanews.com\/fr\/ruben-amorim-blame-pour-avoir-perdu-son-poste-a-man-utd-apres-de-mauvais-resultats\/\" \/>\n<meta property=\"og:site_name\" content=\"Bladna News\" \/>\n<meta property=\"article:published_time\" content=\"2026-01-05T12:30:00+00:00\" \/>\n<meta property=\"og:image\" content=\"https:\/\/bladnanews.com\/wp-content\/uploads\/2025\/12\/freepik__bladna-newscom-moroccan-soccer-homepage-banner-mor__41838.png\" \/>\n\t<meta property=\"og:image:width\" content=\"1312\" \/>\n\t<meta property=\"og:image:height\" content=\"736\" \/>\n\t<meta property=\"og:image:type\" content=\"image\/png\" \/>\n<meta name=\"author\" content=\"Bladna News Staff\" \/>\n<meta name=\"twitter:card\" content=\"summary_large_image\" \/>\n<meta name=\"twitter:label1\" content=\"\u00c9crit par\" \/>\n\t<meta name=\"twitter:data1\" content=\"Bladna News Staff\" \/>\n\t<meta name=\"twitter:label2\" content=\"Dur\u00e9e de lecture estim\u00e9e\" \/>\n\t<meta name=\"twitter:data2\" content=\"1 minute\" \/>\n<script type=\"application\/ld+json\" class=\"yoast-schema-graph\">{\"@context\":\"https:\\\/\\\/schema.org\",\"@graph\":[{\"@type\":\"Article\",\"@id\":\"https:\\\/\\\/bladnanews.com\\\/ruben-amorim-blamed-for-losing-man-utd-job-after-poor-results\\\/#article\",\"isPartOf\":{\"@id\":\"https:\\\/\\\/bladnanews.com\\\/ruben-amorim-blamed-for-losing-man-utd-job-after-poor-results\\\/\"},\"author\":{\"name\":\"Bladna News Staff\",\"@id\":\"https:\\\/\\\/mediumseagreen-eel-531711.hostingersite.com\\\/#\\\/schema\\\/person\\\/268e18a453ab080ebf76df6ef7845083\"},\"headline\":\"Ruben Amorim blamed for losing Man Utd job after poor results\",\"datePublished\":\"2026-01-05T12:30:00+00:00\",\"mainEntityOfPage\":{\"@id\":\"https:\\\/\\\/bladnanews.com\\\/ruben-amorim-blamed-for-losing-man-utd-job-after-poor-results\\\/\"},\"wordCount\":276,\"publisher\":{\"@id\":\"https:\\\/\\\/mediumseagreen-eel-531711.hostingersite.com\\\/#organization\"},\"image\":{\"@id\":\"https:\\\/\\\/bladnanews.com\\\/ruben-amorim-blamed-for-losing-man-utd-job-after-poor-results\\\/#primaryimage\"},\"thumbnailUrl\":\"https:\\\/\\\/bladnanews.com\\\/wp-content\\\/uploads\\\/2026\\\/01\\\/BladnaNews-Ruben-Amorim-blamed-for-losing-Man-Utd-job-after-poor-results-2026-01-05T175103.024Z.jpg\",\"articleSection\":[\"International\",\"Latest News\"],\"inLanguage\":\"fr-FR\",\"copyrightYear\":\"2026\",\"copyrightHolder\":{\"@id\":\"https:\\\/\\\/bladnanews.com\\\/fr\\\/#organization\"}},{\"@type\":\"WebPage\",\"@id\":\"https:\\\/\\\/bladnanews.com\\\/ruben-amorim-blamed-for-losing-man-utd-job-after-poor-results\\\/\",\"url\":\"https:\\\/\\\/bladnanews.com\\\/ruben-amorim-blamed-for-losing-man-utd-job-after-poor-results\\\/\",\"name\":\"Ruben Amorim blamed for losing Man Utd job after poor results - Bladna News\",\"isPartOf\":{\"@id\":\"https:\\\/\\\/mediumseagreen-eel-531711.hostingersite.com\\\/#website\"},\"primaryImageOfPage\":{\"@id\":\"https:\\\/\\\/bladnanews.com\\\/ruben-amorim-blamed-for-losing-man-utd-job-after-poor-results\\\/#primaryimage\"},\"image\":{\"@id\":\"https:\\\/\\\/bladnanews.com\\\/ruben-amorim-blamed-for-losing-man-utd-job-after-poor-results\\\/#primaryimage\"},\"thumbnailUrl\":\"https:\\\/\\\/bladnanews.com\\\/wp-content\\\/uploads\\\/2026\\\/01\\\/BladnaNews-Ruben-Amorim-blamed-for-losing-Man-Utd-job-after-poor-results-2026-01-05T175103.024Z.jpg\",\"datePublished\":\"2026-01-05T12:30:00+00:00\",\"breadcrumb\":{\"@id\":\"https:\\\/\\\/bladnanews.com\\\/ruben-amorim-blamed-for-losing-man-utd-job-after-poor-results\\\/#breadcrumb\"},\"inLanguage\":\"fr-FR\",\"potentialAction\":[{\"@type\":\"ReadAction\",\"target\":[\"https:\\\/\\\/bladnanews.com\\\/ruben-amorim-blamed-for-losing-man-utd-job-after-poor-results\\\/\"]}]},{\"@type\":\"ImageObject\",\"inLanguage\":\"fr-FR\",\"@id\":\"https:\\\/\\\/bladnanews.com\\\/ruben-amorim-blamed-for-losing-man-utd-job-after-poor-results\\\/#primaryimage\",\"url\":\"https:\\\/\\\/bladnanews.com\\\/wp-content\\\/uploads\\\/2026\\\/01\\\/BladnaNews-Ruben-Amorim-blamed-for-losing-Man-Utd-job-after-poor-results-2026-01-05T175103.024Z.jpg\",\"contentUrl\":\"https:\\\/\\\/bladnanews.com\\\/wp-content\\\/uploads\\\/2026\\\/01\\\/BladnaNews-Ruben-Amorim-blamed-for-losing-Man-Utd-job-after-poor-results-2026-01-05T175103.024Z.jpg\",\"width\":1600,\"height\":900,\"caption\":\"R\u00faben Amorim, in a Manchester United jacket, stands solemnly with staff against a dramatic backdrop, hinting at managerial turmoil.\"},{\"@type\":\"BreadcrumbList\",\"@id\":\"https:\\\/\\\/bladnanews.com\\\/ruben-amorim-blamed-for-losing-man-utd-job-after-poor-results\\\/#breadcrumb\",\"itemListElement\":[{\"@type\":\"ListItem\",\"position\":1,\"name\":\"Home\",\"item\":\"https:\\\/\\\/bladnanews.com\\\/\"},{\"@type\":\"ListItem\",\"position\":2,\"name\":\"Ruben Amorim blamed for losing Man Utd job after poor results\"}]},{\"@type\":\"WebSite\",\"@id\":\"https:\\\/\\\/mediumseagreen-eel-531711.hostingersite.com\\\/#website\",\"url\":\"https:\\\/\\\/mediumseagreen-eel-531711.hostingersite.com\\\/\",\"name\":\"Bladna News - Morocco\",\"description\":\"Where Moroccan Football Meets the World\",\"publisher\":{\"@id\":\"https:\\\/\\\/mediumseagreen-eel-531711.hostingersite.com\\\/#organization\"},\"potentialAction\":[{\"@type\":\"SearchAction\",\"target\":{\"@type\":\"EntryPoint\",\"urlTemplate\":\"https:\\\/\\\/mediumseagreen-eel-531711.hostingersite.com\\\/?s={search_term_string}\"},\"query-input\":{\"@type\":\"PropertyValueSpecification\",\"valueRequired\":true,\"valueName\":\"search_term_string\"}}],\"inLanguage\":\"fr-FR\"},{\"@type\":\"Organization\",\"@id\":\"https:\\\/\\\/mediumseagreen-eel-531711.hostingersite.com\\\/#organization\",\"name\":\"Bladna News.com\",\"url\":\"https:\\\/\\\/mediumseagreen-eel-531711.hostingersite.com\\\/\",\"logo\":{\"@type\":\"ImageObject\",\"inLanguage\":\"fr-FR\",\"@id\":\"https:\\\/\\\/mediumseagreen-eel-531711.hostingersite.com\\\/#\\\/schema\\\/logo\\\/image\\\/\",\"url\":\"https:\\\/\\\/bladnanews.com\\\/wp-content\\\/uploads\\\/2025\\\/12\\\/logo-bladnanews-V2-web-black-red.png\",\"contentUrl\":\"https:\\\/\\\/bladnanews.com\\\/wp-content\\\/uploads\\\/2025\\\/12\\\/logo-bladnanews-V2-web-black-red.png\",\"width\":703,\"height\":287,\"caption\":\"Bladna News.com\"},\"image\":{\"@id\":\"https:\\\/\\\/mediumseagreen-eel-531711.hostingersite.com\\\/#\\\/schema\\\/logo\\\/image\\\/\"},\"email\":\"info@bladnanews.com\",\"legalName\":\"Bladna News\"},{\"@type\":\"Person\",\"@id\":\"https:\\\/\\\/mediumseagreen-eel-531711.hostingersite.com\\\/#\\\/schema\\\/person\\\/268e18a453ab080ebf76df6ef7845083\",\"name\":\"Bladna News Staff\",\"url\":\"https:\\\/\\\/bladnanews.com\\\/fr\\\/author\\\/bladna-news-staff\\\/\"}]}<\/script>\n<!-- \/ Yoast SEO Premium plugin. -->","yoast_head_json":{"title":"Ruben Amorim bl\u00e2m\u00e9 pour avoir perdu son poste \u00e0 Man Utd apr\u00e8s de mauvais r\u00e9sultats - Bladna News","robots":{"index":"index","follow":"follow","max-snippet":"max-snippet:-1","max-image-preview":"max-image-preview:large","max-video-preview":"max-video-preview:-1"},"canonical":"https:\/\/bladnanews.com\/fr\/ruben-amorim-blame-pour-avoir-perdu-son-poste-a-man-utd-apres-de-mauvais-resultats\/","og_locale":"fr_FR","og_type":"article","og_title":"Ruben Amorim blamed for losing Man Utd job after poor results","og_description":"Ruben Amorim has been blamed for missing out on the Manchester United job after a run of poor results and [&hellip;]","og_url":"https:\/\/bladnanews.com\/fr\/ruben-amorim-blame-pour-avoir-perdu-son-poste-a-man-utd-apres-de-mauvais-resultats\/","og_site_name":"Bladna News","article_published_time":"2026-01-05T12:30:00+00:00","og_image":[{"width":1312,"height":736,"url":"https:\/\/bladnanews.com\/wp-content\/uploads\/2025\/12\/freepik__bladna-newscom-moroccan-soccer-homepage-banner-mor__41838.png","type":"image\/png"}],"author":"Bladna News Staff","twitter_card":"summary_large_image","twitter_misc":{"\u00c9crit par":"Bladna News Staff","Dur\u00e9e de lecture estim\u00e9e":"1 minute"},"schema":{"@context":"https:\/\/schema.org","@graph":[{"@type":"Article","@id":"https:\/\/bladnanews.com\/ruben-amorim-blamed-for-losing-man-utd-job-after-poor-results\/#article","isPartOf":{"@id":"https:\/\/bladnanews.com\/ruben-amorim-blamed-for-losing-man-utd-job-after-poor-results\/"},"author":{"name":"Bladna News Staff","@id":"https:\/\/mediumseagreen-eel-531711.hostingersite.com\/#\/schema\/person\/268e18a453ab080ebf76df6ef7845083"},"headline":"Ruben Amorim blamed for losing Man Utd job after poor results","datePublished":"2026-01-05T12:30:00+00:00","mainEntityOfPage":{"@id":"https:\/\/bladnanews.com\/ruben-amorim-blamed-for-losing-man-utd-job-after-poor-results\/"},"wordCount":276,"publisher":{"@id":"https:\/\/mediumseagreen-eel-531711.hostingersite.com\/#organization"},"image":{"@id":"https:\/\/bladnanews.com\/ruben-amorim-blamed-for-losing-man-utd-job-after-poor-results\/#primaryimage"},"thumbnailUrl":"https:\/\/bladnanews.com\/wp-content\/uploads\/2026\/01\/BladnaNews-Ruben-Amorim-blamed-for-losing-Man-Utd-job-after-poor-results-2026-01-05T175103.024Z.jpg","articleSection":["International","Latest News"],"inLanguage":"fr-FR","copyrightYear":"2026","copyrightHolder":{"@id":"https:\/\/bladnanews.com\/fr\/#organization"}},{"@type":"WebPage","@id":"https:\/\/bladnanews.com\/ruben-amorim-blamed-for-losing-man-utd-job-after-poor-results\/","url":"https:\/\/bladnanews.com\/ruben-amorim-blamed-for-losing-man-utd-job-after-poor-results\/","name":"Ruben Amorim bl\u00e2m\u00e9 pour avoir perdu son poste \u00e0 Man Utd apr\u00e8s de mauvais r\u00e9sultats - Bladna News","isPartOf":{"@id":"https:\/\/mediumseagreen-eel-531711.hostingersite.com\/#website"},"primaryImageOfPage":{"@id":"https:\/\/bladnanews.com\/ruben-amorim-blamed-for-losing-man-utd-job-after-poor-results\/#primaryimage"},"image":{"@id":"https:\/\/bladnanews.com\/ruben-amorim-blamed-for-losing-man-utd-job-after-poor-results\/#primaryimage"},"thumbnailUrl":"https:\/\/bladnanews.com\/wp-content\/uploads\/2026\/01\/BladnaNews-Ruben-Amorim-blamed-for-losing-Man-Utd-job-after-poor-results-2026-01-05T175103.024Z.jpg","datePublished":"2026-01-05T12:30:00+00:00","breadcrumb":{"@id":"https:\/\/bladnanews.com\/ruben-amorim-blamed-for-losing-man-utd-job-after-poor-results\/#breadcrumb"},"inLanguage":"fr-FR","potentialAction":[{"@type":"ReadAction","target":["https:\/\/bladnanews.com\/ruben-amorim-blamed-for-losing-man-utd-job-after-poor-results\/"]}]},{"@type":"ImageObject","inLanguage":"fr-FR","@id":"https:\/\/bladnanews.com\/ruben-amorim-blamed-for-losing-man-utd-job-after-poor-results\/#primaryimage","url":"https:\/\/bladnanews.com\/wp-content\/uploads\/2026\/01\/BladnaNews-Ruben-Amorim-blamed-for-losing-Man-Utd-job-after-poor-results-2026-01-05T175103.024Z.jpg","contentUrl":"https:\/\/bladnanews.com\/wp-content\/uploads\/2026\/01\/BladnaNews-Ruben-Amorim-blamed-for-losing-Man-Utd-job-after-poor-results-2026-01-05T175103.024Z.jpg","width":1600,"height":900,"caption":"R\u00faben Amorim, in a Manchester United jacket, stands solemnly with staff against a dramatic backdrop, hinting at managerial turmoil."},{"@type":"BreadcrumbList","@id":"https:\/\/bladnanews.com\/ruben-amorim-blamed-for-losing-man-utd-job-after-poor-results\/#breadcrumb","itemListElement":[{"@type":"ListItem","position":1,"name":"Home","item":"https:\/\/bladnanews.com\/"},{"@type":"ListItem","position":2,"name":"Ruben Amorim blamed for losing Man Utd job after poor results"}]},{"@type":"WebSite","@id":"https:\/\/mediumseagreen-eel-531711.hostingersite.com\/#website","url":"https:\/\/mediumseagreen-eel-531711.hostingersite.com\/","name":"Bladna News - Maroc","description":"Quand le football marocain rencontre le monde","publisher":{"@id":"https:\/\/mediumseagreen-eel-531711.hostingersite.com\/#organization"},"potentialAction":[{"@type":"SearchAction","target":{"@type":"EntryPoint","urlTemplate":"https:\/\/mediumseagreen-eel-531711.hostingersite.com\/?s={search_term_string}"},"query-input":{"@type":"PropertyValueSpecification","valueRequired":true,"valueName":"search_term_string"}}],"inLanguage":"fr-FR"},{"@type":"Organization","@id":"https:\/\/mediumseagreen-eel-531711.hostingersite.com\/#organization","name":"Bladna News.com","url":"https:\/\/mediumseagreen-eel-531711.hostingersite.com\/","logo":{"@type":"ImageObject","inLanguage":"fr-FR","@id":"https:\/\/mediumseagreen-eel-531711.hostingersite.com\/#\/schema\/logo\/image\/","url":"https:\/\/bladnanews.com\/wp-content\/uploads\/2025\/12\/logo-bladnanews-V2-web-black-red.png","contentUrl":"https:\/\/bladnanews.com\/wp-content\/uploads\/2025\/12\/logo-bladnanews-V2-web-black-red.png","width":703,"height":287,"caption":"Bladna News.com"},"image":{"@id":"https:\/\/mediumseagreen-eel-531711.hostingersite.com\/#\/schema\/logo\/image\/"},"email":"info@bladnanews.com","legalName":"Bladna News"},{"@type":"Person","@id":"https:\/\/mediumseagreen-eel-531711.hostingersite.com\/#\/schema\/person\/268e18a453ab080ebf76df6ef7845083","name":"\u00c9quipe r\u00e9dactionnelle de Bladna News","url":"https:\/\/bladnanews.com\/fr\/author\/bladna-news-staff\/"}]}},"_links":{"self":[{"href":"https:\/\/bladnanews.com\/fr\/wp-json\/wp\/v2\/posts\/3950","targetHints":{"allow":["GET"]}}],"collection":[{"href":"https:\/\/bladnanews.com\/fr\/wp-json\/wp\/v2\/posts"}],"about":[{"href":"https:\/\/bladnanews.com\/fr\/wp-json\/wp\/v2\/types\/post"}],"author":[{"embeddable":true,"href":"https:\/\/bladnanews.com\/fr\/wp-json\/wp\/v2\/users\/3"}],"replies":[{"embeddable":true,"href":"https:\/\/bladnanews.com\/fr\/wp-json\/wp\/v2\/comments?post=3950"}],"version-history":[{"count":0,"href":"https:\/\/bladnanews.com\/fr\/wp-json\/wp\/v2\/posts\/3950\/revisions"}],"wp:featuredmedia":[{"embeddable":true,"href":"https:\/\/bladnanews.com\/fr\/wp-json\/wp\/v2\/media\/3948"}],"wp:attachment":[{"href":"https:\/\/bladnanews.com\/fr\/wp-json\/wp\/v2\/media?parent=3950"}],"wp:term":[{"taxonomy":"category","embeddable":true,"href":"https:\/\/bladnanews.com\/fr\/wp-json\/wp\/v2\/categories?post=3950"},{"taxonomy":"post_tag","embeddable":true,"href":"https:\/\/bladnanews.com\/fr\/wp-json\/wp\/v2\/tags?post=3950"}],"curies":[{"name":"wp","href":"https:\/\/api.w.org\/{rel}","templated":true}]}}