{"id":3953,"date":"2026-01-05T12:36:27","date_gmt":"2026-01-05T12:36:27","guid":{"rendered":"https:\/\/bladnanews.com\/garnacho-reacts-on-social-media-after-amorims-man-utd-sacking\/"},"modified":"2026-01-05T12:36:27","modified_gmt":"2026-01-05T12:36:27","slug":"garnacho-reagit-sur-les-reseaux-sociaux-apres-le-licenciement-damorim-par-man-utd","status":"publish","type":"post","link":"https:\/\/bladnanews.com\/fr\/garnacho-reagit-sur-les-reseaux-sociaux-apres-le-licenciement-damorim-par-man-utd\/","title":{"rendered":"Garnacho r\u00e9agit sur les r\u00e9seaux sociaux apr\u00e8s le licenciement d'Amorim par Man Utd"},"content":{"rendered":"<p>Alejandro Garnacho a r\u00e9agi sur les r\u00e9seaux sociaux suite au licenciement de Ruben Amorim \u00e0 Manchester United, l'activit\u00e9 en ligne de l'ailier attirant l'attention apr\u00e8s sa relation difficile avec l'ancien entra\u00eeneur des Red Devils.<\/p>\n<p>Garnacho avait \u00e9t\u00e9 exil\u00e9 par Amorim pendant son temps \u00e0 Old Trafford avant que le d\u00e9part de l'entra\u00eeneur ne soit confirm\u00e9, et les publications de l'attaquant ont \u00e9t\u00e9 vues par beaucoup comme une r\u00e9ponse espi\u00e8gle \u00e0 la nouvelle.<\/p>\n<p>La situation de l'international argentin \u00e0 United avait d\u00e9j\u00e0 \u00e9t\u00e9 sous les projecteurs, la gestion de lui par Amorim cr\u00e9ant une division claire avant que Garnacho ne compl\u00e8te un transfert \u00e0 Chelsea.<\/p>\n<p>\u00c0 la suite du licenciement d'Amorim, la r\u00e9action de Garnacho a ajout\u00e9 un autre sujet de discussion \u00e0 une histoire qui le suit depuis des semaines, alors que United passe \u00e0 autre chose apr\u00e8s leur ancien entra\u00eeneur principal et que l'ailier commence un nouveau chapitre \u00e0 l'ouest de Londres.<\/p>","protected":false},"excerpt":{"rendered":"<p>Alejandro Garnacho has reacted on social media following Ruben Amorim\u2019s sacking at Manchester United, with the winger\u2019s online activity catching [&hellip;]<\/p>\n","protected":false},"author":3,"featured_media":3951,"comment_status":"","ping_status":"open","sticky":false,"template":"","format":"standard","meta":{"googlesitekit_rrm_CAow_uzEDA:productID":"","site-sidebar-layout":"default","site-content-layout":"","ast-site-content-layout":"default","site-content-style":"default","site-sidebar-style":"default","ast-global-header-display":"","ast-banner-title-visibility":"","ast-main-header-display":"","ast-hfb-above-header-display":"","ast-hfb-below-header-display":"","ast-hfb-mobile-header-display":"","site-post-title":"","ast-breadcrumbs-content":"","ast-featured-img":"","footer-sml-layout":"","ast-disable-related-posts":"","theme-transparent-header-meta":"","adv-header-id-meta":"","stick-header-meta":"","header-above-stick-meta":"","header-main-stick-meta":"","header-below-stick-meta":"","astra-migrate-meta-layouts":"default","ast-page-background-enabled":"default","ast-page-background-meta":{"desktop":{"background-color":"var(--ast-global-color-5)","background-image":"","background-repeat":"repeat","background-position":"center center","background-size":"auto","background-attachment":"scroll","background-type":"","background-media":"","overlay-type":"","overlay-color":"","overlay-opacity":"","overlay-gradient":""},"tablet":{"background-color":"","background-image":"","background-repeat":"repeat","background-position":"center center","background-size":"auto","background-attachment":"scroll","background-type":"","background-media":"","overlay-type":"","overlay-color":"","overlay-opacity":"","overlay-gradient":""},"mobile":{"background-color":"","background-image":"","background-repeat":"repeat","background-position":"center center","background-size":"auto","background-attachment":"scroll","background-type":"","background-media":"","overlay-type":"","overlay-color":"","overlay-opacity":"","overlay-gradient":""}},"ast-content-background-meta":{"desktop":{"background-color":"var(--ast-global-color-4)","background-image":"","background-repeat":"repeat","background-position":"center center","background-size":"auto","background-attachment":"scroll","background-type":"","background-media":"","overlay-type":"","overlay-color":"","overlay-opacity":"","overlay-gradient":""},"tablet":{"background-color":"var(--ast-global-color-4)","background-image":"","background-repeat":"repeat","background-position":"center center","background-size":"auto","background-attachment":"scroll","background-type":"","background-media":"","overlay-type":"","overlay-color":"","overlay-opacity":"","overlay-gradient":""},"mobile":{"background-color":"var(--ast-global-color-4)","background-image":"","background-repeat":"repeat","background-position":"center center","background-size":"auto","background-attachment":"scroll","background-type":"","background-media":"","overlay-type":"","overlay-color":"","overlay-opacity":"","overlay-gradient":""}},"footnotes":""},"categories":[20,1],"tags":[],"class_list":["post-3953","post","type-post","status-publish","format-standard","has-post-thumbnail","hentry","category-international","category-football-latest-news"],"yoast_head":"<!-- This site is optimized with the Yoast SEO Premium plugin v26.6 (Yoast SEO v27.5) - https:\/\/yoast.com\/product\/yoast-seo-premium-wordpress\/ -->\n<title>Garnacho reacts on social media after Amorim&#039;s Man Utd sacking - Bladna News<\/title>\n<meta name=\"robots\" content=\"index, follow, max-snippet:-1, max-image-preview:large, max-video-preview:-1\" \/>\n<link rel=\"canonical\" href=\"https:\/\/bladnanews.com\/fr\/garnacho-reagit-sur-les-reseaux-sociaux-apres-le-licenciement-damorim-par-man-utd\/\" \/>\n<meta property=\"og:locale\" content=\"fr_FR\" \/>\n<meta property=\"og:type\" content=\"article\" \/>\n<meta property=\"og:title\" content=\"Garnacho reacts on social media after Amorim&#039;s Man Utd sacking\" \/>\n<meta property=\"og:description\" content=\"Alejandro Garnacho has reacted on social media following Ruben Amorim\u2019s sacking at Manchester United, with the winger\u2019s online activity catching [&hellip;]\" \/>\n<meta property=\"og:url\" content=\"https:\/\/bladnanews.com\/fr\/garnacho-reagit-sur-les-reseaux-sociaux-apres-le-licenciement-damorim-par-man-utd\/\" \/>\n<meta property=\"og:site_name\" content=\"Bladna News\" \/>\n<meta property=\"article:published_time\" content=\"2026-01-05T12:36:27+00:00\" \/>\n<meta property=\"og:image\" content=\"https:\/\/bladnanews.com\/wp-content\/uploads\/2025\/12\/freepik__bladna-newscom-moroccan-soccer-homepage-banner-mor__41838.png\" \/>\n\t<meta property=\"og:image:width\" content=\"1312\" \/>\n\t<meta property=\"og:image:height\" content=\"736\" \/>\n\t<meta property=\"og:image:type\" content=\"image\/png\" \/>\n<meta name=\"author\" content=\"Bladna News Staff\" \/>\n<meta name=\"twitter:card\" content=\"summary_large_image\" \/>\n<meta name=\"twitter:label1\" content=\"\u00c9crit par\" \/>\n\t<meta name=\"twitter:data1\" content=\"Bladna News Staff\" \/>\n\t<meta name=\"twitter:label2\" content=\"Dur\u00e9e de lecture estim\u00e9e\" \/>\n\t<meta name=\"twitter:data2\" content=\"1 minute\" \/>\n<script type=\"application\/ld+json\" class=\"yoast-schema-graph\">{\"@context\":\"https:\\\/\\\/schema.org\",\"@graph\":[{\"@type\":\"Article\",\"@id\":\"https:\\\/\\\/bladnanews.com\\\/garnacho-reacts-on-social-media-after-amorims-man-utd-sacking\\\/#article\",\"isPartOf\":{\"@id\":\"https:\\\/\\\/bladnanews.com\\\/garnacho-reacts-on-social-media-after-amorims-man-utd-sacking\\\/\"},\"author\":{\"name\":\"Bladna News Staff\",\"@id\":\"https:\\\/\\\/mediumseagreen-eel-531711.hostingersite.com\\\/#\\\/schema\\\/person\\\/268e18a453ab080ebf76df6ef7845083\"},\"headline\":\"Garnacho reacts on social media after Amorim&#8217;s Man Utd sacking\",\"datePublished\":\"2026-01-05T12:36:27+00:00\",\"mainEntityOfPage\":{\"@id\":\"https:\\\/\\\/bladnanews.com\\\/garnacho-reacts-on-social-media-after-amorims-man-utd-sacking\\\/\"},\"wordCount\":151,\"publisher\":{\"@id\":\"https:\\\/\\\/mediumseagreen-eel-531711.hostingersite.com\\\/#organization\"},\"image\":{\"@id\":\"https:\\\/\\\/bladnanews.com\\\/garnacho-reacts-on-social-media-after-amorims-man-utd-sacking\\\/#primaryimage\"},\"thumbnailUrl\":\"https:\\\/\\\/bladnanews.com\\\/wp-content\\\/uploads\\\/2026\\\/01\\\/BladnaNews-Garnacho-reacts-on-social-media-after-Amorims-Man-Utd-sacking-2026-01-05T175123.246Z.jpg\",\"articleSection\":[\"International\",\"Latest News\"],\"inLanguage\":\"fr-FR\",\"copyrightYear\":\"2026\",\"copyrightHolder\":{\"@id\":\"https:\\\/\\\/bladnanews.com\\\/fr\\\/#organization\"}},{\"@type\":\"WebPage\",\"@id\":\"https:\\\/\\\/bladnanews.com\\\/garnacho-reacts-on-social-media-after-amorims-man-utd-sacking\\\/\",\"url\":\"https:\\\/\\\/bladnanews.com\\\/garnacho-reacts-on-social-media-after-amorims-man-utd-sacking\\\/\",\"name\":\"Garnacho reacts on social media after Amorim's Man Utd sacking - Bladna News\",\"isPartOf\":{\"@id\":\"https:\\\/\\\/mediumseagreen-eel-531711.hostingersite.com\\\/#website\"},\"primaryImageOfPage\":{\"@id\":\"https:\\\/\\\/bladnanews.com\\\/garnacho-reacts-on-social-media-after-amorims-man-utd-sacking\\\/#primaryimage\"},\"image\":{\"@id\":\"https:\\\/\\\/bladnanews.com\\\/garnacho-reacts-on-social-media-after-amorims-man-utd-sacking\\\/#primaryimage\"},\"thumbnailUrl\":\"https:\\\/\\\/bladnanews.com\\\/wp-content\\\/uploads\\\/2026\\\/01\\\/BladnaNews-Garnacho-reacts-on-social-media-after-Amorims-Man-Utd-sacking-2026-01-05T175123.246Z.jpg\",\"datePublished\":\"2026-01-05T12:36:27+00:00\",\"breadcrumb\":{\"@id\":\"https:\\\/\\\/bladnanews.com\\\/garnacho-reacts-on-social-media-after-amorims-man-utd-sacking\\\/#breadcrumb\"},\"inLanguage\":\"fr-FR\",\"potentialAction\":[{\"@type\":\"ReadAction\",\"target\":[\"https:\\\/\\\/bladnanews.com\\\/garnacho-reacts-on-social-media-after-amorims-man-utd-sacking\\\/\"]}]},{\"@type\":\"ImageObject\",\"inLanguage\":\"fr-FR\",\"@id\":\"https:\\\/\\\/bladnanews.com\\\/garnacho-reacts-on-social-media-after-amorims-man-utd-sacking\\\/#primaryimage\",\"url\":\"https:\\\/\\\/bladnanews.com\\\/wp-content\\\/uploads\\\/2026\\\/01\\\/BladnaNews-Garnacho-reacts-on-social-media-after-Amorims-Man-Utd-sacking-2026-01-05T175123.246Z.jpg\",\"contentUrl\":\"https:\\\/\\\/bladnanews.com\\\/wp-content\\\/uploads\\\/2026\\\/01\\\/BladnaNews-Garnacho-reacts-on-social-media-after-Amorims-Man-Utd-sacking-2026-01-05T175123.246Z.jpg\",\"width\":1600,\"height\":900,\"caption\":\"Garnacho smiles as he reacts to Amorim's sacking, contrasting with the stern expression of the Manchester United coach.\"},{\"@type\":\"BreadcrumbList\",\"@id\":\"https:\\\/\\\/bladnanews.com\\\/garnacho-reacts-on-social-media-after-amorims-man-utd-sacking\\\/#breadcrumb\",\"itemListElement\":[{\"@type\":\"ListItem\",\"position\":1,\"name\":\"Home\",\"item\":\"https:\\\/\\\/bladnanews.com\\\/\"},{\"@type\":\"ListItem\",\"position\":2,\"name\":\"Garnacho reacts on social media after Amorim&#8217;s Man Utd sacking\"}]},{\"@type\":\"WebSite\",\"@id\":\"https:\\\/\\\/mediumseagreen-eel-531711.hostingersite.com\\\/#website\",\"url\":\"https:\\\/\\\/mediumseagreen-eel-531711.hostingersite.com\\\/\",\"name\":\"Bladna News - Morocco\",\"description\":\"Where Moroccan Football Meets the World\",\"publisher\":{\"@id\":\"https:\\\/\\\/mediumseagreen-eel-531711.hostingersite.com\\\/#organization\"},\"potentialAction\":[{\"@type\":\"SearchAction\",\"target\":{\"@type\":\"EntryPoint\",\"urlTemplate\":\"https:\\\/\\\/mediumseagreen-eel-531711.hostingersite.com\\\/?s={search_term_string}\"},\"query-input\":{\"@type\":\"PropertyValueSpecification\",\"valueRequired\":true,\"valueName\":\"search_term_string\"}}],\"inLanguage\":\"fr-FR\"},{\"@type\":\"Organization\",\"@id\":\"https:\\\/\\\/mediumseagreen-eel-531711.hostingersite.com\\\/#organization\",\"name\":\"Bladna News.com\",\"url\":\"https:\\\/\\\/mediumseagreen-eel-531711.hostingersite.com\\\/\",\"logo\":{\"@type\":\"ImageObject\",\"inLanguage\":\"fr-FR\",\"@id\":\"https:\\\/\\\/mediumseagreen-eel-531711.hostingersite.com\\\/#\\\/schema\\\/logo\\\/image\\\/\",\"url\":\"https:\\\/\\\/bladnanews.com\\\/wp-content\\\/uploads\\\/2025\\\/12\\\/logo-bladnanews-V2-web-black-red.png\",\"contentUrl\":\"https:\\\/\\\/bladnanews.com\\\/wp-content\\\/uploads\\\/2025\\\/12\\\/logo-bladnanews-V2-web-black-red.png\",\"width\":703,\"height\":287,\"caption\":\"Bladna News.com\"},\"image\":{\"@id\":\"https:\\\/\\\/mediumseagreen-eel-531711.hostingersite.com\\\/#\\\/schema\\\/logo\\\/image\\\/\"},\"email\":\"info@bladnanews.com\",\"legalName\":\"Bladna News\"},{\"@type\":\"Person\",\"@id\":\"https:\\\/\\\/mediumseagreen-eel-531711.hostingersite.com\\\/#\\\/schema\\\/person\\\/268e18a453ab080ebf76df6ef7845083\",\"name\":\"Bladna News Staff\",\"url\":\"https:\\\/\\\/bladnanews.com\\\/fr\\\/author\\\/bladna-news-staff\\\/\"}]}<\/script>\n<!-- \/ Yoast SEO Premium plugin. -->","yoast_head_json":{"title":"Garnacho r\u00e9agit sur les r\u00e9seaux sociaux apr\u00e8s le licenciement d'Amorim par Man Utd - Bladna News","robots":{"index":"index","follow":"follow","max-snippet":"max-snippet:-1","max-image-preview":"max-image-preview:large","max-video-preview":"max-video-preview:-1"},"canonical":"https:\/\/bladnanews.com\/fr\/garnacho-reagit-sur-les-reseaux-sociaux-apres-le-licenciement-damorim-par-man-utd\/","og_locale":"fr_FR","og_type":"article","og_title":"Garnacho reacts on social media after Amorim's Man Utd sacking","og_description":"Alejandro Garnacho has reacted on social media following Ruben Amorim\u2019s sacking at Manchester United, with the winger\u2019s online activity catching [&hellip;]","og_url":"https:\/\/bladnanews.com\/fr\/garnacho-reagit-sur-les-reseaux-sociaux-apres-le-licenciement-damorim-par-man-utd\/","og_site_name":"Bladna News","article_published_time":"2026-01-05T12:36:27+00:00","og_image":[{"width":1312,"height":736,"url":"https:\/\/bladnanews.com\/wp-content\/uploads\/2025\/12\/freepik__bladna-newscom-moroccan-soccer-homepage-banner-mor__41838.png","type":"image\/png"}],"author":"Bladna News Staff","twitter_card":"summary_large_image","twitter_misc":{"\u00c9crit par":"Bladna News Staff","Dur\u00e9e de lecture estim\u00e9e":"1 minute"},"schema":{"@context":"https:\/\/schema.org","@graph":[{"@type":"Article","@id":"https:\/\/bladnanews.com\/garnacho-reacts-on-social-media-after-amorims-man-utd-sacking\/#article","isPartOf":{"@id":"https:\/\/bladnanews.com\/garnacho-reacts-on-social-media-after-amorims-man-utd-sacking\/"},"author":{"name":"Bladna News Staff","@id":"https:\/\/mediumseagreen-eel-531711.hostingersite.com\/#\/schema\/person\/268e18a453ab080ebf76df6ef7845083"},"headline":"Garnacho reacts on social media after Amorim&#8217;s Man Utd sacking","datePublished":"2026-01-05T12:36:27+00:00","mainEntityOfPage":{"@id":"https:\/\/bladnanews.com\/garnacho-reacts-on-social-media-after-amorims-man-utd-sacking\/"},"wordCount":151,"publisher":{"@id":"https:\/\/mediumseagreen-eel-531711.hostingersite.com\/#organization"},"image":{"@id":"https:\/\/bladnanews.com\/garnacho-reacts-on-social-media-after-amorims-man-utd-sacking\/#primaryimage"},"thumbnailUrl":"https:\/\/bladnanews.com\/wp-content\/uploads\/2026\/01\/BladnaNews-Garnacho-reacts-on-social-media-after-Amorims-Man-Utd-sacking-2026-01-05T175123.246Z.jpg","articleSection":["International","Latest News"],"inLanguage":"fr-FR","copyrightYear":"2026","copyrightHolder":{"@id":"https:\/\/bladnanews.com\/fr\/#organization"}},{"@type":"WebPage","@id":"https:\/\/bladnanews.com\/garnacho-reacts-on-social-media-after-amorims-man-utd-sacking\/","url":"https:\/\/bladnanews.com\/garnacho-reacts-on-social-media-after-amorims-man-utd-sacking\/","name":"Garnacho r\u00e9agit sur les r\u00e9seaux sociaux apr\u00e8s le licenciement d'Amorim par Man Utd - Bladna News","isPartOf":{"@id":"https:\/\/mediumseagreen-eel-531711.hostingersite.com\/#website"},"primaryImageOfPage":{"@id":"https:\/\/bladnanews.com\/garnacho-reacts-on-social-media-after-amorims-man-utd-sacking\/#primaryimage"},"image":{"@id":"https:\/\/bladnanews.com\/garnacho-reacts-on-social-media-after-amorims-man-utd-sacking\/#primaryimage"},"thumbnailUrl":"https:\/\/bladnanews.com\/wp-content\/uploads\/2026\/01\/BladnaNews-Garnacho-reacts-on-social-media-after-Amorims-Man-Utd-sacking-2026-01-05T175123.246Z.jpg","datePublished":"2026-01-05T12:36:27+00:00","breadcrumb":{"@id":"https:\/\/bladnanews.com\/garnacho-reacts-on-social-media-after-amorims-man-utd-sacking\/#breadcrumb"},"inLanguage":"fr-FR","potentialAction":[{"@type":"ReadAction","target":["https:\/\/bladnanews.com\/garnacho-reacts-on-social-media-after-amorims-man-utd-sacking\/"]}]},{"@type":"ImageObject","inLanguage":"fr-FR","@id":"https:\/\/bladnanews.com\/garnacho-reacts-on-social-media-after-amorims-man-utd-sacking\/#primaryimage","url":"https:\/\/bladnanews.com\/wp-content\/uploads\/2026\/01\/BladnaNews-Garnacho-reacts-on-social-media-after-Amorims-Man-Utd-sacking-2026-01-05T175123.246Z.jpg","contentUrl":"https:\/\/bladnanews.com\/wp-content\/uploads\/2026\/01\/BladnaNews-Garnacho-reacts-on-social-media-after-Amorims-Man-Utd-sacking-2026-01-05T175123.246Z.jpg","width":1600,"height":900,"caption":"Garnacho smiles as he reacts to Amorim's sacking, contrasting with the stern expression of the Manchester United coach."},{"@type":"BreadcrumbList","@id":"https:\/\/bladnanews.com\/garnacho-reacts-on-social-media-after-amorims-man-utd-sacking\/#breadcrumb","itemListElement":[{"@type":"ListItem","position":1,"name":"Home","item":"https:\/\/bladnanews.com\/"},{"@type":"ListItem","position":2,"name":"Garnacho reacts on social media after Amorim&#8217;s Man Utd sacking"}]},{"@type":"WebSite","@id":"https:\/\/mediumseagreen-eel-531711.hostingersite.com\/#website","url":"https:\/\/mediumseagreen-eel-531711.hostingersite.com\/","name":"Bladna News - Maroc","description":"Quand le football marocain rencontre le monde","publisher":{"@id":"https:\/\/mediumseagreen-eel-531711.hostingersite.com\/#organization"},"potentialAction":[{"@type":"SearchAction","target":{"@type":"EntryPoint","urlTemplate":"https:\/\/mediumseagreen-eel-531711.hostingersite.com\/?s={search_term_string}"},"query-input":{"@type":"PropertyValueSpecification","valueRequired":true,"valueName":"search_term_string"}}],"inLanguage":"fr-FR"},{"@type":"Organization","@id":"https:\/\/mediumseagreen-eel-531711.hostingersite.com\/#organization","name":"Bladna News.com","url":"https:\/\/mediumseagreen-eel-531711.hostingersite.com\/","logo":{"@type":"ImageObject","inLanguage":"fr-FR","@id":"https:\/\/mediumseagreen-eel-531711.hostingersite.com\/#\/schema\/logo\/image\/","url":"https:\/\/bladnanews.com\/wp-content\/uploads\/2025\/12\/logo-bladnanews-V2-web-black-red.png","contentUrl":"https:\/\/bladnanews.com\/wp-content\/uploads\/2025\/12\/logo-bladnanews-V2-web-black-red.png","width":703,"height":287,"caption":"Bladna News.com"},"image":{"@id":"https:\/\/mediumseagreen-eel-531711.hostingersite.com\/#\/schema\/logo\/image\/"},"email":"info@bladnanews.com","legalName":"Bladna News"},{"@type":"Person","@id":"https:\/\/mediumseagreen-eel-531711.hostingersite.com\/#\/schema\/person\/268e18a453ab080ebf76df6ef7845083","name":"\u00c9quipe r\u00e9dactionnelle de Bladna News","url":"https:\/\/bladnanews.com\/fr\/author\/bladna-news-staff\/"}]}},"_links":{"self":[{"href":"https:\/\/bladnanews.com\/fr\/wp-json\/wp\/v2\/posts\/3953","targetHints":{"allow":["GET"]}}],"collection":[{"href":"https:\/\/bladnanews.com\/fr\/wp-json\/wp\/v2\/posts"}],"about":[{"href":"https:\/\/bladnanews.com\/fr\/wp-json\/wp\/v2\/types\/post"}],"author":[{"embeddable":true,"href":"https:\/\/bladnanews.com\/fr\/wp-json\/wp\/v2\/users\/3"}],"replies":[{"embeddable":true,"href":"https:\/\/bladnanews.com\/fr\/wp-json\/wp\/v2\/comments?post=3953"}],"version-history":[{"count":0,"href":"https:\/\/bladnanews.com\/fr\/wp-json\/wp\/v2\/posts\/3953\/revisions"}],"wp:featuredmedia":[{"embeddable":true,"href":"https:\/\/bladnanews.com\/fr\/wp-json\/wp\/v2\/media\/3951"}],"wp:attachment":[{"href":"https:\/\/bladnanews.com\/fr\/wp-json\/wp\/v2\/media?parent=3953"}],"wp:term":[{"taxonomy":"category","embeddable":true,"href":"https:\/\/bladnanews.com\/fr\/wp-json\/wp\/v2\/categories?post=3953"},{"taxonomy":"post_tag","embeddable":true,"href":"https:\/\/bladnanews.com\/fr\/wp-json\/wp\/v2\/tags?post=3953"}],"curies":[{"name":"wp","href":"https:\/\/api.w.org\/{rel}","templated":true}]}}