{"id":3956,"date":"2026-01-05T12:41:26","date_gmt":"2026-01-05T12:41:26","guid":{"rendered":"https:\/\/bladnanews.com\/ruben-amorim-felt-betrayed-by-man-utd-before-sacking\/"},"modified":"2026-01-05T12:41:26","modified_gmt":"2026-01-05T12:41:26","slug":"ruben-amorim-sest-senti-trahi-par-manchester-united-avant-son-licenciement","status":"publish","type":"post","link":"https:\/\/bladnanews.com\/fr\/ruben-amorim-sest-senti-trahi-par-manchester-united-avant-son-licenciement\/","title":{"rendered":"Ruben Amorim s'est senti trahi par Manchester United avant son licenciement."},"content":{"rendered":"<p>Ruben Amorim s'est senti \u201c trahi \u201d par Manchester United dans les derni\u00e8res heures pr\u00e9c\u00e9dant son licenciement, selon un expert en langage corporel qui a analys\u00e9 son attitude au moment o\u00f9 la d\u00e9cision a \u00e9t\u00e9 prise.<\/p>\n<p>L'expert a affirm\u00e9 qu'Amorim semblait \u201c en col\u00e8re \u201d au fur et \u00e0 mesure du d\u00e9roulement des \u00e9v\u00e9nements, son langage corporel sugg\u00e9rant qu'il n'avait pas anticip\u00e9 que la d\u00e9cision finale surviendrait de cette mani\u00e8re. Il a \u00e9t\u00e9 r\u00e9v\u00e9l\u00e9 que la r\u00e9action de l'entra\u00eeneur portugais donnait l'impression d'un homme persuad\u00e9 d'avoir \u00e9t\u00e9 mis \u00e0 nu \u00e0 l'issue d'un processus brutal.<\/p>\n<p>Manchester United a depuis confirm\u00e9 le licenciement d'Amorim, mettant fin de mani\u00e8re abrupte \u00e0 son mandat. La d\u00e9cision du club a \u00e9t\u00e9 d\u00e9crite comme un renvoi impitoyable, et l'analyse du langage corporel a mis en \u00e9vidence un net changement dans l'humeur d'Amorim dans les instants pr\u00e9c\u00e9dant l'annonce.<\/p>\n<p>Selon l'expert, les expressions faciales et la posture d'Amorim r\u00e9v\u00e9laient de la frustration et de l'incr\u00e9dulit\u00e9, donnant globalement l'impression qu'il estimait que le club avait chang\u00e9 de cap tardivement et sans la clart\u00e9 qu'il escomptait. L'analyse sugg\u00e8re que son apparition publique durant ces derni\u00e8res heures portait les marques d'une personne jugeant que la situation avait \u00e9t\u00e9 mal g\u00e9r\u00e9e.<\/p>\n<p>Cette r\u00e9v\u00e9lation ajoute une nouvelle dimension \u00e0 la derni\u00e8re tourmente manag\u00e9riale de United, Amorim tournant d\u00e9sormais la page apr\u00e8s ce qui est pr\u00e9sent\u00e9 comme une fin am\u00e8re. L'attention se portera maintenant sur la suite pour les deux parties suite \u00e0 la d\u00e9cision confirm\u00e9e de se s\u00e9parer.<\/p>","protected":false},"excerpt":{"rendered":"<p>Ruben Amorim felt \u201cbetrayed\u201d by Manchester United in the final hours before his sacking, according to a body language expert [&hellip;]<\/p>\n","protected":false},"author":3,"featured_media":3954,"comment_status":"","ping_status":"open","sticky":false,"template":"","format":"standard","meta":{"googlesitekit_rrm_CAow_uzEDA:productID":"","site-sidebar-layout":"default","site-content-layout":"","ast-site-content-layout":"default","site-content-style":"default","site-sidebar-style":"default","ast-global-header-display":"","ast-banner-title-visibility":"","ast-main-header-display":"","ast-hfb-above-header-display":"","ast-hfb-below-header-display":"","ast-hfb-mobile-header-display":"","site-post-title":"","ast-breadcrumbs-content":"","ast-featured-img":"","footer-sml-layout":"","ast-disable-related-posts":"","theme-transparent-header-meta":"","adv-header-id-meta":"","stick-header-meta":"","header-above-stick-meta":"","header-main-stick-meta":"","header-below-stick-meta":"","astra-migrate-meta-layouts":"default","ast-page-background-enabled":"default","ast-page-background-meta":{"desktop":{"background-color":"var(--ast-global-color-5)","background-image":"","background-repeat":"repeat","background-position":"center center","background-size":"auto","background-attachment":"scroll","background-type":"","background-media":"","overlay-type":"","overlay-color":"","overlay-opacity":"","overlay-gradient":""},"tablet":{"background-color":"","background-image":"","background-repeat":"repeat","background-position":"center center","background-size":"auto","background-attachment":"scroll","background-type":"","background-media":"","overlay-type":"","overlay-color":"","overlay-opacity":"","overlay-gradient":""},"mobile":{"background-color":"","background-image":"","background-repeat":"repeat","background-position":"center center","background-size":"auto","background-attachment":"scroll","background-type":"","background-media":"","overlay-type":"","overlay-color":"","overlay-opacity":"","overlay-gradient":""}},"ast-content-background-meta":{"desktop":{"background-color":"var(--ast-global-color-4)","background-image":"","background-repeat":"repeat","background-position":"center center","background-size":"auto","background-attachment":"scroll","background-type":"","background-media":"","overlay-type":"","overlay-color":"","overlay-opacity":"","overlay-gradient":""},"tablet":{"background-color":"var(--ast-global-color-4)","background-image":"","background-repeat":"repeat","background-position":"center center","background-size":"auto","background-attachment":"scroll","background-type":"","background-media":"","overlay-type":"","overlay-color":"","overlay-opacity":"","overlay-gradient":""},"mobile":{"background-color":"var(--ast-global-color-4)","background-image":"","background-repeat":"repeat","background-position":"center center","background-size":"auto","background-attachment":"scroll","background-type":"","background-media":"","overlay-type":"","overlay-color":"","overlay-opacity":"","overlay-gradient":""}},"footnotes":""},"categories":[20,1],"tags":[],"class_list":["post-3956","post","type-post","status-publish","format-standard","has-post-thumbnail","hentry","category-international","category-football-latest-news"],"yoast_head":"<!-- This site is optimized with the Yoast SEO Premium plugin v26.6 (Yoast SEO v27.5) - https:\/\/yoast.com\/product\/yoast-seo-premium-wordpress\/ -->\n<title>Ruben Amorim felt betrayed by Man Utd before sacking - Bladna News<\/title>\n<meta name=\"robots\" content=\"index, follow, max-snippet:-1, max-image-preview:large, max-video-preview:-1\" \/>\n<link rel=\"canonical\" href=\"https:\/\/bladnanews.com\/fr\/ruben-amorim-sest-senti-trahi-par-manchester-united-avant-son-licenciement\/\" \/>\n<meta property=\"og:locale\" content=\"fr_FR\" \/>\n<meta property=\"og:type\" content=\"article\" \/>\n<meta property=\"og:title\" content=\"Ruben Amorim felt betrayed by Man Utd before sacking\" \/>\n<meta property=\"og:description\" content=\"Ruben Amorim felt \u201cbetrayed\u201d by Manchester United in the final hours before his sacking, according to a body language expert [&hellip;]\" \/>\n<meta property=\"og:url\" content=\"https:\/\/bladnanews.com\/fr\/ruben-amorim-sest-senti-trahi-par-manchester-united-avant-son-licenciement\/\" \/>\n<meta property=\"og:site_name\" content=\"Bladna News\" \/>\n<meta property=\"article:published_time\" content=\"2026-01-05T12:41:26+00:00\" \/>\n<meta property=\"og:image\" content=\"https:\/\/bladnanews.com\/wp-content\/uploads\/2025\/12\/freepik__bladna-newscom-moroccan-soccer-homepage-banner-mor__41838.png\" \/>\n\t<meta property=\"og:image:width\" content=\"1312\" \/>\n\t<meta property=\"og:image:height\" content=\"736\" \/>\n\t<meta property=\"og:image:type\" content=\"image\/png\" \/>\n<meta name=\"author\" content=\"Bladna News Staff\" \/>\n<meta name=\"twitter:card\" content=\"summary_large_image\" \/>\n<meta name=\"twitter:label1\" content=\"\u00c9crit par\" \/>\n\t<meta name=\"twitter:data1\" content=\"Bladna News Staff\" \/>\n\t<meta name=\"twitter:label2\" content=\"Dur\u00e9e de lecture estim\u00e9e\" \/>\n\t<meta name=\"twitter:data2\" content=\"1 minute\" \/>\n<script type=\"application\/ld+json\" class=\"yoast-schema-graph\">{\"@context\":\"https:\\\/\\\/schema.org\",\"@graph\":[{\"@type\":\"Article\",\"@id\":\"https:\\\/\\\/bladnanews.com\\\/ruben-amorim-felt-betrayed-by-man-utd-before-sacking\\\/#article\",\"isPartOf\":{\"@id\":\"https:\\\/\\\/bladnanews.com\\\/ruben-amorim-felt-betrayed-by-man-utd-before-sacking\\\/\"},\"author\":{\"name\":\"Bladna News Staff\",\"@id\":\"https:\\\/\\\/mediumseagreen-eel-531711.hostingersite.com\\\/#\\\/schema\\\/person\\\/268e18a453ab080ebf76df6ef7845083\"},\"headline\":\"Ruben Amorim felt betrayed by Man Utd before sacking\",\"datePublished\":\"2026-01-05T12:41:26+00:00\",\"mainEntityOfPage\":{\"@id\":\"https:\\\/\\\/bladnanews.com\\\/ruben-amorim-felt-betrayed-by-man-utd-before-sacking\\\/\"},\"wordCount\":249,\"publisher\":{\"@id\":\"https:\\\/\\\/mediumseagreen-eel-531711.hostingersite.com\\\/#organization\"},\"image\":{\"@id\":\"https:\\\/\\\/bladnanews.com\\\/ruben-amorim-felt-betrayed-by-man-utd-before-sacking\\\/#primaryimage\"},\"thumbnailUrl\":\"https:\\\/\\\/bladnanews.com\\\/wp-content\\\/uploads\\\/2026\\\/01\\\/BladnaNews-Ruben-Amorim-felt-betrayed-by-Man-Utd-before-sacking-2026-01-05T175146.403Z.jpg\",\"articleSection\":[\"International\",\"Latest News\"],\"inLanguage\":\"fr-FR\",\"copyrightYear\":\"2026\",\"copyrightHolder\":{\"@id\":\"https:\\\/\\\/bladnanews.com\\\/fr\\\/#organization\"}},{\"@type\":\"WebPage\",\"@id\":\"https:\\\/\\\/bladnanews.com\\\/ruben-amorim-felt-betrayed-by-man-utd-before-sacking\\\/\",\"url\":\"https:\\\/\\\/bladnanews.com\\\/ruben-amorim-felt-betrayed-by-man-utd-before-sacking\\\/\",\"name\":\"Ruben Amorim felt betrayed by Man Utd before sacking - Bladna News\",\"isPartOf\":{\"@id\":\"https:\\\/\\\/mediumseagreen-eel-531711.hostingersite.com\\\/#website\"},\"primaryImageOfPage\":{\"@id\":\"https:\\\/\\\/bladnanews.com\\\/ruben-amorim-felt-betrayed-by-man-utd-before-sacking\\\/#primaryimage\"},\"image\":{\"@id\":\"https:\\\/\\\/bladnanews.com\\\/ruben-amorim-felt-betrayed-by-man-utd-before-sacking\\\/#primaryimage\"},\"thumbnailUrl\":\"https:\\\/\\\/bladnanews.com\\\/wp-content\\\/uploads\\\/2026\\\/01\\\/BladnaNews-Ruben-Amorim-felt-betrayed-by-Man-Utd-before-sacking-2026-01-05T175146.403Z.jpg\",\"datePublished\":\"2026-01-05T12:41:26+00:00\",\"breadcrumb\":{\"@id\":\"https:\\\/\\\/bladnanews.com\\\/ruben-amorim-felt-betrayed-by-man-utd-before-sacking\\\/#breadcrumb\"},\"inLanguage\":\"fr-FR\",\"potentialAction\":[{\"@type\":\"ReadAction\",\"target\":[\"https:\\\/\\\/bladnanews.com\\\/ruben-amorim-felt-betrayed-by-man-utd-before-sacking\\\/\"]}]},{\"@type\":\"ImageObject\",\"inLanguage\":\"fr-FR\",\"@id\":\"https:\\\/\\\/bladnanews.com\\\/ruben-amorim-felt-betrayed-by-man-utd-before-sacking\\\/#primaryimage\",\"url\":\"https:\\\/\\\/bladnanews.com\\\/wp-content\\\/uploads\\\/2026\\\/01\\\/BladnaNews-Ruben-Amorim-felt-betrayed-by-Man-Utd-before-sacking-2026-01-05T175146.403Z.jpg\",\"contentUrl\":\"https:\\\/\\\/bladnanews.com\\\/wp-content\\\/uploads\\\/2026\\\/01\\\/BladnaNews-Ruben-Amorim-felt-betrayed-by-Man-Utd-before-sacking-2026-01-05T175146.403Z.jpg\",\"width\":1600,\"height\":900,\"caption\":\"Ruben Amorim looks disappointed in a dark Manchester United jacket, conveying a sense of betrayal following his sacking.\"},{\"@type\":\"BreadcrumbList\",\"@id\":\"https:\\\/\\\/bladnanews.com\\\/ruben-amorim-felt-betrayed-by-man-utd-before-sacking\\\/#breadcrumb\",\"itemListElement\":[{\"@type\":\"ListItem\",\"position\":1,\"name\":\"Home\",\"item\":\"https:\\\/\\\/bladnanews.com\\\/\"},{\"@type\":\"ListItem\",\"position\":2,\"name\":\"Ruben Amorim felt betrayed by Man Utd before sacking\"}]},{\"@type\":\"WebSite\",\"@id\":\"https:\\\/\\\/mediumseagreen-eel-531711.hostingersite.com\\\/#website\",\"url\":\"https:\\\/\\\/mediumseagreen-eel-531711.hostingersite.com\\\/\",\"name\":\"Bladna News - Morocco\",\"description\":\"Where Moroccan Football Meets the World\",\"publisher\":{\"@id\":\"https:\\\/\\\/mediumseagreen-eel-531711.hostingersite.com\\\/#organization\"},\"potentialAction\":[{\"@type\":\"SearchAction\",\"target\":{\"@type\":\"EntryPoint\",\"urlTemplate\":\"https:\\\/\\\/mediumseagreen-eel-531711.hostingersite.com\\\/?s={search_term_string}\"},\"query-input\":{\"@type\":\"PropertyValueSpecification\",\"valueRequired\":true,\"valueName\":\"search_term_string\"}}],\"inLanguage\":\"fr-FR\"},{\"@type\":\"Organization\",\"@id\":\"https:\\\/\\\/mediumseagreen-eel-531711.hostingersite.com\\\/#organization\",\"name\":\"Bladna News.com\",\"url\":\"https:\\\/\\\/mediumseagreen-eel-531711.hostingersite.com\\\/\",\"logo\":{\"@type\":\"ImageObject\",\"inLanguage\":\"fr-FR\",\"@id\":\"https:\\\/\\\/mediumseagreen-eel-531711.hostingersite.com\\\/#\\\/schema\\\/logo\\\/image\\\/\",\"url\":\"https:\\\/\\\/bladnanews.com\\\/wp-content\\\/uploads\\\/2025\\\/12\\\/logo-bladnanews-V2-web-black-red.png\",\"contentUrl\":\"https:\\\/\\\/bladnanews.com\\\/wp-content\\\/uploads\\\/2025\\\/12\\\/logo-bladnanews-V2-web-black-red.png\",\"width\":703,\"height\":287,\"caption\":\"Bladna News.com\"},\"image\":{\"@id\":\"https:\\\/\\\/mediumseagreen-eel-531711.hostingersite.com\\\/#\\\/schema\\\/logo\\\/image\\\/\"},\"email\":\"info@bladnanews.com\",\"legalName\":\"Bladna News\"},{\"@type\":\"Person\",\"@id\":\"https:\\\/\\\/mediumseagreen-eel-531711.hostingersite.com\\\/#\\\/schema\\\/person\\\/268e18a453ab080ebf76df6ef7845083\",\"name\":\"Bladna News Staff\",\"url\":\"https:\\\/\\\/bladnanews.com\\\/fr\\\/author\\\/bladna-news-staff\\\/\"}]}<\/script>\n<!-- \/ Yoast SEO Premium plugin. -->","yoast_head_json":{"title":"Ruben Amorim s'est senti trahi par Manchester United avant son licenciement - Bladna News","robots":{"index":"index","follow":"follow","max-snippet":"max-snippet:-1","max-image-preview":"max-image-preview:large","max-video-preview":"max-video-preview:-1"},"canonical":"https:\/\/bladnanews.com\/fr\/ruben-amorim-sest-senti-trahi-par-manchester-united-avant-son-licenciement\/","og_locale":"fr_FR","og_type":"article","og_title":"Ruben Amorim felt betrayed by Man Utd before sacking","og_description":"Ruben Amorim felt \u201cbetrayed\u201d by Manchester United in the final hours before his sacking, according to a body language expert [&hellip;]","og_url":"https:\/\/bladnanews.com\/fr\/ruben-amorim-sest-senti-trahi-par-manchester-united-avant-son-licenciement\/","og_site_name":"Bladna News","article_published_time":"2026-01-05T12:41:26+00:00","og_image":[{"width":1312,"height":736,"url":"https:\/\/bladnanews.com\/wp-content\/uploads\/2025\/12\/freepik__bladna-newscom-moroccan-soccer-homepage-banner-mor__41838.png","type":"image\/png"}],"author":"Bladna News Staff","twitter_card":"summary_large_image","twitter_misc":{"\u00c9crit par":"Bladna News Staff","Dur\u00e9e de lecture estim\u00e9e":"1 minute"},"schema":{"@context":"https:\/\/schema.org","@graph":[{"@type":"Article","@id":"https:\/\/bladnanews.com\/ruben-amorim-felt-betrayed-by-man-utd-before-sacking\/#article","isPartOf":{"@id":"https:\/\/bladnanews.com\/ruben-amorim-felt-betrayed-by-man-utd-before-sacking\/"},"author":{"name":"Bladna News Staff","@id":"https:\/\/mediumseagreen-eel-531711.hostingersite.com\/#\/schema\/person\/268e18a453ab080ebf76df6ef7845083"},"headline":"Ruben Amorim felt betrayed by Man Utd before sacking","datePublished":"2026-01-05T12:41:26+00:00","mainEntityOfPage":{"@id":"https:\/\/bladnanews.com\/ruben-amorim-felt-betrayed-by-man-utd-before-sacking\/"},"wordCount":249,"publisher":{"@id":"https:\/\/mediumseagreen-eel-531711.hostingersite.com\/#organization"},"image":{"@id":"https:\/\/bladnanews.com\/ruben-amorim-felt-betrayed-by-man-utd-before-sacking\/#primaryimage"},"thumbnailUrl":"https:\/\/bladnanews.com\/wp-content\/uploads\/2026\/01\/BladnaNews-Ruben-Amorim-felt-betrayed-by-Man-Utd-before-sacking-2026-01-05T175146.403Z.jpg","articleSection":["International","Latest News"],"inLanguage":"fr-FR","copyrightYear":"2026","copyrightHolder":{"@id":"https:\/\/bladnanews.com\/fr\/#organization"}},{"@type":"WebPage","@id":"https:\/\/bladnanews.com\/ruben-amorim-felt-betrayed-by-man-utd-before-sacking\/","url":"https:\/\/bladnanews.com\/ruben-amorim-felt-betrayed-by-man-utd-before-sacking\/","name":"Ruben Amorim s'est senti trahi par Manchester United avant son licenciement - Bladna News","isPartOf":{"@id":"https:\/\/mediumseagreen-eel-531711.hostingersite.com\/#website"},"primaryImageOfPage":{"@id":"https:\/\/bladnanews.com\/ruben-amorim-felt-betrayed-by-man-utd-before-sacking\/#primaryimage"},"image":{"@id":"https:\/\/bladnanews.com\/ruben-amorim-felt-betrayed-by-man-utd-before-sacking\/#primaryimage"},"thumbnailUrl":"https:\/\/bladnanews.com\/wp-content\/uploads\/2026\/01\/BladnaNews-Ruben-Amorim-felt-betrayed-by-Man-Utd-before-sacking-2026-01-05T175146.403Z.jpg","datePublished":"2026-01-05T12:41:26+00:00","breadcrumb":{"@id":"https:\/\/bladnanews.com\/ruben-amorim-felt-betrayed-by-man-utd-before-sacking\/#breadcrumb"},"inLanguage":"fr-FR","potentialAction":[{"@type":"ReadAction","target":["https:\/\/bladnanews.com\/ruben-amorim-felt-betrayed-by-man-utd-before-sacking\/"]}]},{"@type":"ImageObject","inLanguage":"fr-FR","@id":"https:\/\/bladnanews.com\/ruben-amorim-felt-betrayed-by-man-utd-before-sacking\/#primaryimage","url":"https:\/\/bladnanews.com\/wp-content\/uploads\/2026\/01\/BladnaNews-Ruben-Amorim-felt-betrayed-by-Man-Utd-before-sacking-2026-01-05T175146.403Z.jpg","contentUrl":"https:\/\/bladnanews.com\/wp-content\/uploads\/2026\/01\/BladnaNews-Ruben-Amorim-felt-betrayed-by-Man-Utd-before-sacking-2026-01-05T175146.403Z.jpg","width":1600,"height":900,"caption":"Ruben Amorim looks disappointed in a dark Manchester United jacket, conveying a sense of betrayal following his sacking."},{"@type":"BreadcrumbList","@id":"https:\/\/bladnanews.com\/ruben-amorim-felt-betrayed-by-man-utd-before-sacking\/#breadcrumb","itemListElement":[{"@type":"ListItem","position":1,"name":"Home","item":"https:\/\/bladnanews.com\/"},{"@type":"ListItem","position":2,"name":"Ruben Amorim felt betrayed by Man Utd before sacking"}]},{"@type":"WebSite","@id":"https:\/\/mediumseagreen-eel-531711.hostingersite.com\/#website","url":"https:\/\/mediumseagreen-eel-531711.hostingersite.com\/","name":"Bladna News - Maroc","description":"Quand le football marocain rencontre le monde","publisher":{"@id":"https:\/\/mediumseagreen-eel-531711.hostingersite.com\/#organization"},"potentialAction":[{"@type":"SearchAction","target":{"@type":"EntryPoint","urlTemplate":"https:\/\/mediumseagreen-eel-531711.hostingersite.com\/?s={search_term_string}"},"query-input":{"@type":"PropertyValueSpecification","valueRequired":true,"valueName":"search_term_string"}}],"inLanguage":"fr-FR"},{"@type":"Organization","@id":"https:\/\/mediumseagreen-eel-531711.hostingersite.com\/#organization","name":"Bladna News.com","url":"https:\/\/mediumseagreen-eel-531711.hostingersite.com\/","logo":{"@type":"ImageObject","inLanguage":"fr-FR","@id":"https:\/\/mediumseagreen-eel-531711.hostingersite.com\/#\/schema\/logo\/image\/","url":"https:\/\/bladnanews.com\/wp-content\/uploads\/2025\/12\/logo-bladnanews-V2-web-black-red.png","contentUrl":"https:\/\/bladnanews.com\/wp-content\/uploads\/2025\/12\/logo-bladnanews-V2-web-black-red.png","width":703,"height":287,"caption":"Bladna News.com"},"image":{"@id":"https:\/\/mediumseagreen-eel-531711.hostingersite.com\/#\/schema\/logo\/image\/"},"email":"info@bladnanews.com","legalName":"Bladna News"},{"@type":"Person","@id":"https:\/\/mediumseagreen-eel-531711.hostingersite.com\/#\/schema\/person\/268e18a453ab080ebf76df6ef7845083","name":"\u00c9quipe r\u00e9dactionnelle de Bladna News","url":"https:\/\/bladnanews.com\/fr\/author\/bladna-news-staff\/"}]}},"_links":{"self":[{"href":"https:\/\/bladnanews.com\/fr\/wp-json\/wp\/v2\/posts\/3956","targetHints":{"allow":["GET"]}}],"collection":[{"href":"https:\/\/bladnanews.com\/fr\/wp-json\/wp\/v2\/posts"}],"about":[{"href":"https:\/\/bladnanews.com\/fr\/wp-json\/wp\/v2\/types\/post"}],"author":[{"embeddable":true,"href":"https:\/\/bladnanews.com\/fr\/wp-json\/wp\/v2\/users\/3"}],"replies":[{"embeddable":true,"href":"https:\/\/bladnanews.com\/fr\/wp-json\/wp\/v2\/comments?post=3956"}],"version-history":[{"count":0,"href":"https:\/\/bladnanews.com\/fr\/wp-json\/wp\/v2\/posts\/3956\/revisions"}],"wp:featuredmedia":[{"embeddable":true,"href":"https:\/\/bladnanews.com\/fr\/wp-json\/wp\/v2\/media\/3954"}],"wp:attachment":[{"href":"https:\/\/bladnanews.com\/fr\/wp-json\/wp\/v2\/media?parent=3956"}],"wp:term":[{"taxonomy":"category","embeddable":true,"href":"https:\/\/bladnanews.com\/fr\/wp-json\/wp\/v2\/categories?post=3956"},{"taxonomy":"post_tag","embeddable":true,"href":"https:\/\/bladnanews.com\/fr\/wp-json\/wp\/v2\/tags?post=3956"}],"curies":[{"name":"wp","href":"https:\/\/api.w.org\/{rel}","templated":true}]}}