{"id":4009,"date":"2026-01-05T13:10:46","date_gmt":"2026-01-05T13:10:46","guid":{"rendered":"https:\/\/bladnanews.com\/real-madrid-join-premier-league-clubs-in-adam-wharton-race\/"},"modified":"2026-01-05T13:10:46","modified_gmt":"2026-01-05T13:10:46","slug":"le-real-madrid-rejoint-les-clubs-de-la-premier-league-dans-la-course-a-adam-wharton","status":"publish","type":"post","link":"https:\/\/bladnanews.com\/fr\/le-real-madrid-rejoint-les-clubs-de-la-premier-league-dans-la-course-a-adam-wharton\/","title":{"rendered":"Le Real Madrid rejoint les clubs de la Premier League dans la course \u00e0 Adam Wharton"},"content":{"rendered":"<p>Le milieu de terrain de Crystal Palace, Adam Wharton, suscite un grand int\u00e9r\u00eat, avec le Real Madrid maintenant offert la chance d'entrer dans une course croissante qui inclut d\u00e9j\u00e0 plusieurs poids lourds de la Premier League.<\/p>\n<p>Wharton, qui a rejoint Palace en provenance de Blackburn Rovers en janvier, a rapidement eu un impact \u00e0 Selhurst Park et sa forme n'est pas pass\u00e9e inaper\u00e7ue. Liverpool, Manchester City, Manchester United et Chelsea ont tous \u00e9t\u00e9 li\u00e9s au jeune de 20 ans alors qu'ils surveillent ses progr\u00e8s.<\/p>\n<p>Le Real Madrid a \u00e9galement \u00e9t\u00e9 inform\u00e9 de la situation de Wharton, avec les g\u00e9ants espagnols ayant l'opportunit\u00e9 de rivaliser avec ces clubs anglais s'ils d\u00e9cident de passer \u00e0 l'action. L'ascension du milieu de terrain depuis son transfert vers le sud de Londres l'a fermement plac\u00e9 sur le radar \u00e0 travers l'Europe.<\/p>\n<p>Palace est compris comme \u00e9tant d\u00e9tendu face \u00e0 l'attention pour l'instant, mais le profil de Wharton continue de cro\u00eetre alors qu'il s'\u00e9tablit dans la Premier League. Avec un int\u00e9r\u00eat croissant venant \u00e0 la fois d'Angleterre et d'Espagne, il est en train de devenir l'un des jeunes milieux de terrain les plus surveill\u00e9s \u00e0 l'approche de la prochaine fen\u00eatre de transfert.<\/p>","protected":false},"excerpt":{"rendered":"<p>Crystal Palace midfielder Adam Wharton is attracting major interest, with Real Madrid now offered the chance to enter a growing [&hellip;]<\/p>\n","protected":false},"author":3,"featured_media":4007,"comment_status":"","ping_status":"open","sticky":false,"template":"","format":"standard","meta":{"googlesitekit_rrm_CAow_uzEDA:productID":"","site-sidebar-layout":"default","site-content-layout":"","ast-site-content-layout":"default","site-content-style":"default","site-sidebar-style":"default","ast-global-header-display":"","ast-banner-title-visibility":"","ast-main-header-display":"","ast-hfb-above-header-display":"","ast-hfb-below-header-display":"","ast-hfb-mobile-header-display":"","site-post-title":"","ast-breadcrumbs-content":"","ast-featured-img":"","footer-sml-layout":"","ast-disable-related-posts":"","theme-transparent-header-meta":"","adv-header-id-meta":"","stick-header-meta":"","header-above-stick-meta":"","header-main-stick-meta":"","header-below-stick-meta":"","astra-migrate-meta-layouts":"default","ast-page-background-enabled":"default","ast-page-background-meta":{"desktop":{"background-color":"var(--ast-global-color-5)","background-image":"","background-repeat":"repeat","background-position":"center center","background-size":"auto","background-attachment":"scroll","background-type":"","background-media":"","overlay-type":"","overlay-color":"","overlay-opacity":"","overlay-gradient":""},"tablet":{"background-color":"","background-image":"","background-repeat":"repeat","background-position":"center center","background-size":"auto","background-attachment":"scroll","background-type":"","background-media":"","overlay-type":"","overlay-color":"","overlay-opacity":"","overlay-gradient":""},"mobile":{"background-color":"","background-image":"","background-repeat":"repeat","background-position":"center center","background-size":"auto","background-attachment":"scroll","background-type":"","background-media":"","overlay-type":"","overlay-color":"","overlay-opacity":"","overlay-gradient":""}},"ast-content-background-meta":{"desktop":{"background-color":"var(--ast-global-color-4)","background-image":"","background-repeat":"repeat","background-position":"center center","background-size":"auto","background-attachment":"scroll","background-type":"","background-media":"","overlay-type":"","overlay-color":"","overlay-opacity":"","overlay-gradient":""},"tablet":{"background-color":"var(--ast-global-color-4)","background-image":"","background-repeat":"repeat","background-position":"center center","background-size":"auto","background-attachment":"scroll","background-type":"","background-media":"","overlay-type":"","overlay-color":"","overlay-opacity":"","overlay-gradient":""},"mobile":{"background-color":"var(--ast-global-color-4)","background-image":"","background-repeat":"repeat","background-position":"center center","background-size":"auto","background-attachment":"scroll","background-type":"","background-media":"","overlay-type":"","overlay-color":"","overlay-opacity":"","overlay-gradient":""}},"footnotes":""},"categories":[20,1],"tags":[],"class_list":["post-4009","post","type-post","status-publish","format-standard","has-post-thumbnail","hentry","category-international","category-football-latest-news"],"yoast_head":"<!-- This site is optimized with the Yoast SEO Premium plugin v26.6 (Yoast SEO v27.5) - https:\/\/yoast.com\/product\/yoast-seo-premium-wordpress\/ -->\n<title>Real Madrid join Premier League clubs in Adam Wharton race - Bladna News<\/title>\n<meta name=\"robots\" content=\"index, follow, max-snippet:-1, max-image-preview:large, max-video-preview:-1\" \/>\n<link rel=\"canonical\" href=\"https:\/\/bladnanews.com\/fr\/le-real-madrid-rejoint-les-clubs-de-la-premier-league-dans-la-course-a-adam-wharton\/\" \/>\n<meta property=\"og:locale\" content=\"fr_FR\" \/>\n<meta property=\"og:type\" content=\"article\" \/>\n<meta property=\"og:title\" content=\"Real Madrid join Premier League clubs in Adam Wharton race\" \/>\n<meta property=\"og:description\" content=\"Crystal Palace midfielder Adam Wharton is attracting major interest, with Real Madrid now offered the chance to enter a growing [&hellip;]\" \/>\n<meta property=\"og:url\" content=\"https:\/\/bladnanews.com\/fr\/le-real-madrid-rejoint-les-clubs-de-la-premier-league-dans-la-course-a-adam-wharton\/\" \/>\n<meta property=\"og:site_name\" content=\"Bladna News\" \/>\n<meta property=\"article:published_time\" content=\"2026-01-05T13:10:46+00:00\" \/>\n<meta property=\"og:image\" content=\"https:\/\/bladnanews.com\/wp-content\/uploads\/2025\/12\/freepik__bladna-newscom-moroccan-soccer-homepage-banner-mor__41838.png\" \/>\n\t<meta property=\"og:image:width\" content=\"1312\" \/>\n\t<meta property=\"og:image:height\" content=\"736\" \/>\n\t<meta property=\"og:image:type\" content=\"image\/png\" \/>\n<meta name=\"author\" content=\"Bladna News Staff\" \/>\n<meta name=\"twitter:card\" content=\"summary_large_image\" \/>\n<meta name=\"twitter:label1\" content=\"\u00c9crit par\" \/>\n\t<meta name=\"twitter:data1\" content=\"Bladna News Staff\" \/>\n\t<meta name=\"twitter:label2\" content=\"Dur\u00e9e de lecture estim\u00e9e\" \/>\n\t<meta name=\"twitter:data2\" content=\"1 minute\" \/>\n<script type=\"application\/ld+json\" class=\"yoast-schema-graph\">{\"@context\":\"https:\\\/\\\/schema.org\",\"@graph\":[{\"@type\":\"Article\",\"@id\":\"https:\\\/\\\/bladnanews.com\\\/real-madrid-join-premier-league-clubs-in-adam-wharton-race\\\/#article\",\"isPartOf\":{\"@id\":\"https:\\\/\\\/bladnanews.com\\\/real-madrid-join-premier-league-clubs-in-adam-wharton-race\\\/\"},\"author\":{\"name\":\"Bladna News Staff\",\"@id\":\"https:\\\/\\\/mediumseagreen-eel-531711.hostingersite.com\\\/#\\\/schema\\\/person\\\/268e18a453ab080ebf76df6ef7845083\"},\"headline\":\"Real Madrid join Premier League clubs in Adam Wharton race\",\"datePublished\":\"2026-01-05T13:10:46+00:00\",\"mainEntityOfPage\":{\"@id\":\"https:\\\/\\\/bladnanews.com\\\/real-madrid-join-premier-league-clubs-in-adam-wharton-race\\\/\"},\"wordCount\":181,\"publisher\":{\"@id\":\"https:\\\/\\\/mediumseagreen-eel-531711.hostingersite.com\\\/#organization\"},\"image\":{\"@id\":\"https:\\\/\\\/bladnanews.com\\\/real-madrid-join-premier-league-clubs-in-adam-wharton-race\\\/#primaryimage\"},\"thumbnailUrl\":\"https:\\\/\\\/bladnanews.com\\\/wp-content\\\/uploads\\\/2026\\\/01\\\/BladnaNews-Real-Madrid-join-Premier-League-clubs-in-Adam-Wharton-race-2026-01-05T195059.992Z.jpg\",\"articleSection\":[\"International\",\"Latest News\"],\"inLanguage\":\"fr-FR\",\"copyrightYear\":\"2026\",\"copyrightHolder\":{\"@id\":\"https:\\\/\\\/bladnanews.com\\\/fr\\\/#organization\"}},{\"@type\":\"WebPage\",\"@id\":\"https:\\\/\\\/bladnanews.com\\\/real-madrid-join-premier-league-clubs-in-adam-wharton-race\\\/\",\"url\":\"https:\\\/\\\/bladnanews.com\\\/real-madrid-join-premier-league-clubs-in-adam-wharton-race\\\/\",\"name\":\"Real Madrid join Premier League clubs in Adam Wharton race - Bladna News\",\"isPartOf\":{\"@id\":\"https:\\\/\\\/mediumseagreen-eel-531711.hostingersite.com\\\/#website\"},\"primaryImageOfPage\":{\"@id\":\"https:\\\/\\\/bladnanews.com\\\/real-madrid-join-premier-league-clubs-in-adam-wharton-race\\\/#primaryimage\"},\"image\":{\"@id\":\"https:\\\/\\\/bladnanews.com\\\/real-madrid-join-premier-league-clubs-in-adam-wharton-race\\\/#primaryimage\"},\"thumbnailUrl\":\"https:\\\/\\\/bladnanews.com\\\/wp-content\\\/uploads\\\/2026\\\/01\\\/BladnaNews-Real-Madrid-join-Premier-League-clubs-in-Adam-Wharton-race-2026-01-05T195059.992Z.jpg\",\"datePublished\":\"2026-01-05T13:10:46+00:00\",\"breadcrumb\":{\"@id\":\"https:\\\/\\\/bladnanews.com\\\/real-madrid-join-premier-league-clubs-in-adam-wharton-race\\\/#breadcrumb\"},\"inLanguage\":\"fr-FR\",\"potentialAction\":[{\"@type\":\"ReadAction\",\"target\":[\"https:\\\/\\\/bladnanews.com\\\/real-madrid-join-premier-league-clubs-in-adam-wharton-race\\\/\"]}]},{\"@type\":\"ImageObject\",\"inLanguage\":\"fr-FR\",\"@id\":\"https:\\\/\\\/bladnanews.com\\\/real-madrid-join-premier-league-clubs-in-adam-wharton-race\\\/#primaryimage\",\"url\":\"https:\\\/\\\/bladnanews.com\\\/wp-content\\\/uploads\\\/2026\\\/01\\\/BladnaNews-Real-Madrid-join-Premier-League-clubs-in-Adam-Wharton-race-2026-01-05T195059.992Z.jpg\",\"contentUrl\":\"https:\\\/\\\/bladnanews.com\\\/wp-content\\\/uploads\\\/2026\\\/01\\\/BladnaNews-Real-Madrid-join-Premier-League-clubs-in-Adam-Wharton-race-2026-01-05T195059.992Z.jpg\",\"width\":2560,\"height\":1440,\"caption\":\"Adam Wharton in Crystal Palace's red and blue kit during a match, showcasing intense focus and determination on the pitch.\"},{\"@type\":\"BreadcrumbList\",\"@id\":\"https:\\\/\\\/bladnanews.com\\\/real-madrid-join-premier-league-clubs-in-adam-wharton-race\\\/#breadcrumb\",\"itemListElement\":[{\"@type\":\"ListItem\",\"position\":1,\"name\":\"Home\",\"item\":\"https:\\\/\\\/bladnanews.com\\\/\"},{\"@type\":\"ListItem\",\"position\":2,\"name\":\"Real Madrid join Premier League clubs in Adam Wharton race\"}]},{\"@type\":\"WebSite\",\"@id\":\"https:\\\/\\\/mediumseagreen-eel-531711.hostingersite.com\\\/#website\",\"url\":\"https:\\\/\\\/mediumseagreen-eel-531711.hostingersite.com\\\/\",\"name\":\"Bladna News - Morocco\",\"description\":\"Where Moroccan Football Meets the World\",\"publisher\":{\"@id\":\"https:\\\/\\\/mediumseagreen-eel-531711.hostingersite.com\\\/#organization\"},\"potentialAction\":[{\"@type\":\"SearchAction\",\"target\":{\"@type\":\"EntryPoint\",\"urlTemplate\":\"https:\\\/\\\/mediumseagreen-eel-531711.hostingersite.com\\\/?s={search_term_string}\"},\"query-input\":{\"@type\":\"PropertyValueSpecification\",\"valueRequired\":true,\"valueName\":\"search_term_string\"}}],\"inLanguage\":\"fr-FR\"},{\"@type\":\"Organization\",\"@id\":\"https:\\\/\\\/mediumseagreen-eel-531711.hostingersite.com\\\/#organization\",\"name\":\"Bladna News.com\",\"url\":\"https:\\\/\\\/mediumseagreen-eel-531711.hostingersite.com\\\/\",\"logo\":{\"@type\":\"ImageObject\",\"inLanguage\":\"fr-FR\",\"@id\":\"https:\\\/\\\/mediumseagreen-eel-531711.hostingersite.com\\\/#\\\/schema\\\/logo\\\/image\\\/\",\"url\":\"https:\\\/\\\/bladnanews.com\\\/wp-content\\\/uploads\\\/2025\\\/12\\\/logo-bladnanews-V2-web-black-red.png\",\"contentUrl\":\"https:\\\/\\\/bladnanews.com\\\/wp-content\\\/uploads\\\/2025\\\/12\\\/logo-bladnanews-V2-web-black-red.png\",\"width\":703,\"height\":287,\"caption\":\"Bladna News.com\"},\"image\":{\"@id\":\"https:\\\/\\\/mediumseagreen-eel-531711.hostingersite.com\\\/#\\\/schema\\\/logo\\\/image\\\/\"},\"email\":\"info@bladnanews.com\",\"legalName\":\"Bladna News\"},{\"@type\":\"Person\",\"@id\":\"https:\\\/\\\/mediumseagreen-eel-531711.hostingersite.com\\\/#\\\/schema\\\/person\\\/268e18a453ab080ebf76df6ef7845083\",\"name\":\"Bladna News Staff\",\"url\":\"https:\\\/\\\/bladnanews.com\\\/fr\\\/author\\\/bladna-news-staff\\\/\"}]}<\/script>\n<!-- \/ Yoast SEO Premium plugin. -->","yoast_head_json":{"title":"Le Real Madrid rejoint les clubs de la Premier League dans la course \u00e0 Adam Wharton - Bladna News","robots":{"index":"index","follow":"follow","max-snippet":"max-snippet:-1","max-image-preview":"max-image-preview:large","max-video-preview":"max-video-preview:-1"},"canonical":"https:\/\/bladnanews.com\/fr\/le-real-madrid-rejoint-les-clubs-de-la-premier-league-dans-la-course-a-adam-wharton\/","og_locale":"fr_FR","og_type":"article","og_title":"Real Madrid join Premier League clubs in Adam Wharton race","og_description":"Crystal Palace midfielder Adam Wharton is attracting major interest, with Real Madrid now offered the chance to enter a growing [&hellip;]","og_url":"https:\/\/bladnanews.com\/fr\/le-real-madrid-rejoint-les-clubs-de-la-premier-league-dans-la-course-a-adam-wharton\/","og_site_name":"Bladna News","article_published_time":"2026-01-05T13:10:46+00:00","og_image":[{"width":1312,"height":736,"url":"https:\/\/bladnanews.com\/wp-content\/uploads\/2025\/12\/freepik__bladna-newscom-moroccan-soccer-homepage-banner-mor__41838.png","type":"image\/png"}],"author":"Bladna News Staff","twitter_card":"summary_large_image","twitter_misc":{"\u00c9crit par":"Bladna News Staff","Dur\u00e9e de lecture estim\u00e9e":"1 minute"},"schema":{"@context":"https:\/\/schema.org","@graph":[{"@type":"Article","@id":"https:\/\/bladnanews.com\/real-madrid-join-premier-league-clubs-in-adam-wharton-race\/#article","isPartOf":{"@id":"https:\/\/bladnanews.com\/real-madrid-join-premier-league-clubs-in-adam-wharton-race\/"},"author":{"name":"Bladna News Staff","@id":"https:\/\/mediumseagreen-eel-531711.hostingersite.com\/#\/schema\/person\/268e18a453ab080ebf76df6ef7845083"},"headline":"Real Madrid join Premier League clubs in Adam Wharton race","datePublished":"2026-01-05T13:10:46+00:00","mainEntityOfPage":{"@id":"https:\/\/bladnanews.com\/real-madrid-join-premier-league-clubs-in-adam-wharton-race\/"},"wordCount":181,"publisher":{"@id":"https:\/\/mediumseagreen-eel-531711.hostingersite.com\/#organization"},"image":{"@id":"https:\/\/bladnanews.com\/real-madrid-join-premier-league-clubs-in-adam-wharton-race\/#primaryimage"},"thumbnailUrl":"https:\/\/bladnanews.com\/wp-content\/uploads\/2026\/01\/BladnaNews-Real-Madrid-join-Premier-League-clubs-in-Adam-Wharton-race-2026-01-05T195059.992Z.jpg","articleSection":["International","Latest News"],"inLanguage":"fr-FR","copyrightYear":"2026","copyrightHolder":{"@id":"https:\/\/bladnanews.com\/fr\/#organization"}},{"@type":"WebPage","@id":"https:\/\/bladnanews.com\/real-madrid-join-premier-league-clubs-in-adam-wharton-race\/","url":"https:\/\/bladnanews.com\/real-madrid-join-premier-league-clubs-in-adam-wharton-race\/","name":"Le Real Madrid rejoint les clubs de la Premier League dans la course \u00e0 Adam Wharton - Bladna News","isPartOf":{"@id":"https:\/\/mediumseagreen-eel-531711.hostingersite.com\/#website"},"primaryImageOfPage":{"@id":"https:\/\/bladnanews.com\/real-madrid-join-premier-league-clubs-in-adam-wharton-race\/#primaryimage"},"image":{"@id":"https:\/\/bladnanews.com\/real-madrid-join-premier-league-clubs-in-adam-wharton-race\/#primaryimage"},"thumbnailUrl":"https:\/\/bladnanews.com\/wp-content\/uploads\/2026\/01\/BladnaNews-Real-Madrid-join-Premier-League-clubs-in-Adam-Wharton-race-2026-01-05T195059.992Z.jpg","datePublished":"2026-01-05T13:10:46+00:00","breadcrumb":{"@id":"https:\/\/bladnanews.com\/real-madrid-join-premier-league-clubs-in-adam-wharton-race\/#breadcrumb"},"inLanguage":"fr-FR","potentialAction":[{"@type":"ReadAction","target":["https:\/\/bladnanews.com\/real-madrid-join-premier-league-clubs-in-adam-wharton-race\/"]}]},{"@type":"ImageObject","inLanguage":"fr-FR","@id":"https:\/\/bladnanews.com\/real-madrid-join-premier-league-clubs-in-adam-wharton-race\/#primaryimage","url":"https:\/\/bladnanews.com\/wp-content\/uploads\/2026\/01\/BladnaNews-Real-Madrid-join-Premier-League-clubs-in-Adam-Wharton-race-2026-01-05T195059.992Z.jpg","contentUrl":"https:\/\/bladnanews.com\/wp-content\/uploads\/2026\/01\/BladnaNews-Real-Madrid-join-Premier-League-clubs-in-Adam-Wharton-race-2026-01-05T195059.992Z.jpg","width":2560,"height":1440,"caption":"Adam Wharton in Crystal Palace's red and blue kit during a match, showcasing intense focus and determination on the pitch."},{"@type":"BreadcrumbList","@id":"https:\/\/bladnanews.com\/real-madrid-join-premier-league-clubs-in-adam-wharton-race\/#breadcrumb","itemListElement":[{"@type":"ListItem","position":1,"name":"Home","item":"https:\/\/bladnanews.com\/"},{"@type":"ListItem","position":2,"name":"Real Madrid join Premier League clubs in Adam Wharton race"}]},{"@type":"WebSite","@id":"https:\/\/mediumseagreen-eel-531711.hostingersite.com\/#website","url":"https:\/\/mediumseagreen-eel-531711.hostingersite.com\/","name":"Bladna News - Maroc","description":"Quand le football marocain rencontre le monde","publisher":{"@id":"https:\/\/mediumseagreen-eel-531711.hostingersite.com\/#organization"},"potentialAction":[{"@type":"SearchAction","target":{"@type":"EntryPoint","urlTemplate":"https:\/\/mediumseagreen-eel-531711.hostingersite.com\/?s={search_term_string}"},"query-input":{"@type":"PropertyValueSpecification","valueRequired":true,"valueName":"search_term_string"}}],"inLanguage":"fr-FR"},{"@type":"Organization","@id":"https:\/\/mediumseagreen-eel-531711.hostingersite.com\/#organization","name":"Bladna News.com","url":"https:\/\/mediumseagreen-eel-531711.hostingersite.com\/","logo":{"@type":"ImageObject","inLanguage":"fr-FR","@id":"https:\/\/mediumseagreen-eel-531711.hostingersite.com\/#\/schema\/logo\/image\/","url":"https:\/\/bladnanews.com\/wp-content\/uploads\/2025\/12\/logo-bladnanews-V2-web-black-red.png","contentUrl":"https:\/\/bladnanews.com\/wp-content\/uploads\/2025\/12\/logo-bladnanews-V2-web-black-red.png","width":703,"height":287,"caption":"Bladna News.com"},"image":{"@id":"https:\/\/mediumseagreen-eel-531711.hostingersite.com\/#\/schema\/logo\/image\/"},"email":"info@bladnanews.com","legalName":"Bladna News"},{"@type":"Person","@id":"https:\/\/mediumseagreen-eel-531711.hostingersite.com\/#\/schema\/person\/268e18a453ab080ebf76df6ef7845083","name":"\u00c9quipe r\u00e9dactionnelle de Bladna News","url":"https:\/\/bladnanews.com\/fr\/author\/bladna-news-staff\/"}]}},"_links":{"self":[{"href":"https:\/\/bladnanews.com\/fr\/wp-json\/wp\/v2\/posts\/4009","targetHints":{"allow":["GET"]}}],"collection":[{"href":"https:\/\/bladnanews.com\/fr\/wp-json\/wp\/v2\/posts"}],"about":[{"href":"https:\/\/bladnanews.com\/fr\/wp-json\/wp\/v2\/types\/post"}],"author":[{"embeddable":true,"href":"https:\/\/bladnanews.com\/fr\/wp-json\/wp\/v2\/users\/3"}],"replies":[{"embeddable":true,"href":"https:\/\/bladnanews.com\/fr\/wp-json\/wp\/v2\/comments?post=4009"}],"version-history":[{"count":0,"href":"https:\/\/bladnanews.com\/fr\/wp-json\/wp\/v2\/posts\/4009\/revisions"}],"wp:featuredmedia":[{"embeddable":true,"href":"https:\/\/bladnanews.com\/fr\/wp-json\/wp\/v2\/media\/4007"}],"wp:attachment":[{"href":"https:\/\/bladnanews.com\/fr\/wp-json\/wp\/v2\/media?parent=4009"}],"wp:term":[{"taxonomy":"category","embeddable":true,"href":"https:\/\/bladnanews.com\/fr\/wp-json\/wp\/v2\/categories?post=4009"},{"taxonomy":"post_tag","embeddable":true,"href":"https:\/\/bladnanews.com\/fr\/wp-json\/wp\/v2\/tags?post=4009"}],"curies":[{"name":"wp","href":"https:\/\/api.w.org\/{rel}","templated":true}]}}