{"id":4015,"date":"2026-01-05T13:32:26","date_gmt":"2026-01-05T13:32:26","guid":{"rendered":"https:\/\/bladnanews.com\/real-madrid-hatch-new-plan-to-sign-rodri-amid-uncertainty\/"},"modified":"2026-01-05T13:32:26","modified_gmt":"2026-01-05T13:32:26","slug":"real-madrid-elabore-un-nouveau-plan-pour-recruter-rodri-dans-un-contexte-dincertitude","status":"publish","type":"post","link":"https:\/\/bladnanews.com\/fr\/real-madrid-elabore-un-nouveau-plan-pour-recruter-rodri-dans-un-contexte-dincertitude\/","title":{"rendered":"Le Real Madrid \u00e9labore un nouveau plan pour recruter Rodri dans un contexte d'incertitude."},"content":{"rendered":"<p>Le Real Madrid pr\u00e9pare une nouvelle approche dans sa poursuite du milieu de terrain de Manchester City, Rodri, la situation contractuelle de l'international espagnol attirant d\u00e9sormais une attention particuli\u00e8re.<\/p>\n<p>Rodri demeure une figure cl\u00e9 \u00e0 l'Etihad Stadium, mais l'incertitude concernant son avenir \u00e0 long terme a mis les plus grands clubs d'Europe en alerte. Le Real Madrid, qui suit le milieu de terrain depuis un certain temps, aurait d\u00e9sormais \u00e9labor\u00e9 un nouveau plan destin\u00e9 \u00e0 am\u00e9liorer ses chances de l'acqu\u00e9rir.<\/p>\n<p>Ce d\u00e9veloppement intervient alors que les discussions sur les prochaines \u00e9tapes de Rodri se poursuivent en coulisses, Madrid surveillant la situation de pr\u00e8s. De son c\u00f4t\u00e9, City est conscient de l'int\u00e9r\u00eat grandissant et de l'importance de maintenir l'un de ses joueurs les plus influents sous contrat.<\/p>\n<p>Rodri s'est impos\u00e9 comme l'un des meilleurs milieux de terrain du jeu gr\u00e2ce \u00e0 sa r\u00e9gularit\u00e9, sa discipline tactique et sa capacit\u00e9 \u00e0 dicter le tempo des matches au plus haut niveau. Ce profil n'a fait que renforcer la d\u00e9termination de Madrid \u00e0 explorer toutes les voies possibles pour l'amener au Santiago Bernab\u00e9u.<\/p>\n<p>Pour l'instant, aucun changement officiel n'est intervenu dans le statut de Rodri, mais la man\u0153uvre de Madrid indique qu'ils sont pr\u00eats \u00e0 agir si la situation \u00e9volue. City aura \u00e0 c\u0153ur de fermer rapidement la porte et de dissiper tout doute concernant un joueur qui reste au c\u0153ur de leurs projets.<\/p>","protected":false},"excerpt":{"rendered":"<p>Real Madrid are preparing a fresh approach in their pursuit of Manchester City midfielder Rodri, with the Spain international\u2019s contract [&hellip;]<\/p>\n","protected":false},"author":3,"featured_media":4013,"comment_status":"","ping_status":"open","sticky":false,"template":"","format":"standard","meta":{"googlesitekit_rrm_CAow_uzEDA:productID":"","site-sidebar-layout":"default","site-content-layout":"","ast-site-content-layout":"default","site-content-style":"default","site-sidebar-style":"default","ast-global-header-display":"","ast-banner-title-visibility":"","ast-main-header-display":"","ast-hfb-above-header-display":"","ast-hfb-below-header-display":"","ast-hfb-mobile-header-display":"","site-post-title":"","ast-breadcrumbs-content":"","ast-featured-img":"","footer-sml-layout":"","ast-disable-related-posts":"","theme-transparent-header-meta":"","adv-header-id-meta":"","stick-header-meta":"","header-above-stick-meta":"","header-main-stick-meta":"","header-below-stick-meta":"","astra-migrate-meta-layouts":"default","ast-page-background-enabled":"default","ast-page-background-meta":{"desktop":{"background-color":"var(--ast-global-color-5)","background-image":"","background-repeat":"repeat","background-position":"center center","background-size":"auto","background-attachment":"scroll","background-type":"","background-media":"","overlay-type":"","overlay-color":"","overlay-opacity":"","overlay-gradient":""},"tablet":{"background-color":"","background-image":"","background-repeat":"repeat","background-position":"center center","background-size":"auto","background-attachment":"scroll","background-type":"","background-media":"","overlay-type":"","overlay-color":"","overlay-opacity":"","overlay-gradient":""},"mobile":{"background-color":"","background-image":"","background-repeat":"repeat","background-position":"center center","background-size":"auto","background-attachment":"scroll","background-type":"","background-media":"","overlay-type":"","overlay-color":"","overlay-opacity":"","overlay-gradient":""}},"ast-content-background-meta":{"desktop":{"background-color":"var(--ast-global-color-4)","background-image":"","background-repeat":"repeat","background-position":"center center","background-size":"auto","background-attachment":"scroll","background-type":"","background-media":"","overlay-type":"","overlay-color":"","overlay-opacity":"","overlay-gradient":""},"tablet":{"background-color":"var(--ast-global-color-4)","background-image":"","background-repeat":"repeat","background-position":"center center","background-size":"auto","background-attachment":"scroll","background-type":"","background-media":"","overlay-type":"","overlay-color":"","overlay-opacity":"","overlay-gradient":""},"mobile":{"background-color":"var(--ast-global-color-4)","background-image":"","background-repeat":"repeat","background-position":"center center","background-size":"auto","background-attachment":"scroll","background-type":"","background-media":"","overlay-type":"","overlay-color":"","overlay-opacity":"","overlay-gradient":""}},"footnotes":""},"categories":[20,1],"tags":[],"class_list":["post-4015","post","type-post","status-publish","format-standard","has-post-thumbnail","hentry","category-international","category-football-latest-news"],"yoast_head":"<!-- This site is optimized with the Yoast SEO Premium plugin v26.6 (Yoast SEO v27.5) - https:\/\/yoast.com\/product\/yoast-seo-premium-wordpress\/ -->\n<title>Real Madrid hatch new plan to sign Rodri amid uncertainty - Bladna News<\/title>\n<meta name=\"robots\" content=\"index, follow, max-snippet:-1, max-image-preview:large, max-video-preview:-1\" \/>\n<link rel=\"canonical\" href=\"https:\/\/bladnanews.com\/fr\/real-madrid-elabore-un-nouveau-plan-pour-recruter-rodri-dans-un-contexte-dincertitude\/\" \/>\n<meta property=\"og:locale\" content=\"fr_FR\" \/>\n<meta property=\"og:type\" content=\"article\" \/>\n<meta property=\"og:title\" content=\"Real Madrid hatch new plan to sign Rodri amid uncertainty\" \/>\n<meta property=\"og:description\" content=\"Real Madrid are preparing a fresh approach in their pursuit of Manchester City midfielder Rodri, with the Spain international\u2019s contract [&hellip;]\" \/>\n<meta property=\"og:url\" content=\"https:\/\/bladnanews.com\/fr\/real-madrid-elabore-un-nouveau-plan-pour-recruter-rodri-dans-un-contexte-dincertitude\/\" \/>\n<meta property=\"og:site_name\" content=\"Bladna News\" \/>\n<meta property=\"article:published_time\" content=\"2026-01-05T13:32:26+00:00\" \/>\n<meta property=\"og:image\" content=\"https:\/\/bladnanews.com\/wp-content\/uploads\/2025\/12\/freepik__bladna-newscom-moroccan-soccer-homepage-banner-mor__41838.png\" \/>\n\t<meta property=\"og:image:width\" content=\"1312\" \/>\n\t<meta property=\"og:image:height\" content=\"736\" \/>\n\t<meta property=\"og:image:type\" content=\"image\/png\" \/>\n<meta name=\"author\" content=\"Bladna News Staff\" \/>\n<meta name=\"twitter:card\" content=\"summary_large_image\" \/>\n<meta name=\"twitter:label1\" content=\"\u00c9crit par\" \/>\n\t<meta name=\"twitter:data1\" content=\"Bladna News Staff\" \/>\n\t<meta name=\"twitter:label2\" content=\"Dur\u00e9e de lecture estim\u00e9e\" \/>\n\t<meta name=\"twitter:data2\" content=\"1 minute\" \/>\n<script type=\"application\/ld+json\" class=\"yoast-schema-graph\">{\"@context\":\"https:\\\/\\\/schema.org\",\"@graph\":[{\"@type\":\"Article\",\"@id\":\"https:\\\/\\\/bladnanews.com\\\/real-madrid-hatch-new-plan-to-sign-rodri-amid-uncertainty\\\/#article\",\"isPartOf\":{\"@id\":\"https:\\\/\\\/bladnanews.com\\\/real-madrid-hatch-new-plan-to-sign-rodri-amid-uncertainty\\\/\"},\"author\":{\"name\":\"Bladna News Staff\",\"@id\":\"https:\\\/\\\/mediumseagreen-eel-531711.hostingersite.com\\\/#\\\/schema\\\/person\\\/268e18a453ab080ebf76df6ef7845083\"},\"headline\":\"Real Madrid hatch new plan to sign Rodri amid uncertainty\",\"datePublished\":\"2026-01-05T13:32:26+00:00\",\"mainEntityOfPage\":{\"@id\":\"https:\\\/\\\/bladnanews.com\\\/real-madrid-hatch-new-plan-to-sign-rodri-amid-uncertainty\\\/\"},\"wordCount\":226,\"publisher\":{\"@id\":\"https:\\\/\\\/mediumseagreen-eel-531711.hostingersite.com\\\/#organization\"},\"image\":{\"@id\":\"https:\\\/\\\/bladnanews.com\\\/real-madrid-hatch-new-plan-to-sign-rodri-amid-uncertainty\\\/#primaryimage\"},\"thumbnailUrl\":\"https:\\\/\\\/bladnanews.com\\\/wp-content\\\/uploads\\\/2026\\\/01\\\/BladnaNews-Real-Madrid-hatch-new-plan-to-sign-Rodri-amid-uncertainty-2026-01-05T195141.727Z.jpg\",\"articleSection\":[\"International\",\"Latest News\"],\"inLanguage\":\"fr-FR\",\"copyrightYear\":\"2026\",\"copyrightHolder\":{\"@id\":\"https:\\\/\\\/bladnanews.com\\\/fr\\\/#organization\"}},{\"@type\":\"WebPage\",\"@id\":\"https:\\\/\\\/bladnanews.com\\\/real-madrid-hatch-new-plan-to-sign-rodri-amid-uncertainty\\\/\",\"url\":\"https:\\\/\\\/bladnanews.com\\\/real-madrid-hatch-new-plan-to-sign-rodri-amid-uncertainty\\\/\",\"name\":\"Real Madrid hatch new plan to sign Rodri amid uncertainty - Bladna News\",\"isPartOf\":{\"@id\":\"https:\\\/\\\/mediumseagreen-eel-531711.hostingersite.com\\\/#website\"},\"primaryImageOfPage\":{\"@id\":\"https:\\\/\\\/bladnanews.com\\\/real-madrid-hatch-new-plan-to-sign-rodri-amid-uncertainty\\\/#primaryimage\"},\"image\":{\"@id\":\"https:\\\/\\\/bladnanews.com\\\/real-madrid-hatch-new-plan-to-sign-rodri-amid-uncertainty\\\/#primaryimage\"},\"thumbnailUrl\":\"https:\\\/\\\/bladnanews.com\\\/wp-content\\\/uploads\\\/2026\\\/01\\\/BladnaNews-Real-Madrid-hatch-new-plan-to-sign-Rodri-amid-uncertainty-2026-01-05T195141.727Z.jpg\",\"datePublished\":\"2026-01-05T13:32:26+00:00\",\"breadcrumb\":{\"@id\":\"https:\\\/\\\/bladnanews.com\\\/real-madrid-hatch-new-plan-to-sign-rodri-amid-uncertainty\\\/#breadcrumb\"},\"inLanguage\":\"fr-FR\",\"potentialAction\":[{\"@type\":\"ReadAction\",\"target\":[\"https:\\\/\\\/bladnanews.com\\\/real-madrid-hatch-new-plan-to-sign-rodri-amid-uncertainty\\\/\"]}]},{\"@type\":\"ImageObject\",\"inLanguage\":\"fr-FR\",\"@id\":\"https:\\\/\\\/bladnanews.com\\\/real-madrid-hatch-new-plan-to-sign-rodri-amid-uncertainty\\\/#primaryimage\",\"url\":\"https:\\\/\\\/bladnanews.com\\\/wp-content\\\/uploads\\\/2026\\\/01\\\/BladnaNews-Real-Madrid-hatch-new-plan-to-sign-Rodri-amid-uncertainty-2026-01-05T195141.727Z.jpg\",\"contentUrl\":\"https:\\\/\\\/bladnanews.com\\\/wp-content\\\/uploads\\\/2026\\\/01\\\/BladnaNews-Real-Madrid-hatch-new-plan-to-sign-Rodri-amid-uncertainty-2026-01-05T195141.727Z.jpg\",\"width\":1600,\"height\":900,\"caption\":\"Rodri wearing Manchester City\u2019s light blue kit, focused expression on his face during a match, showcasing determination and skill.\"},{\"@type\":\"BreadcrumbList\",\"@id\":\"https:\\\/\\\/bladnanews.com\\\/real-madrid-hatch-new-plan-to-sign-rodri-amid-uncertainty\\\/#breadcrumb\",\"itemListElement\":[{\"@type\":\"ListItem\",\"position\":1,\"name\":\"Home\",\"item\":\"https:\\\/\\\/bladnanews.com\\\/\"},{\"@type\":\"ListItem\",\"position\":2,\"name\":\"Real Madrid hatch new plan to sign Rodri amid uncertainty\"}]},{\"@type\":\"WebSite\",\"@id\":\"https:\\\/\\\/mediumseagreen-eel-531711.hostingersite.com\\\/#website\",\"url\":\"https:\\\/\\\/mediumseagreen-eel-531711.hostingersite.com\\\/\",\"name\":\"Bladna News - Morocco\",\"description\":\"Where Moroccan Football Meets the World\",\"publisher\":{\"@id\":\"https:\\\/\\\/mediumseagreen-eel-531711.hostingersite.com\\\/#organization\"},\"potentialAction\":[{\"@type\":\"SearchAction\",\"target\":{\"@type\":\"EntryPoint\",\"urlTemplate\":\"https:\\\/\\\/mediumseagreen-eel-531711.hostingersite.com\\\/?s={search_term_string}\"},\"query-input\":{\"@type\":\"PropertyValueSpecification\",\"valueRequired\":true,\"valueName\":\"search_term_string\"}}],\"inLanguage\":\"fr-FR\"},{\"@type\":\"Organization\",\"@id\":\"https:\\\/\\\/mediumseagreen-eel-531711.hostingersite.com\\\/#organization\",\"name\":\"Bladna News.com\",\"url\":\"https:\\\/\\\/mediumseagreen-eel-531711.hostingersite.com\\\/\",\"logo\":{\"@type\":\"ImageObject\",\"inLanguage\":\"fr-FR\",\"@id\":\"https:\\\/\\\/mediumseagreen-eel-531711.hostingersite.com\\\/#\\\/schema\\\/logo\\\/image\\\/\",\"url\":\"https:\\\/\\\/bladnanews.com\\\/wp-content\\\/uploads\\\/2025\\\/12\\\/logo-bladnanews-V2-web-black-red.png\",\"contentUrl\":\"https:\\\/\\\/bladnanews.com\\\/wp-content\\\/uploads\\\/2025\\\/12\\\/logo-bladnanews-V2-web-black-red.png\",\"width\":703,\"height\":287,\"caption\":\"Bladna News.com\"},\"image\":{\"@id\":\"https:\\\/\\\/mediumseagreen-eel-531711.hostingersite.com\\\/#\\\/schema\\\/logo\\\/image\\\/\"},\"email\":\"info@bladnanews.com\",\"legalName\":\"Bladna News\"},{\"@type\":\"Person\",\"@id\":\"https:\\\/\\\/mediumseagreen-eel-531711.hostingersite.com\\\/#\\\/schema\\\/person\\\/268e18a453ab080ebf76df6ef7845083\",\"name\":\"Bladna News Staff\",\"url\":\"https:\\\/\\\/bladnanews.com\\\/fr\\\/author\\\/bladna-news-staff\\\/\"}]}<\/script>\n<!-- \/ Yoast SEO Premium plugin. -->","yoast_head_json":{"title":"Le Real Madrid \u00e9labore un nouveau plan pour recruter Rodri dans un contexte d'incertitude - Bladna News","robots":{"index":"index","follow":"follow","max-snippet":"max-snippet:-1","max-image-preview":"max-image-preview:large","max-video-preview":"max-video-preview:-1"},"canonical":"https:\/\/bladnanews.com\/fr\/real-madrid-elabore-un-nouveau-plan-pour-recruter-rodri-dans-un-contexte-dincertitude\/","og_locale":"fr_FR","og_type":"article","og_title":"Real Madrid hatch new plan to sign Rodri amid uncertainty","og_description":"Real Madrid are preparing a fresh approach in their pursuit of Manchester City midfielder Rodri, with the Spain international\u2019s contract [&hellip;]","og_url":"https:\/\/bladnanews.com\/fr\/real-madrid-elabore-un-nouveau-plan-pour-recruter-rodri-dans-un-contexte-dincertitude\/","og_site_name":"Bladna News","article_published_time":"2026-01-05T13:32:26+00:00","og_image":[{"width":1312,"height":736,"url":"https:\/\/bladnanews.com\/wp-content\/uploads\/2025\/12\/freepik__bladna-newscom-moroccan-soccer-homepage-banner-mor__41838.png","type":"image\/png"}],"author":"Bladna News Staff","twitter_card":"summary_large_image","twitter_misc":{"\u00c9crit par":"Bladna News Staff","Dur\u00e9e de lecture estim\u00e9e":"1 minute"},"schema":{"@context":"https:\/\/schema.org","@graph":[{"@type":"Article","@id":"https:\/\/bladnanews.com\/real-madrid-hatch-new-plan-to-sign-rodri-amid-uncertainty\/#article","isPartOf":{"@id":"https:\/\/bladnanews.com\/real-madrid-hatch-new-plan-to-sign-rodri-amid-uncertainty\/"},"author":{"name":"Bladna News Staff","@id":"https:\/\/mediumseagreen-eel-531711.hostingersite.com\/#\/schema\/person\/268e18a453ab080ebf76df6ef7845083"},"headline":"Real Madrid hatch new plan to sign Rodri amid uncertainty","datePublished":"2026-01-05T13:32:26+00:00","mainEntityOfPage":{"@id":"https:\/\/bladnanews.com\/real-madrid-hatch-new-plan-to-sign-rodri-amid-uncertainty\/"},"wordCount":226,"publisher":{"@id":"https:\/\/mediumseagreen-eel-531711.hostingersite.com\/#organization"},"image":{"@id":"https:\/\/bladnanews.com\/real-madrid-hatch-new-plan-to-sign-rodri-amid-uncertainty\/#primaryimage"},"thumbnailUrl":"https:\/\/bladnanews.com\/wp-content\/uploads\/2026\/01\/BladnaNews-Real-Madrid-hatch-new-plan-to-sign-Rodri-amid-uncertainty-2026-01-05T195141.727Z.jpg","articleSection":["International","Latest News"],"inLanguage":"fr-FR","copyrightYear":"2026","copyrightHolder":{"@id":"https:\/\/bladnanews.com\/fr\/#organization"}},{"@type":"WebPage","@id":"https:\/\/bladnanews.com\/real-madrid-hatch-new-plan-to-sign-rodri-amid-uncertainty\/","url":"https:\/\/bladnanews.com\/real-madrid-hatch-new-plan-to-sign-rodri-amid-uncertainty\/","name":"Le Real Madrid \u00e9labore un nouveau plan pour recruter Rodri dans un contexte d'incertitude - Bladna News","isPartOf":{"@id":"https:\/\/mediumseagreen-eel-531711.hostingersite.com\/#website"},"primaryImageOfPage":{"@id":"https:\/\/bladnanews.com\/real-madrid-hatch-new-plan-to-sign-rodri-amid-uncertainty\/#primaryimage"},"image":{"@id":"https:\/\/bladnanews.com\/real-madrid-hatch-new-plan-to-sign-rodri-amid-uncertainty\/#primaryimage"},"thumbnailUrl":"https:\/\/bladnanews.com\/wp-content\/uploads\/2026\/01\/BladnaNews-Real-Madrid-hatch-new-plan-to-sign-Rodri-amid-uncertainty-2026-01-05T195141.727Z.jpg","datePublished":"2026-01-05T13:32:26+00:00","breadcrumb":{"@id":"https:\/\/bladnanews.com\/real-madrid-hatch-new-plan-to-sign-rodri-amid-uncertainty\/#breadcrumb"},"inLanguage":"fr-FR","potentialAction":[{"@type":"ReadAction","target":["https:\/\/bladnanews.com\/real-madrid-hatch-new-plan-to-sign-rodri-amid-uncertainty\/"]}]},{"@type":"ImageObject","inLanguage":"fr-FR","@id":"https:\/\/bladnanews.com\/real-madrid-hatch-new-plan-to-sign-rodri-amid-uncertainty\/#primaryimage","url":"https:\/\/bladnanews.com\/wp-content\/uploads\/2026\/01\/BladnaNews-Real-Madrid-hatch-new-plan-to-sign-Rodri-amid-uncertainty-2026-01-05T195141.727Z.jpg","contentUrl":"https:\/\/bladnanews.com\/wp-content\/uploads\/2026\/01\/BladnaNews-Real-Madrid-hatch-new-plan-to-sign-Rodri-amid-uncertainty-2026-01-05T195141.727Z.jpg","width":1600,"height":900,"caption":"Rodri wearing Manchester City\u2019s light blue kit, focused expression on his face during a match, showcasing determination and skill."},{"@type":"BreadcrumbList","@id":"https:\/\/bladnanews.com\/real-madrid-hatch-new-plan-to-sign-rodri-amid-uncertainty\/#breadcrumb","itemListElement":[{"@type":"ListItem","position":1,"name":"Home","item":"https:\/\/bladnanews.com\/"},{"@type":"ListItem","position":2,"name":"Real Madrid hatch new plan to sign Rodri amid uncertainty"}]},{"@type":"WebSite","@id":"https:\/\/mediumseagreen-eel-531711.hostingersite.com\/#website","url":"https:\/\/mediumseagreen-eel-531711.hostingersite.com\/","name":"Bladna News - Maroc","description":"Quand le football marocain rencontre le monde","publisher":{"@id":"https:\/\/mediumseagreen-eel-531711.hostingersite.com\/#organization"},"potentialAction":[{"@type":"SearchAction","target":{"@type":"EntryPoint","urlTemplate":"https:\/\/mediumseagreen-eel-531711.hostingersite.com\/?s={search_term_string}"},"query-input":{"@type":"PropertyValueSpecification","valueRequired":true,"valueName":"search_term_string"}}],"inLanguage":"fr-FR"},{"@type":"Organization","@id":"https:\/\/mediumseagreen-eel-531711.hostingersite.com\/#organization","name":"Bladna News.com","url":"https:\/\/mediumseagreen-eel-531711.hostingersite.com\/","logo":{"@type":"ImageObject","inLanguage":"fr-FR","@id":"https:\/\/mediumseagreen-eel-531711.hostingersite.com\/#\/schema\/logo\/image\/","url":"https:\/\/bladnanews.com\/wp-content\/uploads\/2025\/12\/logo-bladnanews-V2-web-black-red.png","contentUrl":"https:\/\/bladnanews.com\/wp-content\/uploads\/2025\/12\/logo-bladnanews-V2-web-black-red.png","width":703,"height":287,"caption":"Bladna News.com"},"image":{"@id":"https:\/\/mediumseagreen-eel-531711.hostingersite.com\/#\/schema\/logo\/image\/"},"email":"info@bladnanews.com","legalName":"Bladna News"},{"@type":"Person","@id":"https:\/\/mediumseagreen-eel-531711.hostingersite.com\/#\/schema\/person\/268e18a453ab080ebf76df6ef7845083","name":"\u00c9quipe r\u00e9dactionnelle de Bladna News","url":"https:\/\/bladnanews.com\/fr\/author\/bladna-news-staff\/"}]}},"_links":{"self":[{"href":"https:\/\/bladnanews.com\/fr\/wp-json\/wp\/v2\/posts\/4015","targetHints":{"allow":["GET"]}}],"collection":[{"href":"https:\/\/bladnanews.com\/fr\/wp-json\/wp\/v2\/posts"}],"about":[{"href":"https:\/\/bladnanews.com\/fr\/wp-json\/wp\/v2\/types\/post"}],"author":[{"embeddable":true,"href":"https:\/\/bladnanews.com\/fr\/wp-json\/wp\/v2\/users\/3"}],"replies":[{"embeddable":true,"href":"https:\/\/bladnanews.com\/fr\/wp-json\/wp\/v2\/comments?post=4015"}],"version-history":[{"count":0,"href":"https:\/\/bladnanews.com\/fr\/wp-json\/wp\/v2\/posts\/4015\/revisions"}],"wp:featuredmedia":[{"embeddable":true,"href":"https:\/\/bladnanews.com\/fr\/wp-json\/wp\/v2\/media\/4013"}],"wp:attachment":[{"href":"https:\/\/bladnanews.com\/fr\/wp-json\/wp\/v2\/media?parent=4015"}],"wp:term":[{"taxonomy":"category","embeddable":true,"href":"https:\/\/bladnanews.com\/fr\/wp-json\/wp\/v2\/categories?post=4015"},{"taxonomy":"post_tag","embeddable":true,"href":"https:\/\/bladnanews.com\/fr\/wp-json\/wp\/v2\/tags?post=4015"}],"curies":[{"name":"wp","href":"https:\/\/api.w.org\/{rel}","templated":true}]}}