{"id":4027,"date":"2026-01-05T19:20:07","date_gmt":"2026-01-05T19:20:07","guid":{"rendered":"https:\/\/bladnanews.com\/%d8%a7%d9%84%d8%b1%d9%83%d8%b1%d8%a7%d9%83%d9%8a-%d8%b3%d8%a3%d9%88%d8%a7%d8%ac%d9%87-%d8%a7%d9%84%d9%83%d8%a7%d9%85%d9%8a%d8%b1%d9%88%d9%86-%d8%a8%d8%ae%d8%b7%d8%a9-%d9%85%d9%88%d9%86%d8%af%d9%8a\/"},"modified":"2026-01-05T19:20:07","modified_gmt":"2026-01-05T19:20:07","slug":"%d8%a7%d9%84%d8%b1%d9%83%d8%b1%d8%a7%d9%83%d9%8a-%d8%b3%d8%a3%d9%88%d8%a7%d8%ac%d9%87-%d8%a7%d9%84%d9%83%d8%a7%d9%85%d9%8a%d8%b1%d9%88%d9%86-%d8%a8%d8%ae%d8%b7%d8%a9-%d9%85%d9%88%d9%86%d8%af%d9%8a","status":"publish","type":"post","link":"https:\/\/bladnanews.com\/fr\/%d8%a7%d9%84%d8%b1%d9%83%d8%b1%d8%a7%d9%83%d9%8a-%d8%b3%d8%a3%d9%88%d8%a7%d8%ac%d9%87-%d8%a7%d9%84%d9%83%d8%a7%d9%85%d9%8a%d8%b1%d9%88%d9%86-%d8%a8%d8%ae%d8%b7%d8%a9-%d9%85%d9%88%d9%86%d8%af%d9%8a\/","title":{"rendered":"\u0627\u0644\u0631\u0643\u0631\u0627\u0643\u064a : \u0633\u0623\u0648\u0627\u062c\u0647 \u0627\u0644\u0643\u0627\u0645\u064a\u0631\u0648\u0646 \u0628\u062e\u0637\u0629 \u0645\u0648\u0646\u062f\u064a\u0627\u0644 \u0642\u0637\u0631"},"content":{"rendered":"<p>L'entra\u00eeneur du Maroc <strong>Walid Regragui<\/strong> a r\u00e9v\u00e9l\u00e9 qu'il pr\u00e9voyait d'affronter <strong>Cameroun<\/strong> en utilisant la m\u00eame approche que celle qu'il a utilis\u00e9e lors de l'\u00e9lection pr\u00e9sidentielle. <strong>Coupe du monde 2022 au Qatar<\/strong>, Le pr\u00e9sident de l'Union europ\u00e9enne est un homme d'action, qui continue \u00e0 fa\u00e7onner son \u00e9quipe en vue de la prochaine \u00e9tape.<\/p>\n<p>Regragui a d\u00e9clar\u00e9 que le match amical contre le Cameroun ne sera pas consid\u00e9r\u00e9 comme un test de routine, soulignant qu'il pr\u00e9f\u00e8re pr\u00e9parer son \u00e9quipe avec la m\u00eame identit\u00e9 que celle qui a permis au Maroc de remporter le Qatar.<\/p>\n<p>Il a expliqu\u00e9 que le plan est clair : conserver la structure et l'esprit de la Coupe du monde, tout en donnant la possibilit\u00e9 d'identifier les meilleures options et de maintenir la concurrence au sein du groupe.<\/p>\n<p>Le s\u00e9lectionneur marocain a \u00e9galement soulign\u00e9 que ces matches sont importants pour renforcer l'\u00e9quilibre de l'\u00e9quipe, notamment en termes d'organisation et de discipline, et pour s'assurer que les joueurs restent align\u00e9s sur le style de l'\u00e9quipe nationale.<\/p>\n<p>Les commentaires de Regragui interviennent alors que le Maroc poursuit sa pr\u00e9paration, le match contre le Cameroun \u00e9tant consid\u00e9r\u00e9 comme une nouvelle \u00e9tape cl\u00e9 dans la construction des fondations pos\u00e9es pendant le parcours de la Coupe du monde.<\/p>","protected":false},"excerpt":{"rendered":"<p>Morocco head coach Walid Regragui has revealed he plans to face Cameroon using the same approach he relied on during [&hellip;]<\/p>\n","protected":false},"author":4,"featured_media":4026,"comment_status":"","ping_status":"open","sticky":false,"template":"","format":"standard","meta":{"googlesitekit_rrm_CAow_uzEDA:productID":"","site-sidebar-layout":"default","site-content-layout":"","ast-site-content-layout":"default","site-content-style":"default","site-sidebar-style":"default","ast-global-header-display":"","ast-banner-title-visibility":"","ast-main-header-display":"","ast-hfb-above-header-display":"","ast-hfb-below-header-display":"","ast-hfb-mobile-header-display":"","site-post-title":"","ast-breadcrumbs-content":"","ast-featured-img":"","footer-sml-layout":"","ast-disable-related-posts":"","theme-transparent-header-meta":"","adv-header-id-meta":"","stick-header-meta":"","header-above-stick-meta":"","header-main-stick-meta":"","header-below-stick-meta":"","astra-migrate-meta-layouts":"default","ast-page-background-enabled":"default","ast-page-background-meta":{"desktop":{"background-color":"var(--ast-global-color-5)","background-image":"","background-repeat":"repeat","background-position":"center center","background-size":"auto","background-attachment":"scroll","background-type":"","background-media":"","overlay-type":"","overlay-color":"","overlay-opacity":"","overlay-gradient":""},"tablet":{"background-color":"","background-image":"","background-repeat":"repeat","background-position":"center center","background-size":"auto","background-attachment":"scroll","background-type":"","background-media":"","overlay-type":"","overlay-color":"","overlay-opacity":"","overlay-gradient":""},"mobile":{"background-color":"","background-image":"","background-repeat":"repeat","background-position":"center center","background-size":"auto","background-attachment":"scroll","background-type":"","background-media":"","overlay-type":"","overlay-color":"","overlay-opacity":"","overlay-gradient":""}},"ast-content-background-meta":{"desktop":{"background-color":"var(--ast-global-color-4)","background-image":"","background-repeat":"repeat","background-position":"center center","background-size":"auto","background-attachment":"scroll","background-type":"","background-media":"","overlay-type":"","overlay-color":"","overlay-opacity":"","overlay-gradient":""},"tablet":{"background-color":"var(--ast-global-color-4)","background-image":"","background-repeat":"repeat","background-position":"center center","background-size":"auto","background-attachment":"scroll","background-type":"","background-media":"","overlay-type":"","overlay-color":"","overlay-opacity":"","overlay-gradient":""},"mobile":{"background-color":"var(--ast-global-color-4)","background-image":"","background-repeat":"repeat","background-position":"center center","background-size":"auto","background-attachment":"scroll","background-type":"","background-media":"","overlay-type":"","overlay-color":"","overlay-opacity":"","overlay-gradient":""}},"footnotes":""},"categories":[1,168],"tags":[],"class_list":["post-4027","post","type-post","status-publish","format-standard","has-post-thumbnail","hentry","category-football-latest-news","category-morocco-national-team"],"yoast_head":"<!-- This site is optimized with the Yoast SEO Premium plugin v26.6 (Yoast SEO v27.4) - https:\/\/yoast.com\/product\/yoast-seo-premium-wordpress\/ -->\n<title>\u0627\u0644\u0631\u0643\u0631\u0627\u0643\u064a: \u0633\u0623\u0648\u0627\u062c\u0647 \u0627\u0644\u0643\u0627\u0645\u064a\u0631\u0648\u0646 \u0628\u062e\u0637\u0629 \u0645\u0648\u0646\u062f\u064a\u0627\u0644 \u0642\u0637\u0631 - Bladna News<\/title>\n<meta name=\"robots\" content=\"index, follow, max-snippet:-1, max-image-preview:large, max-video-preview:-1\" \/>\n<link rel=\"canonical\" href=\"https:\/\/bladnanews.com\/fr\/\u0627\u0644\u0631\u0643\u0631\u0627\u0643\u064a-\u0633\u0623\u0648\u0627\u062c\u0647-\u0627\u0644\u0643\u0627\u0645\u064a\u0631\u0648\u0646-\u0628\u062e\u0637\u0629-\u0645\u0648\u0646\u062f\u064a\/\" \/>\n<meta property=\"og:locale\" content=\"fr_FR\" \/>\n<meta property=\"og:type\" content=\"article\" \/>\n<meta property=\"og:title\" content=\"\u0627\u0644\u0631\u0643\u0631\u0627\u0643\u064a: \u0633\u0623\u0648\u0627\u062c\u0647 \u0627\u0644\u0643\u0627\u0645\u064a\u0631\u0648\u0646 \u0628\u062e\u0637\u0629 \u0645\u0648\u0646\u062f\u064a\u0627\u0644 \u0642\u0637\u0631\" \/>\n<meta property=\"og:description\" content=\"Morocco head coach Walid Regragui has revealed he plans to face Cameroon using the same approach he relied on during [&hellip;]\" \/>\n<meta property=\"og:url\" content=\"https:\/\/bladnanews.com\/fr\/\u0627\u0644\u0631\u0643\u0631\u0627\u0643\u064a-\u0633\u0623\u0648\u0627\u062c\u0647-\u0627\u0644\u0643\u0627\u0645\u064a\u0631\u0648\u0646-\u0628\u062e\u0637\u0629-\u0645\u0648\u0646\u062f\u064a\/\" \/>\n<meta property=\"og:site_name\" content=\"Bladna News\" \/>\n<meta property=\"article:published_time\" content=\"2026-01-05T19:20:07+00:00\" \/>\n<meta property=\"og:image\" content=\"https:\/\/bladnanews.com\/wp-content\/uploads\/2025\/12\/freepik__bladna-newscom-moroccan-soccer-homepage-banner-mor__41838.png\" \/>\n\t<meta property=\"og:image:width\" content=\"1312\" \/>\n\t<meta property=\"og:image:height\" content=\"736\" \/>\n\t<meta property=\"og:image:type\" content=\"image\/png\" \/>\n<meta name=\"author\" content=\"Bladna Sports Desk\" \/>\n<meta name=\"twitter:card\" content=\"summary_large_image\" \/>\n<meta name=\"twitter:label1\" content=\"\u00c9crit par\" \/>\n\t<meta name=\"twitter:data1\" content=\"Bladna Sports Desk\" \/>\n\t<meta name=\"twitter:label2\" content=\"Dur\u00e9e de lecture estim\u00e9e\" \/>\n\t<meta name=\"twitter:data2\" content=\"1 minute\" \/>\n<script type=\"application\/ld+json\" class=\"yoast-schema-graph\">{\"@context\":\"https:\\\/\\\/schema.org\",\"@graph\":[{\"@type\":\"Article\",\"@id\":\"https:\\\/\\\/bladnanews.com\\\/%d8%a7%d9%84%d8%b1%d9%83%d8%b1%d8%a7%d9%83%d9%8a-%d8%b3%d8%a3%d9%88%d8%a7%d8%ac%d9%87-%d8%a7%d9%84%d9%83%d8%a7%d9%85%d9%8a%d8%b1%d9%88%d9%86-%d8%a8%d8%ae%d8%b7%d8%a9-%d9%85%d9%88%d9%86%d8%af%d9%8a\\\/#article\",\"isPartOf\":{\"@id\":\"https:\\\/\\\/bladnanews.com\\\/%d8%a7%d9%84%d8%b1%d9%83%d8%b1%d8%a7%d9%83%d9%8a-%d8%b3%d8%a3%d9%88%d8%a7%d8%ac%d9%87-%d8%a7%d9%84%d9%83%d8%a7%d9%85%d9%8a%d8%b1%d9%88%d9%86-%d8%a8%d8%ae%d8%b7%d8%a9-%d9%85%d9%88%d9%86%d8%af%d9%8a\\\/\"},\"author\":{\"name\":\"Bladna Sports Desk\",\"@id\":\"https:\\\/\\\/mediumseagreen-eel-531711.hostingersite.com\\\/#\\\/schema\\\/person\\\/6712b38fabe810f7eb8d15ed30d90f1e\"},\"headline\":\"\u0627\u0644\u0631\u0643\u0631\u0627\u0643\u064a: \u0633\u0623\u0648\u0627\u062c\u0647 \u0627\u0644\u0643\u0627\u0645\u064a\u0631\u0648\u0646 \u0628\u062e\u0637\u0629 \u0645\u0648\u0646\u062f\u064a\u0627\u0644 \u0642\u0637\u0631\",\"datePublished\":\"2026-01-05T19:20:07+00:00\",\"mainEntityOfPage\":{\"@id\":\"https:\\\/\\\/bladnanews.com\\\/%d8%a7%d9%84%d8%b1%d9%83%d8%b1%d8%a7%d9%83%d9%8a-%d8%b3%d8%a3%d9%88%d8%a7%d8%ac%d9%87-%d8%a7%d9%84%d9%83%d8%a7%d9%85%d9%8a%d8%b1%d9%88%d9%86-%d8%a8%d8%ae%d8%b7%d8%a9-%d9%85%d9%88%d9%86%d8%af%d9%8a\\\/\"},\"wordCount\":160,\"publisher\":{\"@id\":\"https:\\\/\\\/mediumseagreen-eel-531711.hostingersite.com\\\/#organization\"},\"image\":{\"@id\":\"https:\\\/\\\/bladnanews.com\\\/%d8%a7%d9%84%d8%b1%d9%83%d8%b1%d8%a7%d9%83%d9%8a-%d8%b3%d8%a3%d9%88%d8%a7%d8%ac%d9%87-%d8%a7%d9%84%d9%83%d8%a7%d9%85%d9%8a%d8%b1%d9%88%d9%86-%d8%a8%d8%ae%d8%b7%d8%a9-%d9%85%d9%88%d9%86%d8%af%d9%8a\\\/#primaryimage\"},\"thumbnailUrl\":\"https:\\\/\\\/bladnanews.com\\\/wp-content\\\/uploads\\\/2026\\\/01\\\/GettyImages-2252143897.jpg.jpg\",\"articleSection\":[\"Latest News\",\"Morocco National Team\"],\"inLanguage\":\"fr-FR\",\"copyrightYear\":\"2026\",\"copyrightHolder\":{\"@id\":\"https:\\\/\\\/bladnanews.com\\\/fr\\\/#organization\"}},{\"@type\":\"WebPage\",\"@id\":\"https:\\\/\\\/bladnanews.com\\\/%d8%a7%d9%84%d8%b1%d9%83%d8%b1%d8%a7%d9%83%d9%8a-%d8%b3%d8%a3%d9%88%d8%a7%d8%ac%d9%87-%d8%a7%d9%84%d9%83%d8%a7%d9%85%d9%8a%d8%b1%d9%88%d9%86-%d8%a8%d8%ae%d8%b7%d8%a9-%d9%85%d9%88%d9%86%d8%af%d9%8a\\\/\",\"url\":\"https:\\\/\\\/bladnanews.com\\\/%d8%a7%d9%84%d8%b1%d9%83%d8%b1%d8%a7%d9%83%d9%8a-%d8%b3%d8%a3%d9%88%d8%a7%d8%ac%d9%87-%d8%a7%d9%84%d9%83%d8%a7%d9%85%d9%8a%d8%b1%d9%88%d9%86-%d8%a8%d8%ae%d8%b7%d8%a9-%d9%85%d9%88%d9%86%d8%af%d9%8a\\\/\",\"name\":\"\u0627\u0644\u0631\u0643\u0631\u0627\u0643\u064a: \u0633\u0623\u0648\u0627\u062c\u0647 \u0627\u0644\u0643\u0627\u0645\u064a\u0631\u0648\u0646 \u0628\u062e\u0637\u0629 \u0645\u0648\u0646\u062f\u064a\u0627\u0644 \u0642\u0637\u0631 - Bladna News\",\"isPartOf\":{\"@id\":\"https:\\\/\\\/mediumseagreen-eel-531711.hostingersite.com\\\/#website\"},\"primaryImageOfPage\":{\"@id\":\"https:\\\/\\\/bladnanews.com\\\/%d8%a7%d9%84%d8%b1%d9%83%d8%b1%d8%a7%d9%83%d9%8a-%d8%b3%d8%a3%d9%88%d8%a7%d8%ac%d9%87-%d8%a7%d9%84%d9%83%d8%a7%d9%85%d9%8a%d8%b1%d9%88%d9%86-%d8%a8%d8%ae%d8%b7%d8%a9-%d9%85%d9%88%d9%86%d8%af%d9%8a\\\/#primaryimage\"},\"image\":{\"@id\":\"https:\\\/\\\/bladnanews.com\\\/%d8%a7%d9%84%d8%b1%d9%83%d8%b1%d8%a7%d9%83%d9%8a-%d8%b3%d8%a3%d9%88%d8%a7%d8%ac%d9%87-%d8%a7%d9%84%d9%83%d8%a7%d9%85%d9%8a%d8%b1%d9%88%d9%86-%d8%a8%d8%ae%d8%b7%d8%a9-%d9%85%d9%88%d9%86%d8%af%d9%8a\\\/#primaryimage\"},\"thumbnailUrl\":\"https:\\\/\\\/bladnanews.com\\\/wp-content\\\/uploads\\\/2026\\\/01\\\/GettyImages-2252143897.jpg.jpg\",\"datePublished\":\"2026-01-05T19:20:07+00:00\",\"breadcrumb\":{\"@id\":\"https:\\\/\\\/bladnanews.com\\\/%d8%a7%d9%84%d8%b1%d9%83%d8%b1%d8%a7%d9%83%d9%8a-%d8%b3%d8%a3%d9%88%d8%a7%d8%ac%d9%87-%d8%a7%d9%84%d9%83%d8%a7%d9%85%d9%8a%d8%b1%d9%88%d9%86-%d8%a8%d8%ae%d8%b7%d8%a9-%d9%85%d9%88%d9%86%d8%af%d9%8a\\\/#breadcrumb\"},\"inLanguage\":\"fr-FR\",\"potentialAction\":[{\"@type\":\"ReadAction\",\"target\":[\"https:\\\/\\\/bladnanews.com\\\/%d8%a7%d9%84%d8%b1%d9%83%d8%b1%d8%a7%d9%83%d9%8a-%d8%b3%d8%a3%d9%88%d8%a7%d8%ac%d9%87-%d8%a7%d9%84%d9%83%d8%a7%d9%85%d9%8a%d8%b1%d9%88%d9%86-%d8%a8%d8%ae%d8%b7%d8%a9-%d9%85%d9%88%d9%86%d8%af%d9%8a\\\/\"]}]},{\"@type\":\"ImageObject\",\"inLanguage\":\"fr-FR\",\"@id\":\"https:\\\/\\\/bladnanews.com\\\/%d8%a7%d9%84%d8%b1%d9%83%d8%b1%d8%a7%d9%83%d9%8a-%d8%b3%d8%a3%d9%88%d8%a7%d8%ac%d9%87-%d8%a7%d9%84%d9%83%d8%a7%d9%85%d9%8a%d8%b1%d9%88%d9%86-%d8%a8%d8%ae%d8%b7%d8%a9-%d9%85%d9%88%d9%86%d8%af%d9%8a\\\/#primaryimage\",\"url\":\"https:\\\/\\\/bladnanews.com\\\/wp-content\\\/uploads\\\/2026\\\/01\\\/GettyImages-2252143897.jpg.jpg\",\"contentUrl\":\"https:\\\/\\\/bladnanews.com\\\/wp-content\\\/uploads\\\/2026\\\/01\\\/GettyImages-2252143897.jpg.jpg\",\"width\":2560,\"height\":1440,\"caption\":\"Walid Regragui gestures during a press conference, discussing Moroccan football against a vibrant red backdrop with logos.\"},{\"@type\":\"BreadcrumbList\",\"@id\":\"https:\\\/\\\/bladnanews.com\\\/%d8%a7%d9%84%d8%b1%d9%83%d8%b1%d8%a7%d9%83%d9%8a-%d8%b3%d8%a3%d9%88%d8%a7%d8%ac%d9%87-%d8%a7%d9%84%d9%83%d8%a7%d9%85%d9%8a%d8%b1%d9%88%d9%86-%d8%a8%d8%ae%d8%b7%d8%a9-%d9%85%d9%88%d9%86%d8%af%d9%8a\\\/#breadcrumb\",\"itemListElement\":[{\"@type\":\"ListItem\",\"position\":1,\"name\":\"Home\",\"item\":\"https:\\\/\\\/bladnanews.com\\\/\"},{\"@type\":\"ListItem\",\"position\":2,\"name\":\"\u0627\u0644\u0631\u0643\u0631\u0627\u0643\u064a: \u0633\u0623\u0648\u0627\u062c\u0647 \u0627\u0644\u0643\u0627\u0645\u064a\u0631\u0648\u0646 \u0628\u062e\u0637\u0629 \u0645\u0648\u0646\u062f\u064a\u0627\u0644 \u0642\u0637\u0631\"}]},{\"@type\":\"WebSite\",\"@id\":\"https:\\\/\\\/mediumseagreen-eel-531711.hostingersite.com\\\/#website\",\"url\":\"https:\\\/\\\/mediumseagreen-eel-531711.hostingersite.com\\\/\",\"name\":\"Bladna News - Morocco\",\"description\":\"Where Moroccan Football Meets the World\",\"publisher\":{\"@id\":\"https:\\\/\\\/mediumseagreen-eel-531711.hostingersite.com\\\/#organization\"},\"potentialAction\":[{\"@type\":\"SearchAction\",\"target\":{\"@type\":\"EntryPoint\",\"urlTemplate\":\"https:\\\/\\\/mediumseagreen-eel-531711.hostingersite.com\\\/?s={search_term_string}\"},\"query-input\":{\"@type\":\"PropertyValueSpecification\",\"valueRequired\":true,\"valueName\":\"search_term_string\"}}],\"inLanguage\":\"fr-FR\"},{\"@type\":\"Organization\",\"@id\":\"https:\\\/\\\/mediumseagreen-eel-531711.hostingersite.com\\\/#organization\",\"name\":\"Bladna News.com\",\"url\":\"https:\\\/\\\/mediumseagreen-eel-531711.hostingersite.com\\\/\",\"logo\":{\"@type\":\"ImageObject\",\"inLanguage\":\"fr-FR\",\"@id\":\"https:\\\/\\\/mediumseagreen-eel-531711.hostingersite.com\\\/#\\\/schema\\\/logo\\\/image\\\/\",\"url\":\"https:\\\/\\\/bladnanews.com\\\/wp-content\\\/uploads\\\/2025\\\/12\\\/logo-bladnanews-V2-web-black-red.png\",\"contentUrl\":\"https:\\\/\\\/bladnanews.com\\\/wp-content\\\/uploads\\\/2025\\\/12\\\/logo-bladnanews-V2-web-black-red.png\",\"width\":703,\"height\":287,\"caption\":\"Bladna News.com\"},\"image\":{\"@id\":\"https:\\\/\\\/mediumseagreen-eel-531711.hostingersite.com\\\/#\\\/schema\\\/logo\\\/image\\\/\"},\"email\":\"info@bladnanews.com\",\"legalName\":\"Bladna News\"},{\"@type\":\"Person\",\"@id\":\"https:\\\/\\\/mediumseagreen-eel-531711.hostingersite.com\\\/#\\\/schema\\\/person\\\/6712b38fabe810f7eb8d15ed30d90f1e\",\"name\":\"Bladna Sports Desk\",\"url\":\"https:\\\/\\\/bladnanews.com\\\/fr\\\/author\\\/bladna-sports-desk\\\/\"}]}<\/script>\n<!-- \/ Yoast SEO Premium plugin. -->","yoast_head_json":{"title":"\u0627\u0644\u0631\u0643\u0631\u0627\u0643\u064a : \u0633\u0623\u0648\u0627\u062c\u0647 \u0627\u0644\u0643\u0627\u0645\u064a\u0631\u0648\u0646 \u0628\u062e\u0637\u0629 \u0645\u0648\u0646\u062f\u064a\u0627\u0644 \u0642\u0637\u0631 - Bladna News","robots":{"index":"index","follow":"follow","max-snippet":"max-snippet:-1","max-image-preview":"max-image-preview:large","max-video-preview":"max-video-preview:-1"},"canonical":"https:\/\/bladnanews.com\/fr\/\u0627\u0644\u0631\u0643\u0631\u0627\u0643\u064a-\u0633\u0623\u0648\u0627\u062c\u0647-\u0627\u0644\u0643\u0627\u0645\u064a\u0631\u0648\u0646-\u0628\u062e\u0637\u0629-\u0645\u0648\u0646\u062f\u064a\/","og_locale":"fr_FR","og_type":"article","og_title":"\u0627\u0644\u0631\u0643\u0631\u0627\u0643\u064a: \u0633\u0623\u0648\u0627\u062c\u0647 \u0627\u0644\u0643\u0627\u0645\u064a\u0631\u0648\u0646 \u0628\u062e\u0637\u0629 \u0645\u0648\u0646\u062f\u064a\u0627\u0644 \u0642\u0637\u0631","og_description":"Morocco head coach Walid Regragui has revealed he plans to face Cameroon using the same approach he relied on during [&hellip;]","og_url":"https:\/\/bladnanews.com\/fr\/\u0627\u0644\u0631\u0643\u0631\u0627\u0643\u064a-\u0633\u0623\u0648\u0627\u062c\u0647-\u0627\u0644\u0643\u0627\u0645\u064a\u0631\u0648\u0646-\u0628\u062e\u0637\u0629-\u0645\u0648\u0646\u062f\u064a\/","og_site_name":"Bladna News","article_published_time":"2026-01-05T19:20:07+00:00","og_image":[{"width":1312,"height":736,"url":"https:\/\/bladnanews.com\/wp-content\/uploads\/2025\/12\/freepik__bladna-newscom-moroccan-soccer-homepage-banner-mor__41838.png","type":"image\/png"}],"author":"Bladna Sports Desk","twitter_card":"summary_large_image","twitter_misc":{"\u00c9crit par":"Bladna Sports Desk","Dur\u00e9e de lecture estim\u00e9e":"1 minute"},"schema":{"@context":"https:\/\/schema.org","@graph":[{"@type":"Article","@id":"https:\/\/bladnanews.com\/%d8%a7%d9%84%d8%b1%d9%83%d8%b1%d8%a7%d9%83%d9%8a-%d8%b3%d8%a3%d9%88%d8%a7%d8%ac%d9%87-%d8%a7%d9%84%d9%83%d8%a7%d9%85%d9%8a%d8%b1%d9%88%d9%86-%d8%a8%d8%ae%d8%b7%d8%a9-%d9%85%d9%88%d9%86%d8%af%d9%8a\/#article","isPartOf":{"@id":"https:\/\/bladnanews.com\/%d8%a7%d9%84%d8%b1%d9%83%d8%b1%d8%a7%d9%83%d9%8a-%d8%b3%d8%a3%d9%88%d8%a7%d8%ac%d9%87-%d8%a7%d9%84%d9%83%d8%a7%d9%85%d9%8a%d8%b1%d9%88%d9%86-%d8%a8%d8%ae%d8%b7%d8%a9-%d9%85%d9%88%d9%86%d8%af%d9%8a\/"},"author":{"name":"Bladna Sports Desk","@id":"https:\/\/mediumseagreen-eel-531711.hostingersite.com\/#\/schema\/person\/6712b38fabe810f7eb8d15ed30d90f1e"},"headline":"\u0627\u0644\u0631\u0643\u0631\u0627\u0643\u064a: \u0633\u0623\u0648\u0627\u062c\u0647 \u0627\u0644\u0643\u0627\u0645\u064a\u0631\u0648\u0646 \u0628\u062e\u0637\u0629 \u0645\u0648\u0646\u062f\u064a\u0627\u0644 \u0642\u0637\u0631","datePublished":"2026-01-05T19:20:07+00:00","mainEntityOfPage":{"@id":"https:\/\/bladnanews.com\/%d8%a7%d9%84%d8%b1%d9%83%d8%b1%d8%a7%d9%83%d9%8a-%d8%b3%d8%a3%d9%88%d8%a7%d8%ac%d9%87-%d8%a7%d9%84%d9%83%d8%a7%d9%85%d9%8a%d8%b1%d9%88%d9%86-%d8%a8%d8%ae%d8%b7%d8%a9-%d9%85%d9%88%d9%86%d8%af%d9%8a\/"},"wordCount":160,"publisher":{"@id":"https:\/\/mediumseagreen-eel-531711.hostingersite.com\/#organization"},"image":{"@id":"https:\/\/bladnanews.com\/%d8%a7%d9%84%d8%b1%d9%83%d8%b1%d8%a7%d9%83%d9%8a-%d8%b3%d8%a3%d9%88%d8%a7%d8%ac%d9%87-%d8%a7%d9%84%d9%83%d8%a7%d9%85%d9%8a%d8%b1%d9%88%d9%86-%d8%a8%d8%ae%d8%b7%d8%a9-%d9%85%d9%88%d9%86%d8%af%d9%8a\/#primaryimage"},"thumbnailUrl":"https:\/\/bladnanews.com\/wp-content\/uploads\/2026\/01\/GettyImages-2252143897.jpg.jpg","articleSection":["Latest News","Morocco National Team"],"inLanguage":"fr-FR","copyrightYear":"2026","copyrightHolder":{"@id":"https:\/\/bladnanews.com\/fr\/#organization"}},{"@type":"WebPage","@id":"https:\/\/bladnanews.com\/%d8%a7%d9%84%d8%b1%d9%83%d8%b1%d8%a7%d9%83%d9%8a-%d8%b3%d8%a3%d9%88%d8%a7%d8%ac%d9%87-%d8%a7%d9%84%d9%83%d8%a7%d9%85%d9%8a%d8%b1%d9%88%d9%86-%d8%a8%d8%ae%d8%b7%d8%a9-%d9%85%d9%88%d9%86%d8%af%d9%8a\/","url":"https:\/\/bladnanews.com\/%d8%a7%d9%84%d8%b1%d9%83%d8%b1%d8%a7%d9%83%d9%8a-%d8%b3%d8%a3%d9%88%d8%a7%d8%ac%d9%87-%d8%a7%d9%84%d9%83%d8%a7%d9%85%d9%8a%d8%b1%d9%88%d9%86-%d8%a8%d8%ae%d8%b7%d8%a9-%d9%85%d9%88%d9%86%d8%af%d9%8a\/","name":"\u0627\u0644\u0631\u0643\u0631\u0627\u0643\u064a : \u0633\u0623\u0648\u0627\u062c\u0647 \u0627\u0644\u0643\u0627\u0645\u064a\u0631\u0648\u0646 \u0628\u062e\u0637\u0629 \u0645\u0648\u0646\u062f\u064a\u0627\u0644 \u0642\u0637\u0631 - Bladna News","isPartOf":{"@id":"https:\/\/mediumseagreen-eel-531711.hostingersite.com\/#website"},"primaryImageOfPage":{"@id":"https:\/\/bladnanews.com\/%d8%a7%d9%84%d8%b1%d9%83%d8%b1%d8%a7%d9%83%d9%8a-%d8%b3%d8%a3%d9%88%d8%a7%d8%ac%d9%87-%d8%a7%d9%84%d9%83%d8%a7%d9%85%d9%8a%d8%b1%d9%88%d9%86-%d8%a8%d8%ae%d8%b7%d8%a9-%d9%85%d9%88%d9%86%d8%af%d9%8a\/#primaryimage"},"image":{"@id":"https:\/\/bladnanews.com\/%d8%a7%d9%84%d8%b1%d9%83%d8%b1%d8%a7%d9%83%d9%8a-%d8%b3%d8%a3%d9%88%d8%a7%d8%ac%d9%87-%d8%a7%d9%84%d9%83%d8%a7%d9%85%d9%8a%d8%b1%d9%88%d9%86-%d8%a8%d8%ae%d8%b7%d8%a9-%d9%85%d9%88%d9%86%d8%af%d9%8a\/#primaryimage"},"thumbnailUrl":"https:\/\/bladnanews.com\/wp-content\/uploads\/2026\/01\/GettyImages-2252143897.jpg.jpg","datePublished":"2026-01-05T19:20:07+00:00","breadcrumb":{"@id":"https:\/\/bladnanews.com\/%d8%a7%d9%84%d8%b1%d9%83%d8%b1%d8%a7%d9%83%d9%8a-%d8%b3%d8%a3%d9%88%d8%a7%d8%ac%d9%87-%d8%a7%d9%84%d9%83%d8%a7%d9%85%d9%8a%d8%b1%d9%88%d9%86-%d8%a8%d8%ae%d8%b7%d8%a9-%d9%85%d9%88%d9%86%d8%af%d9%8a\/#breadcrumb"},"inLanguage":"fr-FR","potentialAction":[{"@type":"ReadAction","target":["https:\/\/bladnanews.com\/%d8%a7%d9%84%d8%b1%d9%83%d8%b1%d8%a7%d9%83%d9%8a-%d8%b3%d8%a3%d9%88%d8%a7%d8%ac%d9%87-%d8%a7%d9%84%d9%83%d8%a7%d9%85%d9%8a%d8%b1%d9%88%d9%86-%d8%a8%d8%ae%d8%b7%d8%a9-%d9%85%d9%88%d9%86%d8%af%d9%8a\/"]}]},{"@type":"ImageObject","inLanguage":"fr-FR","@id":"https:\/\/bladnanews.com\/%d8%a7%d9%84%d8%b1%d9%83%d8%b1%d8%a7%d9%83%d9%8a-%d8%b3%d8%a3%d9%88%d8%a7%d8%ac%d9%87-%d8%a7%d9%84%d9%83%d8%a7%d9%85%d9%8a%d8%b1%d9%88%d9%86-%d8%a8%d8%ae%d8%b7%d8%a9-%d9%85%d9%88%d9%86%d8%af%d9%8a\/#primaryimage","url":"https:\/\/bladnanews.com\/wp-content\/uploads\/2026\/01\/GettyImages-2252143897.jpg.jpg","contentUrl":"https:\/\/bladnanews.com\/wp-content\/uploads\/2026\/01\/GettyImages-2252143897.jpg.jpg","width":2560,"height":1440,"caption":"Walid Regragui gestures during a press conference, discussing Moroccan football against a vibrant red backdrop with logos."},{"@type":"BreadcrumbList","@id":"https:\/\/bladnanews.com\/%d8%a7%d9%84%d8%b1%d9%83%d8%b1%d8%a7%d9%83%d9%8a-%d8%b3%d8%a3%d9%88%d8%a7%d8%ac%d9%87-%d8%a7%d9%84%d9%83%d8%a7%d9%85%d9%8a%d8%b1%d9%88%d9%86-%d8%a8%d8%ae%d8%b7%d8%a9-%d9%85%d9%88%d9%86%d8%af%d9%8a\/#breadcrumb","itemListElement":[{"@type":"ListItem","position":1,"name":"Home","item":"https:\/\/bladnanews.com\/"},{"@type":"ListItem","position":2,"name":"\u0627\u0644\u0631\u0643\u0631\u0627\u0643\u064a: \u0633\u0623\u0648\u0627\u062c\u0647 \u0627\u0644\u0643\u0627\u0645\u064a\u0631\u0648\u0646 \u0628\u062e\u0637\u0629 \u0645\u0648\u0646\u062f\u064a\u0627\u0644 \u0642\u0637\u0631"}]},{"@type":"WebSite","@id":"https:\/\/mediumseagreen-eel-531711.hostingersite.com\/#website","url":"https:\/\/mediumseagreen-eel-531711.hostingersite.com\/","name":"Bladna News - Maroc","description":"Quand le football marocain rencontre le monde","publisher":{"@id":"https:\/\/mediumseagreen-eel-531711.hostingersite.com\/#organization"},"potentialAction":[{"@type":"SearchAction","target":{"@type":"EntryPoint","urlTemplate":"https:\/\/mediumseagreen-eel-531711.hostingersite.com\/?s={search_term_string}"},"query-input":{"@type":"PropertyValueSpecification","valueRequired":true,"valueName":"search_term_string"}}],"inLanguage":"fr-FR"},{"@type":"Organization","@id":"https:\/\/mediumseagreen-eel-531711.hostingersite.com\/#organization","name":"Bladna News.com","url":"https:\/\/mediumseagreen-eel-531711.hostingersite.com\/","logo":{"@type":"ImageObject","inLanguage":"fr-FR","@id":"https:\/\/mediumseagreen-eel-531711.hostingersite.com\/#\/schema\/logo\/image\/","url":"https:\/\/bladnanews.com\/wp-content\/uploads\/2025\/12\/logo-bladnanews-V2-web-black-red.png","contentUrl":"https:\/\/bladnanews.com\/wp-content\/uploads\/2025\/12\/logo-bladnanews-V2-web-black-red.png","width":703,"height":287,"caption":"Bladna News.com"},"image":{"@id":"https:\/\/mediumseagreen-eel-531711.hostingersite.com\/#\/schema\/logo\/image\/"},"email":"info@bladnanews.com","legalName":"Bladna News"},{"@type":"Person","@id":"https:\/\/mediumseagreen-eel-531711.hostingersite.com\/#\/schema\/person\/6712b38fabe810f7eb8d15ed30d90f1e","name":"Bladna Sports Desk","url":"https:\/\/bladnanews.com\/fr\/author\/bladna-sports-desk\/"}]}},"_links":{"self":[{"href":"https:\/\/bladnanews.com\/fr\/wp-json\/wp\/v2\/posts\/4027","targetHints":{"allow":["GET"]}}],"collection":[{"href":"https:\/\/bladnanews.com\/fr\/wp-json\/wp\/v2\/posts"}],"about":[{"href":"https:\/\/bladnanews.com\/fr\/wp-json\/wp\/v2\/types\/post"}],"author":[{"embeddable":true,"href":"https:\/\/bladnanews.com\/fr\/wp-json\/wp\/v2\/users\/4"}],"replies":[{"embeddable":true,"href":"https:\/\/bladnanews.com\/fr\/wp-json\/wp\/v2\/comments?post=4027"}],"version-history":[{"count":0,"href":"https:\/\/bladnanews.com\/fr\/wp-json\/wp\/v2\/posts\/4027\/revisions"}],"wp:featuredmedia":[{"embeddable":true,"href":"https:\/\/bladnanews.com\/fr\/wp-json\/wp\/v2\/media\/4026"}],"wp:attachment":[{"href":"https:\/\/bladnanews.com\/fr\/wp-json\/wp\/v2\/media?parent=4027"}],"wp:term":[{"taxonomy":"category","embeddable":true,"href":"https:\/\/bladnanews.com\/fr\/wp-json\/wp\/v2\/categories?post=4027"},{"taxonomy":"post_tag","embeddable":true,"href":"https:\/\/bladnanews.com\/fr\/wp-json\/wp\/v2\/tags?post=4027"}],"curies":[{"name":"wp","href":"https:\/\/api.w.org\/{rel}","templated":true}]}}