{"id":4073,"date":"2026-01-05T13:51:36","date_gmt":"2026-01-05T13:51:36","guid":{"rendered":"https:\/\/bladnanews.com\/paul-mullin-returns-to-wrexham-after-wigan-loan-ends\/"},"modified":"2026-01-05T13:51:36","modified_gmt":"2026-01-05T13:51:36","slug":"paul-mullin-revient-a-wrexham-apres-la-fin-de-son-pret-a-wigan","status":"publish","type":"post","link":"https:\/\/bladnanews.com\/fr\/paul-mullin-revient-a-wrexham-apres-la-fin-de-son-pret-a-wigan\/","title":{"rendered":"Paul Mullin revient \u00e0 Wrexham apr\u00e8s la fin de son pr\u00eat \u00e0 Wigan"},"content":{"rendered":"<p>Paul Mullin est de retour \u00e0 Wrexham apr\u00e8s que son pr\u00eat \u00e0 Wigan Athletic a \u00e9t\u00e9 interrompu pr\u00e9matur\u00e9ment.<\/p>\n<p>L'attaquant, qui est devenu une l\u00e9gende moderne du club gr\u00e2ce \u00e0 ses buts lors de l'ascension de Wrexham, est revenu au nord du Pays de Galles avec l'accord \u00e0 Wigan \u00e9court\u00e9 avant sa fin pr\u00e9vue.<\/p>\n<p>Mullin avait rejoint Wigan en pr\u00eat dans le but d'obtenir des minutes r\u00e9guli\u00e8res, mais il a maintenant r\u00e9int\u00e9gr\u00e9 l'\u00e9quipe de Phil Parkinson alors que Wrexham poursuit sa campagne.<\/p>\n<p>Son retour offre \u00e0 Wrexham une autre option \u00e9prouv\u00e9e en attaque, le bilan de Mullin au club le rendant d\u00e9j\u00e0 l'une des figures marquantes de l'\u00e8re actuelle.<\/p>\n<p>Ce transfert confirme \u00e9galement que le temps de Mullin \u00e0 Wigan ne se poursuivra pas, l'attaquant \u00e9tant d\u00e9sormais pr\u00eat \u00e0 se concentrer pleinement \u00e0 nouveau sur Wrexham.<\/p>","protected":false},"excerpt":{"rendered":"<p>Paul Mullin is back at Wrexham after his loan spell at Wigan Athletic was brought to an early end. The [&hellip;]<\/p>\n","protected":false},"author":3,"featured_media":4072,"comment_status":"","ping_status":"open","sticky":false,"template":"","format":"standard","meta":{"googlesitekit_rrm_CAow_uzEDA:productID":"","site-sidebar-layout":"default","site-content-layout":"","ast-site-content-layout":"default","site-content-style":"default","site-sidebar-style":"default","ast-global-header-display":"","ast-banner-title-visibility":"","ast-main-header-display":"","ast-hfb-above-header-display":"","ast-hfb-below-header-display":"","ast-hfb-mobile-header-display":"","site-post-title":"","ast-breadcrumbs-content":"","ast-featured-img":"","footer-sml-layout":"","ast-disable-related-posts":"","theme-transparent-header-meta":"","adv-header-id-meta":"","stick-header-meta":"","header-above-stick-meta":"","header-main-stick-meta":"","header-below-stick-meta":"","astra-migrate-meta-layouts":"default","ast-page-background-enabled":"default","ast-page-background-meta":{"desktop":{"background-color":"var(--ast-global-color-5)","background-image":"","background-repeat":"repeat","background-position":"center center","background-size":"auto","background-attachment":"scroll","background-type":"","background-media":"","overlay-type":"","overlay-color":"","overlay-opacity":"","overlay-gradient":""},"tablet":{"background-color":"","background-image":"","background-repeat":"repeat","background-position":"center center","background-size":"auto","background-attachment":"scroll","background-type":"","background-media":"","overlay-type":"","overlay-color":"","overlay-opacity":"","overlay-gradient":""},"mobile":{"background-color":"","background-image":"","background-repeat":"repeat","background-position":"center center","background-size":"auto","background-attachment":"scroll","background-type":"","background-media":"","overlay-type":"","overlay-color":"","overlay-opacity":"","overlay-gradient":""}},"ast-content-background-meta":{"desktop":{"background-color":"var(--ast-global-color-4)","background-image":"","background-repeat":"repeat","background-position":"center center","background-size":"auto","background-attachment":"scroll","background-type":"","background-media":"","overlay-type":"","overlay-color":"","overlay-opacity":"","overlay-gradient":""},"tablet":{"background-color":"var(--ast-global-color-4)","background-image":"","background-repeat":"repeat","background-position":"center center","background-size":"auto","background-attachment":"scroll","background-type":"","background-media":"","overlay-type":"","overlay-color":"","overlay-opacity":"","overlay-gradient":""},"mobile":{"background-color":"var(--ast-global-color-4)","background-image":"","background-repeat":"repeat","background-position":"center center","background-size":"auto","background-attachment":"scroll","background-type":"","background-media":"","overlay-type":"","overlay-color":"","overlay-opacity":"","overlay-gradient":""}},"footnotes":""},"categories":[20,1],"tags":[],"class_list":["post-4073","post","type-post","status-publish","format-standard","has-post-thumbnail","hentry","category-international","category-football-latest-news"],"yoast_head":"<!-- This site is optimized with the Yoast SEO Premium plugin v26.6 (Yoast SEO v27.5) - https:\/\/yoast.com\/product\/yoast-seo-premium-wordpress\/ -->\n<title>Paul Mullin returns to Wrexham after Wigan loan ends - Bladna News<\/title>\n<meta name=\"robots\" content=\"index, follow, max-snippet:-1, max-image-preview:large, max-video-preview:-1\" \/>\n<link rel=\"canonical\" href=\"https:\/\/bladnanews.com\/fr\/paul-mullin-revient-a-wrexham-apres-la-fin-de-son-pret-a-wigan\/\" \/>\n<meta property=\"og:locale\" content=\"fr_FR\" \/>\n<meta property=\"og:type\" content=\"article\" \/>\n<meta property=\"og:title\" content=\"Paul Mullin returns to Wrexham after Wigan loan ends\" \/>\n<meta property=\"og:description\" content=\"Paul Mullin is back at Wrexham after his loan spell at Wigan Athletic was brought to an early end. The [&hellip;]\" \/>\n<meta property=\"og:url\" content=\"https:\/\/bladnanews.com\/fr\/paul-mullin-revient-a-wrexham-apres-la-fin-de-son-pret-a-wigan\/\" \/>\n<meta property=\"og:site_name\" content=\"Bladna News\" \/>\n<meta property=\"article:published_time\" content=\"2026-01-05T13:51:36+00:00\" \/>\n<meta property=\"og:image\" content=\"https:\/\/bladnanews.com\/wp-content\/uploads\/2025\/12\/freepik__bladna-newscom-moroccan-soccer-homepage-banner-mor__41838.png\" \/>\n\t<meta property=\"og:image:width\" content=\"1312\" \/>\n\t<meta property=\"og:image:height\" content=\"736\" \/>\n\t<meta property=\"og:image:type\" content=\"image\/png\" \/>\n<meta name=\"author\" content=\"Bladna News Staff\" \/>\n<meta name=\"twitter:card\" content=\"summary_large_image\" \/>\n<meta name=\"twitter:label1\" content=\"\u00c9crit par\" \/>\n\t<meta name=\"twitter:data1\" content=\"Bladna News Staff\" \/>\n\t<meta name=\"twitter:label2\" content=\"Dur\u00e9e de lecture estim\u00e9e\" \/>\n\t<meta name=\"twitter:data2\" content=\"1 minute\" \/>\n<script type=\"application\/ld+json\" class=\"yoast-schema-graph\">{\"@context\":\"https:\\\/\\\/schema.org\",\"@graph\":[{\"@type\":\"Article\",\"@id\":\"https:\\\/\\\/bladnanews.com\\\/paul-mullin-returns-to-wrexham-after-wigan-loan-ends\\\/#article\",\"isPartOf\":{\"@id\":\"https:\\\/\\\/bladnanews.com\\\/paul-mullin-returns-to-wrexham-after-wigan-loan-ends\\\/\"},\"author\":{\"name\":\"Bladna News Staff\",\"@id\":\"https:\\\/\\\/mediumseagreen-eel-531711.hostingersite.com\\\/#\\\/schema\\\/person\\\/268e18a453ab080ebf76df6ef7845083\"},\"headline\":\"Paul Mullin returns to Wrexham after Wigan loan ends\",\"datePublished\":\"2026-01-05T13:51:36+00:00\",\"mainEntityOfPage\":{\"@id\":\"https:\\\/\\\/bladnanews.com\\\/paul-mullin-returns-to-wrexham-after-wigan-loan-ends\\\/\"},\"wordCount\":138,\"publisher\":{\"@id\":\"https:\\\/\\\/mediumseagreen-eel-531711.hostingersite.com\\\/#organization\"},\"image\":{\"@id\":\"https:\\\/\\\/bladnanews.com\\\/paul-mullin-returns-to-wrexham-after-wigan-loan-ends\\\/#primaryimage\"},\"thumbnailUrl\":\"https:\\\/\\\/bladnanews.com\\\/wp-content\\\/uploads\\\/2026\\\/01\\\/BladnaNews-Paul-Mullin-returns-to-Wrexham-after-Wigan-loan-ends-2026-01-05T215032.708Z.jpg\",\"articleSection\":[\"International\",\"Latest News\"],\"inLanguage\":\"fr-FR\",\"copyrightYear\":\"2026\",\"copyrightHolder\":{\"@id\":\"https:\\\/\\\/bladnanews.com\\\/fr\\\/#organization\"}},{\"@type\":\"WebPage\",\"@id\":\"https:\\\/\\\/bladnanews.com\\\/paul-mullin-returns-to-wrexham-after-wigan-loan-ends\\\/\",\"url\":\"https:\\\/\\\/bladnanews.com\\\/paul-mullin-returns-to-wrexham-after-wigan-loan-ends\\\/\",\"name\":\"Paul Mullin returns to Wrexham after Wigan loan ends - Bladna News\",\"isPartOf\":{\"@id\":\"https:\\\/\\\/mediumseagreen-eel-531711.hostingersite.com\\\/#website\"},\"primaryImageOfPage\":{\"@id\":\"https:\\\/\\\/bladnanews.com\\\/paul-mullin-returns-to-wrexham-after-wigan-loan-ends\\\/#primaryimage\"},\"image\":{\"@id\":\"https:\\\/\\\/bladnanews.com\\\/paul-mullin-returns-to-wrexham-after-wigan-loan-ends\\\/#primaryimage\"},\"thumbnailUrl\":\"https:\\\/\\\/bladnanews.com\\\/wp-content\\\/uploads\\\/2026\\\/01\\\/BladnaNews-Paul-Mullin-returns-to-Wrexham-after-Wigan-loan-ends-2026-01-05T215032.708Z.jpg\",\"datePublished\":\"2026-01-05T13:51:36+00:00\",\"breadcrumb\":{\"@id\":\"https:\\\/\\\/bladnanews.com\\\/paul-mullin-returns-to-wrexham-after-wigan-loan-ends\\\/#breadcrumb\"},\"inLanguage\":\"fr-FR\",\"potentialAction\":[{\"@type\":\"ReadAction\",\"target\":[\"https:\\\/\\\/bladnanews.com\\\/paul-mullin-returns-to-wrexham-after-wigan-loan-ends\\\/\"]}]},{\"@type\":\"ImageObject\",\"inLanguage\":\"fr-FR\",\"@id\":\"https:\\\/\\\/bladnanews.com\\\/paul-mullin-returns-to-wrexham-after-wigan-loan-ends\\\/#primaryimage\",\"url\":\"https:\\\/\\\/bladnanews.com\\\/wp-content\\\/uploads\\\/2026\\\/01\\\/BladnaNews-Paul-Mullin-returns-to-Wrexham-after-Wigan-loan-ends-2026-01-05T215032.708Z.jpg\",\"contentUrl\":\"https:\\\/\\\/bladnanews.com\\\/wp-content\\\/uploads\\\/2026\\\/01\\\/BladnaNews-Paul-Mullin-returns-to-Wrexham-after-Wigan-loan-ends-2026-01-05T215032.708Z.jpg\",\"width\":1600,\"height\":900,\"caption\":\"Paul Mullin gestures on the pitch wearing Wrexham's black away kit with \\\"United\\\" logo, during an intense match moment.\"},{\"@type\":\"BreadcrumbList\",\"@id\":\"https:\\\/\\\/bladnanews.com\\\/paul-mullin-returns-to-wrexham-after-wigan-loan-ends\\\/#breadcrumb\",\"itemListElement\":[{\"@type\":\"ListItem\",\"position\":1,\"name\":\"Home\",\"item\":\"https:\\\/\\\/bladnanews.com\\\/\"},{\"@type\":\"ListItem\",\"position\":2,\"name\":\"Paul Mullin returns to Wrexham after Wigan loan ends\"}]},{\"@type\":\"WebSite\",\"@id\":\"https:\\\/\\\/mediumseagreen-eel-531711.hostingersite.com\\\/#website\",\"url\":\"https:\\\/\\\/mediumseagreen-eel-531711.hostingersite.com\\\/\",\"name\":\"Bladna News - Morocco\",\"description\":\"Where Moroccan Football Meets the World\",\"publisher\":{\"@id\":\"https:\\\/\\\/mediumseagreen-eel-531711.hostingersite.com\\\/#organization\"},\"potentialAction\":[{\"@type\":\"SearchAction\",\"target\":{\"@type\":\"EntryPoint\",\"urlTemplate\":\"https:\\\/\\\/mediumseagreen-eel-531711.hostingersite.com\\\/?s={search_term_string}\"},\"query-input\":{\"@type\":\"PropertyValueSpecification\",\"valueRequired\":true,\"valueName\":\"search_term_string\"}}],\"inLanguage\":\"fr-FR\"},{\"@type\":\"Organization\",\"@id\":\"https:\\\/\\\/mediumseagreen-eel-531711.hostingersite.com\\\/#organization\",\"name\":\"Bladna News.com\",\"url\":\"https:\\\/\\\/mediumseagreen-eel-531711.hostingersite.com\\\/\",\"logo\":{\"@type\":\"ImageObject\",\"inLanguage\":\"fr-FR\",\"@id\":\"https:\\\/\\\/mediumseagreen-eel-531711.hostingersite.com\\\/#\\\/schema\\\/logo\\\/image\\\/\",\"url\":\"https:\\\/\\\/bladnanews.com\\\/wp-content\\\/uploads\\\/2025\\\/12\\\/logo-bladnanews-V2-web-black-red.png\",\"contentUrl\":\"https:\\\/\\\/bladnanews.com\\\/wp-content\\\/uploads\\\/2025\\\/12\\\/logo-bladnanews-V2-web-black-red.png\",\"width\":703,\"height\":287,\"caption\":\"Bladna News.com\"},\"image\":{\"@id\":\"https:\\\/\\\/mediumseagreen-eel-531711.hostingersite.com\\\/#\\\/schema\\\/logo\\\/image\\\/\"},\"email\":\"info@bladnanews.com\",\"legalName\":\"Bladna News\"},{\"@type\":\"Person\",\"@id\":\"https:\\\/\\\/mediumseagreen-eel-531711.hostingersite.com\\\/#\\\/schema\\\/person\\\/268e18a453ab080ebf76df6ef7845083\",\"name\":\"Bladna News Staff\",\"url\":\"https:\\\/\\\/bladnanews.com\\\/fr\\\/author\\\/bladna-news-staff\\\/\"}]}<\/script>\n<!-- \/ Yoast SEO Premium plugin. -->","yoast_head_json":{"title":"Paul Mullin revient \u00e0 Wrexham apr\u00e8s la fin de son pr\u00eat \u00e0 Wigan - Bladna News","robots":{"index":"index","follow":"follow","max-snippet":"max-snippet:-1","max-image-preview":"max-image-preview:large","max-video-preview":"max-video-preview:-1"},"canonical":"https:\/\/bladnanews.com\/fr\/paul-mullin-revient-a-wrexham-apres-la-fin-de-son-pret-a-wigan\/","og_locale":"fr_FR","og_type":"article","og_title":"Paul Mullin returns to Wrexham after Wigan loan ends","og_description":"Paul Mullin is back at Wrexham after his loan spell at Wigan Athletic was brought to an early end. The [&hellip;]","og_url":"https:\/\/bladnanews.com\/fr\/paul-mullin-revient-a-wrexham-apres-la-fin-de-son-pret-a-wigan\/","og_site_name":"Bladna News","article_published_time":"2026-01-05T13:51:36+00:00","og_image":[{"width":1312,"height":736,"url":"https:\/\/bladnanews.com\/wp-content\/uploads\/2025\/12\/freepik__bladna-newscom-moroccan-soccer-homepage-banner-mor__41838.png","type":"image\/png"}],"author":"Bladna News Staff","twitter_card":"summary_large_image","twitter_misc":{"\u00c9crit par":"Bladna News Staff","Dur\u00e9e de lecture estim\u00e9e":"1 minute"},"schema":{"@context":"https:\/\/schema.org","@graph":[{"@type":"Article","@id":"https:\/\/bladnanews.com\/paul-mullin-returns-to-wrexham-after-wigan-loan-ends\/#article","isPartOf":{"@id":"https:\/\/bladnanews.com\/paul-mullin-returns-to-wrexham-after-wigan-loan-ends\/"},"author":{"name":"Bladna News Staff","@id":"https:\/\/mediumseagreen-eel-531711.hostingersite.com\/#\/schema\/person\/268e18a453ab080ebf76df6ef7845083"},"headline":"Paul Mullin returns to Wrexham after Wigan loan ends","datePublished":"2026-01-05T13:51:36+00:00","mainEntityOfPage":{"@id":"https:\/\/bladnanews.com\/paul-mullin-returns-to-wrexham-after-wigan-loan-ends\/"},"wordCount":138,"publisher":{"@id":"https:\/\/mediumseagreen-eel-531711.hostingersite.com\/#organization"},"image":{"@id":"https:\/\/bladnanews.com\/paul-mullin-returns-to-wrexham-after-wigan-loan-ends\/#primaryimage"},"thumbnailUrl":"https:\/\/bladnanews.com\/wp-content\/uploads\/2026\/01\/BladnaNews-Paul-Mullin-returns-to-Wrexham-after-Wigan-loan-ends-2026-01-05T215032.708Z.jpg","articleSection":["International","Latest News"],"inLanguage":"fr-FR","copyrightYear":"2026","copyrightHolder":{"@id":"https:\/\/bladnanews.com\/fr\/#organization"}},{"@type":"WebPage","@id":"https:\/\/bladnanews.com\/paul-mullin-returns-to-wrexham-after-wigan-loan-ends\/","url":"https:\/\/bladnanews.com\/paul-mullin-returns-to-wrexham-after-wigan-loan-ends\/","name":"Paul Mullin revient \u00e0 Wrexham apr\u00e8s la fin de son pr\u00eat \u00e0 Wigan - Bladna News","isPartOf":{"@id":"https:\/\/mediumseagreen-eel-531711.hostingersite.com\/#website"},"primaryImageOfPage":{"@id":"https:\/\/bladnanews.com\/paul-mullin-returns-to-wrexham-after-wigan-loan-ends\/#primaryimage"},"image":{"@id":"https:\/\/bladnanews.com\/paul-mullin-returns-to-wrexham-after-wigan-loan-ends\/#primaryimage"},"thumbnailUrl":"https:\/\/bladnanews.com\/wp-content\/uploads\/2026\/01\/BladnaNews-Paul-Mullin-returns-to-Wrexham-after-Wigan-loan-ends-2026-01-05T215032.708Z.jpg","datePublished":"2026-01-05T13:51:36+00:00","breadcrumb":{"@id":"https:\/\/bladnanews.com\/paul-mullin-returns-to-wrexham-after-wigan-loan-ends\/#breadcrumb"},"inLanguage":"fr-FR","potentialAction":[{"@type":"ReadAction","target":["https:\/\/bladnanews.com\/paul-mullin-returns-to-wrexham-after-wigan-loan-ends\/"]}]},{"@type":"ImageObject","inLanguage":"fr-FR","@id":"https:\/\/bladnanews.com\/paul-mullin-returns-to-wrexham-after-wigan-loan-ends\/#primaryimage","url":"https:\/\/bladnanews.com\/wp-content\/uploads\/2026\/01\/BladnaNews-Paul-Mullin-returns-to-Wrexham-after-Wigan-loan-ends-2026-01-05T215032.708Z.jpg","contentUrl":"https:\/\/bladnanews.com\/wp-content\/uploads\/2026\/01\/BladnaNews-Paul-Mullin-returns-to-Wrexham-after-Wigan-loan-ends-2026-01-05T215032.708Z.jpg","width":1600,"height":900,"caption":"Paul Mullin gestures on the pitch wearing Wrexham's black away kit with \"United\" logo, during an intense match moment."},{"@type":"BreadcrumbList","@id":"https:\/\/bladnanews.com\/paul-mullin-returns-to-wrexham-after-wigan-loan-ends\/#breadcrumb","itemListElement":[{"@type":"ListItem","position":1,"name":"Home","item":"https:\/\/bladnanews.com\/"},{"@type":"ListItem","position":2,"name":"Paul Mullin returns to Wrexham after Wigan loan ends"}]},{"@type":"WebSite","@id":"https:\/\/mediumseagreen-eel-531711.hostingersite.com\/#website","url":"https:\/\/mediumseagreen-eel-531711.hostingersite.com\/","name":"Bladna News - Maroc","description":"Quand le football marocain rencontre le monde","publisher":{"@id":"https:\/\/mediumseagreen-eel-531711.hostingersite.com\/#organization"},"potentialAction":[{"@type":"SearchAction","target":{"@type":"EntryPoint","urlTemplate":"https:\/\/mediumseagreen-eel-531711.hostingersite.com\/?s={search_term_string}"},"query-input":{"@type":"PropertyValueSpecification","valueRequired":true,"valueName":"search_term_string"}}],"inLanguage":"fr-FR"},{"@type":"Organization","@id":"https:\/\/mediumseagreen-eel-531711.hostingersite.com\/#organization","name":"Bladna News.com","url":"https:\/\/mediumseagreen-eel-531711.hostingersite.com\/","logo":{"@type":"ImageObject","inLanguage":"fr-FR","@id":"https:\/\/mediumseagreen-eel-531711.hostingersite.com\/#\/schema\/logo\/image\/","url":"https:\/\/bladnanews.com\/wp-content\/uploads\/2025\/12\/logo-bladnanews-V2-web-black-red.png","contentUrl":"https:\/\/bladnanews.com\/wp-content\/uploads\/2025\/12\/logo-bladnanews-V2-web-black-red.png","width":703,"height":287,"caption":"Bladna News.com"},"image":{"@id":"https:\/\/mediumseagreen-eel-531711.hostingersite.com\/#\/schema\/logo\/image\/"},"email":"info@bladnanews.com","legalName":"Bladna News"},{"@type":"Person","@id":"https:\/\/mediumseagreen-eel-531711.hostingersite.com\/#\/schema\/person\/268e18a453ab080ebf76df6ef7845083","name":"\u00c9quipe r\u00e9dactionnelle de Bladna News","url":"https:\/\/bladnanews.com\/fr\/author\/bladna-news-staff\/"}]}},"_links":{"self":[{"href":"https:\/\/bladnanews.com\/fr\/wp-json\/wp\/v2\/posts\/4073","targetHints":{"allow":["GET"]}}],"collection":[{"href":"https:\/\/bladnanews.com\/fr\/wp-json\/wp\/v2\/posts"}],"about":[{"href":"https:\/\/bladnanews.com\/fr\/wp-json\/wp\/v2\/types\/post"}],"author":[{"embeddable":true,"href":"https:\/\/bladnanews.com\/fr\/wp-json\/wp\/v2\/users\/3"}],"replies":[{"embeddable":true,"href":"https:\/\/bladnanews.com\/fr\/wp-json\/wp\/v2\/comments?post=4073"}],"version-history":[{"count":0,"href":"https:\/\/bladnanews.com\/fr\/wp-json\/wp\/v2\/posts\/4073\/revisions"}],"wp:featuredmedia":[{"embeddable":true,"href":"https:\/\/bladnanews.com\/fr\/wp-json\/wp\/v2\/media\/4072"}],"wp:attachment":[{"href":"https:\/\/bladnanews.com\/fr\/wp-json\/wp\/v2\/media?parent=4073"}],"wp:term":[{"taxonomy":"category","embeddable":true,"href":"https:\/\/bladnanews.com\/fr\/wp-json\/wp\/v2\/categories?post=4073"},{"taxonomy":"post_tag","embeddable":true,"href":"https:\/\/bladnanews.com\/fr\/wp-json\/wp\/v2\/tags?post=4073"}],"curies":[{"name":"wp","href":"https:\/\/api.w.org\/{rel}","templated":true}]}}