{"id":4077,"date":"2026-01-05T14:54:06","date_gmt":"2026-01-05T14:54:06","guid":{"rendered":"https:\/\/bladnanews.com\/sporting-kc-set-to-hire-rapha-wicky-to-replace-vermes\/"},"modified":"2026-01-05T14:54:06","modified_gmt":"2026-01-05T14:54:06","slug":"le-sporting-kc-sapprete-a-engager-rapha-wicky-pour-remplacer-vermes","status":"publish","type":"post","link":"https:\/\/bladnanews.com\/fr\/le-sporting-kc-sapprete-a-engager-rapha-wicky-pour-remplacer-vermes\/","title":{"rendered":"Le Sporting KC s'appr\u00eate \u00e0 engager Rapha Wicky pour remplacer Vermes"},"content":{"rendered":"<p>Le Sporting Kansas City s'appr\u00eate \u00e0 nommer Rapha Wicky comme son prochain entra\u00eeneur principal, le club agissant rapidement pour trouver un successeur \u00e0 Peter Vermes.<\/p>\n<p>Cette d\u00e9cision fait suite au d\u00e9part de Vermes apr\u00e8s un long mandat qui a fait de lui l'une des figures embl\u00e9matiques de la MLS sur le banc. Le Sporting KC se tourne d\u00e9sormais vers Wicky pour entamer une nouvelle \u00e8re, l'ancien entra\u00eeneur du FC B\u00e2le et du BSC Young Boys \u00e9tant attendu pour reprendre le poste.<\/p>\n<p>Wicky, 48 ans, a \u00e9galement d\u00e9j\u00e0 travaill\u00e9 en MLS, ayant entra\u00een\u00e9 le Chicago Fire. Son parcours comprend une exp\u00e9rience en Suisse et en Europe, et le Sporting estime qu'il correspond au profil pour diriger une \u00e9quipe qui a besoin d'un red\u00e9marrage et d'une identit\u00e9 claire.<\/p>\n<p>Ce changement met fin \u00e0 un chapitre remarquable sous Vermes, devenu synonyme du succ\u00e8s et de la stabilit\u00e9 modernes du Sporting. Son d\u00e9part marque un tournant majeur pour le club, qui recherche une nouvelle voix apr\u00e8s une s\u00e9rie de r\u00e9sultats difficiles.<\/p>\n<p>Le Sporting KC n'a pas encore fait d'annonce officielle, mais le recrutement devrait \u00eatre confirm\u00e9 prochainement, alors que Wicky se pr\u00e9pare \u00e0 endosser l'un des postes les plus scrut\u00e9s de la ligue.<\/p>","protected":false},"excerpt":{"rendered":"<p>Sporting Kansas City are set to appoint Rapha Wicky as their next head coach, with the club moving quickly to [&hellip;]<\/p>\n","protected":false},"author":3,"featured_media":4076,"comment_status":"","ping_status":"open","sticky":false,"template":"","format":"standard","meta":{"googlesitekit_rrm_CAow_uzEDA:productID":"","site-sidebar-layout":"default","site-content-layout":"","ast-site-content-layout":"default","site-content-style":"default","site-sidebar-style":"default","ast-global-header-display":"","ast-banner-title-visibility":"","ast-main-header-display":"","ast-hfb-above-header-display":"","ast-hfb-below-header-display":"","ast-hfb-mobile-header-display":"","site-post-title":"","ast-breadcrumbs-content":"","ast-featured-img":"","footer-sml-layout":"","ast-disable-related-posts":"","theme-transparent-header-meta":"","adv-header-id-meta":"","stick-header-meta":"","header-above-stick-meta":"","header-main-stick-meta":"","header-below-stick-meta":"","astra-migrate-meta-layouts":"default","ast-page-background-enabled":"default","ast-page-background-meta":{"desktop":{"background-color":"var(--ast-global-color-5)","background-image":"","background-repeat":"repeat","background-position":"center center","background-size":"auto","background-attachment":"scroll","background-type":"","background-media":"","overlay-type":"","overlay-color":"","overlay-opacity":"","overlay-gradient":""},"tablet":{"background-color":"","background-image":"","background-repeat":"repeat","background-position":"center center","background-size":"auto","background-attachment":"scroll","background-type":"","background-media":"","overlay-type":"","overlay-color":"","overlay-opacity":"","overlay-gradient":""},"mobile":{"background-color":"","background-image":"","background-repeat":"repeat","background-position":"center center","background-size":"auto","background-attachment":"scroll","background-type":"","background-media":"","overlay-type":"","overlay-color":"","overlay-opacity":"","overlay-gradient":""}},"ast-content-background-meta":{"desktop":{"background-color":"var(--ast-global-color-4)","background-image":"","background-repeat":"repeat","background-position":"center center","background-size":"auto","background-attachment":"scroll","background-type":"","background-media":"","overlay-type":"","overlay-color":"","overlay-opacity":"","overlay-gradient":""},"tablet":{"background-color":"var(--ast-global-color-4)","background-image":"","background-repeat":"repeat","background-position":"center center","background-size":"auto","background-attachment":"scroll","background-type":"","background-media":"","overlay-type":"","overlay-color":"","overlay-opacity":"","overlay-gradient":""},"mobile":{"background-color":"var(--ast-global-color-4)","background-image":"","background-repeat":"repeat","background-position":"center center","background-size":"auto","background-attachment":"scroll","background-type":"","background-media":"","overlay-type":"","overlay-color":"","overlay-opacity":"","overlay-gradient":""}},"footnotes":""},"categories":[20,1],"tags":[],"class_list":["post-4077","post","type-post","status-publish","format-standard","has-post-thumbnail","hentry","category-international","category-football-latest-news"],"yoast_head":"<!-- This site is optimized with the Yoast SEO Premium plugin v26.6 (Yoast SEO v27.5) - https:\/\/yoast.com\/product\/yoast-seo-premium-wordpress\/ -->\n<title>Sporting KC set to hire Rapha Wicky to replace Vermes - Bladna News<\/title>\n<meta name=\"robots\" content=\"index, follow, max-snippet:-1, max-image-preview:large, max-video-preview:-1\" \/>\n<link rel=\"canonical\" href=\"https:\/\/bladnanews.com\/fr\/le-sporting-kc-sapprete-a-engager-rapha-wicky-pour-remplacer-vermes\/\" \/>\n<meta property=\"og:locale\" content=\"fr_FR\" \/>\n<meta property=\"og:type\" content=\"article\" \/>\n<meta property=\"og:title\" content=\"Sporting KC set to hire Rapha Wicky to replace Vermes\" \/>\n<meta property=\"og:description\" content=\"Sporting Kansas City are set to appoint Rapha Wicky as their next head coach, with the club moving quickly to [&hellip;]\" \/>\n<meta property=\"og:url\" content=\"https:\/\/bladnanews.com\/fr\/le-sporting-kc-sapprete-a-engager-rapha-wicky-pour-remplacer-vermes\/\" \/>\n<meta property=\"og:site_name\" content=\"Bladna News\" \/>\n<meta property=\"article:published_time\" content=\"2026-01-05T14:54:06+00:00\" \/>\n<meta property=\"og:image\" content=\"https:\/\/bladnanews.com\/wp-content\/uploads\/2025\/12\/freepik__bladna-newscom-moroccan-soccer-homepage-banner-mor__41838.png\" \/>\n\t<meta property=\"og:image:width\" content=\"1312\" \/>\n\t<meta property=\"og:image:height\" content=\"736\" \/>\n\t<meta property=\"og:image:type\" content=\"image\/png\" \/>\n<meta name=\"author\" content=\"Bladna News Staff\" \/>\n<meta name=\"twitter:card\" content=\"summary_large_image\" \/>\n<meta name=\"twitter:label1\" content=\"\u00c9crit par\" \/>\n\t<meta name=\"twitter:data1\" content=\"Bladna News Staff\" \/>\n\t<meta name=\"twitter:label2\" content=\"Dur\u00e9e de lecture estim\u00e9e\" \/>\n\t<meta name=\"twitter:data2\" content=\"1 minute\" \/>\n<script type=\"application\/ld+json\" class=\"yoast-schema-graph\">{\"@context\":\"https:\\\/\\\/schema.org\",\"@graph\":[{\"@type\":\"Article\",\"@id\":\"https:\\\/\\\/bladnanews.com\\\/sporting-kc-set-to-hire-rapha-wicky-to-replace-vermes\\\/#article\",\"isPartOf\":{\"@id\":\"https:\\\/\\\/bladnanews.com\\\/sporting-kc-set-to-hire-rapha-wicky-to-replace-vermes\\\/\"},\"author\":{\"name\":\"Bladna News Staff\",\"@id\":\"https:\\\/\\\/mediumseagreen-eel-531711.hostingersite.com\\\/#\\\/schema\\\/person\\\/268e18a453ab080ebf76df6ef7845083\"},\"headline\":\"Sporting KC set to hire Rapha Wicky to replace Vermes\",\"datePublished\":\"2026-01-05T14:54:06+00:00\",\"mainEntityOfPage\":{\"@id\":\"https:\\\/\\\/bladnanews.com\\\/sporting-kc-set-to-hire-rapha-wicky-to-replace-vermes\\\/\"},\"wordCount\":197,\"publisher\":{\"@id\":\"https:\\\/\\\/mediumseagreen-eel-531711.hostingersite.com\\\/#organization\"},\"image\":{\"@id\":\"https:\\\/\\\/bladnanews.com\\\/sporting-kc-set-to-hire-rapha-wicky-to-replace-vermes\\\/#primaryimage\"},\"thumbnailUrl\":\"https:\\\/\\\/bladnanews.com\\\/wp-content\\\/uploads\\\/2026\\\/01\\\/BladnaNews-Sporting-KC-set-to-hire-Rapha-Wicky-to-replace-Vermes-2026-01-05T215103.784Z.jpg\",\"articleSection\":[\"International\",\"Latest News\"],\"inLanguage\":\"fr-FR\",\"copyrightYear\":\"2026\",\"copyrightHolder\":{\"@id\":\"https:\\\/\\\/bladnanews.com\\\/fr\\\/#organization\"}},{\"@type\":\"WebPage\",\"@id\":\"https:\\\/\\\/bladnanews.com\\\/sporting-kc-set-to-hire-rapha-wicky-to-replace-vermes\\\/\",\"url\":\"https:\\\/\\\/bladnanews.com\\\/sporting-kc-set-to-hire-rapha-wicky-to-replace-vermes\\\/\",\"name\":\"Sporting KC set to hire Rapha Wicky to replace Vermes - Bladna News\",\"isPartOf\":{\"@id\":\"https:\\\/\\\/mediumseagreen-eel-531711.hostingersite.com\\\/#website\"},\"primaryImageOfPage\":{\"@id\":\"https:\\\/\\\/bladnanews.com\\\/sporting-kc-set-to-hire-rapha-wicky-to-replace-vermes\\\/#primaryimage\"},\"image\":{\"@id\":\"https:\\\/\\\/bladnanews.com\\\/sporting-kc-set-to-hire-rapha-wicky-to-replace-vermes\\\/#primaryimage\"},\"thumbnailUrl\":\"https:\\\/\\\/bladnanews.com\\\/wp-content\\\/uploads\\\/2026\\\/01\\\/BladnaNews-Sporting-KC-set-to-hire-Rapha-Wicky-to-replace-Vermes-2026-01-05T215103.784Z.jpg\",\"datePublished\":\"2026-01-05T14:54:06+00:00\",\"breadcrumb\":{\"@id\":\"https:\\\/\\\/bladnanews.com\\\/sporting-kc-set-to-hire-rapha-wicky-to-replace-vermes\\\/#breadcrumb\"},\"inLanguage\":\"fr-FR\",\"potentialAction\":[{\"@type\":\"ReadAction\",\"target\":[\"https:\\\/\\\/bladnanews.com\\\/sporting-kc-set-to-hire-rapha-wicky-to-replace-vermes\\\/\"]}]},{\"@type\":\"ImageObject\",\"inLanguage\":\"fr-FR\",\"@id\":\"https:\\\/\\\/bladnanews.com\\\/sporting-kc-set-to-hire-rapha-wicky-to-replace-vermes\\\/#primaryimage\",\"url\":\"https:\\\/\\\/bladnanews.com\\\/wp-content\\\/uploads\\\/2026\\\/01\\\/BladnaNews-Sporting-KC-set-to-hire-Rapha-Wicky-to-replace-Vermes-2026-01-05T215103.784Z.jpg\",\"contentUrl\":\"https:\\\/\\\/bladnanews.com\\\/wp-content\\\/uploads\\\/2026\\\/01\\\/BladnaNews-Sporting-KC-set-to-hire-Rapha-Wicky-to-replace-Vermes-2026-01-05T215103.784Z.jpg\",\"width\":1600,\"height\":900,\"caption\":\"Rapha Wicky, in a black coat and glasses, looks thoughtfully ahead, hinting at his upcoming role with Sporting KC.\"},{\"@type\":\"BreadcrumbList\",\"@id\":\"https:\\\/\\\/bladnanews.com\\\/sporting-kc-set-to-hire-rapha-wicky-to-replace-vermes\\\/#breadcrumb\",\"itemListElement\":[{\"@type\":\"ListItem\",\"position\":1,\"name\":\"Home\",\"item\":\"https:\\\/\\\/bladnanews.com\\\/\"},{\"@type\":\"ListItem\",\"position\":2,\"name\":\"Sporting KC set to hire Rapha Wicky to replace Vermes\"}]},{\"@type\":\"WebSite\",\"@id\":\"https:\\\/\\\/mediumseagreen-eel-531711.hostingersite.com\\\/#website\",\"url\":\"https:\\\/\\\/mediumseagreen-eel-531711.hostingersite.com\\\/\",\"name\":\"Bladna News - Morocco\",\"description\":\"Where Moroccan Football Meets the World\",\"publisher\":{\"@id\":\"https:\\\/\\\/mediumseagreen-eel-531711.hostingersite.com\\\/#organization\"},\"potentialAction\":[{\"@type\":\"SearchAction\",\"target\":{\"@type\":\"EntryPoint\",\"urlTemplate\":\"https:\\\/\\\/mediumseagreen-eel-531711.hostingersite.com\\\/?s={search_term_string}\"},\"query-input\":{\"@type\":\"PropertyValueSpecification\",\"valueRequired\":true,\"valueName\":\"search_term_string\"}}],\"inLanguage\":\"fr-FR\"},{\"@type\":\"Organization\",\"@id\":\"https:\\\/\\\/mediumseagreen-eel-531711.hostingersite.com\\\/#organization\",\"name\":\"Bladna News.com\",\"url\":\"https:\\\/\\\/mediumseagreen-eel-531711.hostingersite.com\\\/\",\"logo\":{\"@type\":\"ImageObject\",\"inLanguage\":\"fr-FR\",\"@id\":\"https:\\\/\\\/mediumseagreen-eel-531711.hostingersite.com\\\/#\\\/schema\\\/logo\\\/image\\\/\",\"url\":\"https:\\\/\\\/bladnanews.com\\\/wp-content\\\/uploads\\\/2025\\\/12\\\/logo-bladnanews-V2-web-black-red.png\",\"contentUrl\":\"https:\\\/\\\/bladnanews.com\\\/wp-content\\\/uploads\\\/2025\\\/12\\\/logo-bladnanews-V2-web-black-red.png\",\"width\":703,\"height\":287,\"caption\":\"Bladna News.com\"},\"image\":{\"@id\":\"https:\\\/\\\/mediumseagreen-eel-531711.hostingersite.com\\\/#\\\/schema\\\/logo\\\/image\\\/\"},\"email\":\"info@bladnanews.com\",\"legalName\":\"Bladna News\"},{\"@type\":\"Person\",\"@id\":\"https:\\\/\\\/mediumseagreen-eel-531711.hostingersite.com\\\/#\\\/schema\\\/person\\\/268e18a453ab080ebf76df6ef7845083\",\"name\":\"Bladna News Staff\",\"url\":\"https:\\\/\\\/bladnanews.com\\\/fr\\\/author\\\/bladna-news-staff\\\/\"}]}<\/script>\n<!-- \/ Yoast SEO Premium plugin. -->","yoast_head_json":{"title":"Le Sporting KC s'appr\u00eate \u00e0 engager Rapha Wicky pour remplacer Vermes - Bladna News","robots":{"index":"index","follow":"follow","max-snippet":"max-snippet:-1","max-image-preview":"max-image-preview:large","max-video-preview":"max-video-preview:-1"},"canonical":"https:\/\/bladnanews.com\/fr\/le-sporting-kc-sapprete-a-engager-rapha-wicky-pour-remplacer-vermes\/","og_locale":"fr_FR","og_type":"article","og_title":"Sporting KC set to hire Rapha Wicky to replace Vermes","og_description":"Sporting Kansas City are set to appoint Rapha Wicky as their next head coach, with the club moving quickly to [&hellip;]","og_url":"https:\/\/bladnanews.com\/fr\/le-sporting-kc-sapprete-a-engager-rapha-wicky-pour-remplacer-vermes\/","og_site_name":"Bladna News","article_published_time":"2026-01-05T14:54:06+00:00","og_image":[{"width":1312,"height":736,"url":"https:\/\/bladnanews.com\/wp-content\/uploads\/2025\/12\/freepik__bladna-newscom-moroccan-soccer-homepage-banner-mor__41838.png","type":"image\/png"}],"author":"Bladna News Staff","twitter_card":"summary_large_image","twitter_misc":{"\u00c9crit par":"Bladna News Staff","Dur\u00e9e de lecture estim\u00e9e":"1 minute"},"schema":{"@context":"https:\/\/schema.org","@graph":[{"@type":"Article","@id":"https:\/\/bladnanews.com\/sporting-kc-set-to-hire-rapha-wicky-to-replace-vermes\/#article","isPartOf":{"@id":"https:\/\/bladnanews.com\/sporting-kc-set-to-hire-rapha-wicky-to-replace-vermes\/"},"author":{"name":"Bladna News Staff","@id":"https:\/\/mediumseagreen-eel-531711.hostingersite.com\/#\/schema\/person\/268e18a453ab080ebf76df6ef7845083"},"headline":"Sporting KC set to hire Rapha Wicky to replace Vermes","datePublished":"2026-01-05T14:54:06+00:00","mainEntityOfPage":{"@id":"https:\/\/bladnanews.com\/sporting-kc-set-to-hire-rapha-wicky-to-replace-vermes\/"},"wordCount":197,"publisher":{"@id":"https:\/\/mediumseagreen-eel-531711.hostingersite.com\/#organization"},"image":{"@id":"https:\/\/bladnanews.com\/sporting-kc-set-to-hire-rapha-wicky-to-replace-vermes\/#primaryimage"},"thumbnailUrl":"https:\/\/bladnanews.com\/wp-content\/uploads\/2026\/01\/BladnaNews-Sporting-KC-set-to-hire-Rapha-Wicky-to-replace-Vermes-2026-01-05T215103.784Z.jpg","articleSection":["International","Latest News"],"inLanguage":"fr-FR","copyrightYear":"2026","copyrightHolder":{"@id":"https:\/\/bladnanews.com\/fr\/#organization"}},{"@type":"WebPage","@id":"https:\/\/bladnanews.com\/sporting-kc-set-to-hire-rapha-wicky-to-replace-vermes\/","url":"https:\/\/bladnanews.com\/sporting-kc-set-to-hire-rapha-wicky-to-replace-vermes\/","name":"Le Sporting KC s'appr\u00eate \u00e0 engager Rapha Wicky pour remplacer Vermes - Bladna News","isPartOf":{"@id":"https:\/\/mediumseagreen-eel-531711.hostingersite.com\/#website"},"primaryImageOfPage":{"@id":"https:\/\/bladnanews.com\/sporting-kc-set-to-hire-rapha-wicky-to-replace-vermes\/#primaryimage"},"image":{"@id":"https:\/\/bladnanews.com\/sporting-kc-set-to-hire-rapha-wicky-to-replace-vermes\/#primaryimage"},"thumbnailUrl":"https:\/\/bladnanews.com\/wp-content\/uploads\/2026\/01\/BladnaNews-Sporting-KC-set-to-hire-Rapha-Wicky-to-replace-Vermes-2026-01-05T215103.784Z.jpg","datePublished":"2026-01-05T14:54:06+00:00","breadcrumb":{"@id":"https:\/\/bladnanews.com\/sporting-kc-set-to-hire-rapha-wicky-to-replace-vermes\/#breadcrumb"},"inLanguage":"fr-FR","potentialAction":[{"@type":"ReadAction","target":["https:\/\/bladnanews.com\/sporting-kc-set-to-hire-rapha-wicky-to-replace-vermes\/"]}]},{"@type":"ImageObject","inLanguage":"fr-FR","@id":"https:\/\/bladnanews.com\/sporting-kc-set-to-hire-rapha-wicky-to-replace-vermes\/#primaryimage","url":"https:\/\/bladnanews.com\/wp-content\/uploads\/2026\/01\/BladnaNews-Sporting-KC-set-to-hire-Rapha-Wicky-to-replace-Vermes-2026-01-05T215103.784Z.jpg","contentUrl":"https:\/\/bladnanews.com\/wp-content\/uploads\/2026\/01\/BladnaNews-Sporting-KC-set-to-hire-Rapha-Wicky-to-replace-Vermes-2026-01-05T215103.784Z.jpg","width":1600,"height":900,"caption":"Rapha Wicky, in a black coat and glasses, looks thoughtfully ahead, hinting at his upcoming role with Sporting KC."},{"@type":"BreadcrumbList","@id":"https:\/\/bladnanews.com\/sporting-kc-set-to-hire-rapha-wicky-to-replace-vermes\/#breadcrumb","itemListElement":[{"@type":"ListItem","position":1,"name":"Home","item":"https:\/\/bladnanews.com\/"},{"@type":"ListItem","position":2,"name":"Sporting KC set to hire Rapha Wicky to replace Vermes"}]},{"@type":"WebSite","@id":"https:\/\/mediumseagreen-eel-531711.hostingersite.com\/#website","url":"https:\/\/mediumseagreen-eel-531711.hostingersite.com\/","name":"Bladna News - Maroc","description":"Quand le football marocain rencontre le monde","publisher":{"@id":"https:\/\/mediumseagreen-eel-531711.hostingersite.com\/#organization"},"potentialAction":[{"@type":"SearchAction","target":{"@type":"EntryPoint","urlTemplate":"https:\/\/mediumseagreen-eel-531711.hostingersite.com\/?s={search_term_string}"},"query-input":{"@type":"PropertyValueSpecification","valueRequired":true,"valueName":"search_term_string"}}],"inLanguage":"fr-FR"},{"@type":"Organization","@id":"https:\/\/mediumseagreen-eel-531711.hostingersite.com\/#organization","name":"Bladna News.com","url":"https:\/\/mediumseagreen-eel-531711.hostingersite.com\/","logo":{"@type":"ImageObject","inLanguage":"fr-FR","@id":"https:\/\/mediumseagreen-eel-531711.hostingersite.com\/#\/schema\/logo\/image\/","url":"https:\/\/bladnanews.com\/wp-content\/uploads\/2025\/12\/logo-bladnanews-V2-web-black-red.png","contentUrl":"https:\/\/bladnanews.com\/wp-content\/uploads\/2025\/12\/logo-bladnanews-V2-web-black-red.png","width":703,"height":287,"caption":"Bladna News.com"},"image":{"@id":"https:\/\/mediumseagreen-eel-531711.hostingersite.com\/#\/schema\/logo\/image\/"},"email":"info@bladnanews.com","legalName":"Bladna News"},{"@type":"Person","@id":"https:\/\/mediumseagreen-eel-531711.hostingersite.com\/#\/schema\/person\/268e18a453ab080ebf76df6ef7845083","name":"\u00c9quipe r\u00e9dactionnelle de Bladna News","url":"https:\/\/bladnanews.com\/fr\/author\/bladna-news-staff\/"}]}},"_links":{"self":[{"href":"https:\/\/bladnanews.com\/fr\/wp-json\/wp\/v2\/posts\/4077","targetHints":{"allow":["GET"]}}],"collection":[{"href":"https:\/\/bladnanews.com\/fr\/wp-json\/wp\/v2\/posts"}],"about":[{"href":"https:\/\/bladnanews.com\/fr\/wp-json\/wp\/v2\/types\/post"}],"author":[{"embeddable":true,"href":"https:\/\/bladnanews.com\/fr\/wp-json\/wp\/v2\/users\/3"}],"replies":[{"embeddable":true,"href":"https:\/\/bladnanews.com\/fr\/wp-json\/wp\/v2\/comments?post=4077"}],"version-history":[{"count":0,"href":"https:\/\/bladnanews.com\/fr\/wp-json\/wp\/v2\/posts\/4077\/revisions"}],"wp:featuredmedia":[{"embeddable":true,"href":"https:\/\/bladnanews.com\/fr\/wp-json\/wp\/v2\/media\/4076"}],"wp:attachment":[{"href":"https:\/\/bladnanews.com\/fr\/wp-json\/wp\/v2\/media?parent=4077"}],"wp:term":[{"taxonomy":"category","embeddable":true,"href":"https:\/\/bladnanews.com\/fr\/wp-json\/wp\/v2\/categories?post=4077"},{"taxonomy":"post_tag","embeddable":true,"href":"https:\/\/bladnanews.com\/fr\/wp-json\/wp\/v2\/tags?post=4077"}],"curies":[{"name":"wp","href":"https:\/\/api.w.org\/{rel}","templated":true}]}}