{"id":4079,"date":"2026-01-05T15:03:05","date_gmt":"2026-01-05T15:03:05","guid":{"rendered":"https:\/\/bladnanews.com\/man-city-weigh-up-january-marc-guehi-move-amid-injuries\/"},"modified":"2026-01-05T15:03:05","modified_gmt":"2026-01-05T15:03:05","slug":"manchester-city-envisage-un-transfert-de-marc-guehi-en-janvier-suite-aux-blessures","status":"publish","type":"post","link":"https:\/\/bladnanews.com\/fr\/manchester-city-envisage-un-transfert-de-marc-guehi-en-janvier-suite-aux-blessures\/","title":{"rendered":"Manchester City envisage un transfert de Marc Guehi en janvier suite aux blessures."},"content":{"rendered":"<p>Manchester City envisage un transfert en janvier pour le d\u00e9fenseur de Crystal Palace <strong>Marc Guehi<\/strong> alors que <strong>Pep Guardiola<\/strong> continue de lutter contre un probl\u00e8me de blessures croissant en d\u00e9fense.<\/p>\n<p>L'inqui\u00e9tude de City s'est encore accrue apr\u00e8s le <strong>match nul 4-4 en Premier League contre Chelsea<\/strong>, une rencontre lors de laquelle Guardiola a vu <strong>deux d\u00e9fenseurs cl\u00e9s sortir bless\u00e9s<\/strong>. Les champions ont conc\u00e9d\u00e9 le point du match dans un contest chaotique et ont quitt\u00e9 l'Etihad avec de nouveaux doutes sur la condition physique des joueurs, alourdissant le fardeau d'une unit\u00e9 d\u00e9fensive d\u00e9j\u00e0 mise \u00e0 rude \u00e9preuve.<\/p>\n<p>Guardiola n'a pas cach\u00e9 sa frustration apr\u00e8s le match, avertissant que la situation devient de plus en plus difficile \u00e0 g\u00e9rer avec des joueurs qui continuent de tomber. City a \u00e9t\u00e9 contraint d'effectuer des ajustements constants en d\u00e9fense cette saison, et les derniers revers ont pouss\u00e9 le club \u00e0 \u00e9valuer le march\u00e9 de mani\u00e8re plus s\u00e9rieuse.<\/p>\n<p>Un nom \u00e0 l'\u00e9tude est celui de Guehi, qui a impressionn\u00e9 \u00e0 Palace et s'est impos\u00e9 comme l'un des d\u00e9fenseurs centraux les plus fiables de Premier League. City examine ses options avant janvier et Guehi figure sur sa liste alors qu'il envisage de renforcer ses effectifs.<\/p>\n<p>Cet int\u00e9r\u00eat survient alors que le calendrier se resserre et que les exigences envers l'effectif de Guardiola augmentent \u00e0 travers les diff\u00e9rentes comp\u00e9titions. La crise d\u00e9fensive due aux blessures a laiss\u00e9 City \u00e0 court de solutions de remplacement, et le club p\u00e8se d\u00e9sormais le pour et le contre d'un transfert en cours de saison pour prot\u00e9ger ses ambitions dans les mois \u00e0 venir.<\/p>","protected":false},"excerpt":{"rendered":"<p>Manchester City are weighing up a January move for Crystal Palace defender Marc Guehi as Pep Guardiola continues to battle [&hellip;]<\/p>\n","protected":false},"author":3,"featured_media":4078,"comment_status":"","ping_status":"open","sticky":false,"template":"","format":"standard","meta":{"googlesitekit_rrm_CAow_uzEDA:productID":"","site-sidebar-layout":"default","site-content-layout":"","ast-site-content-layout":"default","site-content-style":"default","site-sidebar-style":"default","ast-global-header-display":"","ast-banner-title-visibility":"","ast-main-header-display":"","ast-hfb-above-header-display":"","ast-hfb-below-header-display":"","ast-hfb-mobile-header-display":"","site-post-title":"","ast-breadcrumbs-content":"","ast-featured-img":"","footer-sml-layout":"","ast-disable-related-posts":"","theme-transparent-header-meta":"","adv-header-id-meta":"","stick-header-meta":"","header-above-stick-meta":"","header-main-stick-meta":"","header-below-stick-meta":"","astra-migrate-meta-layouts":"default","ast-page-background-enabled":"default","ast-page-background-meta":{"desktop":{"background-color":"var(--ast-global-color-5)","background-image":"","background-repeat":"repeat","background-position":"center center","background-size":"auto","background-attachment":"scroll","background-type":"","background-media":"","overlay-type":"","overlay-color":"","overlay-opacity":"","overlay-gradient":""},"tablet":{"background-color":"","background-image":"","background-repeat":"repeat","background-position":"center center","background-size":"auto","background-attachment":"scroll","background-type":"","background-media":"","overlay-type":"","overlay-color":"","overlay-opacity":"","overlay-gradient":""},"mobile":{"background-color":"","background-image":"","background-repeat":"repeat","background-position":"center center","background-size":"auto","background-attachment":"scroll","background-type":"","background-media":"","overlay-type":"","overlay-color":"","overlay-opacity":"","overlay-gradient":""}},"ast-content-background-meta":{"desktop":{"background-color":"var(--ast-global-color-4)","background-image":"","background-repeat":"repeat","background-position":"center center","background-size":"auto","background-attachment":"scroll","background-type":"","background-media":"","overlay-type":"","overlay-color":"","overlay-opacity":"","overlay-gradient":""},"tablet":{"background-color":"var(--ast-global-color-4)","background-image":"","background-repeat":"repeat","background-position":"center center","background-size":"auto","background-attachment":"scroll","background-type":"","background-media":"","overlay-type":"","overlay-color":"","overlay-opacity":"","overlay-gradient":""},"mobile":{"background-color":"var(--ast-global-color-4)","background-image":"","background-repeat":"repeat","background-position":"center center","background-size":"auto","background-attachment":"scroll","background-type":"","background-media":"","overlay-type":"","overlay-color":"","overlay-opacity":"","overlay-gradient":""}},"footnotes":""},"categories":[20,1],"tags":[],"class_list":["post-4079","post","type-post","status-publish","format-standard","has-post-thumbnail","hentry","category-international","category-football-latest-news"],"yoast_head":"<!-- This site is optimized with the Yoast SEO Premium plugin v26.6 (Yoast SEO v27.5) - https:\/\/yoast.com\/product\/yoast-seo-premium-wordpress\/ -->\n<title>Man City weigh up January Marc Guehi move amid injuries - Bladna News<\/title>\n<meta name=\"robots\" content=\"index, follow, max-snippet:-1, max-image-preview:large, max-video-preview:-1\" \/>\n<link rel=\"canonical\" href=\"https:\/\/bladnanews.com\/fr\/manchester-city-envisage-un-transfert-de-marc-guehi-en-janvier-suite-aux-blessures\/\" \/>\n<meta property=\"og:locale\" content=\"fr_FR\" \/>\n<meta property=\"og:type\" content=\"article\" \/>\n<meta property=\"og:title\" content=\"Man City weigh up January Marc Guehi move amid injuries\" \/>\n<meta property=\"og:description\" content=\"Manchester City are weighing up a January move for Crystal Palace defender Marc Guehi as Pep Guardiola continues to battle [&hellip;]\" \/>\n<meta property=\"og:url\" content=\"https:\/\/bladnanews.com\/fr\/manchester-city-envisage-un-transfert-de-marc-guehi-en-janvier-suite-aux-blessures\/\" \/>\n<meta property=\"og:site_name\" content=\"Bladna News\" \/>\n<meta property=\"article:published_time\" content=\"2026-01-05T15:03:05+00:00\" \/>\n<meta property=\"og:image\" content=\"https:\/\/bladnanews.com\/wp-content\/uploads\/2025\/12\/freepik__bladna-newscom-moroccan-soccer-homepage-banner-mor__41838.png\" \/>\n\t<meta property=\"og:image:width\" content=\"1312\" \/>\n\t<meta property=\"og:image:height\" content=\"736\" \/>\n\t<meta property=\"og:image:type\" content=\"image\/png\" \/>\n<meta name=\"author\" content=\"Bladna News Staff\" \/>\n<meta name=\"twitter:card\" content=\"summary_large_image\" \/>\n<meta name=\"twitter:label1\" content=\"\u00c9crit par\" \/>\n\t<meta name=\"twitter:data1\" content=\"Bladna News Staff\" \/>\n\t<meta name=\"twitter:label2\" content=\"Dur\u00e9e de lecture estim\u00e9e\" \/>\n\t<meta name=\"twitter:data2\" content=\"1 minute\" \/>\n<script type=\"application\/ld+json\" class=\"yoast-schema-graph\">{\"@context\":\"https:\\\/\\\/schema.org\",\"@graph\":[{\"@type\":\"Article\",\"@id\":\"https:\\\/\\\/bladnanews.com\\\/man-city-weigh-up-january-marc-guehi-move-amid-injuries\\\/#article\",\"isPartOf\":{\"@id\":\"https:\\\/\\\/bladnanews.com\\\/man-city-weigh-up-january-marc-guehi-move-amid-injuries\\\/\"},\"author\":{\"name\":\"Bladna News Staff\",\"@id\":\"https:\\\/\\\/mediumseagreen-eel-531711.hostingersite.com\\\/#\\\/schema\\\/person\\\/268e18a453ab080ebf76df6ef7845083\"},\"headline\":\"Man City weigh up January Marc Guehi move amid injuries\",\"datePublished\":\"2026-01-05T15:03:05+00:00\",\"mainEntityOfPage\":{\"@id\":\"https:\\\/\\\/bladnanews.com\\\/man-city-weigh-up-january-marc-guehi-move-amid-injuries\\\/\"},\"wordCount\":225,\"publisher\":{\"@id\":\"https:\\\/\\\/mediumseagreen-eel-531711.hostingersite.com\\\/#organization\"},\"image\":{\"@id\":\"https:\\\/\\\/bladnanews.com\\\/man-city-weigh-up-january-marc-guehi-move-amid-injuries\\\/#primaryimage\"},\"thumbnailUrl\":\"https:\\\/\\\/bladnanews.com\\\/wp-content\\\/uploads\\\/2026\\\/01\\\/BladnaNews-Man-City-weigh-up-January-Marc-Guehi-move-amid-injuries-2026-01-05T215123.186Z.jpg\",\"articleSection\":[\"International\",\"Latest News\"],\"inLanguage\":\"fr-FR\",\"copyrightYear\":\"2026\",\"copyrightHolder\":{\"@id\":\"https:\\\/\\\/bladnanews.com\\\/fr\\\/#organization\"}},{\"@type\":\"WebPage\",\"@id\":\"https:\\\/\\\/bladnanews.com\\\/man-city-weigh-up-january-marc-guehi-move-amid-injuries\\\/\",\"url\":\"https:\\\/\\\/bladnanews.com\\\/man-city-weigh-up-january-marc-guehi-move-amid-injuries\\\/\",\"name\":\"Man City weigh up January Marc Guehi move amid injuries - Bladna News\",\"isPartOf\":{\"@id\":\"https:\\\/\\\/mediumseagreen-eel-531711.hostingersite.com\\\/#website\"},\"primaryImageOfPage\":{\"@id\":\"https:\\\/\\\/bladnanews.com\\\/man-city-weigh-up-january-marc-guehi-move-amid-injuries\\\/#primaryimage\"},\"image\":{\"@id\":\"https:\\\/\\\/bladnanews.com\\\/man-city-weigh-up-january-marc-guehi-move-amid-injuries\\\/#primaryimage\"},\"thumbnailUrl\":\"https:\\\/\\\/bladnanews.com\\\/wp-content\\\/uploads\\\/2026\\\/01\\\/BladnaNews-Man-City-weigh-up-January-Marc-Guehi-move-amid-injuries-2026-01-05T215123.186Z.jpg\",\"datePublished\":\"2026-01-05T15:03:05+00:00\",\"breadcrumb\":{\"@id\":\"https:\\\/\\\/bladnanews.com\\\/man-city-weigh-up-january-marc-guehi-move-amid-injuries\\\/#breadcrumb\"},\"inLanguage\":\"fr-FR\",\"potentialAction\":[{\"@type\":\"ReadAction\",\"target\":[\"https:\\\/\\\/bladnanews.com\\\/man-city-weigh-up-january-marc-guehi-move-amid-injuries\\\/\"]}]},{\"@type\":\"ImageObject\",\"inLanguage\":\"fr-FR\",\"@id\":\"https:\\\/\\\/bladnanews.com\\\/man-city-weigh-up-january-marc-guehi-move-amid-injuries\\\/#primaryimage\",\"url\":\"https:\\\/\\\/bladnanews.com\\\/wp-content\\\/uploads\\\/2026\\\/01\\\/BladnaNews-Man-City-weigh-up-January-Marc-Guehi-move-amid-injuries-2026-01-05T215123.186Z.jpg\",\"contentUrl\":\"https:\\\/\\\/bladnanews.com\\\/wp-content\\\/uploads\\\/2026\\\/01\\\/BladnaNews-Man-City-weigh-up-January-Marc-Guehi-move-amid-injuries-2026-01-05T215123.186Z.jpg\",\"width\":1600,\"height\":900,\"caption\":\"Marc Guehi in Crystal Palace colours, with a focused expression, alongside the Manchester City club logo, highlighting transfer interest.\"},{\"@type\":\"BreadcrumbList\",\"@id\":\"https:\\\/\\\/bladnanews.com\\\/man-city-weigh-up-january-marc-guehi-move-amid-injuries\\\/#breadcrumb\",\"itemListElement\":[{\"@type\":\"ListItem\",\"position\":1,\"name\":\"Home\",\"item\":\"https:\\\/\\\/bladnanews.com\\\/\"},{\"@type\":\"ListItem\",\"position\":2,\"name\":\"Man City weigh up January Marc Guehi move amid injuries\"}]},{\"@type\":\"WebSite\",\"@id\":\"https:\\\/\\\/mediumseagreen-eel-531711.hostingersite.com\\\/#website\",\"url\":\"https:\\\/\\\/mediumseagreen-eel-531711.hostingersite.com\\\/\",\"name\":\"Bladna News - Morocco\",\"description\":\"Where Moroccan Football Meets the World\",\"publisher\":{\"@id\":\"https:\\\/\\\/mediumseagreen-eel-531711.hostingersite.com\\\/#organization\"},\"potentialAction\":[{\"@type\":\"SearchAction\",\"target\":{\"@type\":\"EntryPoint\",\"urlTemplate\":\"https:\\\/\\\/mediumseagreen-eel-531711.hostingersite.com\\\/?s={search_term_string}\"},\"query-input\":{\"@type\":\"PropertyValueSpecification\",\"valueRequired\":true,\"valueName\":\"search_term_string\"}}],\"inLanguage\":\"fr-FR\"},{\"@type\":\"Organization\",\"@id\":\"https:\\\/\\\/mediumseagreen-eel-531711.hostingersite.com\\\/#organization\",\"name\":\"Bladna News.com\",\"url\":\"https:\\\/\\\/mediumseagreen-eel-531711.hostingersite.com\\\/\",\"logo\":{\"@type\":\"ImageObject\",\"inLanguage\":\"fr-FR\",\"@id\":\"https:\\\/\\\/mediumseagreen-eel-531711.hostingersite.com\\\/#\\\/schema\\\/logo\\\/image\\\/\",\"url\":\"https:\\\/\\\/bladnanews.com\\\/wp-content\\\/uploads\\\/2025\\\/12\\\/logo-bladnanews-V2-web-black-red.png\",\"contentUrl\":\"https:\\\/\\\/bladnanews.com\\\/wp-content\\\/uploads\\\/2025\\\/12\\\/logo-bladnanews-V2-web-black-red.png\",\"width\":703,\"height\":287,\"caption\":\"Bladna News.com\"},\"image\":{\"@id\":\"https:\\\/\\\/mediumseagreen-eel-531711.hostingersite.com\\\/#\\\/schema\\\/logo\\\/image\\\/\"},\"email\":\"info@bladnanews.com\",\"legalName\":\"Bladna News\"},{\"@type\":\"Person\",\"@id\":\"https:\\\/\\\/mediumseagreen-eel-531711.hostingersite.com\\\/#\\\/schema\\\/person\\\/268e18a453ab080ebf76df6ef7845083\",\"name\":\"Bladna News Staff\",\"url\":\"https:\\\/\\\/bladnanews.com\\\/fr\\\/author\\\/bladna-news-staff\\\/\"}]}<\/script>\n<!-- \/ Yoast SEO Premium plugin. -->","yoast_head_json":{"title":"Man City envisage un transfert de Marc Guehi en janvier suite aux blessures - Bladna News","robots":{"index":"index","follow":"follow","max-snippet":"max-snippet:-1","max-image-preview":"max-image-preview:large","max-video-preview":"max-video-preview:-1"},"canonical":"https:\/\/bladnanews.com\/fr\/manchester-city-envisage-un-transfert-de-marc-guehi-en-janvier-suite-aux-blessures\/","og_locale":"fr_FR","og_type":"article","og_title":"Man City weigh up January Marc Guehi move amid injuries","og_description":"Manchester City are weighing up a January move for Crystal Palace defender Marc Guehi as Pep Guardiola continues to battle [&hellip;]","og_url":"https:\/\/bladnanews.com\/fr\/manchester-city-envisage-un-transfert-de-marc-guehi-en-janvier-suite-aux-blessures\/","og_site_name":"Bladna News","article_published_time":"2026-01-05T15:03:05+00:00","og_image":[{"width":1312,"height":736,"url":"https:\/\/bladnanews.com\/wp-content\/uploads\/2025\/12\/freepik__bladna-newscom-moroccan-soccer-homepage-banner-mor__41838.png","type":"image\/png"}],"author":"Bladna News Staff","twitter_card":"summary_large_image","twitter_misc":{"\u00c9crit par":"Bladna News Staff","Dur\u00e9e de lecture estim\u00e9e":"1 minute"},"schema":{"@context":"https:\/\/schema.org","@graph":[{"@type":"Article","@id":"https:\/\/bladnanews.com\/man-city-weigh-up-january-marc-guehi-move-amid-injuries\/#article","isPartOf":{"@id":"https:\/\/bladnanews.com\/man-city-weigh-up-january-marc-guehi-move-amid-injuries\/"},"author":{"name":"Bladna News Staff","@id":"https:\/\/mediumseagreen-eel-531711.hostingersite.com\/#\/schema\/person\/268e18a453ab080ebf76df6ef7845083"},"headline":"Man City weigh up January Marc Guehi move amid injuries","datePublished":"2026-01-05T15:03:05+00:00","mainEntityOfPage":{"@id":"https:\/\/bladnanews.com\/man-city-weigh-up-january-marc-guehi-move-amid-injuries\/"},"wordCount":225,"publisher":{"@id":"https:\/\/mediumseagreen-eel-531711.hostingersite.com\/#organization"},"image":{"@id":"https:\/\/bladnanews.com\/man-city-weigh-up-january-marc-guehi-move-amid-injuries\/#primaryimage"},"thumbnailUrl":"https:\/\/bladnanews.com\/wp-content\/uploads\/2026\/01\/BladnaNews-Man-City-weigh-up-January-Marc-Guehi-move-amid-injuries-2026-01-05T215123.186Z.jpg","articleSection":["International","Latest News"],"inLanguage":"fr-FR","copyrightYear":"2026","copyrightHolder":{"@id":"https:\/\/bladnanews.com\/fr\/#organization"}},{"@type":"WebPage","@id":"https:\/\/bladnanews.com\/man-city-weigh-up-january-marc-guehi-move-amid-injuries\/","url":"https:\/\/bladnanews.com\/man-city-weigh-up-january-marc-guehi-move-amid-injuries\/","name":"Man City envisage un transfert de Marc Guehi en janvier suite aux blessures - Bladna News","isPartOf":{"@id":"https:\/\/mediumseagreen-eel-531711.hostingersite.com\/#website"},"primaryImageOfPage":{"@id":"https:\/\/bladnanews.com\/man-city-weigh-up-january-marc-guehi-move-amid-injuries\/#primaryimage"},"image":{"@id":"https:\/\/bladnanews.com\/man-city-weigh-up-january-marc-guehi-move-amid-injuries\/#primaryimage"},"thumbnailUrl":"https:\/\/bladnanews.com\/wp-content\/uploads\/2026\/01\/BladnaNews-Man-City-weigh-up-January-Marc-Guehi-move-amid-injuries-2026-01-05T215123.186Z.jpg","datePublished":"2026-01-05T15:03:05+00:00","breadcrumb":{"@id":"https:\/\/bladnanews.com\/man-city-weigh-up-january-marc-guehi-move-amid-injuries\/#breadcrumb"},"inLanguage":"fr-FR","potentialAction":[{"@type":"ReadAction","target":["https:\/\/bladnanews.com\/man-city-weigh-up-january-marc-guehi-move-amid-injuries\/"]}]},{"@type":"ImageObject","inLanguage":"fr-FR","@id":"https:\/\/bladnanews.com\/man-city-weigh-up-january-marc-guehi-move-amid-injuries\/#primaryimage","url":"https:\/\/bladnanews.com\/wp-content\/uploads\/2026\/01\/BladnaNews-Man-City-weigh-up-January-Marc-Guehi-move-amid-injuries-2026-01-05T215123.186Z.jpg","contentUrl":"https:\/\/bladnanews.com\/wp-content\/uploads\/2026\/01\/BladnaNews-Man-City-weigh-up-January-Marc-Guehi-move-amid-injuries-2026-01-05T215123.186Z.jpg","width":1600,"height":900,"caption":"Marc Guehi in Crystal Palace colours, with a focused expression, alongside the Manchester City club logo, highlighting transfer interest."},{"@type":"BreadcrumbList","@id":"https:\/\/bladnanews.com\/man-city-weigh-up-january-marc-guehi-move-amid-injuries\/#breadcrumb","itemListElement":[{"@type":"ListItem","position":1,"name":"Home","item":"https:\/\/bladnanews.com\/"},{"@type":"ListItem","position":2,"name":"Man City weigh up January Marc Guehi move amid injuries"}]},{"@type":"WebSite","@id":"https:\/\/mediumseagreen-eel-531711.hostingersite.com\/#website","url":"https:\/\/mediumseagreen-eel-531711.hostingersite.com\/","name":"Bladna News - Maroc","description":"Quand le football marocain rencontre le monde","publisher":{"@id":"https:\/\/mediumseagreen-eel-531711.hostingersite.com\/#organization"},"potentialAction":[{"@type":"SearchAction","target":{"@type":"EntryPoint","urlTemplate":"https:\/\/mediumseagreen-eel-531711.hostingersite.com\/?s={search_term_string}"},"query-input":{"@type":"PropertyValueSpecification","valueRequired":true,"valueName":"search_term_string"}}],"inLanguage":"fr-FR"},{"@type":"Organization","@id":"https:\/\/mediumseagreen-eel-531711.hostingersite.com\/#organization","name":"Bladna News.com","url":"https:\/\/mediumseagreen-eel-531711.hostingersite.com\/","logo":{"@type":"ImageObject","inLanguage":"fr-FR","@id":"https:\/\/mediumseagreen-eel-531711.hostingersite.com\/#\/schema\/logo\/image\/","url":"https:\/\/bladnanews.com\/wp-content\/uploads\/2025\/12\/logo-bladnanews-V2-web-black-red.png","contentUrl":"https:\/\/bladnanews.com\/wp-content\/uploads\/2025\/12\/logo-bladnanews-V2-web-black-red.png","width":703,"height":287,"caption":"Bladna News.com"},"image":{"@id":"https:\/\/mediumseagreen-eel-531711.hostingersite.com\/#\/schema\/logo\/image\/"},"email":"info@bladnanews.com","legalName":"Bladna News"},{"@type":"Person","@id":"https:\/\/mediumseagreen-eel-531711.hostingersite.com\/#\/schema\/person\/268e18a453ab080ebf76df6ef7845083","name":"\u00c9quipe r\u00e9dactionnelle de Bladna News","url":"https:\/\/bladnanews.com\/fr\/author\/bladna-news-staff\/"}]}},"_links":{"self":[{"href":"https:\/\/bladnanews.com\/fr\/wp-json\/wp\/v2\/posts\/4079","targetHints":{"allow":["GET"]}}],"collection":[{"href":"https:\/\/bladnanews.com\/fr\/wp-json\/wp\/v2\/posts"}],"about":[{"href":"https:\/\/bladnanews.com\/fr\/wp-json\/wp\/v2\/types\/post"}],"author":[{"embeddable":true,"href":"https:\/\/bladnanews.com\/fr\/wp-json\/wp\/v2\/users\/3"}],"replies":[{"embeddable":true,"href":"https:\/\/bladnanews.com\/fr\/wp-json\/wp\/v2\/comments?post=4079"}],"version-history":[{"count":0,"href":"https:\/\/bladnanews.com\/fr\/wp-json\/wp\/v2\/posts\/4079\/revisions"}],"wp:featuredmedia":[{"embeddable":true,"href":"https:\/\/bladnanews.com\/fr\/wp-json\/wp\/v2\/media\/4078"}],"wp:attachment":[{"href":"https:\/\/bladnanews.com\/fr\/wp-json\/wp\/v2\/media?parent=4079"}],"wp:term":[{"taxonomy":"category","embeddable":true,"href":"https:\/\/bladnanews.com\/fr\/wp-json\/wp\/v2\/categories?post=4079"},{"taxonomy":"post_tag","embeddable":true,"href":"https:\/\/bladnanews.com\/fr\/wp-json\/wp\/v2\/tags?post=4079"}],"curies":[{"name":"wp","href":"https:\/\/api.w.org\/{rel}","templated":true}]}}