{"id":4151,"date":"2026-01-05T15:16:39","date_gmt":"2026-01-05T15:16:39","guid":{"rendered":"https:\/\/bladnanews.com\/former-arsenal-director-edu-under-threat-at-nottingham-forest\/"},"modified":"2026-01-05T15:16:39","modified_gmt":"2026-01-05T15:16:39","slug":"lancien-directeur-darsenal-edu-sous-menace-a-nottingham-forest","status":"publish","type":"post","link":"https:\/\/bladnanews.com\/fr\/lancien-directeur-darsenal-edu-sous-menace-a-nottingham-forest\/","title":{"rendered":"L'ancien directeur d'Arsenal, Edu, menac\u00e9 \u00e0 Nottingham Forest"},"content":{"rendered":"<p>L'ancien directeur sportif d'Arsenal, Edu, est d\u00e9j\u00e0 sous pression dans son nouveau r\u00f4le \u00e0 Nottingham Forest apr\u00e8s une premi\u00e8re saison tumultueuse sous la direction du propri\u00e9taire Evangelos Marinakis.<\/p>\n<p>Edu, qui a quitt\u00e9 Arsenal apr\u00e8s avoir aid\u00e9 \u00e0 fa\u00e7onner la reconstruction de Mikel Arteta, a pour mission de diriger l'op\u00e9ration football de Forest. Mais les premiers mois ont \u00e9t\u00e9 loin d'\u00eatre fluides, avec un examen interne croissant alors que les r\u00e9sultats et les d\u00e9cisions de recrutement ont \u00e9t\u00e9 scrut\u00e9s de pr\u00e8s.<\/p>\n<p>Marinakis a la r\u00e9putation d'\u00eatre impitoyable et d'exiger des progr\u00e8s rapides, et cette culture s'est fait sentir autour du club. La direction de Forest a gard\u00e9 un \u0153il attentif sur la direction de l'\u00e9quipe, avec peu de marge d'erreur alors que les attentes augmentent.<\/p>\n<p>Comme r\u00e9v\u00e9l\u00e9, la situation a laiss\u00e9 Edu menac\u00e9 malgr\u00e9 le fait qu'il soit dans le poste depuis peu de temps, la pression venant non pas de l'ext\u00e9rieur mais de l'int\u00e9rieur d'un club qui a montr\u00e9 qu'il agirait rapidement lorsqu'il n'est pas satisfait de la fa\u00e7on dont les choses se passent.<\/p>\n<p>Forest est d\u00e9termin\u00e9 \u00e0 \u00e9viter une instabilit\u00e9 suppl\u00e9mentaire, pourtant la premi\u00e8re saison a d\u00e9j\u00e0 \u00e9t\u00e9 marqu\u00e9e par des tensions et des d\u00e9cisions difficiles. Pour Edu, le d\u00e9fi est maintenant de stabiliser le projet et de montrer des progr\u00e8s clairs rapidement tout en op\u00e9rant dans un environnement fortement fa\u00e7onn\u00e9 par l'approche impitoyable de Marinakis.<\/p>","protected":false},"excerpt":{"rendered":"<p>Former Arsenal sporting director Edu is already under pressure in his new role at Nottingham Forest after a turbulent first [&hellip;]<\/p>\n","protected":false},"author":3,"featured_media":4150,"comment_status":"","ping_status":"open","sticky":false,"template":"","format":"standard","meta":{"googlesitekit_rrm_CAow_uzEDA:productID":"","site-sidebar-layout":"default","site-content-layout":"","ast-site-content-layout":"default","site-content-style":"default","site-sidebar-style":"default","ast-global-header-display":"","ast-banner-title-visibility":"","ast-main-header-display":"","ast-hfb-above-header-display":"","ast-hfb-below-header-display":"","ast-hfb-mobile-header-display":"","site-post-title":"","ast-breadcrumbs-content":"","ast-featured-img":"","footer-sml-layout":"","ast-disable-related-posts":"","theme-transparent-header-meta":"","adv-header-id-meta":"","stick-header-meta":"","header-above-stick-meta":"","header-main-stick-meta":"","header-below-stick-meta":"","astra-migrate-meta-layouts":"default","ast-page-background-enabled":"default","ast-page-background-meta":{"desktop":{"background-color":"var(--ast-global-color-5)","background-image":"","background-repeat":"repeat","background-position":"center center","background-size":"auto","background-attachment":"scroll","background-type":"","background-media":"","overlay-type":"","overlay-color":"","overlay-opacity":"","overlay-gradient":""},"tablet":{"background-color":"","background-image":"","background-repeat":"repeat","background-position":"center center","background-size":"auto","background-attachment":"scroll","background-type":"","background-media":"","overlay-type":"","overlay-color":"","overlay-opacity":"","overlay-gradient":""},"mobile":{"background-color":"","background-image":"","background-repeat":"repeat","background-position":"center center","background-size":"auto","background-attachment":"scroll","background-type":"","background-media":"","overlay-type":"","overlay-color":"","overlay-opacity":"","overlay-gradient":""}},"ast-content-background-meta":{"desktop":{"background-color":"var(--ast-global-color-4)","background-image":"","background-repeat":"repeat","background-position":"center center","background-size":"auto","background-attachment":"scroll","background-type":"","background-media":"","overlay-type":"","overlay-color":"","overlay-opacity":"","overlay-gradient":""},"tablet":{"background-color":"var(--ast-global-color-4)","background-image":"","background-repeat":"repeat","background-position":"center center","background-size":"auto","background-attachment":"scroll","background-type":"","background-media":"","overlay-type":"","overlay-color":"","overlay-opacity":"","overlay-gradient":""},"mobile":{"background-color":"var(--ast-global-color-4)","background-image":"","background-repeat":"repeat","background-position":"center center","background-size":"auto","background-attachment":"scroll","background-type":"","background-media":"","overlay-type":"","overlay-color":"","overlay-opacity":"","overlay-gradient":""}},"footnotes":""},"categories":[20,1],"tags":[],"class_list":["post-4151","post","type-post","status-publish","format-standard","has-post-thumbnail","hentry","category-international","category-football-latest-news"],"yoast_head":"<!-- This site is optimized with the Yoast SEO Premium plugin v26.6 (Yoast SEO v27.5) - https:\/\/yoast.com\/product\/yoast-seo-premium-wordpress\/ -->\n<title>Former Arsenal director Edu under threat at Nottingham Forest - Bladna News<\/title>\n<meta name=\"robots\" content=\"index, follow, max-snippet:-1, max-image-preview:large, max-video-preview:-1\" \/>\n<link rel=\"canonical\" href=\"https:\/\/bladnanews.com\/fr\/lancien-directeur-darsenal-edu-sous-menace-a-nottingham-forest\/\" \/>\n<meta property=\"og:locale\" content=\"fr_FR\" \/>\n<meta property=\"og:type\" content=\"article\" \/>\n<meta property=\"og:title\" content=\"Former Arsenal director Edu under threat at Nottingham Forest\" \/>\n<meta property=\"og:description\" content=\"Former Arsenal sporting director Edu is already under pressure in his new role at Nottingham Forest after a turbulent first [&hellip;]\" \/>\n<meta property=\"og:url\" content=\"https:\/\/bladnanews.com\/fr\/lancien-directeur-darsenal-edu-sous-menace-a-nottingham-forest\/\" \/>\n<meta property=\"og:site_name\" content=\"Bladna News\" \/>\n<meta property=\"article:published_time\" content=\"2026-01-05T15:16:39+00:00\" \/>\n<meta property=\"og:image\" content=\"https:\/\/bladnanews.com\/wp-content\/uploads\/2025\/12\/freepik__bladna-newscom-moroccan-soccer-homepage-banner-mor__41838.png\" \/>\n\t<meta property=\"og:image:width\" content=\"1312\" \/>\n\t<meta property=\"og:image:height\" content=\"736\" \/>\n\t<meta property=\"og:image:type\" content=\"image\/png\" \/>\n<meta name=\"author\" content=\"Bladna News Staff\" \/>\n<meta name=\"twitter:card\" content=\"summary_large_image\" \/>\n<meta name=\"twitter:label1\" content=\"\u00c9crit par\" \/>\n\t<meta name=\"twitter:data1\" content=\"Bladna News Staff\" \/>\n\t<meta name=\"twitter:label2\" content=\"Dur\u00e9e de lecture estim\u00e9e\" \/>\n\t<meta name=\"twitter:data2\" content=\"1 minute\" \/>\n<script type=\"application\/ld+json\" class=\"yoast-schema-graph\">{\"@context\":\"https:\\\/\\\/schema.org\",\"@graph\":[{\"@type\":\"Article\",\"@id\":\"https:\\\/\\\/bladnanews.com\\\/former-arsenal-director-edu-under-threat-at-nottingham-forest\\\/#article\",\"isPartOf\":{\"@id\":\"https:\\\/\\\/bladnanews.com\\\/former-arsenal-director-edu-under-threat-at-nottingham-forest\\\/\"},\"author\":{\"name\":\"Bladna News Staff\",\"@id\":\"https:\\\/\\\/mediumseagreen-eel-531711.hostingersite.com\\\/#\\\/schema\\\/person\\\/268e18a453ab080ebf76df6ef7845083\"},\"headline\":\"Former Arsenal director Edu under threat at Nottingham Forest\",\"datePublished\":\"2026-01-05T15:16:39+00:00\",\"mainEntityOfPage\":{\"@id\":\"https:\\\/\\\/bladnanews.com\\\/former-arsenal-director-edu-under-threat-at-nottingham-forest\\\/\"},\"wordCount\":211,\"publisher\":{\"@id\":\"https:\\\/\\\/mediumseagreen-eel-531711.hostingersite.com\\\/#organization\"},\"image\":{\"@id\":\"https:\\\/\\\/bladnanews.com\\\/former-arsenal-director-edu-under-threat-at-nottingham-forest\\\/#primaryimage\"},\"thumbnailUrl\":\"https:\\\/\\\/bladnanews.com\\\/wp-content\\\/uploads\\\/2026\\\/01\\\/BladnaNews-Former-Arsenal-director-Edu-under-threat-at-Nottingham-Forest-2026-01-05T235035.375Z-scaled.jpg\",\"articleSection\":[\"International\",\"Latest News\"],\"inLanguage\":\"fr-FR\",\"copyrightYear\":\"2026\",\"copyrightHolder\":{\"@id\":\"https:\\\/\\\/bladnanews.com\\\/fr\\\/#organization\"}},{\"@type\":\"WebPage\",\"@id\":\"https:\\\/\\\/bladnanews.com\\\/former-arsenal-director-edu-under-threat-at-nottingham-forest\\\/\",\"url\":\"https:\\\/\\\/bladnanews.com\\\/former-arsenal-director-edu-under-threat-at-nottingham-forest\\\/\",\"name\":\"Former Arsenal director Edu under threat at Nottingham Forest - Bladna News\",\"isPartOf\":{\"@id\":\"https:\\\/\\\/mediumseagreen-eel-531711.hostingersite.com\\\/#website\"},\"primaryImageOfPage\":{\"@id\":\"https:\\\/\\\/bladnanews.com\\\/former-arsenal-director-edu-under-threat-at-nottingham-forest\\\/#primaryimage\"},\"image\":{\"@id\":\"https:\\\/\\\/bladnanews.com\\\/former-arsenal-director-edu-under-threat-at-nottingham-forest\\\/#primaryimage\"},\"thumbnailUrl\":\"https:\\\/\\\/bladnanews.com\\\/wp-content\\\/uploads\\\/2026\\\/01\\\/BladnaNews-Former-Arsenal-director-Edu-under-threat-at-Nottingham-Forest-2026-01-05T235035.375Z-scaled.jpg\",\"datePublished\":\"2026-01-05T15:16:39+00:00\",\"breadcrumb\":{\"@id\":\"https:\\\/\\\/bladnanews.com\\\/former-arsenal-director-edu-under-threat-at-nottingham-forest\\\/#breadcrumb\"},\"inLanguage\":\"fr-FR\",\"potentialAction\":[{\"@type\":\"ReadAction\",\"target\":[\"https:\\\/\\\/bladnanews.com\\\/former-arsenal-director-edu-under-threat-at-nottingham-forest\\\/\"]}]},{\"@type\":\"ImageObject\",\"inLanguage\":\"fr-FR\",\"@id\":\"https:\\\/\\\/bladnanews.com\\\/former-arsenal-director-edu-under-threat-at-nottingham-forest\\\/#primaryimage\",\"url\":\"https:\\\/\\\/bladnanews.com\\\/wp-content\\\/uploads\\\/2026\\\/01\\\/BladnaNews-Former-Arsenal-director-Edu-under-threat-at-Nottingham-Forest-2026-01-05T235035.375Z-scaled.jpg\",\"contentUrl\":\"https:\\\/\\\/bladnanews.com\\\/wp-content\\\/uploads\\\/2026\\\/01\\\/BladnaNews-Former-Arsenal-director-Edu-under-threat-at-Nottingham-Forest-2026-01-05T235035.375Z-scaled.jpg\",\"width\":2560,\"height\":1440,\"caption\":\"Edu Gaspar, former Arsenal director, is seen in profile against a blue background with Arsenal logos, displaying a contemplative expression.\"},{\"@type\":\"BreadcrumbList\",\"@id\":\"https:\\\/\\\/bladnanews.com\\\/former-arsenal-director-edu-under-threat-at-nottingham-forest\\\/#breadcrumb\",\"itemListElement\":[{\"@type\":\"ListItem\",\"position\":1,\"name\":\"Home\",\"item\":\"https:\\\/\\\/bladnanews.com\\\/\"},{\"@type\":\"ListItem\",\"position\":2,\"name\":\"Former Arsenal director Edu under threat at Nottingham Forest\"}]},{\"@type\":\"WebSite\",\"@id\":\"https:\\\/\\\/mediumseagreen-eel-531711.hostingersite.com\\\/#website\",\"url\":\"https:\\\/\\\/mediumseagreen-eel-531711.hostingersite.com\\\/\",\"name\":\"Bladna News - Morocco\",\"description\":\"Where Moroccan Football Meets the World\",\"publisher\":{\"@id\":\"https:\\\/\\\/mediumseagreen-eel-531711.hostingersite.com\\\/#organization\"},\"potentialAction\":[{\"@type\":\"SearchAction\",\"target\":{\"@type\":\"EntryPoint\",\"urlTemplate\":\"https:\\\/\\\/mediumseagreen-eel-531711.hostingersite.com\\\/?s={search_term_string}\"},\"query-input\":{\"@type\":\"PropertyValueSpecification\",\"valueRequired\":true,\"valueName\":\"search_term_string\"}}],\"inLanguage\":\"fr-FR\"},{\"@type\":\"Organization\",\"@id\":\"https:\\\/\\\/mediumseagreen-eel-531711.hostingersite.com\\\/#organization\",\"name\":\"Bladna News.com\",\"url\":\"https:\\\/\\\/mediumseagreen-eel-531711.hostingersite.com\\\/\",\"logo\":{\"@type\":\"ImageObject\",\"inLanguage\":\"fr-FR\",\"@id\":\"https:\\\/\\\/mediumseagreen-eel-531711.hostingersite.com\\\/#\\\/schema\\\/logo\\\/image\\\/\",\"url\":\"https:\\\/\\\/bladnanews.com\\\/wp-content\\\/uploads\\\/2025\\\/12\\\/logo-bladnanews-V2-web-black-red.png\",\"contentUrl\":\"https:\\\/\\\/bladnanews.com\\\/wp-content\\\/uploads\\\/2025\\\/12\\\/logo-bladnanews-V2-web-black-red.png\",\"width\":703,\"height\":287,\"caption\":\"Bladna News.com\"},\"image\":{\"@id\":\"https:\\\/\\\/mediumseagreen-eel-531711.hostingersite.com\\\/#\\\/schema\\\/logo\\\/image\\\/\"},\"email\":\"info@bladnanews.com\",\"legalName\":\"Bladna News\"},{\"@type\":\"Person\",\"@id\":\"https:\\\/\\\/mediumseagreen-eel-531711.hostingersite.com\\\/#\\\/schema\\\/person\\\/268e18a453ab080ebf76df6ef7845083\",\"name\":\"Bladna News Staff\",\"url\":\"https:\\\/\\\/bladnanews.com\\\/fr\\\/author\\\/bladna-news-staff\\\/\"}]}<\/script>\n<!-- \/ Yoast SEO Premium plugin. -->","yoast_head_json":{"title":"L'ancien directeur d'Arsenal, Edu, menac\u00e9 \u00e0 Nottingham Forest - Bladna News","robots":{"index":"index","follow":"follow","max-snippet":"max-snippet:-1","max-image-preview":"max-image-preview:large","max-video-preview":"max-video-preview:-1"},"canonical":"https:\/\/bladnanews.com\/fr\/lancien-directeur-darsenal-edu-sous-menace-a-nottingham-forest\/","og_locale":"fr_FR","og_type":"article","og_title":"Former Arsenal director Edu under threat at Nottingham Forest","og_description":"Former Arsenal sporting director Edu is already under pressure in his new role at Nottingham Forest after a turbulent first [&hellip;]","og_url":"https:\/\/bladnanews.com\/fr\/lancien-directeur-darsenal-edu-sous-menace-a-nottingham-forest\/","og_site_name":"Bladna News","article_published_time":"2026-01-05T15:16:39+00:00","og_image":[{"width":1312,"height":736,"url":"https:\/\/bladnanews.com\/wp-content\/uploads\/2025\/12\/freepik__bladna-newscom-moroccan-soccer-homepage-banner-mor__41838.png","type":"image\/png"}],"author":"Bladna News Staff","twitter_card":"summary_large_image","twitter_misc":{"\u00c9crit par":"Bladna News Staff","Dur\u00e9e de lecture estim\u00e9e":"1 minute"},"schema":{"@context":"https:\/\/schema.org","@graph":[{"@type":"Article","@id":"https:\/\/bladnanews.com\/former-arsenal-director-edu-under-threat-at-nottingham-forest\/#article","isPartOf":{"@id":"https:\/\/bladnanews.com\/former-arsenal-director-edu-under-threat-at-nottingham-forest\/"},"author":{"name":"Bladna News Staff","@id":"https:\/\/mediumseagreen-eel-531711.hostingersite.com\/#\/schema\/person\/268e18a453ab080ebf76df6ef7845083"},"headline":"Former Arsenal director Edu under threat at Nottingham Forest","datePublished":"2026-01-05T15:16:39+00:00","mainEntityOfPage":{"@id":"https:\/\/bladnanews.com\/former-arsenal-director-edu-under-threat-at-nottingham-forest\/"},"wordCount":211,"publisher":{"@id":"https:\/\/mediumseagreen-eel-531711.hostingersite.com\/#organization"},"image":{"@id":"https:\/\/bladnanews.com\/former-arsenal-director-edu-under-threat-at-nottingham-forest\/#primaryimage"},"thumbnailUrl":"https:\/\/bladnanews.com\/wp-content\/uploads\/2026\/01\/BladnaNews-Former-Arsenal-director-Edu-under-threat-at-Nottingham-Forest-2026-01-05T235035.375Z-scaled.jpg","articleSection":["International","Latest News"],"inLanguage":"fr-FR","copyrightYear":"2026","copyrightHolder":{"@id":"https:\/\/bladnanews.com\/fr\/#organization"}},{"@type":"WebPage","@id":"https:\/\/bladnanews.com\/former-arsenal-director-edu-under-threat-at-nottingham-forest\/","url":"https:\/\/bladnanews.com\/former-arsenal-director-edu-under-threat-at-nottingham-forest\/","name":"L'ancien directeur d'Arsenal, Edu, menac\u00e9 \u00e0 Nottingham Forest - Bladna News","isPartOf":{"@id":"https:\/\/mediumseagreen-eel-531711.hostingersite.com\/#website"},"primaryImageOfPage":{"@id":"https:\/\/bladnanews.com\/former-arsenal-director-edu-under-threat-at-nottingham-forest\/#primaryimage"},"image":{"@id":"https:\/\/bladnanews.com\/former-arsenal-director-edu-under-threat-at-nottingham-forest\/#primaryimage"},"thumbnailUrl":"https:\/\/bladnanews.com\/wp-content\/uploads\/2026\/01\/BladnaNews-Former-Arsenal-director-Edu-under-threat-at-Nottingham-Forest-2026-01-05T235035.375Z-scaled.jpg","datePublished":"2026-01-05T15:16:39+00:00","breadcrumb":{"@id":"https:\/\/bladnanews.com\/former-arsenal-director-edu-under-threat-at-nottingham-forest\/#breadcrumb"},"inLanguage":"fr-FR","potentialAction":[{"@type":"ReadAction","target":["https:\/\/bladnanews.com\/former-arsenal-director-edu-under-threat-at-nottingham-forest\/"]}]},{"@type":"ImageObject","inLanguage":"fr-FR","@id":"https:\/\/bladnanews.com\/former-arsenal-director-edu-under-threat-at-nottingham-forest\/#primaryimage","url":"https:\/\/bladnanews.com\/wp-content\/uploads\/2026\/01\/BladnaNews-Former-Arsenal-director-Edu-under-threat-at-Nottingham-Forest-2026-01-05T235035.375Z-scaled.jpg","contentUrl":"https:\/\/bladnanews.com\/wp-content\/uploads\/2026\/01\/BladnaNews-Former-Arsenal-director-Edu-under-threat-at-Nottingham-Forest-2026-01-05T235035.375Z-scaled.jpg","width":2560,"height":1440,"caption":"Edu Gaspar, former Arsenal director, is seen in profile against a blue background with Arsenal logos, displaying a contemplative expression."},{"@type":"BreadcrumbList","@id":"https:\/\/bladnanews.com\/former-arsenal-director-edu-under-threat-at-nottingham-forest\/#breadcrumb","itemListElement":[{"@type":"ListItem","position":1,"name":"Home","item":"https:\/\/bladnanews.com\/"},{"@type":"ListItem","position":2,"name":"Former Arsenal director Edu under threat at Nottingham Forest"}]},{"@type":"WebSite","@id":"https:\/\/mediumseagreen-eel-531711.hostingersite.com\/#website","url":"https:\/\/mediumseagreen-eel-531711.hostingersite.com\/","name":"Bladna News - Maroc","description":"Quand le football marocain rencontre le monde","publisher":{"@id":"https:\/\/mediumseagreen-eel-531711.hostingersite.com\/#organization"},"potentialAction":[{"@type":"SearchAction","target":{"@type":"EntryPoint","urlTemplate":"https:\/\/mediumseagreen-eel-531711.hostingersite.com\/?s={search_term_string}"},"query-input":{"@type":"PropertyValueSpecification","valueRequired":true,"valueName":"search_term_string"}}],"inLanguage":"fr-FR"},{"@type":"Organization","@id":"https:\/\/mediumseagreen-eel-531711.hostingersite.com\/#organization","name":"Bladna News.com","url":"https:\/\/mediumseagreen-eel-531711.hostingersite.com\/","logo":{"@type":"ImageObject","inLanguage":"fr-FR","@id":"https:\/\/mediumseagreen-eel-531711.hostingersite.com\/#\/schema\/logo\/image\/","url":"https:\/\/bladnanews.com\/wp-content\/uploads\/2025\/12\/logo-bladnanews-V2-web-black-red.png","contentUrl":"https:\/\/bladnanews.com\/wp-content\/uploads\/2025\/12\/logo-bladnanews-V2-web-black-red.png","width":703,"height":287,"caption":"Bladna News.com"},"image":{"@id":"https:\/\/mediumseagreen-eel-531711.hostingersite.com\/#\/schema\/logo\/image\/"},"email":"info@bladnanews.com","legalName":"Bladna News"},{"@type":"Person","@id":"https:\/\/mediumseagreen-eel-531711.hostingersite.com\/#\/schema\/person\/268e18a453ab080ebf76df6ef7845083","name":"\u00c9quipe r\u00e9dactionnelle de Bladna News","url":"https:\/\/bladnanews.com\/fr\/author\/bladna-news-staff\/"}]}},"_links":{"self":[{"href":"https:\/\/bladnanews.com\/fr\/wp-json\/wp\/v2\/posts\/4151","targetHints":{"allow":["GET"]}}],"collection":[{"href":"https:\/\/bladnanews.com\/fr\/wp-json\/wp\/v2\/posts"}],"about":[{"href":"https:\/\/bladnanews.com\/fr\/wp-json\/wp\/v2\/types\/post"}],"author":[{"embeddable":true,"href":"https:\/\/bladnanews.com\/fr\/wp-json\/wp\/v2\/users\/3"}],"replies":[{"embeddable":true,"href":"https:\/\/bladnanews.com\/fr\/wp-json\/wp\/v2\/comments?post=4151"}],"version-history":[{"count":0,"href":"https:\/\/bladnanews.com\/fr\/wp-json\/wp\/v2\/posts\/4151\/revisions"}],"wp:featuredmedia":[{"embeddable":true,"href":"https:\/\/bladnanews.com\/fr\/wp-json\/wp\/v2\/media\/4150"}],"wp:attachment":[{"href":"https:\/\/bladnanews.com\/fr\/wp-json\/wp\/v2\/media?parent=4151"}],"wp:term":[{"taxonomy":"category","embeddable":true,"href":"https:\/\/bladnanews.com\/fr\/wp-json\/wp\/v2\/categories?post=4151"},{"taxonomy":"post_tag","embeddable":true,"href":"https:\/\/bladnanews.com\/fr\/wp-json\/wp\/v2\/tags?post=4151"}],"curies":[{"name":"wp","href":"https:\/\/api.w.org\/{rel}","templated":true}]}}