{"id":4153,"date":"2026-01-05T15:19:29","date_gmt":"2026-01-05T15:19:29","guid":{"rendered":"https:\/\/bladnanews.com\/cole-campbell-joins-hoffenheim-on-loan-from-dortmund\/"},"modified":"2026-01-05T15:19:29","modified_gmt":"2026-01-05T15:19:29","slug":"cole-campbell-rejoint-hoffenheim-en-pret-depuis-dortmund","status":"publish","type":"post","link":"https:\/\/bladnanews.com\/fr\/cole-campbell-rejoint-hoffenheim-en-pret-depuis-dortmund\/","title":{"rendered":"Cole Campbell rejoint Hoffenheim en pr\u00eat depuis Dortmund"},"content":{"rendered":"<p>Le jeune international am\u00e9ricain Cole Campbell a rejoint Hoffenheim en pr\u00eat en provenance du Borussia Dortmund, le transfert ayant \u00e9t\u00e9 confirm\u00e9 par les deux clubs. Le joueur de 18 ans passera le reste de la saison avec le club de Bundesliga, cherchant \u00e0 obtenir du temps de jeu r\u00e9gulier en \u00e9quipe premi\u00e8re.<\/p>\n<p>Campbell, qui faisait partie de l'effectif du Dortmund apr\u00e8s avoir progress\u00e9 dans les \u00e9quipes de jeunes du club, va d\u00e9sormais poursuivre son d\u00e9veloppement \u00e0 Hoffenheim. L'accord est un pr\u00eat simple, aucun autre terme n'ayant \u00e9t\u00e9 officiellement annonc\u00e9 en plus de cet arrangement.<\/p>\n<p>Hoffenheim a recrut\u00e9 Campbell comme une option offensive pour la deuxi\u00e8me partie de la saison, tandis que le Dortmund a autoris\u00e9 l'adolescent \u00e0 partir temporairement pour acqu\u00e9rir de l'exp\u00e9rience au niveau senior.<\/p>\n<p>Ce transfert maintient \u00e9galement Campbell dans l'\u00e9lite allemande, lui offrant ainsi l'opportunit\u00e9 de se tester en Bundesliga chaque semaine. L'ailier, toujours inscrit dans le parcours des \u00e9quipes de jeunes am\u00e9ricaines, visera \u00e0 renforcer sa candidature gr\u00e2ce \u00e0 une plus grande exposition dans un environnement comp\u00e9titif.<\/p>","protected":false},"excerpt":{"rendered":"<p>U.S. youth international Cole Campbell has joined Hoffenheim on loan from Borussia Dortmund, with the move confirmed by both clubs. [&hellip;]<\/p>\n","protected":false},"author":3,"featured_media":4152,"comment_status":"","ping_status":"open","sticky":false,"template":"","format":"standard","meta":{"googlesitekit_rrm_CAow_uzEDA:productID":"","site-sidebar-layout":"default","site-content-layout":"","ast-site-content-layout":"default","site-content-style":"default","site-sidebar-style":"default","ast-global-header-display":"","ast-banner-title-visibility":"","ast-main-header-display":"","ast-hfb-above-header-display":"","ast-hfb-below-header-display":"","ast-hfb-mobile-header-display":"","site-post-title":"","ast-breadcrumbs-content":"","ast-featured-img":"","footer-sml-layout":"","ast-disable-related-posts":"","theme-transparent-header-meta":"","adv-header-id-meta":"","stick-header-meta":"","header-above-stick-meta":"","header-main-stick-meta":"","header-below-stick-meta":"","astra-migrate-meta-layouts":"default","ast-page-background-enabled":"default","ast-page-background-meta":{"desktop":{"background-color":"var(--ast-global-color-5)","background-image":"","background-repeat":"repeat","background-position":"center center","background-size":"auto","background-attachment":"scroll","background-type":"","background-media":"","overlay-type":"","overlay-color":"","overlay-opacity":"","overlay-gradient":""},"tablet":{"background-color":"","background-image":"","background-repeat":"repeat","background-position":"center center","background-size":"auto","background-attachment":"scroll","background-type":"","background-media":"","overlay-type":"","overlay-color":"","overlay-opacity":"","overlay-gradient":""},"mobile":{"background-color":"","background-image":"","background-repeat":"repeat","background-position":"center center","background-size":"auto","background-attachment":"scroll","background-type":"","background-media":"","overlay-type":"","overlay-color":"","overlay-opacity":"","overlay-gradient":""}},"ast-content-background-meta":{"desktop":{"background-color":"var(--ast-global-color-4)","background-image":"","background-repeat":"repeat","background-position":"center center","background-size":"auto","background-attachment":"scroll","background-type":"","background-media":"","overlay-type":"","overlay-color":"","overlay-opacity":"","overlay-gradient":""},"tablet":{"background-color":"var(--ast-global-color-4)","background-image":"","background-repeat":"repeat","background-position":"center center","background-size":"auto","background-attachment":"scroll","background-type":"","background-media":"","overlay-type":"","overlay-color":"","overlay-opacity":"","overlay-gradient":""},"mobile":{"background-color":"var(--ast-global-color-4)","background-image":"","background-repeat":"repeat","background-position":"center center","background-size":"auto","background-attachment":"scroll","background-type":"","background-media":"","overlay-type":"","overlay-color":"","overlay-opacity":"","overlay-gradient":""}},"footnotes":""},"categories":[20,1],"tags":[],"class_list":["post-4153","post","type-post","status-publish","format-standard","has-post-thumbnail","hentry","category-international","category-football-latest-news"],"yoast_head":"<!-- This site is optimized with the Yoast SEO Premium plugin v26.6 (Yoast SEO v27.5) - https:\/\/yoast.com\/product\/yoast-seo-premium-wordpress\/ -->\n<title>Cole Campbell joins Hoffenheim on loan from Dortmund - Bladna News<\/title>\n<meta name=\"robots\" content=\"index, follow, max-snippet:-1, max-image-preview:large, max-video-preview:-1\" \/>\n<link rel=\"canonical\" href=\"https:\/\/bladnanews.com\/fr\/cole-campbell-rejoint-hoffenheim-en-pret-depuis-dortmund\/\" \/>\n<meta property=\"og:locale\" content=\"fr_FR\" \/>\n<meta property=\"og:type\" content=\"article\" \/>\n<meta property=\"og:title\" content=\"Cole Campbell joins Hoffenheim on loan from Dortmund\" \/>\n<meta property=\"og:description\" content=\"U.S. youth international Cole Campbell has joined Hoffenheim on loan from Borussia Dortmund, with the move confirmed by both clubs. [&hellip;]\" \/>\n<meta property=\"og:url\" content=\"https:\/\/bladnanews.com\/fr\/cole-campbell-rejoint-hoffenheim-en-pret-depuis-dortmund\/\" \/>\n<meta property=\"og:site_name\" content=\"Bladna News\" \/>\n<meta property=\"article:published_time\" content=\"2026-01-05T15:19:29+00:00\" \/>\n<meta property=\"og:image\" content=\"https:\/\/bladnanews.com\/wp-content\/uploads\/2025\/12\/freepik__bladna-newscom-moroccan-soccer-homepage-banner-mor__41838.png\" \/>\n\t<meta property=\"og:image:width\" content=\"1312\" \/>\n\t<meta property=\"og:image:height\" content=\"736\" \/>\n\t<meta property=\"og:image:type\" content=\"image\/png\" \/>\n<meta name=\"author\" content=\"Bladna News Staff\" \/>\n<meta name=\"twitter:card\" content=\"summary_large_image\" \/>\n<meta name=\"twitter:label1\" content=\"\u00c9crit par\" \/>\n\t<meta name=\"twitter:data1\" content=\"Bladna News Staff\" \/>\n\t<meta name=\"twitter:label2\" content=\"Dur\u00e9e de lecture estim\u00e9e\" \/>\n\t<meta name=\"twitter:data2\" content=\"1 minute\" \/>\n<script type=\"application\/ld+json\" class=\"yoast-schema-graph\">{\"@context\":\"https:\\\/\\\/schema.org\",\"@graph\":[{\"@type\":\"Article\",\"@id\":\"https:\\\/\\\/bladnanews.com\\\/cole-campbell-joins-hoffenheim-on-loan-from-dortmund\\\/#article\",\"isPartOf\":{\"@id\":\"https:\\\/\\\/bladnanews.com\\\/cole-campbell-joins-hoffenheim-on-loan-from-dortmund\\\/\"},\"author\":{\"name\":\"Bladna News Staff\",\"@id\":\"https:\\\/\\\/mediumseagreen-eel-531711.hostingersite.com\\\/#\\\/schema\\\/person\\\/268e18a453ab080ebf76df6ef7845083\"},\"headline\":\"Cole Campbell joins Hoffenheim on loan from Dortmund\",\"datePublished\":\"2026-01-05T15:19:29+00:00\",\"mainEntityOfPage\":{\"@id\":\"https:\\\/\\\/bladnanews.com\\\/cole-campbell-joins-hoffenheim-on-loan-from-dortmund\\\/\"},\"wordCount\":170,\"publisher\":{\"@id\":\"https:\\\/\\\/mediumseagreen-eel-531711.hostingersite.com\\\/#organization\"},\"image\":{\"@id\":\"https:\\\/\\\/bladnanews.com\\\/cole-campbell-joins-hoffenheim-on-loan-from-dortmund\\\/#primaryimage\"},\"thumbnailUrl\":\"https:\\\/\\\/bladnanews.com\\\/wp-content\\\/uploads\\\/2026\\\/01\\\/BladnaNews-Cole-Campbell-joins-Hoffenheim-on-loan-from-Dortmund-2026-01-05T235058.233Z.jpg\",\"articleSection\":[\"International\",\"Latest News\"],\"inLanguage\":\"fr-FR\",\"copyrightYear\":\"2026\",\"copyrightHolder\":{\"@id\":\"https:\\\/\\\/bladnanews.com\\\/fr\\\/#organization\"}},{\"@type\":\"WebPage\",\"@id\":\"https:\\\/\\\/bladnanews.com\\\/cole-campbell-joins-hoffenheim-on-loan-from-dortmund\\\/\",\"url\":\"https:\\\/\\\/bladnanews.com\\\/cole-campbell-joins-hoffenheim-on-loan-from-dortmund\\\/\",\"name\":\"Cole Campbell joins Hoffenheim on loan from Dortmund - Bladna News\",\"isPartOf\":{\"@id\":\"https:\\\/\\\/mediumseagreen-eel-531711.hostingersite.com\\\/#website\"},\"primaryImageOfPage\":{\"@id\":\"https:\\\/\\\/bladnanews.com\\\/cole-campbell-joins-hoffenheim-on-loan-from-dortmund\\\/#primaryimage\"},\"image\":{\"@id\":\"https:\\\/\\\/bladnanews.com\\\/cole-campbell-joins-hoffenheim-on-loan-from-dortmund\\\/#primaryimage\"},\"thumbnailUrl\":\"https:\\\/\\\/bladnanews.com\\\/wp-content\\\/uploads\\\/2026\\\/01\\\/BladnaNews-Cole-Campbell-joins-Hoffenheim-on-loan-from-Dortmund-2026-01-05T235058.233Z.jpg\",\"datePublished\":\"2026-01-05T15:19:29+00:00\",\"breadcrumb\":{\"@id\":\"https:\\\/\\\/bladnanews.com\\\/cole-campbell-joins-hoffenheim-on-loan-from-dortmund\\\/#breadcrumb\"},\"inLanguage\":\"fr-FR\",\"potentialAction\":[{\"@type\":\"ReadAction\",\"target\":[\"https:\\\/\\\/bladnanews.com\\\/cole-campbell-joins-hoffenheim-on-loan-from-dortmund\\\/\"]}]},{\"@type\":\"ImageObject\",\"inLanguage\":\"fr-FR\",\"@id\":\"https:\\\/\\\/bladnanews.com\\\/cole-campbell-joins-hoffenheim-on-loan-from-dortmund\\\/#primaryimage\",\"url\":\"https:\\\/\\\/bladnanews.com\\\/wp-content\\\/uploads\\\/2026\\\/01\\\/BladnaNews-Cole-Campbell-joins-Hoffenheim-on-loan-from-Dortmund-2026-01-05T235058.233Z.jpg\",\"contentUrl\":\"https:\\\/\\\/bladnanews.com\\\/wp-content\\\/uploads\\\/2026\\\/01\\\/BladnaNews-Cole-Campbell-joins-Hoffenheim-on-loan-from-Dortmund-2026-01-05T235058.233Z.jpg\",\"width\":1600,\"height\":900,\"caption\":\"Cole Campbell, wearing a black and yellow Borussia Dortmund kit, appears focused during a match, with fans blurred in the background.\"},{\"@type\":\"BreadcrumbList\",\"@id\":\"https:\\\/\\\/bladnanews.com\\\/cole-campbell-joins-hoffenheim-on-loan-from-dortmund\\\/#breadcrumb\",\"itemListElement\":[{\"@type\":\"ListItem\",\"position\":1,\"name\":\"Home\",\"item\":\"https:\\\/\\\/bladnanews.com\\\/\"},{\"@type\":\"ListItem\",\"position\":2,\"name\":\"Cole Campbell joins Hoffenheim on loan from Dortmund\"}]},{\"@type\":\"WebSite\",\"@id\":\"https:\\\/\\\/mediumseagreen-eel-531711.hostingersite.com\\\/#website\",\"url\":\"https:\\\/\\\/mediumseagreen-eel-531711.hostingersite.com\\\/\",\"name\":\"Bladna News - Morocco\",\"description\":\"Where Moroccan Football Meets the World\",\"publisher\":{\"@id\":\"https:\\\/\\\/mediumseagreen-eel-531711.hostingersite.com\\\/#organization\"},\"potentialAction\":[{\"@type\":\"SearchAction\",\"target\":{\"@type\":\"EntryPoint\",\"urlTemplate\":\"https:\\\/\\\/mediumseagreen-eel-531711.hostingersite.com\\\/?s={search_term_string}\"},\"query-input\":{\"@type\":\"PropertyValueSpecification\",\"valueRequired\":true,\"valueName\":\"search_term_string\"}}],\"inLanguage\":\"fr-FR\"},{\"@type\":\"Organization\",\"@id\":\"https:\\\/\\\/mediumseagreen-eel-531711.hostingersite.com\\\/#organization\",\"name\":\"Bladna News.com\",\"url\":\"https:\\\/\\\/mediumseagreen-eel-531711.hostingersite.com\\\/\",\"logo\":{\"@type\":\"ImageObject\",\"inLanguage\":\"fr-FR\",\"@id\":\"https:\\\/\\\/mediumseagreen-eel-531711.hostingersite.com\\\/#\\\/schema\\\/logo\\\/image\\\/\",\"url\":\"https:\\\/\\\/bladnanews.com\\\/wp-content\\\/uploads\\\/2025\\\/12\\\/logo-bladnanews-V2-web-black-red.png\",\"contentUrl\":\"https:\\\/\\\/bladnanews.com\\\/wp-content\\\/uploads\\\/2025\\\/12\\\/logo-bladnanews-V2-web-black-red.png\",\"width\":703,\"height\":287,\"caption\":\"Bladna News.com\"},\"image\":{\"@id\":\"https:\\\/\\\/mediumseagreen-eel-531711.hostingersite.com\\\/#\\\/schema\\\/logo\\\/image\\\/\"},\"email\":\"info@bladnanews.com\",\"legalName\":\"Bladna News\"},{\"@type\":\"Person\",\"@id\":\"https:\\\/\\\/mediumseagreen-eel-531711.hostingersite.com\\\/#\\\/schema\\\/person\\\/268e18a453ab080ebf76df6ef7845083\",\"name\":\"Bladna News Staff\",\"url\":\"https:\\\/\\\/bladnanews.com\\\/fr\\\/author\\\/bladna-news-staff\\\/\"}]}<\/script>\n<!-- \/ Yoast SEO Premium plugin. -->","yoast_head_json":{"title":"Cole Campbell rejoint Hoffenheim en pr\u00eat depuis Dortmund - Bladna News","robots":{"index":"index","follow":"follow","max-snippet":"max-snippet:-1","max-image-preview":"max-image-preview:large","max-video-preview":"max-video-preview:-1"},"canonical":"https:\/\/bladnanews.com\/fr\/cole-campbell-rejoint-hoffenheim-en-pret-depuis-dortmund\/","og_locale":"fr_FR","og_type":"article","og_title":"Cole Campbell joins Hoffenheim on loan from Dortmund","og_description":"U.S. youth international Cole Campbell has joined Hoffenheim on loan from Borussia Dortmund, with the move confirmed by both clubs. [&hellip;]","og_url":"https:\/\/bladnanews.com\/fr\/cole-campbell-rejoint-hoffenheim-en-pret-depuis-dortmund\/","og_site_name":"Bladna News","article_published_time":"2026-01-05T15:19:29+00:00","og_image":[{"width":1312,"height":736,"url":"https:\/\/bladnanews.com\/wp-content\/uploads\/2025\/12\/freepik__bladna-newscom-moroccan-soccer-homepage-banner-mor__41838.png","type":"image\/png"}],"author":"Bladna News Staff","twitter_card":"summary_large_image","twitter_misc":{"\u00c9crit par":"Bladna News Staff","Dur\u00e9e de lecture estim\u00e9e":"1 minute"},"schema":{"@context":"https:\/\/schema.org","@graph":[{"@type":"Article","@id":"https:\/\/bladnanews.com\/cole-campbell-joins-hoffenheim-on-loan-from-dortmund\/#article","isPartOf":{"@id":"https:\/\/bladnanews.com\/cole-campbell-joins-hoffenheim-on-loan-from-dortmund\/"},"author":{"name":"Bladna News Staff","@id":"https:\/\/mediumseagreen-eel-531711.hostingersite.com\/#\/schema\/person\/268e18a453ab080ebf76df6ef7845083"},"headline":"Cole Campbell joins Hoffenheim on loan from Dortmund","datePublished":"2026-01-05T15:19:29+00:00","mainEntityOfPage":{"@id":"https:\/\/bladnanews.com\/cole-campbell-joins-hoffenheim-on-loan-from-dortmund\/"},"wordCount":170,"publisher":{"@id":"https:\/\/mediumseagreen-eel-531711.hostingersite.com\/#organization"},"image":{"@id":"https:\/\/bladnanews.com\/cole-campbell-joins-hoffenheim-on-loan-from-dortmund\/#primaryimage"},"thumbnailUrl":"https:\/\/bladnanews.com\/wp-content\/uploads\/2026\/01\/BladnaNews-Cole-Campbell-joins-Hoffenheim-on-loan-from-Dortmund-2026-01-05T235058.233Z.jpg","articleSection":["International","Latest News"],"inLanguage":"fr-FR","copyrightYear":"2026","copyrightHolder":{"@id":"https:\/\/bladnanews.com\/fr\/#organization"}},{"@type":"WebPage","@id":"https:\/\/bladnanews.com\/cole-campbell-joins-hoffenheim-on-loan-from-dortmund\/","url":"https:\/\/bladnanews.com\/cole-campbell-joins-hoffenheim-on-loan-from-dortmund\/","name":"Cole Campbell rejoint Hoffenheim en pr\u00eat depuis Dortmund - Bladna News","isPartOf":{"@id":"https:\/\/mediumseagreen-eel-531711.hostingersite.com\/#website"},"primaryImageOfPage":{"@id":"https:\/\/bladnanews.com\/cole-campbell-joins-hoffenheim-on-loan-from-dortmund\/#primaryimage"},"image":{"@id":"https:\/\/bladnanews.com\/cole-campbell-joins-hoffenheim-on-loan-from-dortmund\/#primaryimage"},"thumbnailUrl":"https:\/\/bladnanews.com\/wp-content\/uploads\/2026\/01\/BladnaNews-Cole-Campbell-joins-Hoffenheim-on-loan-from-Dortmund-2026-01-05T235058.233Z.jpg","datePublished":"2026-01-05T15:19:29+00:00","breadcrumb":{"@id":"https:\/\/bladnanews.com\/cole-campbell-joins-hoffenheim-on-loan-from-dortmund\/#breadcrumb"},"inLanguage":"fr-FR","potentialAction":[{"@type":"ReadAction","target":["https:\/\/bladnanews.com\/cole-campbell-joins-hoffenheim-on-loan-from-dortmund\/"]}]},{"@type":"ImageObject","inLanguage":"fr-FR","@id":"https:\/\/bladnanews.com\/cole-campbell-joins-hoffenheim-on-loan-from-dortmund\/#primaryimage","url":"https:\/\/bladnanews.com\/wp-content\/uploads\/2026\/01\/BladnaNews-Cole-Campbell-joins-Hoffenheim-on-loan-from-Dortmund-2026-01-05T235058.233Z.jpg","contentUrl":"https:\/\/bladnanews.com\/wp-content\/uploads\/2026\/01\/BladnaNews-Cole-Campbell-joins-Hoffenheim-on-loan-from-Dortmund-2026-01-05T235058.233Z.jpg","width":1600,"height":900,"caption":"Cole Campbell, wearing a black and yellow Borussia Dortmund kit, appears focused during a match, with fans blurred in the background."},{"@type":"BreadcrumbList","@id":"https:\/\/bladnanews.com\/cole-campbell-joins-hoffenheim-on-loan-from-dortmund\/#breadcrumb","itemListElement":[{"@type":"ListItem","position":1,"name":"Home","item":"https:\/\/bladnanews.com\/"},{"@type":"ListItem","position":2,"name":"Cole Campbell joins Hoffenheim on loan from Dortmund"}]},{"@type":"WebSite","@id":"https:\/\/mediumseagreen-eel-531711.hostingersite.com\/#website","url":"https:\/\/mediumseagreen-eel-531711.hostingersite.com\/","name":"Bladna News - Maroc","description":"Quand le football marocain rencontre le monde","publisher":{"@id":"https:\/\/mediumseagreen-eel-531711.hostingersite.com\/#organization"},"potentialAction":[{"@type":"SearchAction","target":{"@type":"EntryPoint","urlTemplate":"https:\/\/mediumseagreen-eel-531711.hostingersite.com\/?s={search_term_string}"},"query-input":{"@type":"PropertyValueSpecification","valueRequired":true,"valueName":"search_term_string"}}],"inLanguage":"fr-FR"},{"@type":"Organization","@id":"https:\/\/mediumseagreen-eel-531711.hostingersite.com\/#organization","name":"Bladna News.com","url":"https:\/\/mediumseagreen-eel-531711.hostingersite.com\/","logo":{"@type":"ImageObject","inLanguage":"fr-FR","@id":"https:\/\/mediumseagreen-eel-531711.hostingersite.com\/#\/schema\/logo\/image\/","url":"https:\/\/bladnanews.com\/wp-content\/uploads\/2025\/12\/logo-bladnanews-V2-web-black-red.png","contentUrl":"https:\/\/bladnanews.com\/wp-content\/uploads\/2025\/12\/logo-bladnanews-V2-web-black-red.png","width":703,"height":287,"caption":"Bladna News.com"},"image":{"@id":"https:\/\/mediumseagreen-eel-531711.hostingersite.com\/#\/schema\/logo\/image\/"},"email":"info@bladnanews.com","legalName":"Bladna News"},{"@type":"Person","@id":"https:\/\/mediumseagreen-eel-531711.hostingersite.com\/#\/schema\/person\/268e18a453ab080ebf76df6ef7845083","name":"\u00c9quipe r\u00e9dactionnelle de Bladna News","url":"https:\/\/bladnanews.com\/fr\/author\/bladna-news-staff\/"}]}},"_links":{"self":[{"href":"https:\/\/bladnanews.com\/fr\/wp-json\/wp\/v2\/posts\/4153","targetHints":{"allow":["GET"]}}],"collection":[{"href":"https:\/\/bladnanews.com\/fr\/wp-json\/wp\/v2\/posts"}],"about":[{"href":"https:\/\/bladnanews.com\/fr\/wp-json\/wp\/v2\/types\/post"}],"author":[{"embeddable":true,"href":"https:\/\/bladnanews.com\/fr\/wp-json\/wp\/v2\/users\/3"}],"replies":[{"embeddable":true,"href":"https:\/\/bladnanews.com\/fr\/wp-json\/wp\/v2\/comments?post=4153"}],"version-history":[{"count":0,"href":"https:\/\/bladnanews.com\/fr\/wp-json\/wp\/v2\/posts\/4153\/revisions"}],"wp:featuredmedia":[{"embeddable":true,"href":"https:\/\/bladnanews.com\/fr\/wp-json\/wp\/v2\/media\/4152"}],"wp:attachment":[{"href":"https:\/\/bladnanews.com\/fr\/wp-json\/wp\/v2\/media?parent=4153"}],"wp:term":[{"taxonomy":"category","embeddable":true,"href":"https:\/\/bladnanews.com\/fr\/wp-json\/wp\/v2\/categories?post=4153"},{"taxonomy":"post_tag","embeddable":true,"href":"https:\/\/bladnanews.com\/fr\/wp-json\/wp\/v2\/tags?post=4153"}],"curies":[{"name":"wp","href":"https:\/\/api.w.org\/{rel}","templated":true}]}}