{"id":4159,"date":"2026-01-05T16:19:53","date_gmt":"2026-01-05T16:19:53","guid":{"rendered":"https:\/\/bladnanews.com\/ruben-amorim-accused-of-trying-to-engineer-man-utd-exit\/"},"modified":"2026-01-05T16:19:53","modified_gmt":"2026-01-05T16:19:53","slug":"ruben-amorim-accuse-davoir-tente-de-provoquer-un-depart-de-man-utd","status":"publish","type":"post","link":"https:\/\/bladnanews.com\/fr\/ruben-amorim-accuse-davoir-tente-de-provoquer-un-depart-de-man-utd\/","title":{"rendered":"Ruben Amorim accus\u00e9 d'avoir tent\u00e9 de provoquer un d\u00e9part de Man Utd"},"content":{"rendered":"<p>Ruben Amorim a \u00e9t\u00e9 accus\u00e9 de mani\u00e8re sensationnelle d'avoir tent\u00e9 de \u201cmanipuler\u201d son d\u00e9part de Manchester United en \u201cfaisant exploser les choses\u201d, suite \u00e0 son licenciement de son poste \u00e0 Old Trafford.<\/p>\n<p>Les all\u00e9gations sont survenues alors que l'examen se poursuivait sur ce qui s'est pass\u00e9 en coulisses pendant la courte p\u00e9riode d'Amorim \u00e0 la t\u00eate des Red Devils. Selon l'accusation, l'ancien entra\u00eeneur de United n'a pas simplement eu des difficult\u00e9s sur le terrain, mais aurait pris des mesures rendant sa position intenable.<\/p>\n<p>Il a \u00e9t\u00e9 all\u00e9gu\u00e9 qu'Amorim avait tent\u00e9 de pousser la situation \u00e0 son point de rupture, poussant effectivement le club vers une s\u00e9paration in\u00e9vitable. Le langage utilis\u00e9 dans l'accusation sugg\u00e9rait que la crise n'\u00e9tait pas seulement le r\u00e9sultat de mauvais r\u00e9sultats, mais aussi de d\u00e9cisions et d'actions qui ont intensifi\u00e9 la tension et l'instabilit\u00e9.<\/p>\n<p>Amorim, qui avait \u00e9t\u00e9 charg\u00e9 d'am\u00e9liorer les performances et de restaurer l'\u00e9lan, a finalement quitt\u00e9 le club apr\u00e8s avoir \u00e9t\u00e9 licenci\u00e9. Son d\u00e9part a maintenant \u00e9t\u00e9 suivi d'une nouvelle vague de controverse alors que ces all\u00e9gations concernant sa conduite et ses intentions ont \u00e9merg\u00e9.<\/p>\n<p>Manchester United n'a pas fait de d\u00e9claration officielle concernant l'accusation, tandis que l'attention reste sur la mani\u00e8re dont le club avancera apr\u00e8s un autre changement d'entra\u00eeneur.<\/p>","protected":false},"excerpt":{"rendered":"<p>Ruben Amorim has been sensationally accused of trying to \u201cengineer\u201d his exit from Manchester United by \u201cblowing things up\u201d, following [&hellip;]<\/p>\n","protected":false},"author":3,"featured_media":4158,"comment_status":"","ping_status":"open","sticky":false,"template":"","format":"standard","meta":{"googlesitekit_rrm_CAow_uzEDA:productID":"","site-sidebar-layout":"default","site-content-layout":"","ast-site-content-layout":"default","site-content-style":"default","site-sidebar-style":"default","ast-global-header-display":"","ast-banner-title-visibility":"","ast-main-header-display":"","ast-hfb-above-header-display":"","ast-hfb-below-header-display":"","ast-hfb-mobile-header-display":"","site-post-title":"","ast-breadcrumbs-content":"","ast-featured-img":"","footer-sml-layout":"","ast-disable-related-posts":"","theme-transparent-header-meta":"","adv-header-id-meta":"","stick-header-meta":"","header-above-stick-meta":"","header-main-stick-meta":"","header-below-stick-meta":"","astra-migrate-meta-layouts":"default","ast-page-background-enabled":"default","ast-page-background-meta":{"desktop":{"background-color":"var(--ast-global-color-5)","background-image":"","background-repeat":"repeat","background-position":"center center","background-size":"auto","background-attachment":"scroll","background-type":"","background-media":"","overlay-type":"","overlay-color":"","overlay-opacity":"","overlay-gradient":""},"tablet":{"background-color":"","background-image":"","background-repeat":"repeat","background-position":"center center","background-size":"auto","background-attachment":"scroll","background-type":"","background-media":"","overlay-type":"","overlay-color":"","overlay-opacity":"","overlay-gradient":""},"mobile":{"background-color":"","background-image":"","background-repeat":"repeat","background-position":"center center","background-size":"auto","background-attachment":"scroll","background-type":"","background-media":"","overlay-type":"","overlay-color":"","overlay-opacity":"","overlay-gradient":""}},"ast-content-background-meta":{"desktop":{"background-color":"var(--ast-global-color-4)","background-image":"","background-repeat":"repeat","background-position":"center center","background-size":"auto","background-attachment":"scroll","background-type":"","background-media":"","overlay-type":"","overlay-color":"","overlay-opacity":"","overlay-gradient":""},"tablet":{"background-color":"var(--ast-global-color-4)","background-image":"","background-repeat":"repeat","background-position":"center center","background-size":"auto","background-attachment":"scroll","background-type":"","background-media":"","overlay-type":"","overlay-color":"","overlay-opacity":"","overlay-gradient":""},"mobile":{"background-color":"var(--ast-global-color-4)","background-image":"","background-repeat":"repeat","background-position":"center center","background-size":"auto","background-attachment":"scroll","background-type":"","background-media":"","overlay-type":"","overlay-color":"","overlay-opacity":"","overlay-gradient":""}},"footnotes":""},"categories":[20,1],"tags":[],"class_list":["post-4159","post","type-post","status-publish","format-standard","has-post-thumbnail","hentry","category-international","category-football-latest-news"],"yoast_head":"<!-- This site is optimized with the Yoast SEO Premium plugin v26.6 (Yoast SEO v27.5) - https:\/\/yoast.com\/product\/yoast-seo-premium-wordpress\/ -->\n<title>Ruben Amorim accused of trying to engineer Man Utd exit - Bladna News<\/title>\n<meta name=\"robots\" content=\"index, follow, max-snippet:-1, max-image-preview:large, max-video-preview:-1\" \/>\n<link rel=\"canonical\" href=\"https:\/\/bladnanews.com\/fr\/ruben-amorim-accuse-davoir-tente-de-provoquer-un-depart-de-man-utd\/\" \/>\n<meta property=\"og:locale\" content=\"fr_FR\" \/>\n<meta property=\"og:type\" content=\"article\" \/>\n<meta property=\"og:title\" content=\"Ruben Amorim accused of trying to engineer Man Utd exit\" \/>\n<meta property=\"og:description\" content=\"Ruben Amorim has been sensationally accused of trying to \u201cengineer\u201d his exit from Manchester United by \u201cblowing things up\u201d, following [&hellip;]\" \/>\n<meta property=\"og:url\" content=\"https:\/\/bladnanews.com\/fr\/ruben-amorim-accuse-davoir-tente-de-provoquer-un-depart-de-man-utd\/\" \/>\n<meta property=\"og:site_name\" content=\"Bladna News\" \/>\n<meta property=\"article:published_time\" content=\"2026-01-05T16:19:53+00:00\" \/>\n<meta property=\"og:image\" content=\"https:\/\/bladnanews.com\/wp-content\/uploads\/2025\/12\/freepik__bladna-newscom-moroccan-soccer-homepage-banner-mor__41838.png\" \/>\n\t<meta property=\"og:image:width\" content=\"1312\" \/>\n\t<meta property=\"og:image:height\" content=\"736\" \/>\n\t<meta property=\"og:image:type\" content=\"image\/png\" \/>\n<meta name=\"author\" content=\"Bladna News Staff\" \/>\n<meta name=\"twitter:card\" content=\"summary_large_image\" \/>\n<meta name=\"twitter:label1\" content=\"\u00c9crit par\" \/>\n\t<meta name=\"twitter:data1\" content=\"Bladna News Staff\" \/>\n\t<meta name=\"twitter:label2\" content=\"Dur\u00e9e de lecture estim\u00e9e\" \/>\n\t<meta name=\"twitter:data2\" content=\"1 minute\" \/>\n<script type=\"application\/ld+json\" class=\"yoast-schema-graph\">{\"@context\":\"https:\\\/\\\/schema.org\",\"@graph\":[{\"@type\":\"Article\",\"@id\":\"https:\\\/\\\/bladnanews.com\\\/ruben-amorim-accused-of-trying-to-engineer-man-utd-exit\\\/#article\",\"isPartOf\":{\"@id\":\"https:\\\/\\\/bladnanews.com\\\/ruben-amorim-accused-of-trying-to-engineer-man-utd-exit\\\/\"},\"author\":{\"name\":\"Bladna News Staff\",\"@id\":\"https:\\\/\\\/mediumseagreen-eel-531711.hostingersite.com\\\/#\\\/schema\\\/person\\\/268e18a453ab080ebf76df6ef7845083\"},\"headline\":\"Ruben Amorim accused of trying to engineer Man Utd exit\",\"datePublished\":\"2026-01-05T16:19:53+00:00\",\"mainEntityOfPage\":{\"@id\":\"https:\\\/\\\/bladnanews.com\\\/ruben-amorim-accused-of-trying-to-engineer-man-utd-exit\\\/\"},\"wordCount\":203,\"publisher\":{\"@id\":\"https:\\\/\\\/mediumseagreen-eel-531711.hostingersite.com\\\/#organization\"},\"image\":{\"@id\":\"https:\\\/\\\/bladnanews.com\\\/ruben-amorim-accused-of-trying-to-engineer-man-utd-exit\\\/#primaryimage\"},\"thumbnailUrl\":\"https:\\\/\\\/bladnanews.com\\\/wp-content\\\/uploads\\\/2026\\\/01\\\/BladnaNews-Ruben-Amorim-accused-of-trying-to-engineer-Man-Utd-exit-2026-01-05T235131.361Z-scaled.jpg\",\"articleSection\":[\"International\",\"Latest News\"],\"inLanguage\":\"fr-FR\",\"copyrightYear\":\"2026\",\"copyrightHolder\":{\"@id\":\"https:\\\/\\\/bladnanews.com\\\/fr\\\/#organization\"}},{\"@type\":\"WebPage\",\"@id\":\"https:\\\/\\\/bladnanews.com\\\/ruben-amorim-accused-of-trying-to-engineer-man-utd-exit\\\/\",\"url\":\"https:\\\/\\\/bladnanews.com\\\/ruben-amorim-accused-of-trying-to-engineer-man-utd-exit\\\/\",\"name\":\"Ruben Amorim accused of trying to engineer Man Utd exit - Bladna News\",\"isPartOf\":{\"@id\":\"https:\\\/\\\/mediumseagreen-eel-531711.hostingersite.com\\\/#website\"},\"primaryImageOfPage\":{\"@id\":\"https:\\\/\\\/bladnanews.com\\\/ruben-amorim-accused-of-trying-to-engineer-man-utd-exit\\\/#primaryimage\"},\"image\":{\"@id\":\"https:\\\/\\\/bladnanews.com\\\/ruben-amorim-accused-of-trying-to-engineer-man-utd-exit\\\/#primaryimage\"},\"thumbnailUrl\":\"https:\\\/\\\/bladnanews.com\\\/wp-content\\\/uploads\\\/2026\\\/01\\\/BladnaNews-Ruben-Amorim-accused-of-trying-to-engineer-Man-Utd-exit-2026-01-05T235131.361Z-scaled.jpg\",\"datePublished\":\"2026-01-05T16:19:53+00:00\",\"breadcrumb\":{\"@id\":\"https:\\\/\\\/bladnanews.com\\\/ruben-amorim-accused-of-trying-to-engineer-man-utd-exit\\\/#breadcrumb\"},\"inLanguage\":\"fr-FR\",\"potentialAction\":[{\"@type\":\"ReadAction\",\"target\":[\"https:\\\/\\\/bladnanews.com\\\/ruben-amorim-accused-of-trying-to-engineer-man-utd-exit\\\/\"]}]},{\"@type\":\"ImageObject\",\"inLanguage\":\"fr-FR\",\"@id\":\"https:\\\/\\\/bladnanews.com\\\/ruben-amorim-accused-of-trying-to-engineer-man-utd-exit\\\/#primaryimage\",\"url\":\"https:\\\/\\\/bladnanews.com\\\/wp-content\\\/uploads\\\/2026\\\/01\\\/BladnaNews-Ruben-Amorim-accused-of-trying-to-engineer-Man-Utd-exit-2026-01-05T235131.361Z-scaled.jpg\",\"contentUrl\":\"https:\\\/\\\/bladnanews.com\\\/wp-content\\\/uploads\\\/2026\\\/01\\\/BladnaNews-Ruben-Amorim-accused-of-trying-to-engineer-Man-Utd-exit-2026-01-05T235131.361Z-scaled.jpg\",\"width\":2560,\"height\":1440,\"caption\":\"Ruben Amorim gestures passionately during a match, wearing a black coat, with coaching staff and players in the background.\"},{\"@type\":\"BreadcrumbList\",\"@id\":\"https:\\\/\\\/bladnanews.com\\\/ruben-amorim-accused-of-trying-to-engineer-man-utd-exit\\\/#breadcrumb\",\"itemListElement\":[{\"@type\":\"ListItem\",\"position\":1,\"name\":\"Home\",\"item\":\"https:\\\/\\\/bladnanews.com\\\/\"},{\"@type\":\"ListItem\",\"position\":2,\"name\":\"Ruben Amorim accused of trying to engineer Man Utd exit\"}]},{\"@type\":\"WebSite\",\"@id\":\"https:\\\/\\\/mediumseagreen-eel-531711.hostingersite.com\\\/#website\",\"url\":\"https:\\\/\\\/mediumseagreen-eel-531711.hostingersite.com\\\/\",\"name\":\"Bladna News - Morocco\",\"description\":\"Where Moroccan Football Meets the World\",\"publisher\":{\"@id\":\"https:\\\/\\\/mediumseagreen-eel-531711.hostingersite.com\\\/#organization\"},\"potentialAction\":[{\"@type\":\"SearchAction\",\"target\":{\"@type\":\"EntryPoint\",\"urlTemplate\":\"https:\\\/\\\/mediumseagreen-eel-531711.hostingersite.com\\\/?s={search_term_string}\"},\"query-input\":{\"@type\":\"PropertyValueSpecification\",\"valueRequired\":true,\"valueName\":\"search_term_string\"}}],\"inLanguage\":\"fr-FR\"},{\"@type\":\"Organization\",\"@id\":\"https:\\\/\\\/mediumseagreen-eel-531711.hostingersite.com\\\/#organization\",\"name\":\"Bladna News.com\",\"url\":\"https:\\\/\\\/mediumseagreen-eel-531711.hostingersite.com\\\/\",\"logo\":{\"@type\":\"ImageObject\",\"inLanguage\":\"fr-FR\",\"@id\":\"https:\\\/\\\/mediumseagreen-eel-531711.hostingersite.com\\\/#\\\/schema\\\/logo\\\/image\\\/\",\"url\":\"https:\\\/\\\/bladnanews.com\\\/wp-content\\\/uploads\\\/2025\\\/12\\\/logo-bladnanews-V2-web-black-red.png\",\"contentUrl\":\"https:\\\/\\\/bladnanews.com\\\/wp-content\\\/uploads\\\/2025\\\/12\\\/logo-bladnanews-V2-web-black-red.png\",\"width\":703,\"height\":287,\"caption\":\"Bladna News.com\"},\"image\":{\"@id\":\"https:\\\/\\\/mediumseagreen-eel-531711.hostingersite.com\\\/#\\\/schema\\\/logo\\\/image\\\/\"},\"email\":\"info@bladnanews.com\",\"legalName\":\"Bladna News\"},{\"@type\":\"Person\",\"@id\":\"https:\\\/\\\/mediumseagreen-eel-531711.hostingersite.com\\\/#\\\/schema\\\/person\\\/268e18a453ab080ebf76df6ef7845083\",\"name\":\"Bladna News Staff\",\"url\":\"https:\\\/\\\/bladnanews.com\\\/fr\\\/author\\\/bladna-news-staff\\\/\"}]}<\/script>\n<!-- \/ Yoast SEO Premium plugin. -->","yoast_head_json":{"title":"Ruben Amorim accus\u00e9 d'avoir tent\u00e9 de provoquer son d\u00e9part de Man Utd - Bladna News","robots":{"index":"index","follow":"follow","max-snippet":"max-snippet:-1","max-image-preview":"max-image-preview:large","max-video-preview":"max-video-preview:-1"},"canonical":"https:\/\/bladnanews.com\/fr\/ruben-amorim-accuse-davoir-tente-de-provoquer-un-depart-de-man-utd\/","og_locale":"fr_FR","og_type":"article","og_title":"Ruben Amorim accused of trying to engineer Man Utd exit","og_description":"Ruben Amorim has been sensationally accused of trying to \u201cengineer\u201d his exit from Manchester United by \u201cblowing things up\u201d, following [&hellip;]","og_url":"https:\/\/bladnanews.com\/fr\/ruben-amorim-accuse-davoir-tente-de-provoquer-un-depart-de-man-utd\/","og_site_name":"Bladna News","article_published_time":"2026-01-05T16:19:53+00:00","og_image":[{"width":1312,"height":736,"url":"https:\/\/bladnanews.com\/wp-content\/uploads\/2025\/12\/freepik__bladna-newscom-moroccan-soccer-homepage-banner-mor__41838.png","type":"image\/png"}],"author":"Bladna News Staff","twitter_card":"summary_large_image","twitter_misc":{"\u00c9crit par":"Bladna News Staff","Dur\u00e9e de lecture estim\u00e9e":"1 minute"},"schema":{"@context":"https:\/\/schema.org","@graph":[{"@type":"Article","@id":"https:\/\/bladnanews.com\/ruben-amorim-accused-of-trying-to-engineer-man-utd-exit\/#article","isPartOf":{"@id":"https:\/\/bladnanews.com\/ruben-amorim-accused-of-trying-to-engineer-man-utd-exit\/"},"author":{"name":"Bladna News Staff","@id":"https:\/\/mediumseagreen-eel-531711.hostingersite.com\/#\/schema\/person\/268e18a453ab080ebf76df6ef7845083"},"headline":"Ruben Amorim accused of trying to engineer Man Utd exit","datePublished":"2026-01-05T16:19:53+00:00","mainEntityOfPage":{"@id":"https:\/\/bladnanews.com\/ruben-amorim-accused-of-trying-to-engineer-man-utd-exit\/"},"wordCount":203,"publisher":{"@id":"https:\/\/mediumseagreen-eel-531711.hostingersite.com\/#organization"},"image":{"@id":"https:\/\/bladnanews.com\/ruben-amorim-accused-of-trying-to-engineer-man-utd-exit\/#primaryimage"},"thumbnailUrl":"https:\/\/bladnanews.com\/wp-content\/uploads\/2026\/01\/BladnaNews-Ruben-Amorim-accused-of-trying-to-engineer-Man-Utd-exit-2026-01-05T235131.361Z-scaled.jpg","articleSection":["International","Latest News"],"inLanguage":"fr-FR","copyrightYear":"2026","copyrightHolder":{"@id":"https:\/\/bladnanews.com\/fr\/#organization"}},{"@type":"WebPage","@id":"https:\/\/bladnanews.com\/ruben-amorim-accused-of-trying-to-engineer-man-utd-exit\/","url":"https:\/\/bladnanews.com\/ruben-amorim-accused-of-trying-to-engineer-man-utd-exit\/","name":"Ruben Amorim accus\u00e9 d'avoir tent\u00e9 de provoquer son d\u00e9part de Man Utd - Bladna News","isPartOf":{"@id":"https:\/\/mediumseagreen-eel-531711.hostingersite.com\/#website"},"primaryImageOfPage":{"@id":"https:\/\/bladnanews.com\/ruben-amorim-accused-of-trying-to-engineer-man-utd-exit\/#primaryimage"},"image":{"@id":"https:\/\/bladnanews.com\/ruben-amorim-accused-of-trying-to-engineer-man-utd-exit\/#primaryimage"},"thumbnailUrl":"https:\/\/bladnanews.com\/wp-content\/uploads\/2026\/01\/BladnaNews-Ruben-Amorim-accused-of-trying-to-engineer-Man-Utd-exit-2026-01-05T235131.361Z-scaled.jpg","datePublished":"2026-01-05T16:19:53+00:00","breadcrumb":{"@id":"https:\/\/bladnanews.com\/ruben-amorim-accused-of-trying-to-engineer-man-utd-exit\/#breadcrumb"},"inLanguage":"fr-FR","potentialAction":[{"@type":"ReadAction","target":["https:\/\/bladnanews.com\/ruben-amorim-accused-of-trying-to-engineer-man-utd-exit\/"]}]},{"@type":"ImageObject","inLanguage":"fr-FR","@id":"https:\/\/bladnanews.com\/ruben-amorim-accused-of-trying-to-engineer-man-utd-exit\/#primaryimage","url":"https:\/\/bladnanews.com\/wp-content\/uploads\/2026\/01\/BladnaNews-Ruben-Amorim-accused-of-trying-to-engineer-Man-Utd-exit-2026-01-05T235131.361Z-scaled.jpg","contentUrl":"https:\/\/bladnanews.com\/wp-content\/uploads\/2026\/01\/BladnaNews-Ruben-Amorim-accused-of-trying-to-engineer-Man-Utd-exit-2026-01-05T235131.361Z-scaled.jpg","width":2560,"height":1440,"caption":"Ruben Amorim gestures passionately during a match, wearing a black coat, with coaching staff and players in the background."},{"@type":"BreadcrumbList","@id":"https:\/\/bladnanews.com\/ruben-amorim-accused-of-trying-to-engineer-man-utd-exit\/#breadcrumb","itemListElement":[{"@type":"ListItem","position":1,"name":"Home","item":"https:\/\/bladnanews.com\/"},{"@type":"ListItem","position":2,"name":"Ruben Amorim accused of trying to engineer Man Utd exit"}]},{"@type":"WebSite","@id":"https:\/\/mediumseagreen-eel-531711.hostingersite.com\/#website","url":"https:\/\/mediumseagreen-eel-531711.hostingersite.com\/","name":"Bladna News - Maroc","description":"Quand le football marocain rencontre le monde","publisher":{"@id":"https:\/\/mediumseagreen-eel-531711.hostingersite.com\/#organization"},"potentialAction":[{"@type":"SearchAction","target":{"@type":"EntryPoint","urlTemplate":"https:\/\/mediumseagreen-eel-531711.hostingersite.com\/?s={search_term_string}"},"query-input":{"@type":"PropertyValueSpecification","valueRequired":true,"valueName":"search_term_string"}}],"inLanguage":"fr-FR"},{"@type":"Organization","@id":"https:\/\/mediumseagreen-eel-531711.hostingersite.com\/#organization","name":"Bladna News.com","url":"https:\/\/mediumseagreen-eel-531711.hostingersite.com\/","logo":{"@type":"ImageObject","inLanguage":"fr-FR","@id":"https:\/\/mediumseagreen-eel-531711.hostingersite.com\/#\/schema\/logo\/image\/","url":"https:\/\/bladnanews.com\/wp-content\/uploads\/2025\/12\/logo-bladnanews-V2-web-black-red.png","contentUrl":"https:\/\/bladnanews.com\/wp-content\/uploads\/2025\/12\/logo-bladnanews-V2-web-black-red.png","width":703,"height":287,"caption":"Bladna News.com"},"image":{"@id":"https:\/\/mediumseagreen-eel-531711.hostingersite.com\/#\/schema\/logo\/image\/"},"email":"info@bladnanews.com","legalName":"Bladna News"},{"@type":"Person","@id":"https:\/\/mediumseagreen-eel-531711.hostingersite.com\/#\/schema\/person\/268e18a453ab080ebf76df6ef7845083","name":"\u00c9quipe r\u00e9dactionnelle de Bladna News","url":"https:\/\/bladnanews.com\/fr\/author\/bladna-news-staff\/"}]}},"_links":{"self":[{"href":"https:\/\/bladnanews.com\/fr\/wp-json\/wp\/v2\/posts\/4159","targetHints":{"allow":["GET"]}}],"collection":[{"href":"https:\/\/bladnanews.com\/fr\/wp-json\/wp\/v2\/posts"}],"about":[{"href":"https:\/\/bladnanews.com\/fr\/wp-json\/wp\/v2\/types\/post"}],"author":[{"embeddable":true,"href":"https:\/\/bladnanews.com\/fr\/wp-json\/wp\/v2\/users\/3"}],"replies":[{"embeddable":true,"href":"https:\/\/bladnanews.com\/fr\/wp-json\/wp\/v2\/comments?post=4159"}],"version-history":[{"count":0,"href":"https:\/\/bladnanews.com\/fr\/wp-json\/wp\/v2\/posts\/4159\/revisions"}],"wp:featuredmedia":[{"embeddable":true,"href":"https:\/\/bladnanews.com\/fr\/wp-json\/wp\/v2\/media\/4158"}],"wp:attachment":[{"href":"https:\/\/bladnanews.com\/fr\/wp-json\/wp\/v2\/media?parent=4159"}],"wp:term":[{"taxonomy":"category","embeddable":true,"href":"https:\/\/bladnanews.com\/fr\/wp-json\/wp\/v2\/categories?post=4159"},{"taxonomy":"post_tag","embeddable":true,"href":"https:\/\/bladnanews.com\/fr\/wp-json\/wp\/v2\/tags?post=4159"}],"curies":[{"name":"wp","href":"https:\/\/api.w.org\/{rel}","templated":true}]}}