{"id":4210,"date":"2026-01-05T17:23:49","date_gmt":"2026-01-05T17:23:49","guid":{"rendered":"https:\/\/bladnanews.com\/noahkai-banks-emerging-as-a-bundesliga-level-center-back\/"},"modified":"2026-01-05T17:23:49","modified_gmt":"2026-01-05T17:23:49","slug":"noahkai-banks-emerge-comme-un-defenseur-central-de-niveau-bundesliga","status":"publish","type":"post","link":"https:\/\/bladnanews.com\/fr\/noahkai-banks-emerge-comme-un-defenseur-central-de-niveau-bundesliga\/","title":{"rendered":"Noahkai Banks s'impose comme un d\u00e9fenseur central de niveau Bundesliga."},"content":{"rendered":"<p>Noahkai Banks commence \u00e0 ressembler au prochain d\u00e9fenseur central am\u00e9ricain pr\u00eat pour la Bundesliga, et la conviction est d\u00e9j\u00e0 grande quant \u00e0 son potentiel.<\/p>\n<p>Dans une \u00e9valuation \u00e9logieuse, l'entra\u00eeneur d'Augsburg Jess Thorup a d\u00e9clar\u00e9 que Banks avait un plafond aussi \u00e9lev\u00e9 que n'importe quel joueur \u00e0 son poste. <strong>\u201c Il peut \u00eatre le meilleur d\u00e9fenseur central d'Europe \u201d,\u201d<\/strong> a d\u00e9clar\u00e9 Thorup, une remarque qui souligne la rapidit\u00e9 avec laquelle l'adolescent est pass\u00e9 de promesse \u00e0 une v\u00e9ritable option pour l'\u00e9quipe premi\u00e8re.<\/p>\n<p>Banks a commenc\u00e9 \u00e0 franchir des \u00e9tapes importantes avec Augsburg, obtenant du temps de jeu chez les professionnels et faisant preuve de la d\u00e9fense calme et physique que les clubs allemands exigent. Ces apparitions ont renforc\u00e9 l'id\u00e9e qu'il n'est pas seulement un projet \u00e0 long terme, mais un joueur capable d\u00e8s \u00e0 pr\u00e9sent de faire face \u00e0 un haut niveau.<\/p>\n<p>Cette ascension a \u00e9galement clarifi\u00e9 sa situation internationale : Banks est <strong>\u00e9ligible pour repr\u00e9senter les \u00c9tats-Unis<\/strong>, et ses progr\u00e8s le placent d\u00e9sormais sur le radar \u00e0 l'approche du <strong>Coupe du Monde 2026<\/strong> cycle. Avec le tournoi se d\u00e9roulant \u00e0 domicile, son \u00e9mergence offre \u00e0 l'USMNT un autre jeune d\u00e9fenseur central \u00e0 suivre de pr\u00e8s.<\/p>\n<p>Pour l'instant, l'accent reste mis sur son d\u00e9veloppement en Allemagne, o\u00f9 Augsburg est convaincu de d\u00e9tenir un talent sp\u00e9cial. Le message de Thorup \u00e9tait simple : les qualit\u00e9s sont pr\u00e9sentes, et si Banks continue de progresser, son avenir pourrait le placer parmi l'\u00e9lite.<\/p>","protected":false},"excerpt":{"rendered":"<p>Noahkai Banks is starting to look like the next American center back ready for the Bundesliga, and there is already [&hellip;]<\/p>\n","protected":false},"author":3,"featured_media":4209,"comment_status":"","ping_status":"open","sticky":false,"template":"","format":"standard","meta":{"googlesitekit_rrm_CAow_uzEDA:productID":"","site-sidebar-layout":"default","site-content-layout":"","ast-site-content-layout":"default","site-content-style":"default","site-sidebar-style":"default","ast-global-header-display":"","ast-banner-title-visibility":"","ast-main-header-display":"","ast-hfb-above-header-display":"","ast-hfb-below-header-display":"","ast-hfb-mobile-header-display":"","site-post-title":"","ast-breadcrumbs-content":"","ast-featured-img":"","footer-sml-layout":"","ast-disable-related-posts":"","theme-transparent-header-meta":"","adv-header-id-meta":"","stick-header-meta":"","header-above-stick-meta":"","header-main-stick-meta":"","header-below-stick-meta":"","astra-migrate-meta-layouts":"default","ast-page-background-enabled":"default","ast-page-background-meta":{"desktop":{"background-color":"var(--ast-global-color-5)","background-image":"","background-repeat":"repeat","background-position":"center center","background-size":"auto","background-attachment":"scroll","background-type":"","background-media":"","overlay-type":"","overlay-color":"","overlay-opacity":"","overlay-gradient":""},"tablet":{"background-color":"","background-image":"","background-repeat":"repeat","background-position":"center center","background-size":"auto","background-attachment":"scroll","background-type":"","background-media":"","overlay-type":"","overlay-color":"","overlay-opacity":"","overlay-gradient":""},"mobile":{"background-color":"","background-image":"","background-repeat":"repeat","background-position":"center center","background-size":"auto","background-attachment":"scroll","background-type":"","background-media":"","overlay-type":"","overlay-color":"","overlay-opacity":"","overlay-gradient":""}},"ast-content-background-meta":{"desktop":{"background-color":"var(--ast-global-color-4)","background-image":"","background-repeat":"repeat","background-position":"center center","background-size":"auto","background-attachment":"scroll","background-type":"","background-media":"","overlay-type":"","overlay-color":"","overlay-opacity":"","overlay-gradient":""},"tablet":{"background-color":"var(--ast-global-color-4)","background-image":"","background-repeat":"repeat","background-position":"center center","background-size":"auto","background-attachment":"scroll","background-type":"","background-media":"","overlay-type":"","overlay-color":"","overlay-opacity":"","overlay-gradient":""},"mobile":{"background-color":"var(--ast-global-color-4)","background-image":"","background-repeat":"repeat","background-position":"center center","background-size":"auto","background-attachment":"scroll","background-type":"","background-media":"","overlay-type":"","overlay-color":"","overlay-opacity":"","overlay-gradient":""}},"footnotes":""},"categories":[20,1],"tags":[],"class_list":["post-4210","post","type-post","status-publish","format-standard","has-post-thumbnail","hentry","category-international","category-football-latest-news"],"yoast_head":"<!-- This site is optimized with the Yoast SEO Premium plugin v26.6 (Yoast SEO v27.5) - https:\/\/yoast.com\/product\/yoast-seo-premium-wordpress\/ -->\n<title>Noahkai Banks emerging as a Bundesliga-level center back - Bladna News<\/title>\n<meta name=\"robots\" content=\"index, follow, max-snippet:-1, max-image-preview:large, max-video-preview:-1\" \/>\n<link rel=\"canonical\" href=\"https:\/\/bladnanews.com\/fr\/noahkai-banks-emerge-comme-un-defenseur-central-de-niveau-bundesliga\/\" \/>\n<meta property=\"og:locale\" content=\"fr_FR\" \/>\n<meta property=\"og:type\" content=\"article\" \/>\n<meta property=\"og:title\" content=\"Noahkai Banks emerging as a Bundesliga-level center back\" \/>\n<meta property=\"og:description\" content=\"Noahkai Banks is starting to look like the next American center back ready for the Bundesliga, and there is already [&hellip;]\" \/>\n<meta property=\"og:url\" content=\"https:\/\/bladnanews.com\/fr\/noahkai-banks-emerge-comme-un-defenseur-central-de-niveau-bundesliga\/\" \/>\n<meta property=\"og:site_name\" content=\"Bladna News\" \/>\n<meta property=\"article:published_time\" content=\"2026-01-05T17:23:49+00:00\" \/>\n<meta property=\"og:image\" content=\"https:\/\/bladnanews.com\/wp-content\/uploads\/2025\/12\/freepik__bladna-newscom-moroccan-soccer-homepage-banner-mor__41838.png\" \/>\n\t<meta property=\"og:image:width\" content=\"1312\" \/>\n\t<meta property=\"og:image:height\" content=\"736\" \/>\n\t<meta property=\"og:image:type\" content=\"image\/png\" \/>\n<meta name=\"author\" content=\"Bladna News Staff\" \/>\n<meta name=\"twitter:card\" content=\"summary_large_image\" \/>\n<meta name=\"twitter:label1\" content=\"\u00c9crit par\" \/>\n\t<meta name=\"twitter:data1\" content=\"Bladna News Staff\" \/>\n\t<meta name=\"twitter:label2\" content=\"Dur\u00e9e de lecture estim\u00e9e\" \/>\n\t<meta name=\"twitter:data2\" content=\"1 minute\" \/>\n<script type=\"application\/ld+json\" class=\"yoast-schema-graph\">{\"@context\":\"https:\\\/\\\/schema.org\",\"@graph\":[{\"@type\":\"Article\",\"@id\":\"https:\\\/\\\/bladnanews.com\\\/noahkai-banks-emerging-as-a-bundesliga-level-center-back\\\/#article\",\"isPartOf\":{\"@id\":\"https:\\\/\\\/bladnanews.com\\\/noahkai-banks-emerging-as-a-bundesliga-level-center-back\\\/\"},\"author\":{\"name\":\"Bladna News Staff\",\"@id\":\"https:\\\/\\\/mediumseagreen-eel-531711.hostingersite.com\\\/#\\\/schema\\\/person\\\/268e18a453ab080ebf76df6ef7845083\"},\"headline\":\"Noahkai Banks emerging as a Bundesliga-level center back\",\"datePublished\":\"2026-01-05T17:23:49+00:00\",\"mainEntityOfPage\":{\"@id\":\"https:\\\/\\\/bladnanews.com\\\/noahkai-banks-emerging-as-a-bundesliga-level-center-back\\\/\"},\"wordCount\":228,\"publisher\":{\"@id\":\"https:\\\/\\\/mediumseagreen-eel-531711.hostingersite.com\\\/#organization\"},\"image\":{\"@id\":\"https:\\\/\\\/bladnanews.com\\\/noahkai-banks-emerging-as-a-bundesliga-level-center-back\\\/#primaryimage\"},\"thumbnailUrl\":\"https:\\\/\\\/bladnanews.com\\\/wp-content\\\/uploads\\\/2026\\\/01\\\/BladnaNews-Noahkai-Banks-emerging-as-a-Bundesliga-level-center-back-2026-01-06T011008.866Z.jpg\",\"articleSection\":[\"International\",\"Latest News\"],\"inLanguage\":\"fr-FR\",\"copyrightYear\":\"2026\",\"copyrightHolder\":{\"@id\":\"https:\\\/\\\/bladnanews.com\\\/fr\\\/#organization\"}},{\"@type\":\"WebPage\",\"@id\":\"https:\\\/\\\/bladnanews.com\\\/noahkai-banks-emerging-as-a-bundesliga-level-center-back\\\/\",\"url\":\"https:\\\/\\\/bladnanews.com\\\/noahkai-banks-emerging-as-a-bundesliga-level-center-back\\\/\",\"name\":\"Noahkai Banks emerging as a Bundesliga-level center back - Bladna News\",\"isPartOf\":{\"@id\":\"https:\\\/\\\/mediumseagreen-eel-531711.hostingersite.com\\\/#website\"},\"primaryImageOfPage\":{\"@id\":\"https:\\\/\\\/bladnanews.com\\\/noahkai-banks-emerging-as-a-bundesliga-level-center-back\\\/#primaryimage\"},\"image\":{\"@id\":\"https:\\\/\\\/bladnanews.com\\\/noahkai-banks-emerging-as-a-bundesliga-level-center-back\\\/#primaryimage\"},\"thumbnailUrl\":\"https:\\\/\\\/bladnanews.com\\\/wp-content\\\/uploads\\\/2026\\\/01\\\/BladnaNews-Noahkai-Banks-emerging-as-a-Bundesliga-level-center-back-2026-01-06T011008.866Z.jpg\",\"datePublished\":\"2026-01-05T17:23:49+00:00\",\"breadcrumb\":{\"@id\":\"https:\\\/\\\/bladnanews.com\\\/noahkai-banks-emerging-as-a-bundesliga-level-center-back\\\/#breadcrumb\"},\"inLanguage\":\"fr-FR\",\"potentialAction\":[{\"@type\":\"ReadAction\",\"target\":[\"https:\\\/\\\/bladnanews.com\\\/noahkai-banks-emerging-as-a-bundesliga-level-center-back\\\/\"]}]},{\"@type\":\"ImageObject\",\"inLanguage\":\"fr-FR\",\"@id\":\"https:\\\/\\\/bladnanews.com\\\/noahkai-banks-emerging-as-a-bundesliga-level-center-back\\\/#primaryimage\",\"url\":\"https:\\\/\\\/bladnanews.com\\\/wp-content\\\/uploads\\\/2026\\\/01\\\/BladnaNews-Noahkai-Banks-emerging-as-a-Bundesliga-level-center-back-2026-01-06T011008.866Z.jpg\",\"contentUrl\":\"https:\\\/\\\/bladnanews.com\\\/wp-content\\\/uploads\\\/2026\\\/01\\\/BladnaNews-Noahkai-Banks-emerging-as-a-Bundesliga-level-center-back-2026-01-06T011008.866Z.jpg\",\"width\":1600,\"height\":900,\"caption\":\"Noahkai Banks celebrates alongside a teammate in contrasting jerseys, showcasing his emerging talent in international football.\"},{\"@type\":\"BreadcrumbList\",\"@id\":\"https:\\\/\\\/bladnanews.com\\\/noahkai-banks-emerging-as-a-bundesliga-level-center-back\\\/#breadcrumb\",\"itemListElement\":[{\"@type\":\"ListItem\",\"position\":1,\"name\":\"Home\",\"item\":\"https:\\\/\\\/bladnanews.com\\\/\"},{\"@type\":\"ListItem\",\"position\":2,\"name\":\"Noahkai Banks emerging as a Bundesliga-level center back\"}]},{\"@type\":\"WebSite\",\"@id\":\"https:\\\/\\\/mediumseagreen-eel-531711.hostingersite.com\\\/#website\",\"url\":\"https:\\\/\\\/mediumseagreen-eel-531711.hostingersite.com\\\/\",\"name\":\"Bladna News - Morocco\",\"description\":\"Where Moroccan Football Meets the World\",\"publisher\":{\"@id\":\"https:\\\/\\\/mediumseagreen-eel-531711.hostingersite.com\\\/#organization\"},\"potentialAction\":[{\"@type\":\"SearchAction\",\"target\":{\"@type\":\"EntryPoint\",\"urlTemplate\":\"https:\\\/\\\/mediumseagreen-eel-531711.hostingersite.com\\\/?s={search_term_string}\"},\"query-input\":{\"@type\":\"PropertyValueSpecification\",\"valueRequired\":true,\"valueName\":\"search_term_string\"}}],\"inLanguage\":\"fr-FR\"},{\"@type\":\"Organization\",\"@id\":\"https:\\\/\\\/mediumseagreen-eel-531711.hostingersite.com\\\/#organization\",\"name\":\"Bladna News.com\",\"url\":\"https:\\\/\\\/mediumseagreen-eel-531711.hostingersite.com\\\/\",\"logo\":{\"@type\":\"ImageObject\",\"inLanguage\":\"fr-FR\",\"@id\":\"https:\\\/\\\/mediumseagreen-eel-531711.hostingersite.com\\\/#\\\/schema\\\/logo\\\/image\\\/\",\"url\":\"https:\\\/\\\/bladnanews.com\\\/wp-content\\\/uploads\\\/2025\\\/12\\\/logo-bladnanews-V2-web-black-red.png\",\"contentUrl\":\"https:\\\/\\\/bladnanews.com\\\/wp-content\\\/uploads\\\/2025\\\/12\\\/logo-bladnanews-V2-web-black-red.png\",\"width\":703,\"height\":287,\"caption\":\"Bladna News.com\"},\"image\":{\"@id\":\"https:\\\/\\\/mediumseagreen-eel-531711.hostingersite.com\\\/#\\\/schema\\\/logo\\\/image\\\/\"},\"email\":\"info@bladnanews.com\",\"legalName\":\"Bladna News\"},{\"@type\":\"Person\",\"@id\":\"https:\\\/\\\/mediumseagreen-eel-531711.hostingersite.com\\\/#\\\/schema\\\/person\\\/268e18a453ab080ebf76df6ef7845083\",\"name\":\"Bladna News Staff\",\"url\":\"https:\\\/\\\/bladnanews.com\\\/fr\\\/author\\\/bladna-news-staff\\\/\"}]}<\/script>\n<!-- \/ Yoast SEO Premium plugin. -->","yoast_head_json":{"title":"Noahkai Banks \u00e9merge en tant que d\u00e9fenseur central de niveau Bundesliga - Bladna News","robots":{"index":"index","follow":"follow","max-snippet":"max-snippet:-1","max-image-preview":"max-image-preview:large","max-video-preview":"max-video-preview:-1"},"canonical":"https:\/\/bladnanews.com\/fr\/noahkai-banks-emerge-comme-un-defenseur-central-de-niveau-bundesliga\/","og_locale":"fr_FR","og_type":"article","og_title":"Noahkai Banks emerging as a Bundesliga-level center back","og_description":"Noahkai Banks is starting to look like the next American center back ready for the Bundesliga, and there is already [&hellip;]","og_url":"https:\/\/bladnanews.com\/fr\/noahkai-banks-emerge-comme-un-defenseur-central-de-niveau-bundesliga\/","og_site_name":"Bladna News","article_published_time":"2026-01-05T17:23:49+00:00","og_image":[{"width":1312,"height":736,"url":"https:\/\/bladnanews.com\/wp-content\/uploads\/2025\/12\/freepik__bladna-newscom-moroccan-soccer-homepage-banner-mor__41838.png","type":"image\/png"}],"author":"Bladna News Staff","twitter_card":"summary_large_image","twitter_misc":{"\u00c9crit par":"Bladna News Staff","Dur\u00e9e de lecture estim\u00e9e":"1 minute"},"schema":{"@context":"https:\/\/schema.org","@graph":[{"@type":"Article","@id":"https:\/\/bladnanews.com\/noahkai-banks-emerging-as-a-bundesliga-level-center-back\/#article","isPartOf":{"@id":"https:\/\/bladnanews.com\/noahkai-banks-emerging-as-a-bundesliga-level-center-back\/"},"author":{"name":"Bladna News Staff","@id":"https:\/\/mediumseagreen-eel-531711.hostingersite.com\/#\/schema\/person\/268e18a453ab080ebf76df6ef7845083"},"headline":"Noahkai Banks emerging as a Bundesliga-level center back","datePublished":"2026-01-05T17:23:49+00:00","mainEntityOfPage":{"@id":"https:\/\/bladnanews.com\/noahkai-banks-emerging-as-a-bundesliga-level-center-back\/"},"wordCount":228,"publisher":{"@id":"https:\/\/mediumseagreen-eel-531711.hostingersite.com\/#organization"},"image":{"@id":"https:\/\/bladnanews.com\/noahkai-banks-emerging-as-a-bundesliga-level-center-back\/#primaryimage"},"thumbnailUrl":"https:\/\/bladnanews.com\/wp-content\/uploads\/2026\/01\/BladnaNews-Noahkai-Banks-emerging-as-a-Bundesliga-level-center-back-2026-01-06T011008.866Z.jpg","articleSection":["International","Latest News"],"inLanguage":"fr-FR","copyrightYear":"2026","copyrightHolder":{"@id":"https:\/\/bladnanews.com\/fr\/#organization"}},{"@type":"WebPage","@id":"https:\/\/bladnanews.com\/noahkai-banks-emerging-as-a-bundesliga-level-center-back\/","url":"https:\/\/bladnanews.com\/noahkai-banks-emerging-as-a-bundesliga-level-center-back\/","name":"Noahkai Banks \u00e9merge en tant que d\u00e9fenseur central de niveau Bundesliga - Bladna News","isPartOf":{"@id":"https:\/\/mediumseagreen-eel-531711.hostingersite.com\/#website"},"primaryImageOfPage":{"@id":"https:\/\/bladnanews.com\/noahkai-banks-emerging-as-a-bundesliga-level-center-back\/#primaryimage"},"image":{"@id":"https:\/\/bladnanews.com\/noahkai-banks-emerging-as-a-bundesliga-level-center-back\/#primaryimage"},"thumbnailUrl":"https:\/\/bladnanews.com\/wp-content\/uploads\/2026\/01\/BladnaNews-Noahkai-Banks-emerging-as-a-Bundesliga-level-center-back-2026-01-06T011008.866Z.jpg","datePublished":"2026-01-05T17:23:49+00:00","breadcrumb":{"@id":"https:\/\/bladnanews.com\/noahkai-banks-emerging-as-a-bundesliga-level-center-back\/#breadcrumb"},"inLanguage":"fr-FR","potentialAction":[{"@type":"ReadAction","target":["https:\/\/bladnanews.com\/noahkai-banks-emerging-as-a-bundesliga-level-center-back\/"]}]},{"@type":"ImageObject","inLanguage":"fr-FR","@id":"https:\/\/bladnanews.com\/noahkai-banks-emerging-as-a-bundesliga-level-center-back\/#primaryimage","url":"https:\/\/bladnanews.com\/wp-content\/uploads\/2026\/01\/BladnaNews-Noahkai-Banks-emerging-as-a-Bundesliga-level-center-back-2026-01-06T011008.866Z.jpg","contentUrl":"https:\/\/bladnanews.com\/wp-content\/uploads\/2026\/01\/BladnaNews-Noahkai-Banks-emerging-as-a-Bundesliga-level-center-back-2026-01-06T011008.866Z.jpg","width":1600,"height":900,"caption":"Noahkai Banks celebrates alongside a teammate in contrasting jerseys, showcasing his emerging talent in international football."},{"@type":"BreadcrumbList","@id":"https:\/\/bladnanews.com\/noahkai-banks-emerging-as-a-bundesliga-level-center-back\/#breadcrumb","itemListElement":[{"@type":"ListItem","position":1,"name":"Home","item":"https:\/\/bladnanews.com\/"},{"@type":"ListItem","position":2,"name":"Noahkai Banks emerging as a Bundesliga-level center back"}]},{"@type":"WebSite","@id":"https:\/\/mediumseagreen-eel-531711.hostingersite.com\/#website","url":"https:\/\/mediumseagreen-eel-531711.hostingersite.com\/","name":"Bladna News - Maroc","description":"Quand le football marocain rencontre le monde","publisher":{"@id":"https:\/\/mediumseagreen-eel-531711.hostingersite.com\/#organization"},"potentialAction":[{"@type":"SearchAction","target":{"@type":"EntryPoint","urlTemplate":"https:\/\/mediumseagreen-eel-531711.hostingersite.com\/?s={search_term_string}"},"query-input":{"@type":"PropertyValueSpecification","valueRequired":true,"valueName":"search_term_string"}}],"inLanguage":"fr-FR"},{"@type":"Organization","@id":"https:\/\/mediumseagreen-eel-531711.hostingersite.com\/#organization","name":"Bladna News.com","url":"https:\/\/mediumseagreen-eel-531711.hostingersite.com\/","logo":{"@type":"ImageObject","inLanguage":"fr-FR","@id":"https:\/\/mediumseagreen-eel-531711.hostingersite.com\/#\/schema\/logo\/image\/","url":"https:\/\/bladnanews.com\/wp-content\/uploads\/2025\/12\/logo-bladnanews-V2-web-black-red.png","contentUrl":"https:\/\/bladnanews.com\/wp-content\/uploads\/2025\/12\/logo-bladnanews-V2-web-black-red.png","width":703,"height":287,"caption":"Bladna News.com"},"image":{"@id":"https:\/\/mediumseagreen-eel-531711.hostingersite.com\/#\/schema\/logo\/image\/"},"email":"info@bladnanews.com","legalName":"Bladna News"},{"@type":"Person","@id":"https:\/\/mediumseagreen-eel-531711.hostingersite.com\/#\/schema\/person\/268e18a453ab080ebf76df6ef7845083","name":"\u00c9quipe r\u00e9dactionnelle de Bladna News","url":"https:\/\/bladnanews.com\/fr\/author\/bladna-news-staff\/"}]}},"_links":{"self":[{"href":"https:\/\/bladnanews.com\/fr\/wp-json\/wp\/v2\/posts\/4210","targetHints":{"allow":["GET"]}}],"collection":[{"href":"https:\/\/bladnanews.com\/fr\/wp-json\/wp\/v2\/posts"}],"about":[{"href":"https:\/\/bladnanews.com\/fr\/wp-json\/wp\/v2\/types\/post"}],"author":[{"embeddable":true,"href":"https:\/\/bladnanews.com\/fr\/wp-json\/wp\/v2\/users\/3"}],"replies":[{"embeddable":true,"href":"https:\/\/bladnanews.com\/fr\/wp-json\/wp\/v2\/comments?post=4210"}],"version-history":[{"count":0,"href":"https:\/\/bladnanews.com\/fr\/wp-json\/wp\/v2\/posts\/4210\/revisions"}],"wp:featuredmedia":[{"embeddable":true,"href":"https:\/\/bladnanews.com\/fr\/wp-json\/wp\/v2\/media\/4209"}],"wp:attachment":[{"href":"https:\/\/bladnanews.com\/fr\/wp-json\/wp\/v2\/media?parent=4210"}],"wp:term":[{"taxonomy":"category","embeddable":true,"href":"https:\/\/bladnanews.com\/fr\/wp-json\/wp\/v2\/categories?post=4210"},{"taxonomy":"post_tag","embeddable":true,"href":"https:\/\/bladnanews.com\/fr\/wp-json\/wp\/v2\/tags?post=4210"}],"curies":[{"name":"wp","href":"https:\/\/api.w.org\/{rel}","templated":true}]}}