{"id":4212,"date":"2026-01-05T17:30:00","date_gmt":"2026-01-05T17:30:00","guid":{"rendered":"https:\/\/bladnanews.com\/ranking-man-utd-managers-in-the-post-sir-alex-ferguson-era\/"},"modified":"2026-01-05T17:30:00","modified_gmt":"2026-01-05T17:30:00","slug":"classement-des-entraineurs-de-manchester-united-apres-lere-sir-alex-ferguson","status":"publish","type":"post","link":"https:\/\/bladnanews.com\/fr\/classement-des-entraineurs-de-manchester-united-apres-lere-sir-alex-ferguson\/","title":{"rendered":"Classement des entra\u00eeneurs de Manchester United apr\u00e8s l'\u00e8re Sir Alex Ferguson"},"content":{"rendered":"<p>La porte tournante du banc de Manchester United depuis le d\u00e9part de Sir Alex Ferguson braque \u00e0 nouveau les projecteurs sur la difficult\u00e9 du poste \u00e0 Old Trafford. Avec le licenciement de Ruben Amorim, la question se pose : o\u00f9 se classe l'entra\u00eeneur portugais parmi les managers de United de l'\u00e8re post-Ferguson ?<\/p>\n<p>United a connu une longue liste de nominations depuis que Ferguson a quitt\u00e9 ses fonctions en 2013, le club peinant \u00e0 trouver une formule durable pour le succ\u00e8s. Des noms prestigieux et des styles diff\u00e9rents sont pass\u00e9s, mais les standards \u00e9tablis durant les ann\u00e9es Ferguson se sont av\u00e9r\u00e9s difficiles \u00e0 \u00e9galer.<\/p>\n<p>Le renvoi d'Amorim ajoute un nouveau chapitre \u00e0 une p\u00e9riode marqu\u00e9e par des r\u00e9initialisations r\u00e9p\u00e9t\u00e9es, une pens\u00e9e \u00e0 court terme et des id\u00e9es footballistiques changeantes. La pression du r\u00f4le reste la m\u00eame, mais la capacit\u00e9 du club \u00e0 construire une stabilit\u00e9, non.<\/p>\n<p>Le d\u00e9part de Ferguson devait marquer le d\u00e9but d'une nouvelle \u00e8re, mais il est plut\u00f4t devenu un point de r\u00e9f\u00e9rence auquel chaque nouvel entra\u00eeneur est compar\u00e9. Certains managers ont remport\u00e9 des troph\u00e9es, d'autres ont supervis\u00e9 des d\u00e9clins douloureux, et plusieurs n'ont pas convaincu malgr\u00e9 des r\u00e9putations solides \u00e0 leur arriv\u00e9e.<\/p>\n<p>La p\u00e9riode post-Sir Alex a \u00e9galement montr\u00e9 \u00e0 quelle vitesse l'opinion peut changer \u00e0 United. Une s\u00e9rie de r\u00e9sultats prometteurs a souvent \u00e9t\u00e9 suivie d'inconstance, et m\u00eame ceux qui ont soulev\u00e9 des troph\u00e9es ont eu du mal \u00e0 transformer cela en progr\u00e8s durable en championnat.<\/p>\n<p>Le passage d'Amorim au club s'ach\u00e8ve avec son ajout \u00e0 la liste grandissante des d\u00e9parts, et sa place dans le classement des patrons de United de l'apr\u00e8s-Ferguson sera d\u00e9sormais d\u00e9battue aux c\u00f4t\u00e9s d'autres qui ont tent\u00e9 de restaurer l'identit\u00e9 et les r\u00e9sultats du club.<\/p>\n<p>Finalement, l'histoire de United depuis 2013 est celle d'un changement constant. Le licenciement d'Amorim souligne que la recherche du bon manager \u2014 et du bon plan pour le soutenir \u2014 est toujours en cours \u00e0 Old Trafford.<\/p>","protected":false},"excerpt":{"rendered":"<p>Manchester United\u2019s revolving door in the dugout since Sir Alex Ferguson retired has once again put the spotlight on how [&hellip;]<\/p>\n","protected":false},"author":3,"featured_media":4211,"comment_status":"","ping_status":"open","sticky":false,"template":"","format":"standard","meta":{"googlesitekit_rrm_CAow_uzEDA:productID":"","site-sidebar-layout":"default","site-content-layout":"","ast-site-content-layout":"default","site-content-style":"default","site-sidebar-style":"default","ast-global-header-display":"","ast-banner-title-visibility":"","ast-main-header-display":"","ast-hfb-above-header-display":"","ast-hfb-below-header-display":"","ast-hfb-mobile-header-display":"","site-post-title":"","ast-breadcrumbs-content":"","ast-featured-img":"","footer-sml-layout":"","ast-disable-related-posts":"","theme-transparent-header-meta":"","adv-header-id-meta":"","stick-header-meta":"","header-above-stick-meta":"","header-main-stick-meta":"","header-below-stick-meta":"","astra-migrate-meta-layouts":"default","ast-page-background-enabled":"default","ast-page-background-meta":{"desktop":{"background-color":"var(--ast-global-color-5)","background-image":"","background-repeat":"repeat","background-position":"center center","background-size":"auto","background-attachment":"scroll","background-type":"","background-media":"","overlay-type":"","overlay-color":"","overlay-opacity":"","overlay-gradient":""},"tablet":{"background-color":"","background-image":"","background-repeat":"repeat","background-position":"center center","background-size":"auto","background-attachment":"scroll","background-type":"","background-media":"","overlay-type":"","overlay-color":"","overlay-opacity":"","overlay-gradient":""},"mobile":{"background-color":"","background-image":"","background-repeat":"repeat","background-position":"center center","background-size":"auto","background-attachment":"scroll","background-type":"","background-media":"","overlay-type":"","overlay-color":"","overlay-opacity":"","overlay-gradient":""}},"ast-content-background-meta":{"desktop":{"background-color":"var(--ast-global-color-4)","background-image":"","background-repeat":"repeat","background-position":"center center","background-size":"auto","background-attachment":"scroll","background-type":"","background-media":"","overlay-type":"","overlay-color":"","overlay-opacity":"","overlay-gradient":""},"tablet":{"background-color":"var(--ast-global-color-4)","background-image":"","background-repeat":"repeat","background-position":"center center","background-size":"auto","background-attachment":"scroll","background-type":"","background-media":"","overlay-type":"","overlay-color":"","overlay-opacity":"","overlay-gradient":""},"mobile":{"background-color":"var(--ast-global-color-4)","background-image":"","background-repeat":"repeat","background-position":"center center","background-size":"auto","background-attachment":"scroll","background-type":"","background-media":"","overlay-type":"","overlay-color":"","overlay-opacity":"","overlay-gradient":""}},"footnotes":""},"categories":[20,1],"tags":[],"class_list":["post-4212","post","type-post","status-publish","format-standard","has-post-thumbnail","hentry","category-international","category-football-latest-news"],"yoast_head":"<!-- This site is optimized with the Yoast SEO Premium plugin v26.6 (Yoast SEO v27.5) - https:\/\/yoast.com\/product\/yoast-seo-premium-wordpress\/ -->\n<title>Ranking Man Utd managers in the post Sir Alex Ferguson era - Bladna News<\/title>\n<meta name=\"robots\" content=\"index, follow, max-snippet:-1, max-image-preview:large, max-video-preview:-1\" \/>\n<link rel=\"canonical\" href=\"https:\/\/bladnanews.com\/fr\/classement-des-entraineurs-de-manchester-united-apres-lere-sir-alex-ferguson\/\" \/>\n<meta property=\"og:locale\" content=\"fr_FR\" \/>\n<meta property=\"og:type\" content=\"article\" \/>\n<meta property=\"og:title\" content=\"Ranking Man Utd managers in the post Sir Alex Ferguson era\" \/>\n<meta property=\"og:description\" content=\"Manchester United\u2019s revolving door in the dugout since Sir Alex Ferguson retired has once again put the spotlight on how [&hellip;]\" \/>\n<meta property=\"og:url\" content=\"https:\/\/bladnanews.com\/fr\/classement-des-entraineurs-de-manchester-united-apres-lere-sir-alex-ferguson\/\" \/>\n<meta property=\"og:site_name\" content=\"Bladna News\" \/>\n<meta property=\"article:published_time\" content=\"2026-01-05T17:30:00+00:00\" \/>\n<meta property=\"og:image\" content=\"https:\/\/bladnanews.com\/wp-content\/uploads\/2025\/12\/freepik__bladna-newscom-moroccan-soccer-homepage-banner-mor__41838.png\" \/>\n\t<meta property=\"og:image:width\" content=\"1312\" \/>\n\t<meta property=\"og:image:height\" content=\"736\" \/>\n\t<meta property=\"og:image:type\" content=\"image\/png\" \/>\n<meta name=\"author\" content=\"Bladna News Staff\" \/>\n<meta name=\"twitter:card\" content=\"summary_large_image\" \/>\n<meta name=\"twitter:label1\" content=\"\u00c9crit par\" \/>\n\t<meta name=\"twitter:data1\" content=\"Bladna News Staff\" \/>\n\t<meta name=\"twitter:label2\" content=\"Dur\u00e9e de lecture estim\u00e9e\" \/>\n\t<meta name=\"twitter:data2\" content=\"2 minutes\" \/>\n<script type=\"application\/ld+json\" class=\"yoast-schema-graph\">{\"@context\":\"https:\\\/\\\/schema.org\",\"@graph\":[{\"@type\":\"Article\",\"@id\":\"https:\\\/\\\/bladnanews.com\\\/ranking-man-utd-managers-in-the-post-sir-alex-ferguson-era\\\/#article\",\"isPartOf\":{\"@id\":\"https:\\\/\\\/bladnanews.com\\\/ranking-man-utd-managers-in-the-post-sir-alex-ferguson-era\\\/\"},\"author\":{\"name\":\"Bladna News Staff\",\"@id\":\"https:\\\/\\\/mediumseagreen-eel-531711.hostingersite.com\\\/#\\\/schema\\\/person\\\/268e18a453ab080ebf76df6ef7845083\"},\"headline\":\"Ranking Man Utd managers in the post Sir Alex Ferguson era\",\"datePublished\":\"2026-01-05T17:30:00+00:00\",\"mainEntityOfPage\":{\"@id\":\"https:\\\/\\\/bladnanews.com\\\/ranking-man-utd-managers-in-the-post-sir-alex-ferguson-era\\\/\"},\"wordCount\":324,\"publisher\":{\"@id\":\"https:\\\/\\\/mediumseagreen-eel-531711.hostingersite.com\\\/#organization\"},\"image\":{\"@id\":\"https:\\\/\\\/bladnanews.com\\\/ranking-man-utd-managers-in-the-post-sir-alex-ferguson-era\\\/#primaryimage\"},\"thumbnailUrl\":\"https:\\\/\\\/bladnanews.com\\\/wp-content\\\/uploads\\\/2026\\\/01\\\/BladnaNews-Ranking-Man-Utd-managers-in-the-post-Sir-Alex-Ferguson-era-2026-01-06T011040.642Z.jpg\",\"articleSection\":[\"International\",\"Latest News\"],\"inLanguage\":\"fr-FR\",\"copyrightYear\":\"2026\",\"copyrightHolder\":{\"@id\":\"https:\\\/\\\/bladnanews.com\\\/fr\\\/#organization\"}},{\"@type\":\"WebPage\",\"@id\":\"https:\\\/\\\/bladnanews.com\\\/ranking-man-utd-managers-in-the-post-sir-alex-ferguson-era\\\/\",\"url\":\"https:\\\/\\\/bladnanews.com\\\/ranking-man-utd-managers-in-the-post-sir-alex-ferguson-era\\\/\",\"name\":\"Ranking Man Utd managers in the post Sir Alex Ferguson era - Bladna News\",\"isPartOf\":{\"@id\":\"https:\\\/\\\/mediumseagreen-eel-531711.hostingersite.com\\\/#website\"},\"primaryImageOfPage\":{\"@id\":\"https:\\\/\\\/bladnanews.com\\\/ranking-man-utd-managers-in-the-post-sir-alex-ferguson-era\\\/#primaryimage\"},\"image\":{\"@id\":\"https:\\\/\\\/bladnanews.com\\\/ranking-man-utd-managers-in-the-post-sir-alex-ferguson-era\\\/#primaryimage\"},\"thumbnailUrl\":\"https:\\\/\\\/bladnanews.com\\\/wp-content\\\/uploads\\\/2026\\\/01\\\/BladnaNews-Ranking-Man-Utd-managers-in-the-post-Sir-Alex-Ferguson-era-2026-01-06T011040.642Z.jpg\",\"datePublished\":\"2026-01-05T17:30:00+00:00\",\"breadcrumb\":{\"@id\":\"https:\\\/\\\/bladnanews.com\\\/ranking-man-utd-managers-in-the-post-sir-alex-ferguson-era\\\/#breadcrumb\"},\"inLanguage\":\"fr-FR\",\"potentialAction\":[{\"@type\":\"ReadAction\",\"target\":[\"https:\\\/\\\/bladnanews.com\\\/ranking-man-utd-managers-in-the-post-sir-alex-ferguson-era\\\/\"]}]},{\"@type\":\"ImageObject\",\"inLanguage\":\"fr-FR\",\"@id\":\"https:\\\/\\\/bladnanews.com\\\/ranking-man-utd-managers-in-the-post-sir-alex-ferguson-era\\\/#primaryimage\",\"url\":\"https:\\\/\\\/bladnanews.com\\\/wp-content\\\/uploads\\\/2026\\\/01\\\/BladnaNews-Ranking-Man-Utd-managers-in-the-post-Sir-Alex-Ferguson-era-2026-01-06T011040.642Z.jpg\",\"contentUrl\":\"https:\\\/\\\/bladnanews.com\\\/wp-content\\\/uploads\\\/2026\\\/01\\\/BladnaNews-Ranking-Man-Utd-managers-in-the-post-Sir-Alex-Ferguson-era-2026-01-06T011040.642Z.jpg\",\"width\":1600,\"height\":900,\"caption\":\"Three Manchester United managers in focus: Rudi Garc\u00eda in a black jacket, Louis van Gaal applauding, and Jos\u00e9 Mourinho gesturing for crowd interaction.\"},{\"@type\":\"BreadcrumbList\",\"@id\":\"https:\\\/\\\/bladnanews.com\\\/ranking-man-utd-managers-in-the-post-sir-alex-ferguson-era\\\/#breadcrumb\",\"itemListElement\":[{\"@type\":\"ListItem\",\"position\":1,\"name\":\"Home\",\"item\":\"https:\\\/\\\/bladnanews.com\\\/\"},{\"@type\":\"ListItem\",\"position\":2,\"name\":\"Ranking Man Utd managers in the post Sir Alex Ferguson era\"}]},{\"@type\":\"WebSite\",\"@id\":\"https:\\\/\\\/mediumseagreen-eel-531711.hostingersite.com\\\/#website\",\"url\":\"https:\\\/\\\/mediumseagreen-eel-531711.hostingersite.com\\\/\",\"name\":\"Bladna News - Morocco\",\"description\":\"Where Moroccan Football Meets the World\",\"publisher\":{\"@id\":\"https:\\\/\\\/mediumseagreen-eel-531711.hostingersite.com\\\/#organization\"},\"potentialAction\":[{\"@type\":\"SearchAction\",\"target\":{\"@type\":\"EntryPoint\",\"urlTemplate\":\"https:\\\/\\\/mediumseagreen-eel-531711.hostingersite.com\\\/?s={search_term_string}\"},\"query-input\":{\"@type\":\"PropertyValueSpecification\",\"valueRequired\":true,\"valueName\":\"search_term_string\"}}],\"inLanguage\":\"fr-FR\"},{\"@type\":\"Organization\",\"@id\":\"https:\\\/\\\/mediumseagreen-eel-531711.hostingersite.com\\\/#organization\",\"name\":\"Bladna News.com\",\"url\":\"https:\\\/\\\/mediumseagreen-eel-531711.hostingersite.com\\\/\",\"logo\":{\"@type\":\"ImageObject\",\"inLanguage\":\"fr-FR\",\"@id\":\"https:\\\/\\\/mediumseagreen-eel-531711.hostingersite.com\\\/#\\\/schema\\\/logo\\\/image\\\/\",\"url\":\"https:\\\/\\\/bladnanews.com\\\/wp-content\\\/uploads\\\/2025\\\/12\\\/logo-bladnanews-V2-web-black-red.png\",\"contentUrl\":\"https:\\\/\\\/bladnanews.com\\\/wp-content\\\/uploads\\\/2025\\\/12\\\/logo-bladnanews-V2-web-black-red.png\",\"width\":703,\"height\":287,\"caption\":\"Bladna News.com\"},\"image\":{\"@id\":\"https:\\\/\\\/mediumseagreen-eel-531711.hostingersite.com\\\/#\\\/schema\\\/logo\\\/image\\\/\"},\"email\":\"info@bladnanews.com\",\"legalName\":\"Bladna News\"},{\"@type\":\"Person\",\"@id\":\"https:\\\/\\\/mediumseagreen-eel-531711.hostingersite.com\\\/#\\\/schema\\\/person\\\/268e18a453ab080ebf76df6ef7845083\",\"name\":\"Bladna News Staff\",\"url\":\"https:\\\/\\\/bladnanews.com\\\/fr\\\/author\\\/bladna-news-staff\\\/\"}]}<\/script>\n<!-- \/ Yoast SEO Premium plugin. -->","yoast_head_json":{"title":"Classement des entra\u00eeneurs de Manchester United apr\u00e8s l'\u00e8re Sir Alex Ferguson - Bladna News","robots":{"index":"index","follow":"follow","max-snippet":"max-snippet:-1","max-image-preview":"max-image-preview:large","max-video-preview":"max-video-preview:-1"},"canonical":"https:\/\/bladnanews.com\/fr\/classement-des-entraineurs-de-manchester-united-apres-lere-sir-alex-ferguson\/","og_locale":"fr_FR","og_type":"article","og_title":"Ranking Man Utd managers in the post Sir Alex Ferguson era","og_description":"Manchester United\u2019s revolving door in the dugout since Sir Alex Ferguson retired has once again put the spotlight on how [&hellip;]","og_url":"https:\/\/bladnanews.com\/fr\/classement-des-entraineurs-de-manchester-united-apres-lere-sir-alex-ferguson\/","og_site_name":"Bladna News","article_published_time":"2026-01-05T17:30:00+00:00","og_image":[{"width":1312,"height":736,"url":"https:\/\/bladnanews.com\/wp-content\/uploads\/2025\/12\/freepik__bladna-newscom-moroccan-soccer-homepage-banner-mor__41838.png","type":"image\/png"}],"author":"Bladna News Staff","twitter_card":"summary_large_image","twitter_misc":{"\u00c9crit par":"Bladna News Staff","Dur\u00e9e de lecture estim\u00e9e":"2 minutes"},"schema":{"@context":"https:\/\/schema.org","@graph":[{"@type":"Article","@id":"https:\/\/bladnanews.com\/ranking-man-utd-managers-in-the-post-sir-alex-ferguson-era\/#article","isPartOf":{"@id":"https:\/\/bladnanews.com\/ranking-man-utd-managers-in-the-post-sir-alex-ferguson-era\/"},"author":{"name":"Bladna News Staff","@id":"https:\/\/mediumseagreen-eel-531711.hostingersite.com\/#\/schema\/person\/268e18a453ab080ebf76df6ef7845083"},"headline":"Ranking Man Utd managers in the post Sir Alex Ferguson era","datePublished":"2026-01-05T17:30:00+00:00","mainEntityOfPage":{"@id":"https:\/\/bladnanews.com\/ranking-man-utd-managers-in-the-post-sir-alex-ferguson-era\/"},"wordCount":324,"publisher":{"@id":"https:\/\/mediumseagreen-eel-531711.hostingersite.com\/#organization"},"image":{"@id":"https:\/\/bladnanews.com\/ranking-man-utd-managers-in-the-post-sir-alex-ferguson-era\/#primaryimage"},"thumbnailUrl":"https:\/\/bladnanews.com\/wp-content\/uploads\/2026\/01\/BladnaNews-Ranking-Man-Utd-managers-in-the-post-Sir-Alex-Ferguson-era-2026-01-06T011040.642Z.jpg","articleSection":["International","Latest News"],"inLanguage":"fr-FR","copyrightYear":"2026","copyrightHolder":{"@id":"https:\/\/bladnanews.com\/fr\/#organization"}},{"@type":"WebPage","@id":"https:\/\/bladnanews.com\/ranking-man-utd-managers-in-the-post-sir-alex-ferguson-era\/","url":"https:\/\/bladnanews.com\/ranking-man-utd-managers-in-the-post-sir-alex-ferguson-era\/","name":"Classement des entra\u00eeneurs de Manchester United apr\u00e8s l'\u00e8re Sir Alex Ferguson - Bladna News","isPartOf":{"@id":"https:\/\/mediumseagreen-eel-531711.hostingersite.com\/#website"},"primaryImageOfPage":{"@id":"https:\/\/bladnanews.com\/ranking-man-utd-managers-in-the-post-sir-alex-ferguson-era\/#primaryimage"},"image":{"@id":"https:\/\/bladnanews.com\/ranking-man-utd-managers-in-the-post-sir-alex-ferguson-era\/#primaryimage"},"thumbnailUrl":"https:\/\/bladnanews.com\/wp-content\/uploads\/2026\/01\/BladnaNews-Ranking-Man-Utd-managers-in-the-post-Sir-Alex-Ferguson-era-2026-01-06T011040.642Z.jpg","datePublished":"2026-01-05T17:30:00+00:00","breadcrumb":{"@id":"https:\/\/bladnanews.com\/ranking-man-utd-managers-in-the-post-sir-alex-ferguson-era\/#breadcrumb"},"inLanguage":"fr-FR","potentialAction":[{"@type":"ReadAction","target":["https:\/\/bladnanews.com\/ranking-man-utd-managers-in-the-post-sir-alex-ferguson-era\/"]}]},{"@type":"ImageObject","inLanguage":"fr-FR","@id":"https:\/\/bladnanews.com\/ranking-man-utd-managers-in-the-post-sir-alex-ferguson-era\/#primaryimage","url":"https:\/\/bladnanews.com\/wp-content\/uploads\/2026\/01\/BladnaNews-Ranking-Man-Utd-managers-in-the-post-Sir-Alex-Ferguson-era-2026-01-06T011040.642Z.jpg","contentUrl":"https:\/\/bladnanews.com\/wp-content\/uploads\/2026\/01\/BladnaNews-Ranking-Man-Utd-managers-in-the-post-Sir-Alex-Ferguson-era-2026-01-06T011040.642Z.jpg","width":1600,"height":900,"caption":"Three Manchester United managers in focus: Rudi Garc\u00eda in a black jacket, Louis van Gaal applauding, and Jos\u00e9 Mourinho gesturing for crowd interaction."},{"@type":"BreadcrumbList","@id":"https:\/\/bladnanews.com\/ranking-man-utd-managers-in-the-post-sir-alex-ferguson-era\/#breadcrumb","itemListElement":[{"@type":"ListItem","position":1,"name":"Home","item":"https:\/\/bladnanews.com\/"},{"@type":"ListItem","position":2,"name":"Ranking Man Utd managers in the post Sir Alex Ferguson era"}]},{"@type":"WebSite","@id":"https:\/\/mediumseagreen-eel-531711.hostingersite.com\/#website","url":"https:\/\/mediumseagreen-eel-531711.hostingersite.com\/","name":"Bladna News - Maroc","description":"Quand le football marocain rencontre le monde","publisher":{"@id":"https:\/\/mediumseagreen-eel-531711.hostingersite.com\/#organization"},"potentialAction":[{"@type":"SearchAction","target":{"@type":"EntryPoint","urlTemplate":"https:\/\/mediumseagreen-eel-531711.hostingersite.com\/?s={search_term_string}"},"query-input":{"@type":"PropertyValueSpecification","valueRequired":true,"valueName":"search_term_string"}}],"inLanguage":"fr-FR"},{"@type":"Organization","@id":"https:\/\/mediumseagreen-eel-531711.hostingersite.com\/#organization","name":"Bladna News.com","url":"https:\/\/mediumseagreen-eel-531711.hostingersite.com\/","logo":{"@type":"ImageObject","inLanguage":"fr-FR","@id":"https:\/\/mediumseagreen-eel-531711.hostingersite.com\/#\/schema\/logo\/image\/","url":"https:\/\/bladnanews.com\/wp-content\/uploads\/2025\/12\/logo-bladnanews-V2-web-black-red.png","contentUrl":"https:\/\/bladnanews.com\/wp-content\/uploads\/2025\/12\/logo-bladnanews-V2-web-black-red.png","width":703,"height":287,"caption":"Bladna News.com"},"image":{"@id":"https:\/\/mediumseagreen-eel-531711.hostingersite.com\/#\/schema\/logo\/image\/"},"email":"info@bladnanews.com","legalName":"Bladna News"},{"@type":"Person","@id":"https:\/\/mediumseagreen-eel-531711.hostingersite.com\/#\/schema\/person\/268e18a453ab080ebf76df6ef7845083","name":"\u00c9quipe r\u00e9dactionnelle de Bladna News","url":"https:\/\/bladnanews.com\/fr\/author\/bladna-news-staff\/"}]}},"_links":{"self":[{"href":"https:\/\/bladnanews.com\/fr\/wp-json\/wp\/v2\/posts\/4212","targetHints":{"allow":["GET"]}}],"collection":[{"href":"https:\/\/bladnanews.com\/fr\/wp-json\/wp\/v2\/posts"}],"about":[{"href":"https:\/\/bladnanews.com\/fr\/wp-json\/wp\/v2\/types\/post"}],"author":[{"embeddable":true,"href":"https:\/\/bladnanews.com\/fr\/wp-json\/wp\/v2\/users\/3"}],"replies":[{"embeddable":true,"href":"https:\/\/bladnanews.com\/fr\/wp-json\/wp\/v2\/comments?post=4212"}],"version-history":[{"count":0,"href":"https:\/\/bladnanews.com\/fr\/wp-json\/wp\/v2\/posts\/4212\/revisions"}],"wp:featuredmedia":[{"embeddable":true,"href":"https:\/\/bladnanews.com\/fr\/wp-json\/wp\/v2\/media\/4211"}],"wp:attachment":[{"href":"https:\/\/bladnanews.com\/fr\/wp-json\/wp\/v2\/media?parent=4212"}],"wp:term":[{"taxonomy":"category","embeddable":true,"href":"https:\/\/bladnanews.com\/fr\/wp-json\/wp\/v2\/categories?post=4212"},{"taxonomy":"post_tag","embeddable":true,"href":"https:\/\/bladnanews.com\/fr\/wp-json\/wp\/v2\/tags?post=4212"}],"curies":[{"name":"wp","href":"https:\/\/api.w.org\/{rel}","templated":true}]}}