{"id":4294,"date":"2026-01-05T18:21:32","date_gmt":"2026-01-05T18:21:32","guid":{"rendered":"https:\/\/bladnanews.com\/ruben-amorim-criticised-for-rigidity-after-man-utd-sacking\/"},"modified":"2026-01-05T18:21:32","modified_gmt":"2026-01-05T18:21:32","slug":"ruben-amorim-critique-pour-sa-rigidite-apres-le-licenciement-de-manchester-united","status":"publish","type":"post","link":"https:\/\/bladnanews.com\/fr\/ruben-amorim-critique-pour-sa-rigidite-apres-le-licenciement-de-manchester-united\/","title":{"rendered":"Ruben Amorim critiqu\u00e9 pour sa rigidit\u00e9 apr\u00e8s le licenciement de Man Utd"},"content":{"rendered":"<p>Ruben Amorim a \u00e9t\u00e9 critiqu\u00e9 par les m\u00e9dias portugais suite \u00e0 la d\u00e9cision de Manchester United de le licencier, des rapports l'accusant d'avoir fait preuve d'une \u201c rigidit\u00e9 excessive \u201d durant son passage \u00e0 Old Trafford.<\/p>\n<p>Le mandat d'Amorim est d\u00e9cortiqu\u00e9 dans son pays natal apr\u00e8s qu'un transfert d\u00e9crit comme un \u201c r\u00eave \u201d vers la Premier League s'est sold\u00e9 par une d\u00e9ception, une analyse affirmant que l'opportunit\u00e9 \u00e0 Old Trafford \u201c s'est transform\u00e9e en cauchemar \u201d.<\/p>\n<p>Cependant, ces m\u00eames reportages pointent \u00e9galement du doigt United, arguant que le manque de \u201c strat\u00e9gie \u201d du club a jou\u00e9 un r\u00f4le majeur dans le d\u00e9roulement de la situation.<\/p>\n<p>Les rapports sugg\u00e8rent qu'Amorim ne s'est pas suffisamment adapt\u00e9 aux exigences changeantes autour de lui, tandis que United auraient \u00e9chou\u00e9 \u00e0 mettre en place un plan clair pour soutenir le projet et fournir au entra\u00eeneur principal la structure n\u00e9cessaire pour r\u00e9ussir.<\/p>\n<p>Le d\u00e9part d'Amorim cl\u00f4t un autre chapitre turbulent pour les Red Devils, les projecteurs se tournant d\u00e9sormais vers la suite alors que le club cherche \u00e0 se reconstruire une fois de plus.<\/p>","protected":false},"excerpt":{"rendered":"<p>Ruben Amorim has been criticised by the Portuguese media following Manchester United\u2019s decision to sack him, with reports accusing the [&hellip;]<\/p>\n","protected":false},"author":3,"featured_media":4293,"comment_status":"","ping_status":"open","sticky":false,"template":"","format":"standard","meta":{"googlesitekit_rrm_CAow_uzEDA:productID":"","site-sidebar-layout":"default","site-content-layout":"","ast-site-content-layout":"default","site-content-style":"default","site-sidebar-style":"default","ast-global-header-display":"","ast-banner-title-visibility":"","ast-main-header-display":"","ast-hfb-above-header-display":"","ast-hfb-below-header-display":"","ast-hfb-mobile-header-display":"","site-post-title":"","ast-breadcrumbs-content":"","ast-featured-img":"","footer-sml-layout":"","ast-disable-related-posts":"","theme-transparent-header-meta":"","adv-header-id-meta":"","stick-header-meta":"","header-above-stick-meta":"","header-main-stick-meta":"","header-below-stick-meta":"","astra-migrate-meta-layouts":"default","ast-page-background-enabled":"default","ast-page-background-meta":{"desktop":{"background-color":"var(--ast-global-color-5)","background-image":"","background-repeat":"repeat","background-position":"center center","background-size":"auto","background-attachment":"scroll","background-type":"","background-media":"","overlay-type":"","overlay-color":"","overlay-opacity":"","overlay-gradient":""},"tablet":{"background-color":"","background-image":"","background-repeat":"repeat","background-position":"center center","background-size":"auto","background-attachment":"scroll","background-type":"","background-media":"","overlay-type":"","overlay-color":"","overlay-opacity":"","overlay-gradient":""},"mobile":{"background-color":"","background-image":"","background-repeat":"repeat","background-position":"center center","background-size":"auto","background-attachment":"scroll","background-type":"","background-media":"","overlay-type":"","overlay-color":"","overlay-opacity":"","overlay-gradient":""}},"ast-content-background-meta":{"desktop":{"background-color":"var(--ast-global-color-4)","background-image":"","background-repeat":"repeat","background-position":"center center","background-size":"auto","background-attachment":"scroll","background-type":"","background-media":"","overlay-type":"","overlay-color":"","overlay-opacity":"","overlay-gradient":""},"tablet":{"background-color":"var(--ast-global-color-4)","background-image":"","background-repeat":"repeat","background-position":"center center","background-size":"auto","background-attachment":"scroll","background-type":"","background-media":"","overlay-type":"","overlay-color":"","overlay-opacity":"","overlay-gradient":""},"mobile":{"background-color":"var(--ast-global-color-4)","background-image":"","background-repeat":"repeat","background-position":"center center","background-size":"auto","background-attachment":"scroll","background-type":"","background-media":"","overlay-type":"","overlay-color":"","overlay-opacity":"","overlay-gradient":""}},"footnotes":""},"categories":[20,1],"tags":[],"class_list":["post-4294","post","type-post","status-publish","format-standard","has-post-thumbnail","hentry","category-international","category-football-latest-news"],"yoast_head":"<!-- This site is optimized with the Yoast SEO Premium plugin v26.6 (Yoast SEO v27.5) - https:\/\/yoast.com\/product\/yoast-seo-premium-wordpress\/ -->\n<title>Ruben Amorim criticised for rigidity after Man Utd sacking - Bladna News<\/title>\n<meta name=\"robots\" content=\"index, follow, max-snippet:-1, max-image-preview:large, max-video-preview:-1\" \/>\n<link rel=\"canonical\" href=\"https:\/\/bladnanews.com\/fr\/ruben-amorim-critique-pour-sa-rigidite-apres-le-licenciement-de-manchester-united\/\" \/>\n<meta property=\"og:locale\" content=\"fr_FR\" \/>\n<meta property=\"og:type\" content=\"article\" \/>\n<meta property=\"og:title\" content=\"Ruben Amorim criticised for rigidity after Man Utd sacking\" \/>\n<meta property=\"og:description\" content=\"Ruben Amorim has been criticised by the Portuguese media following Manchester United\u2019s decision to sack him, with reports accusing the [&hellip;]\" \/>\n<meta property=\"og:url\" content=\"https:\/\/bladnanews.com\/fr\/ruben-amorim-critique-pour-sa-rigidite-apres-le-licenciement-de-manchester-united\/\" \/>\n<meta property=\"og:site_name\" content=\"Bladna News\" \/>\n<meta property=\"article:published_time\" content=\"2026-01-05T18:21:32+00:00\" \/>\n<meta property=\"og:image\" content=\"https:\/\/bladnanews.com\/wp-content\/uploads\/2025\/12\/freepik__bladna-newscom-moroccan-soccer-homepage-banner-mor__41838.png\" \/>\n\t<meta property=\"og:image:width\" content=\"1312\" \/>\n\t<meta property=\"og:image:height\" content=\"736\" \/>\n\t<meta property=\"og:image:type\" content=\"image\/png\" \/>\n<meta name=\"author\" content=\"Bladna News Staff\" \/>\n<meta name=\"twitter:card\" content=\"summary_large_image\" \/>\n<meta name=\"twitter:label1\" content=\"\u00c9crit par\" \/>\n\t<meta name=\"twitter:data1\" content=\"Bladna News Staff\" \/>\n\t<meta name=\"twitter:label2\" content=\"Dur\u00e9e de lecture estim\u00e9e\" \/>\n\t<meta name=\"twitter:data2\" content=\"1 minute\" \/>\n<script type=\"application\/ld+json\" class=\"yoast-schema-graph\">{\"@context\":\"https:\\\/\\\/schema.org\",\"@graph\":[{\"@type\":\"Article\",\"@id\":\"https:\\\/\\\/bladnanews.com\\\/ruben-amorim-criticised-for-rigidity-after-man-utd-sacking\\\/#article\",\"isPartOf\":{\"@id\":\"https:\\\/\\\/bladnanews.com\\\/ruben-amorim-criticised-for-rigidity-after-man-utd-sacking\\\/\"},\"author\":{\"name\":\"Bladna News Staff\",\"@id\":\"https:\\\/\\\/mediumseagreen-eel-531711.hostingersite.com\\\/#\\\/schema\\\/person\\\/268e18a453ab080ebf76df6ef7845083\"},\"headline\":\"Ruben Amorim criticised for rigidity after Man Utd sacking\",\"datePublished\":\"2026-01-05T18:21:32+00:00\",\"mainEntityOfPage\":{\"@id\":\"https:\\\/\\\/bladnanews.com\\\/ruben-amorim-criticised-for-rigidity-after-man-utd-sacking\\\/\"},\"wordCount\":179,\"publisher\":{\"@id\":\"https:\\\/\\\/mediumseagreen-eel-531711.hostingersite.com\\\/#organization\"},\"image\":{\"@id\":\"https:\\\/\\\/bladnanews.com\\\/ruben-amorim-criticised-for-rigidity-after-man-utd-sacking\\\/#primaryimage\"},\"thumbnailUrl\":\"https:\\\/\\\/bladnanews.com\\\/wp-content\\\/uploads\\\/2026\\\/01\\\/BladnaNews-Ruben-Amorim-criticised-for-rigidity-after-Man-Utd-sacking-2026-01-06T050945.283Z.jpg\",\"articleSection\":[\"International\",\"Latest News\"],\"inLanguage\":\"fr-FR\",\"copyrightYear\":\"2026\",\"copyrightHolder\":{\"@id\":\"https:\\\/\\\/bladnanews.com\\\/fr\\\/#organization\"}},{\"@type\":\"WebPage\",\"@id\":\"https:\\\/\\\/bladnanews.com\\\/ruben-amorim-criticised-for-rigidity-after-man-utd-sacking\\\/\",\"url\":\"https:\\\/\\\/bladnanews.com\\\/ruben-amorim-criticised-for-rigidity-after-man-utd-sacking\\\/\",\"name\":\"Ruben Amorim criticised for rigidity after Man Utd sacking - Bladna News\",\"isPartOf\":{\"@id\":\"https:\\\/\\\/mediumseagreen-eel-531711.hostingersite.com\\\/#website\"},\"primaryImageOfPage\":{\"@id\":\"https:\\\/\\\/bladnanews.com\\\/ruben-amorim-criticised-for-rigidity-after-man-utd-sacking\\\/#primaryimage\"},\"image\":{\"@id\":\"https:\\\/\\\/bladnanews.com\\\/ruben-amorim-criticised-for-rigidity-after-man-utd-sacking\\\/#primaryimage\"},\"thumbnailUrl\":\"https:\\\/\\\/bladnanews.com\\\/wp-content\\\/uploads\\\/2026\\\/01\\\/BladnaNews-Ruben-Amorim-criticised-for-rigidity-after-Man-Utd-sacking-2026-01-06T050945.283Z.jpg\",\"datePublished\":\"2026-01-05T18:21:32+00:00\",\"breadcrumb\":{\"@id\":\"https:\\\/\\\/bladnanews.com\\\/ruben-amorim-criticised-for-rigidity-after-man-utd-sacking\\\/#breadcrumb\"},\"inLanguage\":\"fr-FR\",\"potentialAction\":[{\"@type\":\"ReadAction\",\"target\":[\"https:\\\/\\\/bladnanews.com\\\/ruben-amorim-criticised-for-rigidity-after-man-utd-sacking\\\/\"]}]},{\"@type\":\"ImageObject\",\"inLanguage\":\"fr-FR\",\"@id\":\"https:\\\/\\\/bladnanews.com\\\/ruben-amorim-criticised-for-rigidity-after-man-utd-sacking\\\/#primaryimage\",\"url\":\"https:\\\/\\\/bladnanews.com\\\/wp-content\\\/uploads\\\/2026\\\/01\\\/BladnaNews-Ruben-Amorim-criticised-for-rigidity-after-Man-Utd-sacking-2026-01-06T050945.283Z.jpg\",\"contentUrl\":\"https:\\\/\\\/bladnanews.com\\\/wp-content\\\/uploads\\\/2026\\\/01\\\/BladnaNews-Ruben-Amorim-criticised-for-rigidity-after-Man-Utd-sacking-2026-01-06T050945.283Z.jpg\",\"width\":1040,\"height\":585,\"caption\":\"Ruben Amorim, in a black Manchester United jacket, shows a surprised expression during a match, highlighting intense emotions on the sidelines.\"},{\"@type\":\"BreadcrumbList\",\"@id\":\"https:\\\/\\\/bladnanews.com\\\/ruben-amorim-criticised-for-rigidity-after-man-utd-sacking\\\/#breadcrumb\",\"itemListElement\":[{\"@type\":\"ListItem\",\"position\":1,\"name\":\"Home\",\"item\":\"https:\\\/\\\/bladnanews.com\\\/\"},{\"@type\":\"ListItem\",\"position\":2,\"name\":\"Ruben Amorim criticised for rigidity after Man Utd sacking\"}]},{\"@type\":\"WebSite\",\"@id\":\"https:\\\/\\\/mediumseagreen-eel-531711.hostingersite.com\\\/#website\",\"url\":\"https:\\\/\\\/mediumseagreen-eel-531711.hostingersite.com\\\/\",\"name\":\"Bladna News - Morocco\",\"description\":\"Where Moroccan Football Meets the World\",\"publisher\":{\"@id\":\"https:\\\/\\\/mediumseagreen-eel-531711.hostingersite.com\\\/#organization\"},\"potentialAction\":[{\"@type\":\"SearchAction\",\"target\":{\"@type\":\"EntryPoint\",\"urlTemplate\":\"https:\\\/\\\/mediumseagreen-eel-531711.hostingersite.com\\\/?s={search_term_string}\"},\"query-input\":{\"@type\":\"PropertyValueSpecification\",\"valueRequired\":true,\"valueName\":\"search_term_string\"}}],\"inLanguage\":\"fr-FR\"},{\"@type\":\"Organization\",\"@id\":\"https:\\\/\\\/mediumseagreen-eel-531711.hostingersite.com\\\/#organization\",\"name\":\"Bladna News.com\",\"url\":\"https:\\\/\\\/mediumseagreen-eel-531711.hostingersite.com\\\/\",\"logo\":{\"@type\":\"ImageObject\",\"inLanguage\":\"fr-FR\",\"@id\":\"https:\\\/\\\/mediumseagreen-eel-531711.hostingersite.com\\\/#\\\/schema\\\/logo\\\/image\\\/\",\"url\":\"https:\\\/\\\/bladnanews.com\\\/wp-content\\\/uploads\\\/2025\\\/12\\\/logo-bladnanews-V2-web-black-red.png\",\"contentUrl\":\"https:\\\/\\\/bladnanews.com\\\/wp-content\\\/uploads\\\/2025\\\/12\\\/logo-bladnanews-V2-web-black-red.png\",\"width\":703,\"height\":287,\"caption\":\"Bladna News.com\"},\"image\":{\"@id\":\"https:\\\/\\\/mediumseagreen-eel-531711.hostingersite.com\\\/#\\\/schema\\\/logo\\\/image\\\/\"},\"email\":\"info@bladnanews.com\",\"legalName\":\"Bladna News\"},{\"@type\":\"Person\",\"@id\":\"https:\\\/\\\/mediumseagreen-eel-531711.hostingersite.com\\\/#\\\/schema\\\/person\\\/268e18a453ab080ebf76df6ef7845083\",\"name\":\"Bladna News Staff\",\"url\":\"https:\\\/\\\/bladnanews.com\\\/fr\\\/author\\\/bladna-news-staff\\\/\"}]}<\/script>\n<!-- \/ Yoast SEO Premium plugin. -->","yoast_head_json":{"title":"Ruben Amorim critiqu\u00e9 pour sa rigidit\u00e9 apr\u00e8s le licenciement de Man Utd - Bladna News","robots":{"index":"index","follow":"follow","max-snippet":"max-snippet:-1","max-image-preview":"max-image-preview:large","max-video-preview":"max-video-preview:-1"},"canonical":"https:\/\/bladnanews.com\/fr\/ruben-amorim-critique-pour-sa-rigidite-apres-le-licenciement-de-manchester-united\/","og_locale":"fr_FR","og_type":"article","og_title":"Ruben Amorim criticised for rigidity after Man Utd sacking","og_description":"Ruben Amorim has been criticised by the Portuguese media following Manchester United\u2019s decision to sack him, with reports accusing the [&hellip;]","og_url":"https:\/\/bladnanews.com\/fr\/ruben-amorim-critique-pour-sa-rigidite-apres-le-licenciement-de-manchester-united\/","og_site_name":"Bladna News","article_published_time":"2026-01-05T18:21:32+00:00","og_image":[{"width":1312,"height":736,"url":"https:\/\/bladnanews.com\/wp-content\/uploads\/2025\/12\/freepik__bladna-newscom-moroccan-soccer-homepage-banner-mor__41838.png","type":"image\/png"}],"author":"Bladna News Staff","twitter_card":"summary_large_image","twitter_misc":{"\u00c9crit par":"Bladna News Staff","Dur\u00e9e de lecture estim\u00e9e":"1 minute"},"schema":{"@context":"https:\/\/schema.org","@graph":[{"@type":"Article","@id":"https:\/\/bladnanews.com\/ruben-amorim-criticised-for-rigidity-after-man-utd-sacking\/#article","isPartOf":{"@id":"https:\/\/bladnanews.com\/ruben-amorim-criticised-for-rigidity-after-man-utd-sacking\/"},"author":{"name":"Bladna News Staff","@id":"https:\/\/mediumseagreen-eel-531711.hostingersite.com\/#\/schema\/person\/268e18a453ab080ebf76df6ef7845083"},"headline":"Ruben Amorim criticised for rigidity after Man Utd sacking","datePublished":"2026-01-05T18:21:32+00:00","mainEntityOfPage":{"@id":"https:\/\/bladnanews.com\/ruben-amorim-criticised-for-rigidity-after-man-utd-sacking\/"},"wordCount":179,"publisher":{"@id":"https:\/\/mediumseagreen-eel-531711.hostingersite.com\/#organization"},"image":{"@id":"https:\/\/bladnanews.com\/ruben-amorim-criticised-for-rigidity-after-man-utd-sacking\/#primaryimage"},"thumbnailUrl":"https:\/\/bladnanews.com\/wp-content\/uploads\/2026\/01\/BladnaNews-Ruben-Amorim-criticised-for-rigidity-after-Man-Utd-sacking-2026-01-06T050945.283Z.jpg","articleSection":["International","Latest News"],"inLanguage":"fr-FR","copyrightYear":"2026","copyrightHolder":{"@id":"https:\/\/bladnanews.com\/fr\/#organization"}},{"@type":"WebPage","@id":"https:\/\/bladnanews.com\/ruben-amorim-criticised-for-rigidity-after-man-utd-sacking\/","url":"https:\/\/bladnanews.com\/ruben-amorim-criticised-for-rigidity-after-man-utd-sacking\/","name":"Ruben Amorim critiqu\u00e9 pour sa rigidit\u00e9 apr\u00e8s le licenciement de Man Utd - Bladna News","isPartOf":{"@id":"https:\/\/mediumseagreen-eel-531711.hostingersite.com\/#website"},"primaryImageOfPage":{"@id":"https:\/\/bladnanews.com\/ruben-amorim-criticised-for-rigidity-after-man-utd-sacking\/#primaryimage"},"image":{"@id":"https:\/\/bladnanews.com\/ruben-amorim-criticised-for-rigidity-after-man-utd-sacking\/#primaryimage"},"thumbnailUrl":"https:\/\/bladnanews.com\/wp-content\/uploads\/2026\/01\/BladnaNews-Ruben-Amorim-criticised-for-rigidity-after-Man-Utd-sacking-2026-01-06T050945.283Z.jpg","datePublished":"2026-01-05T18:21:32+00:00","breadcrumb":{"@id":"https:\/\/bladnanews.com\/ruben-amorim-criticised-for-rigidity-after-man-utd-sacking\/#breadcrumb"},"inLanguage":"fr-FR","potentialAction":[{"@type":"ReadAction","target":["https:\/\/bladnanews.com\/ruben-amorim-criticised-for-rigidity-after-man-utd-sacking\/"]}]},{"@type":"ImageObject","inLanguage":"fr-FR","@id":"https:\/\/bladnanews.com\/ruben-amorim-criticised-for-rigidity-after-man-utd-sacking\/#primaryimage","url":"https:\/\/bladnanews.com\/wp-content\/uploads\/2026\/01\/BladnaNews-Ruben-Amorim-criticised-for-rigidity-after-Man-Utd-sacking-2026-01-06T050945.283Z.jpg","contentUrl":"https:\/\/bladnanews.com\/wp-content\/uploads\/2026\/01\/BladnaNews-Ruben-Amorim-criticised-for-rigidity-after-Man-Utd-sacking-2026-01-06T050945.283Z.jpg","width":1040,"height":585,"caption":"Ruben Amorim, in a black Manchester United jacket, shows a surprised expression during a match, highlighting intense emotions on the sidelines."},{"@type":"BreadcrumbList","@id":"https:\/\/bladnanews.com\/ruben-amorim-criticised-for-rigidity-after-man-utd-sacking\/#breadcrumb","itemListElement":[{"@type":"ListItem","position":1,"name":"Home","item":"https:\/\/bladnanews.com\/"},{"@type":"ListItem","position":2,"name":"Ruben Amorim criticised for rigidity after Man Utd sacking"}]},{"@type":"WebSite","@id":"https:\/\/mediumseagreen-eel-531711.hostingersite.com\/#website","url":"https:\/\/mediumseagreen-eel-531711.hostingersite.com\/","name":"Bladna News - Maroc","description":"Quand le football marocain rencontre le monde","publisher":{"@id":"https:\/\/mediumseagreen-eel-531711.hostingersite.com\/#organization"},"potentialAction":[{"@type":"SearchAction","target":{"@type":"EntryPoint","urlTemplate":"https:\/\/mediumseagreen-eel-531711.hostingersite.com\/?s={search_term_string}"},"query-input":{"@type":"PropertyValueSpecification","valueRequired":true,"valueName":"search_term_string"}}],"inLanguage":"fr-FR"},{"@type":"Organization","@id":"https:\/\/mediumseagreen-eel-531711.hostingersite.com\/#organization","name":"Bladna News.com","url":"https:\/\/mediumseagreen-eel-531711.hostingersite.com\/","logo":{"@type":"ImageObject","inLanguage":"fr-FR","@id":"https:\/\/mediumseagreen-eel-531711.hostingersite.com\/#\/schema\/logo\/image\/","url":"https:\/\/bladnanews.com\/wp-content\/uploads\/2025\/12\/logo-bladnanews-V2-web-black-red.png","contentUrl":"https:\/\/bladnanews.com\/wp-content\/uploads\/2025\/12\/logo-bladnanews-V2-web-black-red.png","width":703,"height":287,"caption":"Bladna News.com"},"image":{"@id":"https:\/\/mediumseagreen-eel-531711.hostingersite.com\/#\/schema\/logo\/image\/"},"email":"info@bladnanews.com","legalName":"Bladna News"},{"@type":"Person","@id":"https:\/\/mediumseagreen-eel-531711.hostingersite.com\/#\/schema\/person\/268e18a453ab080ebf76df6ef7845083","name":"\u00c9quipe r\u00e9dactionnelle de Bladna News","url":"https:\/\/bladnanews.com\/fr\/author\/bladna-news-staff\/"}]}},"_links":{"self":[{"href":"https:\/\/bladnanews.com\/fr\/wp-json\/wp\/v2\/posts\/4294","targetHints":{"allow":["GET"]}}],"collection":[{"href":"https:\/\/bladnanews.com\/fr\/wp-json\/wp\/v2\/posts"}],"about":[{"href":"https:\/\/bladnanews.com\/fr\/wp-json\/wp\/v2\/types\/post"}],"author":[{"embeddable":true,"href":"https:\/\/bladnanews.com\/fr\/wp-json\/wp\/v2\/users\/3"}],"replies":[{"embeddable":true,"href":"https:\/\/bladnanews.com\/fr\/wp-json\/wp\/v2\/comments?post=4294"}],"version-history":[{"count":0,"href":"https:\/\/bladnanews.com\/fr\/wp-json\/wp\/v2\/posts\/4294\/revisions"}],"wp:featuredmedia":[{"embeddable":true,"href":"https:\/\/bladnanews.com\/fr\/wp-json\/wp\/v2\/media\/4293"}],"wp:attachment":[{"href":"https:\/\/bladnanews.com\/fr\/wp-json\/wp\/v2\/media?parent=4294"}],"wp:term":[{"taxonomy":"category","embeddable":true,"href":"https:\/\/bladnanews.com\/fr\/wp-json\/wp\/v2\/categories?post=4294"},{"taxonomy":"post_tag","embeddable":true,"href":"https:\/\/bladnanews.com\/fr\/wp-json\/wp\/v2\/tags?post=4294"}],"curies":[{"name":"wp","href":"https:\/\/api.w.org\/{rel}","templated":true}]}}