{"id":4404,"date":"2026-01-06T10:31:00","date_gmt":"2026-01-06T10:31:00","guid":{"rendered":"https:\/\/bladnanews.com\/drager-says-algeria-cannot-win-afcon-hosted-in-morocco\/"},"modified":"2026-01-06T10:31:00","modified_gmt":"2026-01-06T10:31:00","slug":"drager-affirme-que-lalgerie-ne-peut-pas-remporter-la-can-organisee-au-maroc","status":"publish","type":"post","link":"https:\/\/bladnanews.com\/fr\/drager-affirme-que-lalgerie-ne-peut-pas-remporter-la-can-organisee-au-maroc\/","title":{"rendered":"Drager affirme que l'Alg\u00e9rie ne peut pas remporter la CAN organis\u00e9e au Maroc"},"content":{"rendered":"<p>Quelques heures seulement avant le match de l'Alg\u00e9rie contre le Congo, l'ancien d\u00e9fenseur international <strong>Drager<\/strong> a d\u00e9clench\u00e9 une nouvelle vague de d\u00e9bats en affirmant qu'il serait impossible pour l'Alg\u00e9rie de remporter la Coupe d'Afrique des Nations si le tournoi \u00e9tait organis\u00e9 au Maroc.<\/p>\n<p>Les propos de Drager se sont rapidement r\u00e9pandus sur les r\u00e9seaux sociaux, de nombreux supporters alg\u00e9riens les consid\u00e9rant comme une tentative de cr\u00e9er des tensions \u00e0 un moment sensible, surtout alors que l'\u00e9quipe nationale se pr\u00e9pare pour un match cl\u00e9.<\/p>\n<p>Dans sa d\u00e9claration, Drager a insist\u00e9 sur le fait que l'Alg\u00e9rie ne pouvait pas soulever le troph\u00e9e de la CAN lors d'une \u00e9dition organis\u00e9e au Maroc, pr\u00e9sentant son point de vue comme une certitude plut\u00f4t qu'une opinion. Le timing, intervenant peu avant le match contre le Congo, a amplifi\u00e9 les r\u00e9actions et a transform\u00e9 ces remarques en un sujet de discussion majeur autour de l'\u00e9quipe.<\/p>\n<p>Ces commentaires ont \u00e9galement raviv\u00e9 des d\u00e9bats plus larges sur l'atmosph\u00e8re entourant les grandes comp\u00e9titions dans la r\u00e9gion, les supporters \u00e9tant divis\u00e9s entre ceux qui rejettent le message de Drager et ceux qui discutent son raisonnement.<\/p>\n<p>Aucune r\u00e9ponse officielle n'a \u00e9t\u00e9 \u00e9mise par le camp alg\u00e9rien, mais la pol\u00e9mique a \u00e9clips\u00e9 les discussions d'avant-match, alors que l'Alg\u00e9rie se concentre sur la prochaine rencontre contre le Congo tandis que le d\u00e9bat autour de la d\u00e9claration de Drager continue de cro\u00eetre.<\/p>","protected":false},"excerpt":{"rendered":"<p>Just hours before Algeria\u2019s match against Congo, former international defender Drager sparked a fresh wave of debate after declaring it [&hellip;]<\/p>\n","protected":false},"author":4,"featured_media":4403,"comment_status":"","ping_status":"open","sticky":false,"template":"","format":"standard","meta":{"googlesitekit_rrm_CAow_uzEDA:productID":"","site-sidebar-layout":"default","site-content-layout":"","ast-site-content-layout":"default","site-content-style":"default","site-sidebar-style":"default","ast-global-header-display":"","ast-banner-title-visibility":"","ast-main-header-display":"","ast-hfb-above-header-display":"","ast-hfb-below-header-display":"","ast-hfb-mobile-header-display":"","site-post-title":"","ast-breadcrumbs-content":"","ast-featured-img":"","footer-sml-layout":"","ast-disable-related-posts":"","theme-transparent-header-meta":"","adv-header-id-meta":"","stick-header-meta":"","header-above-stick-meta":"","header-main-stick-meta":"","header-below-stick-meta":"","astra-migrate-meta-layouts":"default","ast-page-background-enabled":"default","ast-page-background-meta":{"desktop":{"background-color":"var(--ast-global-color-5)","background-image":"","background-repeat":"repeat","background-position":"center center","background-size":"auto","background-attachment":"scroll","background-type":"","background-media":"","overlay-type":"","overlay-color":"","overlay-opacity":"","overlay-gradient":""},"tablet":{"background-color":"","background-image":"","background-repeat":"repeat","background-position":"center center","background-size":"auto","background-attachment":"scroll","background-type":"","background-media":"","overlay-type":"","overlay-color":"","overlay-opacity":"","overlay-gradient":""},"mobile":{"background-color":"","background-image":"","background-repeat":"repeat","background-position":"center center","background-size":"auto","background-attachment":"scroll","background-type":"","background-media":"","overlay-type":"","overlay-color":"","overlay-opacity":"","overlay-gradient":""}},"ast-content-background-meta":{"desktop":{"background-color":"var(--ast-global-color-4)","background-image":"","background-repeat":"repeat","background-position":"center center","background-size":"auto","background-attachment":"scroll","background-type":"","background-media":"","overlay-type":"","overlay-color":"","overlay-opacity":"","overlay-gradient":""},"tablet":{"background-color":"var(--ast-global-color-4)","background-image":"","background-repeat":"repeat","background-position":"center center","background-size":"auto","background-attachment":"scroll","background-type":"","background-media":"","overlay-type":"","overlay-color":"","overlay-opacity":"","overlay-gradient":""},"mobile":{"background-color":"var(--ast-global-color-4)","background-image":"","background-repeat":"repeat","background-position":"center center","background-size":"auto","background-attachment":"scroll","background-type":"","background-media":"","overlay-type":"","overlay-color":"","overlay-opacity":"","overlay-gradient":""}},"footnotes":""},"categories":[1,168],"tags":[],"class_list":["post-4404","post","type-post","status-publish","format-standard","has-post-thumbnail","hentry","category-football-latest-news","category-morocco-national-team"],"yoast_head":"<!-- This site is optimized with the Yoast SEO Premium plugin v26.6 (Yoast SEO v27.4) - https:\/\/yoast.com\/product\/yoast-seo-premium-wordpress\/ -->\n<title>Drager says Algeria cannot win AFCON hosted in Morocco - Bladna News<\/title>\n<meta name=\"robots\" content=\"index, follow, max-snippet:-1, max-image-preview:large, max-video-preview:-1\" \/>\n<link rel=\"canonical\" href=\"https:\/\/bladnanews.com\/fr\/drager-affirme-que-lalgerie-ne-peut-pas-remporter-la-can-organisee-au-maroc\/\" \/>\n<meta property=\"og:locale\" content=\"fr_FR\" \/>\n<meta property=\"og:type\" content=\"article\" \/>\n<meta property=\"og:title\" content=\"Drager says Algeria cannot win AFCON hosted in Morocco\" \/>\n<meta property=\"og:description\" content=\"Just hours before Algeria\u2019s match against Congo, former international defender Drager sparked a fresh wave of debate after declaring it [&hellip;]\" \/>\n<meta property=\"og:url\" content=\"https:\/\/bladnanews.com\/fr\/drager-affirme-que-lalgerie-ne-peut-pas-remporter-la-can-organisee-au-maroc\/\" \/>\n<meta property=\"og:site_name\" content=\"Bladna News\" \/>\n<meta property=\"article:published_time\" content=\"2026-01-06T10:31:00+00:00\" \/>\n<meta property=\"og:image\" content=\"https:\/\/bladnanews.com\/wp-content\/uploads\/2025\/12\/freepik__bladna-newscom-moroccan-soccer-homepage-banner-mor__41838.png\" \/>\n\t<meta property=\"og:image:width\" content=\"1312\" \/>\n\t<meta property=\"og:image:height\" content=\"736\" \/>\n\t<meta property=\"og:image:type\" content=\"image\/png\" \/>\n<meta name=\"author\" content=\"Bladna Sports Desk\" \/>\n<meta name=\"twitter:card\" content=\"summary_large_image\" \/>\n<meta name=\"twitter:label1\" content=\"\u00c9crit par\" \/>\n\t<meta name=\"twitter:data1\" content=\"Bladna Sports Desk\" \/>\n\t<meta name=\"twitter:label2\" content=\"Dur\u00e9e de lecture estim\u00e9e\" \/>\n\t<meta name=\"twitter:data2\" content=\"1 minute\" \/>\n<script type=\"application\/ld+json\" class=\"yoast-schema-graph\">{\"@context\":\"https:\\\/\\\/schema.org\",\"@graph\":[{\"@type\":\"Article\",\"@id\":\"https:\\\/\\\/bladnanews.com\\\/drager-says-algeria-cannot-win-afcon-hosted-in-morocco\\\/#article\",\"isPartOf\":{\"@id\":\"https:\\\/\\\/bladnanews.com\\\/drager-says-algeria-cannot-win-afcon-hosted-in-morocco\\\/\"},\"author\":{\"name\":\"Bladna Sports Desk\",\"@id\":\"https:\\\/\\\/mediumseagreen-eel-531711.hostingersite.com\\\/#\\\/schema\\\/person\\\/6712b38fabe810f7eb8d15ed30d90f1e\"},\"headline\":\"Drager says Algeria cannot win AFCON hosted in Morocco\",\"datePublished\":\"2026-01-06T10:31:00+00:00\",\"mainEntityOfPage\":{\"@id\":\"https:\\\/\\\/bladnanews.com\\\/drager-says-algeria-cannot-win-afcon-hosted-in-morocco\\\/\"},\"wordCount\":196,\"publisher\":{\"@id\":\"https:\\\/\\\/mediumseagreen-eel-531711.hostingersite.com\\\/#organization\"},\"image\":{\"@id\":\"https:\\\/\\\/bladnanews.com\\\/drager-says-algeria-cannot-win-afcon-hosted-in-morocco\\\/#primaryimage\"},\"thumbnailUrl\":\"https:\\\/\\\/bladnanews.com\\\/wp-content\\\/uploads\\\/2026\\\/01\\\/PHOTO-2026-01-06-11-18-50_1767695535.webp\",\"articleSection\":[\"Latest News\",\"Morocco National Team\"],\"inLanguage\":\"fr-FR\",\"copyrightYear\":\"2026\",\"copyrightHolder\":{\"@id\":\"https:\\\/\\\/bladnanews.com\\\/fr\\\/#organization\"}},{\"@type\":\"WebPage\",\"@id\":\"https:\\\/\\\/bladnanews.com\\\/drager-says-algeria-cannot-win-afcon-hosted-in-morocco\\\/\",\"url\":\"https:\\\/\\\/bladnanews.com\\\/drager-says-algeria-cannot-win-afcon-hosted-in-morocco\\\/\",\"name\":\"Drager says Algeria cannot win AFCON hosted in Morocco - Bladna News\",\"isPartOf\":{\"@id\":\"https:\\\/\\\/mediumseagreen-eel-531711.hostingersite.com\\\/#website\"},\"primaryImageOfPage\":{\"@id\":\"https:\\\/\\\/bladnanews.com\\\/drager-says-algeria-cannot-win-afcon-hosted-in-morocco\\\/#primaryimage\"},\"image\":{\"@id\":\"https:\\\/\\\/bladnanews.com\\\/drager-says-algeria-cannot-win-afcon-hosted-in-morocco\\\/#primaryimage\"},\"thumbnailUrl\":\"https:\\\/\\\/bladnanews.com\\\/wp-content\\\/uploads\\\/2026\\\/01\\\/PHOTO-2026-01-06-11-18-50_1767695535.webp\",\"datePublished\":\"2026-01-06T10:31:00+00:00\",\"breadcrumb\":{\"@id\":\"https:\\\/\\\/bladnanews.com\\\/drager-says-algeria-cannot-win-afcon-hosted-in-morocco\\\/#breadcrumb\"},\"inLanguage\":\"fr-FR\",\"potentialAction\":[{\"@type\":\"ReadAction\",\"target\":[\"https:\\\/\\\/bladnanews.com\\\/drager-says-algeria-cannot-win-afcon-hosted-in-morocco\\\/\"]}]},{\"@type\":\"ImageObject\",\"inLanguage\":\"fr-FR\",\"@id\":\"https:\\\/\\\/bladnanews.com\\\/drager-says-algeria-cannot-win-afcon-hosted-in-morocco\\\/#primaryimage\",\"url\":\"https:\\\/\\\/bladnanews.com\\\/wp-content\\\/uploads\\\/2026\\\/01\\\/PHOTO-2026-01-06-11-18-50_1767695535.webp\",\"contentUrl\":\"https:\\\/\\\/bladnanews.com\\\/wp-content\\\/uploads\\\/2026\\\/01\\\/PHOTO-2026-01-06-11-18-50_1767695535.webp\",\"width\":860,\"height\":483,\"caption\":\"Riyad Mahrez in Algeria's green kit looks dejected, flanked by a fan in a colourful hat and a commentator wearing headphones, with flags in the crowd.\"},{\"@type\":\"BreadcrumbList\",\"@id\":\"https:\\\/\\\/bladnanews.com\\\/drager-says-algeria-cannot-win-afcon-hosted-in-morocco\\\/#breadcrumb\",\"itemListElement\":[{\"@type\":\"ListItem\",\"position\":1,\"name\":\"Home\",\"item\":\"https:\\\/\\\/bladnanews.com\\\/\"},{\"@type\":\"ListItem\",\"position\":2,\"name\":\"Drager says Algeria cannot win AFCON hosted in Morocco\"}]},{\"@type\":\"WebSite\",\"@id\":\"https:\\\/\\\/mediumseagreen-eel-531711.hostingersite.com\\\/#website\",\"url\":\"https:\\\/\\\/mediumseagreen-eel-531711.hostingersite.com\\\/\",\"name\":\"Bladna News - Morocco\",\"description\":\"Where Moroccan Football Meets the World\",\"publisher\":{\"@id\":\"https:\\\/\\\/mediumseagreen-eel-531711.hostingersite.com\\\/#organization\"},\"potentialAction\":[{\"@type\":\"SearchAction\",\"target\":{\"@type\":\"EntryPoint\",\"urlTemplate\":\"https:\\\/\\\/mediumseagreen-eel-531711.hostingersite.com\\\/?s={search_term_string}\"},\"query-input\":{\"@type\":\"PropertyValueSpecification\",\"valueRequired\":true,\"valueName\":\"search_term_string\"}}],\"inLanguage\":\"fr-FR\"},{\"@type\":\"Organization\",\"@id\":\"https:\\\/\\\/mediumseagreen-eel-531711.hostingersite.com\\\/#organization\",\"name\":\"Bladna News.com\",\"url\":\"https:\\\/\\\/mediumseagreen-eel-531711.hostingersite.com\\\/\",\"logo\":{\"@type\":\"ImageObject\",\"inLanguage\":\"fr-FR\",\"@id\":\"https:\\\/\\\/mediumseagreen-eel-531711.hostingersite.com\\\/#\\\/schema\\\/logo\\\/image\\\/\",\"url\":\"https:\\\/\\\/bladnanews.com\\\/wp-content\\\/uploads\\\/2025\\\/12\\\/logo-bladnanews-V2-web-black-red.png\",\"contentUrl\":\"https:\\\/\\\/bladnanews.com\\\/wp-content\\\/uploads\\\/2025\\\/12\\\/logo-bladnanews-V2-web-black-red.png\",\"width\":703,\"height\":287,\"caption\":\"Bladna News.com\"},\"image\":{\"@id\":\"https:\\\/\\\/mediumseagreen-eel-531711.hostingersite.com\\\/#\\\/schema\\\/logo\\\/image\\\/\"},\"email\":\"info@bladnanews.com\",\"legalName\":\"Bladna News\"},{\"@type\":\"Person\",\"@id\":\"https:\\\/\\\/mediumseagreen-eel-531711.hostingersite.com\\\/#\\\/schema\\\/person\\\/6712b38fabe810f7eb8d15ed30d90f1e\",\"name\":\"Bladna Sports Desk\",\"url\":\"https:\\\/\\\/bladnanews.com\\\/fr\\\/author\\\/bladna-sports-desk\\\/\"}]}<\/script>\n<!-- \/ Yoast SEO Premium plugin. -->","yoast_head_json":{"title":"Drager affirme que l'Alg\u00e9rie ne peut pas remporter la CAN organis\u00e9e au Maroc - Bladna News","robots":{"index":"index","follow":"follow","max-snippet":"max-snippet:-1","max-image-preview":"max-image-preview:large","max-video-preview":"max-video-preview:-1"},"canonical":"https:\/\/bladnanews.com\/fr\/drager-affirme-que-lalgerie-ne-peut-pas-remporter-la-can-organisee-au-maroc\/","og_locale":"fr_FR","og_type":"article","og_title":"Drager says Algeria cannot win AFCON hosted in Morocco","og_description":"Just hours before Algeria\u2019s match against Congo, former international defender Drager sparked a fresh wave of debate after declaring it [&hellip;]","og_url":"https:\/\/bladnanews.com\/fr\/drager-affirme-que-lalgerie-ne-peut-pas-remporter-la-can-organisee-au-maroc\/","og_site_name":"Bladna News","article_published_time":"2026-01-06T10:31:00+00:00","og_image":[{"width":1312,"height":736,"url":"https:\/\/bladnanews.com\/wp-content\/uploads\/2025\/12\/freepik__bladna-newscom-moroccan-soccer-homepage-banner-mor__41838.png","type":"image\/png"}],"author":"Bladna Sports Desk","twitter_card":"summary_large_image","twitter_misc":{"\u00c9crit par":"Bladna Sports Desk","Dur\u00e9e de lecture estim\u00e9e":"1 minute"},"schema":{"@context":"https:\/\/schema.org","@graph":[{"@type":"Article","@id":"https:\/\/bladnanews.com\/drager-says-algeria-cannot-win-afcon-hosted-in-morocco\/#article","isPartOf":{"@id":"https:\/\/bladnanews.com\/drager-says-algeria-cannot-win-afcon-hosted-in-morocco\/"},"author":{"name":"Bladna Sports Desk","@id":"https:\/\/mediumseagreen-eel-531711.hostingersite.com\/#\/schema\/person\/6712b38fabe810f7eb8d15ed30d90f1e"},"headline":"Drager says Algeria cannot win AFCON hosted in Morocco","datePublished":"2026-01-06T10:31:00+00:00","mainEntityOfPage":{"@id":"https:\/\/bladnanews.com\/drager-says-algeria-cannot-win-afcon-hosted-in-morocco\/"},"wordCount":196,"publisher":{"@id":"https:\/\/mediumseagreen-eel-531711.hostingersite.com\/#organization"},"image":{"@id":"https:\/\/bladnanews.com\/drager-says-algeria-cannot-win-afcon-hosted-in-morocco\/#primaryimage"},"thumbnailUrl":"https:\/\/bladnanews.com\/wp-content\/uploads\/2026\/01\/PHOTO-2026-01-06-11-18-50_1767695535.webp","articleSection":["Latest News","Morocco National Team"],"inLanguage":"fr-FR","copyrightYear":"2026","copyrightHolder":{"@id":"https:\/\/bladnanews.com\/fr\/#organization"}},{"@type":"WebPage","@id":"https:\/\/bladnanews.com\/drager-says-algeria-cannot-win-afcon-hosted-in-morocco\/","url":"https:\/\/bladnanews.com\/drager-says-algeria-cannot-win-afcon-hosted-in-morocco\/","name":"Drager affirme que l'Alg\u00e9rie ne peut pas remporter la CAN organis\u00e9e au Maroc - Bladna News","isPartOf":{"@id":"https:\/\/mediumseagreen-eel-531711.hostingersite.com\/#website"},"primaryImageOfPage":{"@id":"https:\/\/bladnanews.com\/drager-says-algeria-cannot-win-afcon-hosted-in-morocco\/#primaryimage"},"image":{"@id":"https:\/\/bladnanews.com\/drager-says-algeria-cannot-win-afcon-hosted-in-morocco\/#primaryimage"},"thumbnailUrl":"https:\/\/bladnanews.com\/wp-content\/uploads\/2026\/01\/PHOTO-2026-01-06-11-18-50_1767695535.webp","datePublished":"2026-01-06T10:31:00+00:00","breadcrumb":{"@id":"https:\/\/bladnanews.com\/drager-says-algeria-cannot-win-afcon-hosted-in-morocco\/#breadcrumb"},"inLanguage":"fr-FR","potentialAction":[{"@type":"ReadAction","target":["https:\/\/bladnanews.com\/drager-says-algeria-cannot-win-afcon-hosted-in-morocco\/"]}]},{"@type":"ImageObject","inLanguage":"fr-FR","@id":"https:\/\/bladnanews.com\/drager-says-algeria-cannot-win-afcon-hosted-in-morocco\/#primaryimage","url":"https:\/\/bladnanews.com\/wp-content\/uploads\/2026\/01\/PHOTO-2026-01-06-11-18-50_1767695535.webp","contentUrl":"https:\/\/bladnanews.com\/wp-content\/uploads\/2026\/01\/PHOTO-2026-01-06-11-18-50_1767695535.webp","width":860,"height":483,"caption":"Riyad Mahrez in Algeria's green kit looks dejected, flanked by a fan in a colourful hat and a commentator wearing headphones, with flags in the crowd."},{"@type":"BreadcrumbList","@id":"https:\/\/bladnanews.com\/drager-says-algeria-cannot-win-afcon-hosted-in-morocco\/#breadcrumb","itemListElement":[{"@type":"ListItem","position":1,"name":"Home","item":"https:\/\/bladnanews.com\/"},{"@type":"ListItem","position":2,"name":"Drager says Algeria cannot win AFCON hosted in Morocco"}]},{"@type":"WebSite","@id":"https:\/\/mediumseagreen-eel-531711.hostingersite.com\/#website","url":"https:\/\/mediumseagreen-eel-531711.hostingersite.com\/","name":"Bladna News - Maroc","description":"Quand le football marocain rencontre le monde","publisher":{"@id":"https:\/\/mediumseagreen-eel-531711.hostingersite.com\/#organization"},"potentialAction":[{"@type":"SearchAction","target":{"@type":"EntryPoint","urlTemplate":"https:\/\/mediumseagreen-eel-531711.hostingersite.com\/?s={search_term_string}"},"query-input":{"@type":"PropertyValueSpecification","valueRequired":true,"valueName":"search_term_string"}}],"inLanguage":"fr-FR"},{"@type":"Organization","@id":"https:\/\/mediumseagreen-eel-531711.hostingersite.com\/#organization","name":"Bladna News.com","url":"https:\/\/mediumseagreen-eel-531711.hostingersite.com\/","logo":{"@type":"ImageObject","inLanguage":"fr-FR","@id":"https:\/\/mediumseagreen-eel-531711.hostingersite.com\/#\/schema\/logo\/image\/","url":"https:\/\/bladnanews.com\/wp-content\/uploads\/2025\/12\/logo-bladnanews-V2-web-black-red.png","contentUrl":"https:\/\/bladnanews.com\/wp-content\/uploads\/2025\/12\/logo-bladnanews-V2-web-black-red.png","width":703,"height":287,"caption":"Bladna News.com"},"image":{"@id":"https:\/\/mediumseagreen-eel-531711.hostingersite.com\/#\/schema\/logo\/image\/"},"email":"info@bladnanews.com","legalName":"Bladna News"},{"@type":"Person","@id":"https:\/\/mediumseagreen-eel-531711.hostingersite.com\/#\/schema\/person\/6712b38fabe810f7eb8d15ed30d90f1e","name":"Bladna Sports Desk","url":"https:\/\/bladnanews.com\/fr\/author\/bladna-sports-desk\/"}]}},"_links":{"self":[{"href":"https:\/\/bladnanews.com\/fr\/wp-json\/wp\/v2\/posts\/4404","targetHints":{"allow":["GET"]}}],"collection":[{"href":"https:\/\/bladnanews.com\/fr\/wp-json\/wp\/v2\/posts"}],"about":[{"href":"https:\/\/bladnanews.com\/fr\/wp-json\/wp\/v2\/types\/post"}],"author":[{"embeddable":true,"href":"https:\/\/bladnanews.com\/fr\/wp-json\/wp\/v2\/users\/4"}],"replies":[{"embeddable":true,"href":"https:\/\/bladnanews.com\/fr\/wp-json\/wp\/v2\/comments?post=4404"}],"version-history":[{"count":0,"href":"https:\/\/bladnanews.com\/fr\/wp-json\/wp\/v2\/posts\/4404\/revisions"}],"wp:featuredmedia":[{"embeddable":true,"href":"https:\/\/bladnanews.com\/fr\/wp-json\/wp\/v2\/media\/4403"}],"wp:attachment":[{"href":"https:\/\/bladnanews.com\/fr\/wp-json\/wp\/v2\/media?parent=4404"}],"wp:term":[{"taxonomy":"category","embeddable":true,"href":"https:\/\/bladnanews.com\/fr\/wp-json\/wp\/v2\/categories?post=4404"},{"taxonomy":"post_tag","embeddable":true,"href":"https:\/\/bladnanews.com\/fr\/wp-json\/wp\/v2\/tags?post=4404"}],"curies":[{"name":"wp","href":"https:\/\/api.w.org\/{rel}","templated":true}]}}