{"id":4479,"date":"2026-01-06T15:03:00","date_gmt":"2026-01-06T15:03:00","guid":{"rendered":"https:\/\/bladnanews.com\/senegal-fans-in-morocco-mourn-death-of-footballer-diogo-jota\/"},"modified":"2026-01-06T15:03:00","modified_gmt":"2026-01-06T15:03:00","slug":"les-fans-senegalais-au-maroc-pleurent-la-mort-du-footballeur-diogo-jota","status":"publish","type":"post","link":"https:\/\/bladnanews.com\/fr\/les-fans-senegalais-au-maroc-pleurent-la-mort-du-footballeur-diogo-jota\/","title":{"rendered":"Les fans s\u00e9n\u00e9galais au Maroc pleurent la mort du footballeur Diogo Jota"},"content":{"rendered":"<p>Les fans du S\u00e9n\u00e9gal au Maroc \u00e9taient sous le choc et en deuil apr\u00e8s l'annonce d\u00e9chirante confirmant la mort du footballeur <strong>Diogo Jota<\/strong>.<\/p>\n<p>La nouvelle s'est r\u00e9pandue rapidement parmi les supporters de l'\u00e9quipe nationale du S\u00e9n\u00e9gal au Maroc, beaucoup exprimant leur tristesse face \u00e0 cette perte douloureuse. Des messages de chagrin et de condol\u00e9ances ont inond\u00e9 les r\u00e9seaux sociaux alors que les fans r\u00e9agissaient \u00e0 ce qui a \u00e9t\u00e9 d\u00e9crit comme un coup d\u00e9vastateur.<\/p>\n<p>Le rapport a r\u00e9v\u00e9l\u00e9 que la communaut\u00e9 footballistique a \u00e9t\u00e9 profond\u00e9ment touch\u00e9e par l'annonce, les supporters partageant des hommages sinc\u00e8res au joueur et \u00e0 sa famille.<\/p>\n<p>Aucun autre d\u00e9tail officiel n'a \u00e9t\u00e9 fourni dans le rapport concernant les circonstances, mais la confirmation de la mort de Jota a suffi \u00e0 jeter une ombre lourde sur les fans rassembl\u00e9s au Maroc.<\/p>","protected":false},"excerpt":{"rendered":"<p>Senegal fans in Morocco were left in shock and mourning after heartbreaking news emerged confirming the death of footballer Diogo [&hellip;]<\/p>\n","protected":false},"author":4,"featured_media":4477,"comment_status":"","ping_status":"open","sticky":false,"template":"","format":"standard","meta":{"googlesitekit_rrm_CAow_uzEDA:productID":"","site-sidebar-layout":"default","site-content-layout":"","ast-site-content-layout":"default","site-content-style":"default","site-sidebar-style":"default","ast-global-header-display":"","ast-banner-title-visibility":"","ast-main-header-display":"","ast-hfb-above-header-display":"","ast-hfb-below-header-display":"","ast-hfb-mobile-header-display":"","site-post-title":"","ast-breadcrumbs-content":"","ast-featured-img":"","footer-sml-layout":"","ast-disable-related-posts":"","theme-transparent-header-meta":"","adv-header-id-meta":"","stick-header-meta":"","header-above-stick-meta":"","header-main-stick-meta":"","header-below-stick-meta":"","astra-migrate-meta-layouts":"default","ast-page-background-enabled":"default","ast-page-background-meta":{"desktop":{"background-color":"var(--ast-global-color-5)","background-image":"","background-repeat":"repeat","background-position":"center center","background-size":"auto","background-attachment":"scroll","background-type":"","background-media":"","overlay-type":"","overlay-color":"","overlay-opacity":"","overlay-gradient":""},"tablet":{"background-color":"","background-image":"","background-repeat":"repeat","background-position":"center center","background-size":"auto","background-attachment":"scroll","background-type":"","background-media":"","overlay-type":"","overlay-color":"","overlay-opacity":"","overlay-gradient":""},"mobile":{"background-color":"","background-image":"","background-repeat":"repeat","background-position":"center center","background-size":"auto","background-attachment":"scroll","background-type":"","background-media":"","overlay-type":"","overlay-color":"","overlay-opacity":"","overlay-gradient":""}},"ast-content-background-meta":{"desktop":{"background-color":"var(--ast-global-color-4)","background-image":"","background-repeat":"repeat","background-position":"center center","background-size":"auto","background-attachment":"scroll","background-type":"","background-media":"","overlay-type":"","overlay-color":"","overlay-opacity":"","overlay-gradient":""},"tablet":{"background-color":"var(--ast-global-color-4)","background-image":"","background-repeat":"repeat","background-position":"center center","background-size":"auto","background-attachment":"scroll","background-type":"","background-media":"","overlay-type":"","overlay-color":"","overlay-opacity":"","overlay-gradient":""},"mobile":{"background-color":"var(--ast-global-color-4)","background-image":"","background-repeat":"repeat","background-position":"center center","background-size":"auto","background-attachment":"scroll","background-type":"","background-media":"","overlay-type":"","overlay-color":"","overlay-opacity":"","overlay-gradient":""}},"footnotes":""},"categories":[1,168],"tags":[],"class_list":["post-4479","post","type-post","status-publish","format-standard","has-post-thumbnail","hentry","category-football-latest-news","category-morocco-national-team"],"yoast_head":"<!-- This site is optimized with the Yoast SEO Premium plugin v26.6 (Yoast SEO v27.4) - https:\/\/yoast.com\/product\/yoast-seo-premium-wordpress\/ -->\n<title>Senegal fans in Morocco mourn death of footballer Diogo Jota - Bladna News<\/title>\n<meta name=\"robots\" content=\"index, follow, max-snippet:-1, max-image-preview:large, max-video-preview:-1\" \/>\n<link rel=\"canonical\" href=\"https:\/\/bladnanews.com\/fr\/les-fans-senegalais-au-maroc-pleurent-la-mort-du-footballeur-diogo-jota\/\" \/>\n<meta property=\"og:locale\" content=\"fr_FR\" \/>\n<meta property=\"og:type\" content=\"article\" \/>\n<meta property=\"og:title\" content=\"Senegal fans in Morocco mourn death of footballer Diogo Jota\" \/>\n<meta property=\"og:description\" content=\"Senegal fans in Morocco were left in shock and mourning after heartbreaking news emerged confirming the death of footballer Diogo [&hellip;]\" \/>\n<meta property=\"og:url\" content=\"https:\/\/bladnanews.com\/fr\/les-fans-senegalais-au-maroc-pleurent-la-mort-du-footballeur-diogo-jota\/\" \/>\n<meta property=\"og:site_name\" content=\"Bladna News\" \/>\n<meta property=\"article:published_time\" content=\"2026-01-06T15:03:00+00:00\" \/>\n<meta property=\"og:image\" content=\"https:\/\/bladnanews.com\/wp-content\/uploads\/2025\/12\/freepik__bladna-newscom-moroccan-soccer-homepage-banner-mor__41838.png\" \/>\n\t<meta property=\"og:image:width\" content=\"1312\" \/>\n\t<meta property=\"og:image:height\" content=\"736\" \/>\n\t<meta property=\"og:image:type\" content=\"image\/png\" \/>\n<meta name=\"author\" content=\"Bladna Sports Desk\" \/>\n<meta name=\"twitter:card\" content=\"summary_large_image\" \/>\n<meta name=\"twitter:label1\" content=\"\u00c9crit par\" \/>\n\t<meta name=\"twitter:data1\" content=\"Bladna Sports Desk\" \/>\n\t<meta name=\"twitter:label2\" content=\"Dur\u00e9e de lecture estim\u00e9e\" \/>\n\t<meta name=\"twitter:data2\" content=\"1 minute\" \/>\n<script type=\"application\/ld+json\" class=\"yoast-schema-graph\">{\"@context\":\"https:\\\/\\\/schema.org\",\"@graph\":[{\"@type\":\"Article\",\"@id\":\"https:\\\/\\\/bladnanews.com\\\/senegal-fans-in-morocco-mourn-death-of-footballer-diogo-jota\\\/#article\",\"isPartOf\":{\"@id\":\"https:\\\/\\\/bladnanews.com\\\/senegal-fans-in-morocco-mourn-death-of-footballer-diogo-jota\\\/\"},\"author\":{\"name\":\"Bladna Sports Desk\",\"@id\":\"https:\\\/\\\/mediumseagreen-eel-531711.hostingersite.com\\\/#\\\/schema\\\/person\\\/6712b38fabe810f7eb8d15ed30d90f1e\"},\"headline\":\"Senegal fans in Morocco mourn death of footballer Diogo Jota\",\"datePublished\":\"2026-01-06T15:03:00+00:00\",\"mainEntityOfPage\":{\"@id\":\"https:\\\/\\\/bladnanews.com\\\/senegal-fans-in-morocco-mourn-death-of-footballer-diogo-jota\\\/\"},\"wordCount\":127,\"publisher\":{\"@id\":\"https:\\\/\\\/mediumseagreen-eel-531711.hostingersite.com\\\/#organization\"},\"image\":{\"@id\":\"https:\\\/\\\/bladnanews.com\\\/senegal-fans-in-morocco-mourn-death-of-footballer-diogo-jota\\\/#primaryimage\"},\"thumbnailUrl\":\"https:\\\/\\\/bladnanews.com\\\/wp-content\\\/uploads\\\/2026\\\/01\\\/IMG-20260106-WA0082_1767711922.webp\",\"articleSection\":[\"Latest News\",\"Morocco National Team\"],\"inLanguage\":\"fr-FR\",\"copyrightYear\":\"2026\",\"copyrightHolder\":{\"@id\":\"https:\\\/\\\/bladnanews.com\\\/fr\\\/#organization\"}},{\"@type\":\"WebPage\",\"@id\":\"https:\\\/\\\/bladnanews.com\\\/senegal-fans-in-morocco-mourn-death-of-footballer-diogo-jota\\\/\",\"url\":\"https:\\\/\\\/bladnanews.com\\\/senegal-fans-in-morocco-mourn-death-of-footballer-diogo-jota\\\/\",\"name\":\"Senegal fans in Morocco mourn death of footballer Diogo Jota - Bladna News\",\"isPartOf\":{\"@id\":\"https:\\\/\\\/mediumseagreen-eel-531711.hostingersite.com\\\/#website\"},\"primaryImageOfPage\":{\"@id\":\"https:\\\/\\\/bladnanews.com\\\/senegal-fans-in-morocco-mourn-death-of-footballer-diogo-jota\\\/#primaryimage\"},\"image\":{\"@id\":\"https:\\\/\\\/bladnanews.com\\\/senegal-fans-in-morocco-mourn-death-of-footballer-diogo-jota\\\/#primaryimage\"},\"thumbnailUrl\":\"https:\\\/\\\/bladnanews.com\\\/wp-content\\\/uploads\\\/2026\\\/01\\\/IMG-20260106-WA0082_1767711922.webp\",\"datePublished\":\"2026-01-06T15:03:00+00:00\",\"breadcrumb\":{\"@id\":\"https:\\\/\\\/bladnanews.com\\\/senegal-fans-in-morocco-mourn-death-of-footballer-diogo-jota\\\/#breadcrumb\"},\"inLanguage\":\"fr-FR\",\"potentialAction\":[{\"@type\":\"ReadAction\",\"target\":[\"https:\\\/\\\/bladnanews.com\\\/senegal-fans-in-morocco-mourn-death-of-footballer-diogo-jota\\\/\"]}]},{\"@type\":\"ImageObject\",\"inLanguage\":\"fr-FR\",\"@id\":\"https:\\\/\\\/bladnanews.com\\\/senegal-fans-in-morocco-mourn-death-of-footballer-diogo-jota\\\/#primaryimage\",\"url\":\"https:\\\/\\\/bladnanews.com\\\/wp-content\\\/uploads\\\/2026\\\/01\\\/IMG-20260106-WA0082_1767711922.webp\",\"contentUrl\":\"https:\\\/\\\/bladnanews.com\\\/wp-content\\\/uploads\\\/2026\\\/01\\\/IMG-20260106-WA0082_1767711922.webp\",\"width\":860,\"height\":562,\"caption\":\"Cheering fan in a white jacket with the Senegal national team logo smiles enthusiastically in a vibrant stadium filled with supporters.\"},{\"@type\":\"BreadcrumbList\",\"@id\":\"https:\\\/\\\/bladnanews.com\\\/senegal-fans-in-morocco-mourn-death-of-footballer-diogo-jota\\\/#breadcrumb\",\"itemListElement\":[{\"@type\":\"ListItem\",\"position\":1,\"name\":\"Home\",\"item\":\"https:\\\/\\\/bladnanews.com\\\/\"},{\"@type\":\"ListItem\",\"position\":2,\"name\":\"Senegal fans in Morocco mourn death of footballer Diogo Jota\"}]},{\"@type\":\"WebSite\",\"@id\":\"https:\\\/\\\/mediumseagreen-eel-531711.hostingersite.com\\\/#website\",\"url\":\"https:\\\/\\\/mediumseagreen-eel-531711.hostingersite.com\\\/\",\"name\":\"Bladna News - Morocco\",\"description\":\"Where Moroccan Football Meets the World\",\"publisher\":{\"@id\":\"https:\\\/\\\/mediumseagreen-eel-531711.hostingersite.com\\\/#organization\"},\"potentialAction\":[{\"@type\":\"SearchAction\",\"target\":{\"@type\":\"EntryPoint\",\"urlTemplate\":\"https:\\\/\\\/mediumseagreen-eel-531711.hostingersite.com\\\/?s={search_term_string}\"},\"query-input\":{\"@type\":\"PropertyValueSpecification\",\"valueRequired\":true,\"valueName\":\"search_term_string\"}}],\"inLanguage\":\"fr-FR\"},{\"@type\":\"Organization\",\"@id\":\"https:\\\/\\\/mediumseagreen-eel-531711.hostingersite.com\\\/#organization\",\"name\":\"Bladna News.com\",\"url\":\"https:\\\/\\\/mediumseagreen-eel-531711.hostingersite.com\\\/\",\"logo\":{\"@type\":\"ImageObject\",\"inLanguage\":\"fr-FR\",\"@id\":\"https:\\\/\\\/mediumseagreen-eel-531711.hostingersite.com\\\/#\\\/schema\\\/logo\\\/image\\\/\",\"url\":\"https:\\\/\\\/bladnanews.com\\\/wp-content\\\/uploads\\\/2025\\\/12\\\/logo-bladnanews-V2-web-black-red.png\",\"contentUrl\":\"https:\\\/\\\/bladnanews.com\\\/wp-content\\\/uploads\\\/2025\\\/12\\\/logo-bladnanews-V2-web-black-red.png\",\"width\":703,\"height\":287,\"caption\":\"Bladna News.com\"},\"image\":{\"@id\":\"https:\\\/\\\/mediumseagreen-eel-531711.hostingersite.com\\\/#\\\/schema\\\/logo\\\/image\\\/\"},\"email\":\"info@bladnanews.com\",\"legalName\":\"Bladna News\"},{\"@type\":\"Person\",\"@id\":\"https:\\\/\\\/mediumseagreen-eel-531711.hostingersite.com\\\/#\\\/schema\\\/person\\\/6712b38fabe810f7eb8d15ed30d90f1e\",\"name\":\"Bladna Sports Desk\",\"url\":\"https:\\\/\\\/bladnanews.com\\\/fr\\\/author\\\/bladna-sports-desk\\\/\"}]}<\/script>\n<!-- \/ Yoast SEO Premium plugin. -->","yoast_head_json":{"title":"Les fans s\u00e9n\u00e9galais au Maroc pleurent la mort du footballeur Diogo Jota - Bladna News","robots":{"index":"index","follow":"follow","max-snippet":"max-snippet:-1","max-image-preview":"max-image-preview:large","max-video-preview":"max-video-preview:-1"},"canonical":"https:\/\/bladnanews.com\/fr\/les-fans-senegalais-au-maroc-pleurent-la-mort-du-footballeur-diogo-jota\/","og_locale":"fr_FR","og_type":"article","og_title":"Senegal fans in Morocco mourn death of footballer Diogo Jota","og_description":"Senegal fans in Morocco were left in shock and mourning after heartbreaking news emerged confirming the death of footballer Diogo [&hellip;]","og_url":"https:\/\/bladnanews.com\/fr\/les-fans-senegalais-au-maroc-pleurent-la-mort-du-footballeur-diogo-jota\/","og_site_name":"Bladna News","article_published_time":"2026-01-06T15:03:00+00:00","og_image":[{"width":1312,"height":736,"url":"https:\/\/bladnanews.com\/wp-content\/uploads\/2025\/12\/freepik__bladna-newscom-moroccan-soccer-homepage-banner-mor__41838.png","type":"image\/png"}],"author":"Bladna Sports Desk","twitter_card":"summary_large_image","twitter_misc":{"\u00c9crit par":"Bladna Sports Desk","Dur\u00e9e de lecture estim\u00e9e":"1 minute"},"schema":{"@context":"https:\/\/schema.org","@graph":[{"@type":"Article","@id":"https:\/\/bladnanews.com\/senegal-fans-in-morocco-mourn-death-of-footballer-diogo-jota\/#article","isPartOf":{"@id":"https:\/\/bladnanews.com\/senegal-fans-in-morocco-mourn-death-of-footballer-diogo-jota\/"},"author":{"name":"Bladna Sports Desk","@id":"https:\/\/mediumseagreen-eel-531711.hostingersite.com\/#\/schema\/person\/6712b38fabe810f7eb8d15ed30d90f1e"},"headline":"Senegal fans in Morocco mourn death of footballer Diogo Jota","datePublished":"2026-01-06T15:03:00+00:00","mainEntityOfPage":{"@id":"https:\/\/bladnanews.com\/senegal-fans-in-morocco-mourn-death-of-footballer-diogo-jota\/"},"wordCount":127,"publisher":{"@id":"https:\/\/mediumseagreen-eel-531711.hostingersite.com\/#organization"},"image":{"@id":"https:\/\/bladnanews.com\/senegal-fans-in-morocco-mourn-death-of-footballer-diogo-jota\/#primaryimage"},"thumbnailUrl":"https:\/\/bladnanews.com\/wp-content\/uploads\/2026\/01\/IMG-20260106-WA0082_1767711922.webp","articleSection":["Latest News","Morocco National Team"],"inLanguage":"fr-FR","copyrightYear":"2026","copyrightHolder":{"@id":"https:\/\/bladnanews.com\/fr\/#organization"}},{"@type":"WebPage","@id":"https:\/\/bladnanews.com\/senegal-fans-in-morocco-mourn-death-of-footballer-diogo-jota\/","url":"https:\/\/bladnanews.com\/senegal-fans-in-morocco-mourn-death-of-footballer-diogo-jota\/","name":"Les fans s\u00e9n\u00e9galais au Maroc pleurent la mort du footballeur Diogo Jota - Bladna News","isPartOf":{"@id":"https:\/\/mediumseagreen-eel-531711.hostingersite.com\/#website"},"primaryImageOfPage":{"@id":"https:\/\/bladnanews.com\/senegal-fans-in-morocco-mourn-death-of-footballer-diogo-jota\/#primaryimage"},"image":{"@id":"https:\/\/bladnanews.com\/senegal-fans-in-morocco-mourn-death-of-footballer-diogo-jota\/#primaryimage"},"thumbnailUrl":"https:\/\/bladnanews.com\/wp-content\/uploads\/2026\/01\/IMG-20260106-WA0082_1767711922.webp","datePublished":"2026-01-06T15:03:00+00:00","breadcrumb":{"@id":"https:\/\/bladnanews.com\/senegal-fans-in-morocco-mourn-death-of-footballer-diogo-jota\/#breadcrumb"},"inLanguage":"fr-FR","potentialAction":[{"@type":"ReadAction","target":["https:\/\/bladnanews.com\/senegal-fans-in-morocco-mourn-death-of-footballer-diogo-jota\/"]}]},{"@type":"ImageObject","inLanguage":"fr-FR","@id":"https:\/\/bladnanews.com\/senegal-fans-in-morocco-mourn-death-of-footballer-diogo-jota\/#primaryimage","url":"https:\/\/bladnanews.com\/wp-content\/uploads\/2026\/01\/IMG-20260106-WA0082_1767711922.webp","contentUrl":"https:\/\/bladnanews.com\/wp-content\/uploads\/2026\/01\/IMG-20260106-WA0082_1767711922.webp","width":860,"height":562,"caption":"Cheering fan in a white jacket with the Senegal national team logo smiles enthusiastically in a vibrant stadium filled with supporters."},{"@type":"BreadcrumbList","@id":"https:\/\/bladnanews.com\/senegal-fans-in-morocco-mourn-death-of-footballer-diogo-jota\/#breadcrumb","itemListElement":[{"@type":"ListItem","position":1,"name":"Home","item":"https:\/\/bladnanews.com\/"},{"@type":"ListItem","position":2,"name":"Senegal fans in Morocco mourn death of footballer Diogo Jota"}]},{"@type":"WebSite","@id":"https:\/\/mediumseagreen-eel-531711.hostingersite.com\/#website","url":"https:\/\/mediumseagreen-eel-531711.hostingersite.com\/","name":"Bladna News - Maroc","description":"Quand le football marocain rencontre le monde","publisher":{"@id":"https:\/\/mediumseagreen-eel-531711.hostingersite.com\/#organization"},"potentialAction":[{"@type":"SearchAction","target":{"@type":"EntryPoint","urlTemplate":"https:\/\/mediumseagreen-eel-531711.hostingersite.com\/?s={search_term_string}"},"query-input":{"@type":"PropertyValueSpecification","valueRequired":true,"valueName":"search_term_string"}}],"inLanguage":"fr-FR"},{"@type":"Organization","@id":"https:\/\/mediumseagreen-eel-531711.hostingersite.com\/#organization","name":"Bladna News.com","url":"https:\/\/mediumseagreen-eel-531711.hostingersite.com\/","logo":{"@type":"ImageObject","inLanguage":"fr-FR","@id":"https:\/\/mediumseagreen-eel-531711.hostingersite.com\/#\/schema\/logo\/image\/","url":"https:\/\/bladnanews.com\/wp-content\/uploads\/2025\/12\/logo-bladnanews-V2-web-black-red.png","contentUrl":"https:\/\/bladnanews.com\/wp-content\/uploads\/2025\/12\/logo-bladnanews-V2-web-black-red.png","width":703,"height":287,"caption":"Bladna News.com"},"image":{"@id":"https:\/\/mediumseagreen-eel-531711.hostingersite.com\/#\/schema\/logo\/image\/"},"email":"info@bladnanews.com","legalName":"Bladna News"},{"@type":"Person","@id":"https:\/\/mediumseagreen-eel-531711.hostingersite.com\/#\/schema\/person\/6712b38fabe810f7eb8d15ed30d90f1e","name":"Bladna Sports Desk","url":"https:\/\/bladnanews.com\/fr\/author\/bladna-sports-desk\/"}]}},"_links":{"self":[{"href":"https:\/\/bladnanews.com\/fr\/wp-json\/wp\/v2\/posts\/4479","targetHints":{"allow":["GET"]}}],"collection":[{"href":"https:\/\/bladnanews.com\/fr\/wp-json\/wp\/v2\/posts"}],"about":[{"href":"https:\/\/bladnanews.com\/fr\/wp-json\/wp\/v2\/types\/post"}],"author":[{"embeddable":true,"href":"https:\/\/bladnanews.com\/fr\/wp-json\/wp\/v2\/users\/4"}],"replies":[{"embeddable":true,"href":"https:\/\/bladnanews.com\/fr\/wp-json\/wp\/v2\/comments?post=4479"}],"version-history":[{"count":0,"href":"https:\/\/bladnanews.com\/fr\/wp-json\/wp\/v2\/posts\/4479\/revisions"}],"wp:featuredmedia":[{"embeddable":true,"href":"https:\/\/bladnanews.com\/fr\/wp-json\/wp\/v2\/media\/4477"}],"wp:attachment":[{"href":"https:\/\/bladnanews.com\/fr\/wp-json\/wp\/v2\/media?parent=4479"}],"wp:term":[{"taxonomy":"category","embeddable":true,"href":"https:\/\/bladnanews.com\/fr\/wp-json\/wp\/v2\/categories?post=4479"},{"taxonomy":"post_tag","embeddable":true,"href":"https:\/\/bladnanews.com\/fr\/wp-json\/wp\/v2\/tags?post=4479"}],"curies":[{"name":"wp","href":"https:\/\/api.w.org\/{rel}","templated":true}]}}