{"id":4498,"date":"2026-01-06T11:25:52","date_gmt":"2026-01-06T11:25:52","guid":{"rendered":"https:\/\/bladnanews.com\/lisandro-martinez-and-ruben-amorim-row-at-man-utd-training-ground\/"},"modified":"2026-01-06T11:25:52","modified_gmt":"2026-01-06T11:25:52","slug":"lisandro-martinez-et-ruben-amorim-se-disputent-au-centre-dentrainement-de-manchester-united","status":"publish","type":"post","link":"https:\/\/bladnanews.com\/fr\/lisandro-martinez-et-ruben-amorim-se-disputent-au-centre-dentrainement-de-manchester-united\/","title":{"rendered":"Lisandro Martinez et Ruben Amorim se disputent au centre d'entra\u00eenement de Manchester United"},"content":{"rendered":"<p>Lisandro Martinez et Ruben Amorim ont \u00e9t\u00e9 impliqu\u00e9s dans un \u00e9change houleux au centre d'entra\u00eenement de Manchester United, de nouveaux d\u00e9tails ayant \u00e9merg\u00e9 concernant une altercation \u201c intense \u201d entre les deux hommes.<\/p>\n<p>La confrontation aurait vu Martinez et Amorim \u201c se faire face \u201d lors d'un moment tendu devant d'autres personnes \u00e0 la base de Carrington du club, alors que les \u00e9motions ont d\u00e9bord\u00e9 sur le terrain d'entra\u00eenement.<\/p>\n<p>Ces d\u00e9tails ont d\u00e9sormais \u00e9t\u00e9 r\u00e9v\u00e9l\u00e9s, mettant en lumi\u00e8re la force des sentiments lors de l'\u00e9change et la fermet\u00e9 avec laquelle les deux hommes ont d\u00e9fendu leur position alors que le d\u00e9saccord s'intensifiait.<\/p>\n<p>L'incident se serait produit \u00e0 l'entra\u00eenement, l'altercation \u00e9tant d\u00e9crite comme \u201c intense \u201d alors que Martinez et Amorim se sont retrouv\u00e9s face \u00e0 face avant que la situation ne soit ma\u00eetris\u00e9e.<\/p>\n<p>Manchester United n'a fait aucun commentaire officiel sur cette affaire.<\/p>","protected":false},"excerpt":{"rendered":"<p>Lisandro Martinez and Ruben Amorim were involved in a heated exchange at Manchester United\u2019s training ground, with new details emerging [&hellip;]<\/p>\n","protected":false},"author":3,"featured_media":4496,"comment_status":"","ping_status":"open","sticky":false,"template":"","format":"standard","meta":{"googlesitekit_rrm_CAow_uzEDA:productID":"","site-sidebar-layout":"default","site-content-layout":"","ast-site-content-layout":"default","site-content-style":"default","site-sidebar-style":"default","ast-global-header-display":"","ast-banner-title-visibility":"","ast-main-header-display":"","ast-hfb-above-header-display":"","ast-hfb-below-header-display":"","ast-hfb-mobile-header-display":"","site-post-title":"","ast-breadcrumbs-content":"","ast-featured-img":"","footer-sml-layout":"","ast-disable-related-posts":"","theme-transparent-header-meta":"","adv-header-id-meta":"","stick-header-meta":"","header-above-stick-meta":"","header-main-stick-meta":"","header-below-stick-meta":"","astra-migrate-meta-layouts":"default","ast-page-background-enabled":"default","ast-page-background-meta":{"desktop":{"background-color":"var(--ast-global-color-5)","background-image":"","background-repeat":"repeat","background-position":"center center","background-size":"auto","background-attachment":"scroll","background-type":"","background-media":"","overlay-type":"","overlay-color":"","overlay-opacity":"","overlay-gradient":""},"tablet":{"background-color":"","background-image":"","background-repeat":"repeat","background-position":"center center","background-size":"auto","background-attachment":"scroll","background-type":"","background-media":"","overlay-type":"","overlay-color":"","overlay-opacity":"","overlay-gradient":""},"mobile":{"background-color":"","background-image":"","background-repeat":"repeat","background-position":"center center","background-size":"auto","background-attachment":"scroll","background-type":"","background-media":"","overlay-type":"","overlay-color":"","overlay-opacity":"","overlay-gradient":""}},"ast-content-background-meta":{"desktop":{"background-color":"var(--ast-global-color-4)","background-image":"","background-repeat":"repeat","background-position":"center center","background-size":"auto","background-attachment":"scroll","background-type":"","background-media":"","overlay-type":"","overlay-color":"","overlay-opacity":"","overlay-gradient":""},"tablet":{"background-color":"var(--ast-global-color-4)","background-image":"","background-repeat":"repeat","background-position":"center center","background-size":"auto","background-attachment":"scroll","background-type":"","background-media":"","overlay-type":"","overlay-color":"","overlay-opacity":"","overlay-gradient":""},"mobile":{"background-color":"var(--ast-global-color-4)","background-image":"","background-repeat":"repeat","background-position":"center center","background-size":"auto","background-attachment":"scroll","background-type":"","background-media":"","overlay-type":"","overlay-color":"","overlay-opacity":"","overlay-gradient":""}},"footnotes":""},"categories":[20,1],"tags":[],"class_list":["post-4498","post","type-post","status-publish","format-standard","has-post-thumbnail","hentry","category-international","category-football-latest-news"],"yoast_head":"<!-- This site is optimized with the Yoast SEO Premium plugin v26.6 (Yoast SEO v27.5) - https:\/\/yoast.com\/product\/yoast-seo-premium-wordpress\/ -->\n<title>Lisandro Martinez and Ruben Amorim row at Man Utd training ground - Bladna News<\/title>\n<meta name=\"robots\" content=\"index, follow, max-snippet:-1, max-image-preview:large, max-video-preview:-1\" \/>\n<link rel=\"canonical\" href=\"https:\/\/bladnanews.com\/fr\/lisandro-martinez-et-ruben-amorim-se-disputent-au-centre-dentrainement-de-manchester-united\/\" \/>\n<meta property=\"og:locale\" content=\"fr_FR\" \/>\n<meta property=\"og:type\" content=\"article\" \/>\n<meta property=\"og:title\" content=\"Lisandro Martinez and Ruben Amorim row at Man Utd training ground\" \/>\n<meta property=\"og:description\" content=\"Lisandro Martinez and Ruben Amorim were involved in a heated exchange at Manchester United\u2019s training ground, with new details emerging [&hellip;]\" \/>\n<meta property=\"og:url\" content=\"https:\/\/bladnanews.com\/fr\/lisandro-martinez-et-ruben-amorim-se-disputent-au-centre-dentrainement-de-manchester-united\/\" \/>\n<meta property=\"og:site_name\" content=\"Bladna News\" \/>\n<meta property=\"article:published_time\" content=\"2026-01-06T11:25:52+00:00\" \/>\n<meta property=\"og:image\" content=\"https:\/\/bladnanews.com\/wp-content\/uploads\/2025\/12\/freepik__bladna-newscom-moroccan-soccer-homepage-banner-mor__41838.png\" \/>\n\t<meta property=\"og:image:width\" content=\"1312\" \/>\n\t<meta property=\"og:image:height\" content=\"736\" \/>\n\t<meta property=\"og:image:type\" content=\"image\/png\" \/>\n<meta name=\"author\" content=\"Bladna News Staff\" \/>\n<meta name=\"twitter:card\" content=\"summary_large_image\" \/>\n<meta name=\"twitter:label1\" content=\"\u00c9crit par\" \/>\n\t<meta name=\"twitter:data1\" content=\"Bladna News Staff\" \/>\n\t<meta name=\"twitter:label2\" content=\"Dur\u00e9e de lecture estim\u00e9e\" \/>\n\t<meta name=\"twitter:data2\" content=\"1 minute\" \/>\n<script type=\"application\/ld+json\" class=\"yoast-schema-graph\">{\"@context\":\"https:\\\/\\\/schema.org\",\"@graph\":[{\"@type\":\"Article\",\"@id\":\"https:\\\/\\\/bladnanews.com\\\/lisandro-martinez-and-ruben-amorim-row-at-man-utd-training-ground\\\/#article\",\"isPartOf\":{\"@id\":\"https:\\\/\\\/bladnanews.com\\\/lisandro-martinez-and-ruben-amorim-row-at-man-utd-training-ground\\\/\"},\"author\":{\"name\":\"Bladna News Staff\",\"@id\":\"https:\\\/\\\/mediumseagreen-eel-531711.hostingersite.com\\\/#\\\/schema\\\/person\\\/268e18a453ab080ebf76df6ef7845083\"},\"headline\":\"Lisandro Martinez and Ruben Amorim row at Man Utd training ground\",\"datePublished\":\"2026-01-06T11:25:52+00:00\",\"mainEntityOfPage\":{\"@id\":\"https:\\\/\\\/bladnanews.com\\\/lisandro-martinez-and-ruben-amorim-row-at-man-utd-training-ground\\\/\"},\"wordCount\":139,\"publisher\":{\"@id\":\"https:\\\/\\\/mediumseagreen-eel-531711.hostingersite.com\\\/#organization\"},\"image\":{\"@id\":\"https:\\\/\\\/bladnanews.com\\\/lisandro-martinez-and-ruben-amorim-row-at-man-utd-training-ground\\\/#primaryimage\"},\"thumbnailUrl\":\"https:\\\/\\\/bladnanews.com\\\/wp-content\\\/uploads\\\/2026\\\/01\\\/BladnaNews-Lisandro-Martinez-and-Ruben-Amorim-row-at-Man-Utd-training-ground-2026-01-06T170931.439Z.jpg\",\"articleSection\":[\"International\",\"Latest News\"],\"inLanguage\":\"fr-FR\",\"copyrightYear\":\"2026\",\"copyrightHolder\":{\"@id\":\"https:\\\/\\\/bladnanews.com\\\/fr\\\/#organization\"}},{\"@type\":\"WebPage\",\"@id\":\"https:\\\/\\\/bladnanews.com\\\/lisandro-martinez-and-ruben-amorim-row-at-man-utd-training-ground\\\/\",\"url\":\"https:\\\/\\\/bladnanews.com\\\/lisandro-martinez-and-ruben-amorim-row-at-man-utd-training-ground\\\/\",\"name\":\"Lisandro Martinez and Ruben Amorim row at Man Utd training ground - Bladna News\",\"isPartOf\":{\"@id\":\"https:\\\/\\\/mediumseagreen-eel-531711.hostingersite.com\\\/#website\"},\"primaryImageOfPage\":{\"@id\":\"https:\\\/\\\/bladnanews.com\\\/lisandro-martinez-and-ruben-amorim-row-at-man-utd-training-ground\\\/#primaryimage\"},\"image\":{\"@id\":\"https:\\\/\\\/bladnanews.com\\\/lisandro-martinez-and-ruben-amorim-row-at-man-utd-training-ground\\\/#primaryimage\"},\"thumbnailUrl\":\"https:\\\/\\\/bladnanews.com\\\/wp-content\\\/uploads\\\/2026\\\/01\\\/BladnaNews-Lisandro-Martinez-and-Ruben-Amorim-row-at-Man-Utd-training-ground-2026-01-06T170931.439Z.jpg\",\"datePublished\":\"2026-01-06T11:25:52+00:00\",\"breadcrumb\":{\"@id\":\"https:\\\/\\\/bladnanews.com\\\/lisandro-martinez-and-ruben-amorim-row-at-man-utd-training-ground\\\/#breadcrumb\"},\"inLanguage\":\"fr-FR\",\"potentialAction\":[{\"@type\":\"ReadAction\",\"target\":[\"https:\\\/\\\/bladnanews.com\\\/lisandro-martinez-and-ruben-amorim-row-at-man-utd-training-ground\\\/\"]}]},{\"@type\":\"ImageObject\",\"inLanguage\":\"fr-FR\",\"@id\":\"https:\\\/\\\/bladnanews.com\\\/lisandro-martinez-and-ruben-amorim-row-at-man-utd-training-ground\\\/#primaryimage\",\"url\":\"https:\\\/\\\/bladnanews.com\\\/wp-content\\\/uploads\\\/2026\\\/01\\\/BladnaNews-Lisandro-Martinez-and-Ruben-Amorim-row-at-Man-Utd-training-ground-2026-01-06T170931.439Z.jpg\",\"contentUrl\":\"https:\\\/\\\/bladnanews.com\\\/wp-content\\\/uploads\\\/2026\\\/01\\\/BladnaNews-Lisandro-Martinez-and-Ruben-Amorim-row-at-Man-Utd-training-ground-2026-01-06T170931.439Z.jpg\",\"width\":1584,\"height\":891,\"caption\":\"Lisandro Mart\u00ednez in a red Manchester United jersey shares a moment with coach Ruben Amorim, both displaying focus in training attire.\"},{\"@type\":\"BreadcrumbList\",\"@id\":\"https:\\\/\\\/bladnanews.com\\\/lisandro-martinez-and-ruben-amorim-row-at-man-utd-training-ground\\\/#breadcrumb\",\"itemListElement\":[{\"@type\":\"ListItem\",\"position\":1,\"name\":\"Home\",\"item\":\"https:\\\/\\\/bladnanews.com\\\/\"},{\"@type\":\"ListItem\",\"position\":2,\"name\":\"Lisandro Martinez and Ruben Amorim row at Man Utd training ground\"}]},{\"@type\":\"WebSite\",\"@id\":\"https:\\\/\\\/mediumseagreen-eel-531711.hostingersite.com\\\/#website\",\"url\":\"https:\\\/\\\/mediumseagreen-eel-531711.hostingersite.com\\\/\",\"name\":\"Bladna News - Morocco\",\"description\":\"Where Moroccan Football Meets the World\",\"publisher\":{\"@id\":\"https:\\\/\\\/mediumseagreen-eel-531711.hostingersite.com\\\/#organization\"},\"potentialAction\":[{\"@type\":\"SearchAction\",\"target\":{\"@type\":\"EntryPoint\",\"urlTemplate\":\"https:\\\/\\\/mediumseagreen-eel-531711.hostingersite.com\\\/?s={search_term_string}\"},\"query-input\":{\"@type\":\"PropertyValueSpecification\",\"valueRequired\":true,\"valueName\":\"search_term_string\"}}],\"inLanguage\":\"fr-FR\"},{\"@type\":\"Organization\",\"@id\":\"https:\\\/\\\/mediumseagreen-eel-531711.hostingersite.com\\\/#organization\",\"name\":\"Bladna News.com\",\"url\":\"https:\\\/\\\/mediumseagreen-eel-531711.hostingersite.com\\\/\",\"logo\":{\"@type\":\"ImageObject\",\"inLanguage\":\"fr-FR\",\"@id\":\"https:\\\/\\\/mediumseagreen-eel-531711.hostingersite.com\\\/#\\\/schema\\\/logo\\\/image\\\/\",\"url\":\"https:\\\/\\\/bladnanews.com\\\/wp-content\\\/uploads\\\/2025\\\/12\\\/logo-bladnanews-V2-web-black-red.png\",\"contentUrl\":\"https:\\\/\\\/bladnanews.com\\\/wp-content\\\/uploads\\\/2025\\\/12\\\/logo-bladnanews-V2-web-black-red.png\",\"width\":703,\"height\":287,\"caption\":\"Bladna News.com\"},\"image\":{\"@id\":\"https:\\\/\\\/mediumseagreen-eel-531711.hostingersite.com\\\/#\\\/schema\\\/logo\\\/image\\\/\"},\"email\":\"info@bladnanews.com\",\"legalName\":\"Bladna News\"},{\"@type\":\"Person\",\"@id\":\"https:\\\/\\\/mediumseagreen-eel-531711.hostingersite.com\\\/#\\\/schema\\\/person\\\/268e18a453ab080ebf76df6ef7845083\",\"name\":\"Bladna News Staff\",\"url\":\"https:\\\/\\\/bladnanews.com\\\/fr\\\/author\\\/bladna-news-staff\\\/\"}]}<\/script>\n<!-- \/ Yoast SEO Premium plugin. -->","yoast_head_json":{"title":"Lisandro Martinez et Ruben Amorim s'affrontent au centre d'entra\u00eenement de Manchester United - Bladna News","robots":{"index":"index","follow":"follow","max-snippet":"max-snippet:-1","max-image-preview":"max-image-preview:large","max-video-preview":"max-video-preview:-1"},"canonical":"https:\/\/bladnanews.com\/fr\/lisandro-martinez-et-ruben-amorim-se-disputent-au-centre-dentrainement-de-manchester-united\/","og_locale":"fr_FR","og_type":"article","og_title":"Lisandro Martinez and Ruben Amorim row at Man Utd training ground","og_description":"Lisandro Martinez and Ruben Amorim were involved in a heated exchange at Manchester United\u2019s training ground, with new details emerging [&hellip;]","og_url":"https:\/\/bladnanews.com\/fr\/lisandro-martinez-et-ruben-amorim-se-disputent-au-centre-dentrainement-de-manchester-united\/","og_site_name":"Bladna News","article_published_time":"2026-01-06T11:25:52+00:00","og_image":[{"width":1312,"height":736,"url":"https:\/\/bladnanews.com\/wp-content\/uploads\/2025\/12\/freepik__bladna-newscom-moroccan-soccer-homepage-banner-mor__41838.png","type":"image\/png"}],"author":"Bladna News Staff","twitter_card":"summary_large_image","twitter_misc":{"\u00c9crit par":"Bladna News Staff","Dur\u00e9e de lecture estim\u00e9e":"1 minute"},"schema":{"@context":"https:\/\/schema.org","@graph":[{"@type":"Article","@id":"https:\/\/bladnanews.com\/lisandro-martinez-and-ruben-amorim-row-at-man-utd-training-ground\/#article","isPartOf":{"@id":"https:\/\/bladnanews.com\/lisandro-martinez-and-ruben-amorim-row-at-man-utd-training-ground\/"},"author":{"name":"Bladna News Staff","@id":"https:\/\/mediumseagreen-eel-531711.hostingersite.com\/#\/schema\/person\/268e18a453ab080ebf76df6ef7845083"},"headline":"Lisandro Martinez and Ruben Amorim row at Man Utd training ground","datePublished":"2026-01-06T11:25:52+00:00","mainEntityOfPage":{"@id":"https:\/\/bladnanews.com\/lisandro-martinez-and-ruben-amorim-row-at-man-utd-training-ground\/"},"wordCount":139,"publisher":{"@id":"https:\/\/mediumseagreen-eel-531711.hostingersite.com\/#organization"},"image":{"@id":"https:\/\/bladnanews.com\/lisandro-martinez-and-ruben-amorim-row-at-man-utd-training-ground\/#primaryimage"},"thumbnailUrl":"https:\/\/bladnanews.com\/wp-content\/uploads\/2026\/01\/BladnaNews-Lisandro-Martinez-and-Ruben-Amorim-row-at-Man-Utd-training-ground-2026-01-06T170931.439Z.jpg","articleSection":["International","Latest News"],"inLanguage":"fr-FR","copyrightYear":"2026","copyrightHolder":{"@id":"https:\/\/bladnanews.com\/fr\/#organization"}},{"@type":"WebPage","@id":"https:\/\/bladnanews.com\/lisandro-martinez-and-ruben-amorim-row-at-man-utd-training-ground\/","url":"https:\/\/bladnanews.com\/lisandro-martinez-and-ruben-amorim-row-at-man-utd-training-ground\/","name":"Lisandro Martinez et Ruben Amorim s'affrontent au centre d'entra\u00eenement de Manchester United - Bladna News","isPartOf":{"@id":"https:\/\/mediumseagreen-eel-531711.hostingersite.com\/#website"},"primaryImageOfPage":{"@id":"https:\/\/bladnanews.com\/lisandro-martinez-and-ruben-amorim-row-at-man-utd-training-ground\/#primaryimage"},"image":{"@id":"https:\/\/bladnanews.com\/lisandro-martinez-and-ruben-amorim-row-at-man-utd-training-ground\/#primaryimage"},"thumbnailUrl":"https:\/\/bladnanews.com\/wp-content\/uploads\/2026\/01\/BladnaNews-Lisandro-Martinez-and-Ruben-Amorim-row-at-Man-Utd-training-ground-2026-01-06T170931.439Z.jpg","datePublished":"2026-01-06T11:25:52+00:00","breadcrumb":{"@id":"https:\/\/bladnanews.com\/lisandro-martinez-and-ruben-amorim-row-at-man-utd-training-ground\/#breadcrumb"},"inLanguage":"fr-FR","potentialAction":[{"@type":"ReadAction","target":["https:\/\/bladnanews.com\/lisandro-martinez-and-ruben-amorim-row-at-man-utd-training-ground\/"]}]},{"@type":"ImageObject","inLanguage":"fr-FR","@id":"https:\/\/bladnanews.com\/lisandro-martinez-and-ruben-amorim-row-at-man-utd-training-ground\/#primaryimage","url":"https:\/\/bladnanews.com\/wp-content\/uploads\/2026\/01\/BladnaNews-Lisandro-Martinez-and-Ruben-Amorim-row-at-Man-Utd-training-ground-2026-01-06T170931.439Z.jpg","contentUrl":"https:\/\/bladnanews.com\/wp-content\/uploads\/2026\/01\/BladnaNews-Lisandro-Martinez-and-Ruben-Amorim-row-at-Man-Utd-training-ground-2026-01-06T170931.439Z.jpg","width":1584,"height":891,"caption":"Lisandro Mart\u00ednez in a red Manchester United jersey shares a moment with coach Ruben Amorim, both displaying focus in training attire."},{"@type":"BreadcrumbList","@id":"https:\/\/bladnanews.com\/lisandro-martinez-and-ruben-amorim-row-at-man-utd-training-ground\/#breadcrumb","itemListElement":[{"@type":"ListItem","position":1,"name":"Home","item":"https:\/\/bladnanews.com\/"},{"@type":"ListItem","position":2,"name":"Lisandro Martinez and Ruben Amorim row at Man Utd training ground"}]},{"@type":"WebSite","@id":"https:\/\/mediumseagreen-eel-531711.hostingersite.com\/#website","url":"https:\/\/mediumseagreen-eel-531711.hostingersite.com\/","name":"Bladna News - Maroc","description":"Quand le football marocain rencontre le monde","publisher":{"@id":"https:\/\/mediumseagreen-eel-531711.hostingersite.com\/#organization"},"potentialAction":[{"@type":"SearchAction","target":{"@type":"EntryPoint","urlTemplate":"https:\/\/mediumseagreen-eel-531711.hostingersite.com\/?s={search_term_string}"},"query-input":{"@type":"PropertyValueSpecification","valueRequired":true,"valueName":"search_term_string"}}],"inLanguage":"fr-FR"},{"@type":"Organization","@id":"https:\/\/mediumseagreen-eel-531711.hostingersite.com\/#organization","name":"Bladna News.com","url":"https:\/\/mediumseagreen-eel-531711.hostingersite.com\/","logo":{"@type":"ImageObject","inLanguage":"fr-FR","@id":"https:\/\/mediumseagreen-eel-531711.hostingersite.com\/#\/schema\/logo\/image\/","url":"https:\/\/bladnanews.com\/wp-content\/uploads\/2025\/12\/logo-bladnanews-V2-web-black-red.png","contentUrl":"https:\/\/bladnanews.com\/wp-content\/uploads\/2025\/12\/logo-bladnanews-V2-web-black-red.png","width":703,"height":287,"caption":"Bladna News.com"},"image":{"@id":"https:\/\/mediumseagreen-eel-531711.hostingersite.com\/#\/schema\/logo\/image\/"},"email":"info@bladnanews.com","legalName":"Bladna News"},{"@type":"Person","@id":"https:\/\/mediumseagreen-eel-531711.hostingersite.com\/#\/schema\/person\/268e18a453ab080ebf76df6ef7845083","name":"\u00c9quipe r\u00e9dactionnelle de Bladna News","url":"https:\/\/bladnanews.com\/fr\/author\/bladna-news-staff\/"}]}},"_links":{"self":[{"href":"https:\/\/bladnanews.com\/fr\/wp-json\/wp\/v2\/posts\/4498","targetHints":{"allow":["GET"]}}],"collection":[{"href":"https:\/\/bladnanews.com\/fr\/wp-json\/wp\/v2\/posts"}],"about":[{"href":"https:\/\/bladnanews.com\/fr\/wp-json\/wp\/v2\/types\/post"}],"author":[{"embeddable":true,"href":"https:\/\/bladnanews.com\/fr\/wp-json\/wp\/v2\/users\/3"}],"replies":[{"embeddable":true,"href":"https:\/\/bladnanews.com\/fr\/wp-json\/wp\/v2\/comments?post=4498"}],"version-history":[{"count":0,"href":"https:\/\/bladnanews.com\/fr\/wp-json\/wp\/v2\/posts\/4498\/revisions"}],"wp:featuredmedia":[{"embeddable":true,"href":"https:\/\/bladnanews.com\/fr\/wp-json\/wp\/v2\/media\/4496"}],"wp:attachment":[{"href":"https:\/\/bladnanews.com\/fr\/wp-json\/wp\/v2\/media?parent=4498"}],"wp:term":[{"taxonomy":"category","embeddable":true,"href":"https:\/\/bladnanews.com\/fr\/wp-json\/wp\/v2\/categories?post=4498"},{"taxonomy":"post_tag","embeddable":true,"href":"https:\/\/bladnanews.com\/fr\/wp-json\/wp\/v2\/tags?post=4498"}],"curies":[{"name":"wp","href":"https:\/\/api.w.org\/{rel}","templated":true}]}}