{"id":4501,"date":"2026-01-06T11:36:30","date_gmt":"2026-01-06T11:36:30","guid":{"rendered":"https:\/\/bladnanews.com\/ola-aina-recalls-facing-cristiano-ronaldo-and-leaving-chelsea\/"},"modified":"2026-01-06T11:36:30","modified_gmt":"2026-01-06T11:36:30","slug":"ola-aina-se-souvient-avoir-affronte-cristiano-ronaldo-et-quitte-chelsea","status":"publish","type":"post","link":"https:\/\/bladnanews.com\/fr\/ola-aina-se-souvient-avoir-affronte-cristiano-ronaldo-et-quitte-chelsea\/","title":{"rendered":"Ola Aina se souvient d'avoir affront\u00e9 Cristiano Ronaldo et d'avoir quitt\u00e9 Chelsea."},"content":{"rendered":"<p>Le d\u00e9fenseur de Nottingham Forest, Ola Aina, s'est rem\u00e9mor\u00e9 le moment o\u00f9 il a affront\u00e9 Cristiano Ronaldo, admettant avoir \u00e9t\u00e9 stup\u00e9fait par la pr\u00e9sence sur le terrain de cette l\u00e9gende portugaise.<\/p>\n<p>En parlant lors du dernier \u00e9pisode du <em>podcast Beast Mode On,<\/em>, Aina a d\u00e9crit l'instant o\u00f9 il a r\u00e9alis\u00e9 contre qui il \u00e9tait align\u00e9, d\u00e9clarant : <strong>\" Merde, c'est Cristiano Ronaldo ! \"<\/strong><\/p>\n<p>Aina a \u00e9galement parl\u00e9 ouvertement de sa d\u00e9cision de quitter Chelsea, expliquant sa r\u00e9flexion de l'\u00e9poque et les raisons pour lesquelles il estimait qu'un d\u00e9part \u00e9tait la bonne \u00e9tape pour sa carri\u00e8re.<\/p>\n<p>Le joueur de Forest a couvert un large \u00e9ventail de sujets durant cet entretien, notamment son parcours dans le football, la r\u00e9alit\u00e9 d'affronter des adversaires d'\u00e9lite et la mani\u00e8re dont ces exp\u00e9riences l'ont fa\u00e7onn\u00e9.<\/p>\n<p>Cet \u00e9pisode a offert un aper\u00e7u r\u00e9v\u00e9lateur de l'\u00e9tat d'esprit d'Aina, depuis la pression d'affronter l'une des plus grandes stars du football jusqu'aux motivations personnelles derri\u00e8re son d\u00e9part de Stamford Bridge.<\/p>","protected":false},"excerpt":{"rendered":"<p>Nottingham Forest defender Ola Aina has recalled the moment he came up against Cristiano Ronaldo, admitting he was left stunned [&hellip;]<\/p>\n","protected":false},"author":3,"featured_media":4500,"comment_status":"","ping_status":"open","sticky":false,"template":"","format":"standard","meta":{"googlesitekit_rrm_CAow_uzEDA:productID":"","site-sidebar-layout":"default","site-content-layout":"","ast-site-content-layout":"default","site-content-style":"default","site-sidebar-style":"default","ast-global-header-display":"","ast-banner-title-visibility":"","ast-main-header-display":"","ast-hfb-above-header-display":"","ast-hfb-below-header-display":"","ast-hfb-mobile-header-display":"","site-post-title":"","ast-breadcrumbs-content":"","ast-featured-img":"","footer-sml-layout":"","ast-disable-related-posts":"","theme-transparent-header-meta":"","adv-header-id-meta":"","stick-header-meta":"","header-above-stick-meta":"","header-main-stick-meta":"","header-below-stick-meta":"","astra-migrate-meta-layouts":"default","ast-page-background-enabled":"default","ast-page-background-meta":{"desktop":{"background-color":"var(--ast-global-color-5)","background-image":"","background-repeat":"repeat","background-position":"center center","background-size":"auto","background-attachment":"scroll","background-type":"","background-media":"","overlay-type":"","overlay-color":"","overlay-opacity":"","overlay-gradient":""},"tablet":{"background-color":"","background-image":"","background-repeat":"repeat","background-position":"center center","background-size":"auto","background-attachment":"scroll","background-type":"","background-media":"","overlay-type":"","overlay-color":"","overlay-opacity":"","overlay-gradient":""},"mobile":{"background-color":"","background-image":"","background-repeat":"repeat","background-position":"center center","background-size":"auto","background-attachment":"scroll","background-type":"","background-media":"","overlay-type":"","overlay-color":"","overlay-opacity":"","overlay-gradient":""}},"ast-content-background-meta":{"desktop":{"background-color":"var(--ast-global-color-4)","background-image":"","background-repeat":"repeat","background-position":"center center","background-size":"auto","background-attachment":"scroll","background-type":"","background-media":"","overlay-type":"","overlay-color":"","overlay-opacity":"","overlay-gradient":""},"tablet":{"background-color":"var(--ast-global-color-4)","background-image":"","background-repeat":"repeat","background-position":"center center","background-size":"auto","background-attachment":"scroll","background-type":"","background-media":"","overlay-type":"","overlay-color":"","overlay-opacity":"","overlay-gradient":""},"mobile":{"background-color":"var(--ast-global-color-4)","background-image":"","background-repeat":"repeat","background-position":"center center","background-size":"auto","background-attachment":"scroll","background-type":"","background-media":"","overlay-type":"","overlay-color":"","overlay-opacity":"","overlay-gradient":""}},"footnotes":""},"categories":[20,1],"tags":[],"class_list":["post-4501","post","type-post","status-publish","format-standard","has-post-thumbnail","hentry","category-international","category-football-latest-news"],"yoast_head":"<!-- This site is optimized with the Yoast SEO Premium plugin v26.6 (Yoast SEO v27.5) - https:\/\/yoast.com\/product\/yoast-seo-premium-wordpress\/ -->\n<title>Ola Aina recalls facing Cristiano Ronaldo and leaving Chelsea - Bladna News<\/title>\n<meta name=\"robots\" content=\"index, follow, max-snippet:-1, max-image-preview:large, max-video-preview:-1\" \/>\n<link rel=\"canonical\" href=\"https:\/\/bladnanews.com\/fr\/ola-aina-se-souvient-avoir-affronte-cristiano-ronaldo-et-quitte-chelsea\/\" \/>\n<meta property=\"og:locale\" content=\"fr_FR\" \/>\n<meta property=\"og:type\" content=\"article\" \/>\n<meta property=\"og:title\" content=\"Ola Aina recalls facing Cristiano Ronaldo and leaving Chelsea\" \/>\n<meta property=\"og:description\" content=\"Nottingham Forest defender Ola Aina has recalled the moment he came up against Cristiano Ronaldo, admitting he was left stunned [&hellip;]\" \/>\n<meta property=\"og:url\" content=\"https:\/\/bladnanews.com\/fr\/ola-aina-se-souvient-avoir-affronte-cristiano-ronaldo-et-quitte-chelsea\/\" \/>\n<meta property=\"og:site_name\" content=\"Bladna News\" \/>\n<meta property=\"article:published_time\" content=\"2026-01-06T11:36:30+00:00\" \/>\n<meta property=\"og:image\" content=\"https:\/\/bladnanews.com\/wp-content\/uploads\/2025\/12\/freepik__bladna-newscom-moroccan-soccer-homepage-banner-mor__41838.png\" \/>\n\t<meta property=\"og:image:width\" content=\"1312\" \/>\n\t<meta property=\"og:image:height\" content=\"736\" \/>\n\t<meta property=\"og:image:type\" content=\"image\/png\" \/>\n<meta name=\"author\" content=\"Bladna News Staff\" \/>\n<meta name=\"twitter:card\" content=\"summary_large_image\" \/>\n<meta name=\"twitter:label1\" content=\"\u00c9crit par\" \/>\n\t<meta name=\"twitter:data1\" content=\"Bladna News Staff\" \/>\n\t<meta name=\"twitter:label2\" content=\"Dur\u00e9e de lecture estim\u00e9e\" \/>\n\t<meta name=\"twitter:data2\" content=\"1 minute\" \/>\n<script type=\"application\/ld+json\" class=\"yoast-schema-graph\">{\"@context\":\"https:\\\/\\\/schema.org\",\"@graph\":[{\"@type\":\"Article\",\"@id\":\"https:\\\/\\\/bladnanews.com\\\/ola-aina-recalls-facing-cristiano-ronaldo-and-leaving-chelsea\\\/#article\",\"isPartOf\":{\"@id\":\"https:\\\/\\\/bladnanews.com\\\/ola-aina-recalls-facing-cristiano-ronaldo-and-leaving-chelsea\\\/\"},\"author\":{\"name\":\"Bladna News Staff\",\"@id\":\"https:\\\/\\\/mediumseagreen-eel-531711.hostingersite.com\\\/#\\\/schema\\\/person\\\/268e18a453ab080ebf76df6ef7845083\"},\"headline\":\"Ola Aina recalls facing Cristiano Ronaldo and leaving Chelsea\",\"datePublished\":\"2026-01-06T11:36:30+00:00\",\"mainEntityOfPage\":{\"@id\":\"https:\\\/\\\/bladnanews.com\\\/ola-aina-recalls-facing-cristiano-ronaldo-and-leaving-chelsea\\\/\"},\"wordCount\":164,\"publisher\":{\"@id\":\"https:\\\/\\\/mediumseagreen-eel-531711.hostingersite.com\\\/#organization\"},\"image\":{\"@id\":\"https:\\\/\\\/bladnanews.com\\\/ola-aina-recalls-facing-cristiano-ronaldo-and-leaving-chelsea\\\/#primaryimage\"},\"thumbnailUrl\":\"https:\\\/\\\/bladnanews.com\\\/wp-content\\\/uploads\\\/2026\\\/01\\\/BladnaNews-Ola-Aina-recalls-facing-Cristiano-Ronaldo-and-leaving-Chelsea-2026-01-06T170944.112Z.jpg\",\"articleSection\":[\"International\",\"Latest News\"],\"inLanguage\":\"fr-FR\",\"copyrightYear\":\"2026\",\"copyrightHolder\":{\"@id\":\"https:\\\/\\\/bladnanews.com\\\/fr\\\/#organization\"}},{\"@type\":\"WebPage\",\"@id\":\"https:\\\/\\\/bladnanews.com\\\/ola-aina-recalls-facing-cristiano-ronaldo-and-leaving-chelsea\\\/\",\"url\":\"https:\\\/\\\/bladnanews.com\\\/ola-aina-recalls-facing-cristiano-ronaldo-and-leaving-chelsea\\\/\",\"name\":\"Ola Aina recalls facing Cristiano Ronaldo and leaving Chelsea - Bladna News\",\"isPartOf\":{\"@id\":\"https:\\\/\\\/mediumseagreen-eel-531711.hostingersite.com\\\/#website\"},\"primaryImageOfPage\":{\"@id\":\"https:\\\/\\\/bladnanews.com\\\/ola-aina-recalls-facing-cristiano-ronaldo-and-leaving-chelsea\\\/#primaryimage\"},\"image\":{\"@id\":\"https:\\\/\\\/bladnanews.com\\\/ola-aina-recalls-facing-cristiano-ronaldo-and-leaving-chelsea\\\/#primaryimage\"},\"thumbnailUrl\":\"https:\\\/\\\/bladnanews.com\\\/wp-content\\\/uploads\\\/2026\\\/01\\\/BladnaNews-Ola-Aina-recalls-facing-Cristiano-Ronaldo-and-leaving-Chelsea-2026-01-06T170944.112Z.jpg\",\"datePublished\":\"2026-01-06T11:36:30+00:00\",\"breadcrumb\":{\"@id\":\"https:\\\/\\\/bladnanews.com\\\/ola-aina-recalls-facing-cristiano-ronaldo-and-leaving-chelsea\\\/#breadcrumb\"},\"inLanguage\":\"fr-FR\",\"potentialAction\":[{\"@type\":\"ReadAction\",\"target\":[\"https:\\\/\\\/bladnanews.com\\\/ola-aina-recalls-facing-cristiano-ronaldo-and-leaving-chelsea\\\/\"]}]},{\"@type\":\"ImageObject\",\"inLanguage\":\"fr-FR\",\"@id\":\"https:\\\/\\\/bladnanews.com\\\/ola-aina-recalls-facing-cristiano-ronaldo-and-leaving-chelsea\\\/#primaryimage\",\"url\":\"https:\\\/\\\/bladnanews.com\\\/wp-content\\\/uploads\\\/2026\\\/01\\\/BladnaNews-Ola-Aina-recalls-facing-Cristiano-Ronaldo-and-leaving-Chelsea-2026-01-06T170944.112Z.jpg\",\"contentUrl\":\"https:\\\/\\\/bladnanews.com\\\/wp-content\\\/uploads\\\/2026\\\/01\\\/BladnaNews-Ola-Aina-recalls-facing-Cristiano-Ronaldo-and-leaving-Chelsea-2026-01-06T170944.112Z.jpg\",\"width\":1600,\"height\":900,\"caption\":\"Ola Aina laughing with a friend, both wearing hats, expressing admiration for Cristiano Ronaldo, highlighted text reads \\\"RONALDO WAS MY GOAT!\\\"\"},{\"@type\":\"BreadcrumbList\",\"@id\":\"https:\\\/\\\/bladnanews.com\\\/ola-aina-recalls-facing-cristiano-ronaldo-and-leaving-chelsea\\\/#breadcrumb\",\"itemListElement\":[{\"@type\":\"ListItem\",\"position\":1,\"name\":\"Home\",\"item\":\"https:\\\/\\\/bladnanews.com\\\/\"},{\"@type\":\"ListItem\",\"position\":2,\"name\":\"Ola Aina recalls facing Cristiano Ronaldo and leaving Chelsea\"}]},{\"@type\":\"WebSite\",\"@id\":\"https:\\\/\\\/mediumseagreen-eel-531711.hostingersite.com\\\/#website\",\"url\":\"https:\\\/\\\/mediumseagreen-eel-531711.hostingersite.com\\\/\",\"name\":\"Bladna News - Morocco\",\"description\":\"Where Moroccan Football Meets the World\",\"publisher\":{\"@id\":\"https:\\\/\\\/mediumseagreen-eel-531711.hostingersite.com\\\/#organization\"},\"potentialAction\":[{\"@type\":\"SearchAction\",\"target\":{\"@type\":\"EntryPoint\",\"urlTemplate\":\"https:\\\/\\\/mediumseagreen-eel-531711.hostingersite.com\\\/?s={search_term_string}\"},\"query-input\":{\"@type\":\"PropertyValueSpecification\",\"valueRequired\":true,\"valueName\":\"search_term_string\"}}],\"inLanguage\":\"fr-FR\"},{\"@type\":\"Organization\",\"@id\":\"https:\\\/\\\/mediumseagreen-eel-531711.hostingersite.com\\\/#organization\",\"name\":\"Bladna News.com\",\"url\":\"https:\\\/\\\/mediumseagreen-eel-531711.hostingersite.com\\\/\",\"logo\":{\"@type\":\"ImageObject\",\"inLanguage\":\"fr-FR\",\"@id\":\"https:\\\/\\\/mediumseagreen-eel-531711.hostingersite.com\\\/#\\\/schema\\\/logo\\\/image\\\/\",\"url\":\"https:\\\/\\\/bladnanews.com\\\/wp-content\\\/uploads\\\/2025\\\/12\\\/logo-bladnanews-V2-web-black-red.png\",\"contentUrl\":\"https:\\\/\\\/bladnanews.com\\\/wp-content\\\/uploads\\\/2025\\\/12\\\/logo-bladnanews-V2-web-black-red.png\",\"width\":703,\"height\":287,\"caption\":\"Bladna News.com\"},\"image\":{\"@id\":\"https:\\\/\\\/mediumseagreen-eel-531711.hostingersite.com\\\/#\\\/schema\\\/logo\\\/image\\\/\"},\"email\":\"info@bladnanews.com\",\"legalName\":\"Bladna News\"},{\"@type\":\"Person\",\"@id\":\"https:\\\/\\\/mediumseagreen-eel-531711.hostingersite.com\\\/#\\\/schema\\\/person\\\/268e18a453ab080ebf76df6ef7845083\",\"name\":\"Bladna News Staff\",\"url\":\"https:\\\/\\\/bladnanews.com\\\/fr\\\/author\\\/bladna-news-staff\\\/\"}]}<\/script>\n<!-- \/ Yoast SEO Premium plugin. -->","yoast_head_json":{"title":"Ola Aina se souvient d'avoir affront\u00e9 Cristiano Ronaldo et d'avoir quitt\u00e9 Chelsea - Bladna News","robots":{"index":"index","follow":"follow","max-snippet":"max-snippet:-1","max-image-preview":"max-image-preview:large","max-video-preview":"max-video-preview:-1"},"canonical":"https:\/\/bladnanews.com\/fr\/ola-aina-se-souvient-avoir-affronte-cristiano-ronaldo-et-quitte-chelsea\/","og_locale":"fr_FR","og_type":"article","og_title":"Ola Aina recalls facing Cristiano Ronaldo and leaving Chelsea","og_description":"Nottingham Forest defender Ola Aina has recalled the moment he came up against Cristiano Ronaldo, admitting he was left stunned [&hellip;]","og_url":"https:\/\/bladnanews.com\/fr\/ola-aina-se-souvient-avoir-affronte-cristiano-ronaldo-et-quitte-chelsea\/","og_site_name":"Bladna News","article_published_time":"2026-01-06T11:36:30+00:00","og_image":[{"width":1312,"height":736,"url":"https:\/\/bladnanews.com\/wp-content\/uploads\/2025\/12\/freepik__bladna-newscom-moroccan-soccer-homepage-banner-mor__41838.png","type":"image\/png"}],"author":"Bladna News Staff","twitter_card":"summary_large_image","twitter_misc":{"\u00c9crit par":"Bladna News Staff","Dur\u00e9e de lecture estim\u00e9e":"1 minute"},"schema":{"@context":"https:\/\/schema.org","@graph":[{"@type":"Article","@id":"https:\/\/bladnanews.com\/ola-aina-recalls-facing-cristiano-ronaldo-and-leaving-chelsea\/#article","isPartOf":{"@id":"https:\/\/bladnanews.com\/ola-aina-recalls-facing-cristiano-ronaldo-and-leaving-chelsea\/"},"author":{"name":"Bladna News Staff","@id":"https:\/\/mediumseagreen-eel-531711.hostingersite.com\/#\/schema\/person\/268e18a453ab080ebf76df6ef7845083"},"headline":"Ola Aina recalls facing Cristiano Ronaldo and leaving Chelsea","datePublished":"2026-01-06T11:36:30+00:00","mainEntityOfPage":{"@id":"https:\/\/bladnanews.com\/ola-aina-recalls-facing-cristiano-ronaldo-and-leaving-chelsea\/"},"wordCount":164,"publisher":{"@id":"https:\/\/mediumseagreen-eel-531711.hostingersite.com\/#organization"},"image":{"@id":"https:\/\/bladnanews.com\/ola-aina-recalls-facing-cristiano-ronaldo-and-leaving-chelsea\/#primaryimage"},"thumbnailUrl":"https:\/\/bladnanews.com\/wp-content\/uploads\/2026\/01\/BladnaNews-Ola-Aina-recalls-facing-Cristiano-Ronaldo-and-leaving-Chelsea-2026-01-06T170944.112Z.jpg","articleSection":["International","Latest News"],"inLanguage":"fr-FR","copyrightYear":"2026","copyrightHolder":{"@id":"https:\/\/bladnanews.com\/fr\/#organization"}},{"@type":"WebPage","@id":"https:\/\/bladnanews.com\/ola-aina-recalls-facing-cristiano-ronaldo-and-leaving-chelsea\/","url":"https:\/\/bladnanews.com\/ola-aina-recalls-facing-cristiano-ronaldo-and-leaving-chelsea\/","name":"Ola Aina se souvient d'avoir affront\u00e9 Cristiano Ronaldo et d'avoir quitt\u00e9 Chelsea - Bladna News","isPartOf":{"@id":"https:\/\/mediumseagreen-eel-531711.hostingersite.com\/#website"},"primaryImageOfPage":{"@id":"https:\/\/bladnanews.com\/ola-aina-recalls-facing-cristiano-ronaldo-and-leaving-chelsea\/#primaryimage"},"image":{"@id":"https:\/\/bladnanews.com\/ola-aina-recalls-facing-cristiano-ronaldo-and-leaving-chelsea\/#primaryimage"},"thumbnailUrl":"https:\/\/bladnanews.com\/wp-content\/uploads\/2026\/01\/BladnaNews-Ola-Aina-recalls-facing-Cristiano-Ronaldo-and-leaving-Chelsea-2026-01-06T170944.112Z.jpg","datePublished":"2026-01-06T11:36:30+00:00","breadcrumb":{"@id":"https:\/\/bladnanews.com\/ola-aina-recalls-facing-cristiano-ronaldo-and-leaving-chelsea\/#breadcrumb"},"inLanguage":"fr-FR","potentialAction":[{"@type":"ReadAction","target":["https:\/\/bladnanews.com\/ola-aina-recalls-facing-cristiano-ronaldo-and-leaving-chelsea\/"]}]},{"@type":"ImageObject","inLanguage":"fr-FR","@id":"https:\/\/bladnanews.com\/ola-aina-recalls-facing-cristiano-ronaldo-and-leaving-chelsea\/#primaryimage","url":"https:\/\/bladnanews.com\/wp-content\/uploads\/2026\/01\/BladnaNews-Ola-Aina-recalls-facing-Cristiano-Ronaldo-and-leaving-Chelsea-2026-01-06T170944.112Z.jpg","contentUrl":"https:\/\/bladnanews.com\/wp-content\/uploads\/2026\/01\/BladnaNews-Ola-Aina-recalls-facing-Cristiano-Ronaldo-and-leaving-Chelsea-2026-01-06T170944.112Z.jpg","width":1600,"height":900,"caption":"Ola Aina laughing with a friend, both wearing hats, expressing admiration for Cristiano Ronaldo, highlighted text reads \"RONALDO WAS MY GOAT!\""},{"@type":"BreadcrumbList","@id":"https:\/\/bladnanews.com\/ola-aina-recalls-facing-cristiano-ronaldo-and-leaving-chelsea\/#breadcrumb","itemListElement":[{"@type":"ListItem","position":1,"name":"Home","item":"https:\/\/bladnanews.com\/"},{"@type":"ListItem","position":2,"name":"Ola Aina recalls facing Cristiano Ronaldo and leaving Chelsea"}]},{"@type":"WebSite","@id":"https:\/\/mediumseagreen-eel-531711.hostingersite.com\/#website","url":"https:\/\/mediumseagreen-eel-531711.hostingersite.com\/","name":"Bladna News - Maroc","description":"Quand le football marocain rencontre le monde","publisher":{"@id":"https:\/\/mediumseagreen-eel-531711.hostingersite.com\/#organization"},"potentialAction":[{"@type":"SearchAction","target":{"@type":"EntryPoint","urlTemplate":"https:\/\/mediumseagreen-eel-531711.hostingersite.com\/?s={search_term_string}"},"query-input":{"@type":"PropertyValueSpecification","valueRequired":true,"valueName":"search_term_string"}}],"inLanguage":"fr-FR"},{"@type":"Organization","@id":"https:\/\/mediumseagreen-eel-531711.hostingersite.com\/#organization","name":"Bladna News.com","url":"https:\/\/mediumseagreen-eel-531711.hostingersite.com\/","logo":{"@type":"ImageObject","inLanguage":"fr-FR","@id":"https:\/\/mediumseagreen-eel-531711.hostingersite.com\/#\/schema\/logo\/image\/","url":"https:\/\/bladnanews.com\/wp-content\/uploads\/2025\/12\/logo-bladnanews-V2-web-black-red.png","contentUrl":"https:\/\/bladnanews.com\/wp-content\/uploads\/2025\/12\/logo-bladnanews-V2-web-black-red.png","width":703,"height":287,"caption":"Bladna News.com"},"image":{"@id":"https:\/\/mediumseagreen-eel-531711.hostingersite.com\/#\/schema\/logo\/image\/"},"email":"info@bladnanews.com","legalName":"Bladna News"},{"@type":"Person","@id":"https:\/\/mediumseagreen-eel-531711.hostingersite.com\/#\/schema\/person\/268e18a453ab080ebf76df6ef7845083","name":"\u00c9quipe r\u00e9dactionnelle de Bladna News","url":"https:\/\/bladnanews.com\/fr\/author\/bladna-news-staff\/"}]}},"_links":{"self":[{"href":"https:\/\/bladnanews.com\/fr\/wp-json\/wp\/v2\/posts\/4501","targetHints":{"allow":["GET"]}}],"collection":[{"href":"https:\/\/bladnanews.com\/fr\/wp-json\/wp\/v2\/posts"}],"about":[{"href":"https:\/\/bladnanews.com\/fr\/wp-json\/wp\/v2\/types\/post"}],"author":[{"embeddable":true,"href":"https:\/\/bladnanews.com\/fr\/wp-json\/wp\/v2\/users\/3"}],"replies":[{"embeddable":true,"href":"https:\/\/bladnanews.com\/fr\/wp-json\/wp\/v2\/comments?post=4501"}],"version-history":[{"count":0,"href":"https:\/\/bladnanews.com\/fr\/wp-json\/wp\/v2\/posts\/4501\/revisions"}],"wp:featuredmedia":[{"embeddable":true,"href":"https:\/\/bladnanews.com\/fr\/wp-json\/wp\/v2\/media\/4500"}],"wp:attachment":[{"href":"https:\/\/bladnanews.com\/fr\/wp-json\/wp\/v2\/media?parent=4501"}],"wp:term":[{"taxonomy":"category","embeddable":true,"href":"https:\/\/bladnanews.com\/fr\/wp-json\/wp\/v2\/categories?post=4501"},{"taxonomy":"post_tag","embeddable":true,"href":"https:\/\/bladnanews.com\/fr\/wp-json\/wp\/v2\/tags?post=4501"}],"curies":[{"name":"wp","href":"https:\/\/api.w.org\/{rel}","templated":true}]}}