{"id":4505,"date":"2026-01-06T11:46:20","date_gmt":"2026-01-06T11:46:20","guid":{"rendered":"https:\/\/bladnanews.com\/lothar-matthaus-reacts-to-lennart-karl-real-madrid-admission\/"},"modified":"2026-01-06T11:46:20","modified_gmt":"2026-01-06T11:46:20","slug":"lothar-matthaus-reagit-a-ladmission-de-lennart-karl-au-real-madrid","status":"publish","type":"post","link":"https:\/\/bladnanews.com\/fr\/lothar-matthaus-reagit-a-ladmission-de-lennart-karl-au-real-madrid\/","title":{"rendered":"Lothar Matthaus r\u00e9agit \u00e0 l'admission de Lennart Karl concernant le Real Madrid"},"content":{"rendered":"<p>La l\u00e9gende du Bayern Munich, Lothar Matthaus, a offert une r\u00e9ponse cinglante apr\u00e8s que l'attaquant adolescent Lennart Karl a admis qu'il serait ouvert \u00e0 un futur transfert vers le Real Madrid.<\/p>\n<p>Karl, qui est consid\u00e9r\u00e9 comme l'un des jeunes talents les plus brillants du Bayern, a fait cette admission \u201cimportante\u201d lorsqu'on lui a demand\u00e9 ses ambitions \u00e0 long terme, confirmant que jouer pour le Real Madrid est quelque chose qu'il pourrait envisager.<\/p>\n<p>Matthaus n'\u00e9tait pas convaincu par le timing des commentaires et a clairement indiqu\u00e9 qu'il souhaite que les jeunes joueurs du Bayern gardent leur concentration sur leur d\u00e9veloppement au sein du club plut\u00f4t que de parler publiquement de transferts potentiels \u00e0 l'\u00e9tranger. L'ancien capitaine de l'Allemagne a soulign\u00e9 que montrer une qualit\u00e9 constante pour le Bayern doit passer en premier, surtout pour un joueur encore au d\u00e9but de sa carri\u00e8re.<\/p>\n<p>Les remarques de Karl ont rapidement attir\u00e9 l'attention en Allemagne en raison de l'objectif de longue date du Bayern de garder ses meilleurs espoirs acad\u00e9miques sur une voie claire vers l'\u00e9quipe premi\u00e8re. Pendant ce temps, le Real Madrid continue d'\u00eatre consid\u00e9r\u00e9 comme la destination ultime pour de nombreux jeunes joueurs \u00e0 travers l'Europe.<\/p>\n<p>Bien que l'admission de Karl concernant le Real Madrid ait \u00e9t\u00e9 formul\u00e9e comme une d\u00e9claration honn\u00eate sur ses r\u00eaves, la r\u00e9action de Matthaus a soulign\u00e9 \u00e0 quel point ces commentaires sont surveill\u00e9s dans un club comme le Bayern. Le message de la l\u00e9gende munichoise \u00e9tait simple : gagnez votre place, performez semaine apr\u00e8s semaine, et laissez le football parler.<\/p>","protected":false},"excerpt":{"rendered":"<p>Bayern Munich legend Lothar Matthaus has offered a pointed response after teenage forward Lennart Karl admitted he would be open [&hellip;]<\/p>\n","protected":false},"author":3,"featured_media":4504,"comment_status":"","ping_status":"open","sticky":false,"template":"","format":"standard","meta":{"googlesitekit_rrm_CAow_uzEDA:productID":"","site-sidebar-layout":"default","site-content-layout":"","ast-site-content-layout":"default","site-content-style":"default","site-sidebar-style":"default","ast-global-header-display":"","ast-banner-title-visibility":"","ast-main-header-display":"","ast-hfb-above-header-display":"","ast-hfb-below-header-display":"","ast-hfb-mobile-header-display":"","site-post-title":"","ast-breadcrumbs-content":"","ast-featured-img":"","footer-sml-layout":"","ast-disable-related-posts":"","theme-transparent-header-meta":"","adv-header-id-meta":"","stick-header-meta":"","header-above-stick-meta":"","header-main-stick-meta":"","header-below-stick-meta":"","astra-migrate-meta-layouts":"default","ast-page-background-enabled":"default","ast-page-background-meta":{"desktop":{"background-color":"var(--ast-global-color-5)","background-image":"","background-repeat":"repeat","background-position":"center center","background-size":"auto","background-attachment":"scroll","background-type":"","background-media":"","overlay-type":"","overlay-color":"","overlay-opacity":"","overlay-gradient":""},"tablet":{"background-color":"","background-image":"","background-repeat":"repeat","background-position":"center center","background-size":"auto","background-attachment":"scroll","background-type":"","background-media":"","overlay-type":"","overlay-color":"","overlay-opacity":"","overlay-gradient":""},"mobile":{"background-color":"","background-image":"","background-repeat":"repeat","background-position":"center center","background-size":"auto","background-attachment":"scroll","background-type":"","background-media":"","overlay-type":"","overlay-color":"","overlay-opacity":"","overlay-gradient":""}},"ast-content-background-meta":{"desktop":{"background-color":"var(--ast-global-color-4)","background-image":"","background-repeat":"repeat","background-position":"center center","background-size":"auto","background-attachment":"scroll","background-type":"","background-media":"","overlay-type":"","overlay-color":"","overlay-opacity":"","overlay-gradient":""},"tablet":{"background-color":"var(--ast-global-color-4)","background-image":"","background-repeat":"repeat","background-position":"center center","background-size":"auto","background-attachment":"scroll","background-type":"","background-media":"","overlay-type":"","overlay-color":"","overlay-opacity":"","overlay-gradient":""},"mobile":{"background-color":"var(--ast-global-color-4)","background-image":"","background-repeat":"repeat","background-position":"center center","background-size":"auto","background-attachment":"scroll","background-type":"","background-media":"","overlay-type":"","overlay-color":"","overlay-opacity":"","overlay-gradient":""}},"footnotes":""},"categories":[20,1],"tags":[],"class_list":["post-4505","post","type-post","status-publish","format-standard","has-post-thumbnail","hentry","category-international","category-football-latest-news"],"yoast_head":"<!-- This site is optimized with the Yoast SEO Premium plugin v26.6 (Yoast SEO v27.5) - https:\/\/yoast.com\/product\/yoast-seo-premium-wordpress\/ -->\n<title>Lothar Matthaus reacts to Lennart Karl Real Madrid admission - Bladna News<\/title>\n<meta name=\"robots\" content=\"index, follow, max-snippet:-1, max-image-preview:large, max-video-preview:-1\" \/>\n<link rel=\"canonical\" href=\"https:\/\/bladnanews.com\/fr\/lothar-matthaus-reagit-a-ladmission-de-lennart-karl-au-real-madrid\/\" \/>\n<meta property=\"og:locale\" content=\"fr_FR\" \/>\n<meta property=\"og:type\" content=\"article\" \/>\n<meta property=\"og:title\" content=\"Lothar Matthaus reacts to Lennart Karl Real Madrid admission\" \/>\n<meta property=\"og:description\" content=\"Bayern Munich legend Lothar Matthaus has offered a pointed response after teenage forward Lennart Karl admitted he would be open [&hellip;]\" \/>\n<meta property=\"og:url\" content=\"https:\/\/bladnanews.com\/fr\/lothar-matthaus-reagit-a-ladmission-de-lennart-karl-au-real-madrid\/\" \/>\n<meta property=\"og:site_name\" content=\"Bladna News\" \/>\n<meta property=\"article:published_time\" content=\"2026-01-06T11:46:20+00:00\" \/>\n<meta property=\"og:image\" content=\"https:\/\/bladnanews.com\/wp-content\/uploads\/2025\/12\/freepik__bladna-newscom-moroccan-soccer-homepage-banner-mor__41838.png\" \/>\n\t<meta property=\"og:image:width\" content=\"1312\" \/>\n\t<meta property=\"og:image:height\" content=\"736\" \/>\n\t<meta property=\"og:image:type\" content=\"image\/png\" \/>\n<meta name=\"author\" content=\"Bladna News Staff\" \/>\n<meta name=\"twitter:card\" content=\"summary_large_image\" \/>\n<meta name=\"twitter:label1\" content=\"\u00c9crit par\" \/>\n\t<meta name=\"twitter:data1\" content=\"Bladna News Staff\" \/>\n\t<meta name=\"twitter:label2\" content=\"Dur\u00e9e de lecture estim\u00e9e\" \/>\n\t<meta name=\"twitter:data2\" content=\"1 minute\" \/>\n<script type=\"application\/ld+json\" class=\"yoast-schema-graph\">{\"@context\":\"https:\\\/\\\/schema.org\",\"@graph\":[{\"@type\":\"Article\",\"@id\":\"https:\\\/\\\/bladnanews.com\\\/lothar-matthaus-reacts-to-lennart-karl-real-madrid-admission\\\/#article\",\"isPartOf\":{\"@id\":\"https:\\\/\\\/bladnanews.com\\\/lothar-matthaus-reacts-to-lennart-karl-real-madrid-admission\\\/\"},\"author\":{\"name\":\"Bladna News Staff\",\"@id\":\"https:\\\/\\\/mediumseagreen-eel-531711.hostingersite.com\\\/#\\\/schema\\\/person\\\/268e18a453ab080ebf76df6ef7845083\"},\"headline\":\"Lothar Matthaus reacts to Lennart Karl Real Madrid admission\",\"datePublished\":\"2026-01-06T11:46:20+00:00\",\"mainEntityOfPage\":{\"@id\":\"https:\\\/\\\/bladnanews.com\\\/lothar-matthaus-reacts-to-lennart-karl-real-madrid-admission\\\/\"},\"wordCount\":229,\"publisher\":{\"@id\":\"https:\\\/\\\/mediumseagreen-eel-531711.hostingersite.com\\\/#organization\"},\"image\":{\"@id\":\"https:\\\/\\\/bladnanews.com\\\/lothar-matthaus-reacts-to-lennart-karl-real-madrid-admission\\\/#primaryimage\"},\"thumbnailUrl\":\"https:\\\/\\\/bladnanews.com\\\/wp-content\\\/uploads\\\/2026\\\/01\\\/BladnaNews-Lothar-Matthaus-reacts-to-Lennart-Karl-Real-Madrid-admission-2026-01-06T170958.278Z.jpg\",\"articleSection\":[\"International\",\"Latest News\"],\"inLanguage\":\"fr-FR\",\"copyrightYear\":\"2026\",\"copyrightHolder\":{\"@id\":\"https:\\\/\\\/bladnanews.com\\\/fr\\\/#organization\"}},{\"@type\":\"WebPage\",\"@id\":\"https:\\\/\\\/bladnanews.com\\\/lothar-matthaus-reacts-to-lennart-karl-real-madrid-admission\\\/\",\"url\":\"https:\\\/\\\/bladnanews.com\\\/lothar-matthaus-reacts-to-lennart-karl-real-madrid-admission\\\/\",\"name\":\"Lothar Matthaus reacts to Lennart Karl Real Madrid admission - Bladna News\",\"isPartOf\":{\"@id\":\"https:\\\/\\\/mediumseagreen-eel-531711.hostingersite.com\\\/#website\"},\"primaryImageOfPage\":{\"@id\":\"https:\\\/\\\/bladnanews.com\\\/lothar-matthaus-reacts-to-lennart-karl-real-madrid-admission\\\/#primaryimage\"},\"image\":{\"@id\":\"https:\\\/\\\/bladnanews.com\\\/lothar-matthaus-reacts-to-lennart-karl-real-madrid-admission\\\/#primaryimage\"},\"thumbnailUrl\":\"https:\\\/\\\/bladnanews.com\\\/wp-content\\\/uploads\\\/2026\\\/01\\\/BladnaNews-Lothar-Matthaus-reacts-to-Lennart-Karl-Real-Madrid-admission-2026-01-06T170958.278Z.jpg\",\"datePublished\":\"2026-01-06T11:46:20+00:00\",\"breadcrumb\":{\"@id\":\"https:\\\/\\\/bladnanews.com\\\/lothar-matthaus-reacts-to-lennart-karl-real-madrid-admission\\\/#breadcrumb\"},\"inLanguage\":\"fr-FR\",\"potentialAction\":[{\"@type\":\"ReadAction\",\"target\":[\"https:\\\/\\\/bladnanews.com\\\/lothar-matthaus-reacts-to-lennart-karl-real-madrid-admission\\\/\"]}]},{\"@type\":\"ImageObject\",\"inLanguage\":\"fr-FR\",\"@id\":\"https:\\\/\\\/bladnanews.com\\\/lothar-matthaus-reacts-to-lennart-karl-real-madrid-admission\\\/#primaryimage\",\"url\":\"https:\\\/\\\/bladnanews.com\\\/wp-content\\\/uploads\\\/2026\\\/01\\\/BladnaNews-Lothar-Matthaus-reacts-to-Lennart-Karl-Real-Madrid-admission-2026-01-06T170958.278Z.jpg\",\"contentUrl\":\"https:\\\/\\\/bladnanews.com\\\/wp-content\\\/uploads\\\/2026\\\/01\\\/BladnaNews-Lothar-Matthaus-reacts-to-Lennart-Karl-Real-Madrid-admission-2026-01-06T170958.278Z.jpg\",\"width\":2560,\"height\":1440,\"caption\":\"Bayern Munich's young player gestures with both hands in an emotional moment during a match, wearing the team's iconic red and white kit.\"},{\"@type\":\"BreadcrumbList\",\"@id\":\"https:\\\/\\\/bladnanews.com\\\/lothar-matthaus-reacts-to-lennart-karl-real-madrid-admission\\\/#breadcrumb\",\"itemListElement\":[{\"@type\":\"ListItem\",\"position\":1,\"name\":\"Home\",\"item\":\"https:\\\/\\\/bladnanews.com\\\/\"},{\"@type\":\"ListItem\",\"position\":2,\"name\":\"Lothar Matthaus reacts to Lennart Karl Real Madrid admission\"}]},{\"@type\":\"WebSite\",\"@id\":\"https:\\\/\\\/mediumseagreen-eel-531711.hostingersite.com\\\/#website\",\"url\":\"https:\\\/\\\/mediumseagreen-eel-531711.hostingersite.com\\\/\",\"name\":\"Bladna News - Morocco\",\"description\":\"Where Moroccan Football Meets the World\",\"publisher\":{\"@id\":\"https:\\\/\\\/mediumseagreen-eel-531711.hostingersite.com\\\/#organization\"},\"potentialAction\":[{\"@type\":\"SearchAction\",\"target\":{\"@type\":\"EntryPoint\",\"urlTemplate\":\"https:\\\/\\\/mediumseagreen-eel-531711.hostingersite.com\\\/?s={search_term_string}\"},\"query-input\":{\"@type\":\"PropertyValueSpecification\",\"valueRequired\":true,\"valueName\":\"search_term_string\"}}],\"inLanguage\":\"fr-FR\"},{\"@type\":\"Organization\",\"@id\":\"https:\\\/\\\/mediumseagreen-eel-531711.hostingersite.com\\\/#organization\",\"name\":\"Bladna News.com\",\"url\":\"https:\\\/\\\/mediumseagreen-eel-531711.hostingersite.com\\\/\",\"logo\":{\"@type\":\"ImageObject\",\"inLanguage\":\"fr-FR\",\"@id\":\"https:\\\/\\\/mediumseagreen-eel-531711.hostingersite.com\\\/#\\\/schema\\\/logo\\\/image\\\/\",\"url\":\"https:\\\/\\\/bladnanews.com\\\/wp-content\\\/uploads\\\/2025\\\/12\\\/logo-bladnanews-V2-web-black-red.png\",\"contentUrl\":\"https:\\\/\\\/bladnanews.com\\\/wp-content\\\/uploads\\\/2025\\\/12\\\/logo-bladnanews-V2-web-black-red.png\",\"width\":703,\"height\":287,\"caption\":\"Bladna News.com\"},\"image\":{\"@id\":\"https:\\\/\\\/mediumseagreen-eel-531711.hostingersite.com\\\/#\\\/schema\\\/logo\\\/image\\\/\"},\"email\":\"info@bladnanews.com\",\"legalName\":\"Bladna News\"},{\"@type\":\"Person\",\"@id\":\"https:\\\/\\\/mediumseagreen-eel-531711.hostingersite.com\\\/#\\\/schema\\\/person\\\/268e18a453ab080ebf76df6ef7845083\",\"name\":\"Bladna News Staff\",\"url\":\"https:\\\/\\\/bladnanews.com\\\/fr\\\/author\\\/bladna-news-staff\\\/\"}]}<\/script>\n<!-- \/ Yoast SEO Premium plugin. -->","yoast_head_json":{"title":"Lothar Matthaus r\u00e9agit \u00e0 l'admission de Lennart Karl au Real Madrid - Bladna News","robots":{"index":"index","follow":"follow","max-snippet":"max-snippet:-1","max-image-preview":"max-image-preview:large","max-video-preview":"max-video-preview:-1"},"canonical":"https:\/\/bladnanews.com\/fr\/lothar-matthaus-reagit-a-ladmission-de-lennart-karl-au-real-madrid\/","og_locale":"fr_FR","og_type":"article","og_title":"Lothar Matthaus reacts to Lennart Karl Real Madrid admission","og_description":"Bayern Munich legend Lothar Matthaus has offered a pointed response after teenage forward Lennart Karl admitted he would be open [&hellip;]","og_url":"https:\/\/bladnanews.com\/fr\/lothar-matthaus-reagit-a-ladmission-de-lennart-karl-au-real-madrid\/","og_site_name":"Bladna News","article_published_time":"2026-01-06T11:46:20+00:00","og_image":[{"width":1312,"height":736,"url":"https:\/\/bladnanews.com\/wp-content\/uploads\/2025\/12\/freepik__bladna-newscom-moroccan-soccer-homepage-banner-mor__41838.png","type":"image\/png"}],"author":"Bladna News Staff","twitter_card":"summary_large_image","twitter_misc":{"\u00c9crit par":"Bladna News Staff","Dur\u00e9e de lecture estim\u00e9e":"1 minute"},"schema":{"@context":"https:\/\/schema.org","@graph":[{"@type":"Article","@id":"https:\/\/bladnanews.com\/lothar-matthaus-reacts-to-lennart-karl-real-madrid-admission\/#article","isPartOf":{"@id":"https:\/\/bladnanews.com\/lothar-matthaus-reacts-to-lennart-karl-real-madrid-admission\/"},"author":{"name":"Bladna News Staff","@id":"https:\/\/mediumseagreen-eel-531711.hostingersite.com\/#\/schema\/person\/268e18a453ab080ebf76df6ef7845083"},"headline":"Lothar Matthaus reacts to Lennart Karl Real Madrid admission","datePublished":"2026-01-06T11:46:20+00:00","mainEntityOfPage":{"@id":"https:\/\/bladnanews.com\/lothar-matthaus-reacts-to-lennart-karl-real-madrid-admission\/"},"wordCount":229,"publisher":{"@id":"https:\/\/mediumseagreen-eel-531711.hostingersite.com\/#organization"},"image":{"@id":"https:\/\/bladnanews.com\/lothar-matthaus-reacts-to-lennart-karl-real-madrid-admission\/#primaryimage"},"thumbnailUrl":"https:\/\/bladnanews.com\/wp-content\/uploads\/2026\/01\/BladnaNews-Lothar-Matthaus-reacts-to-Lennart-Karl-Real-Madrid-admission-2026-01-06T170958.278Z.jpg","articleSection":["International","Latest News"],"inLanguage":"fr-FR","copyrightYear":"2026","copyrightHolder":{"@id":"https:\/\/bladnanews.com\/fr\/#organization"}},{"@type":"WebPage","@id":"https:\/\/bladnanews.com\/lothar-matthaus-reacts-to-lennart-karl-real-madrid-admission\/","url":"https:\/\/bladnanews.com\/lothar-matthaus-reacts-to-lennart-karl-real-madrid-admission\/","name":"Lothar Matthaus r\u00e9agit \u00e0 l'admission de Lennart Karl au Real Madrid - Bladna News","isPartOf":{"@id":"https:\/\/mediumseagreen-eel-531711.hostingersite.com\/#website"},"primaryImageOfPage":{"@id":"https:\/\/bladnanews.com\/lothar-matthaus-reacts-to-lennart-karl-real-madrid-admission\/#primaryimage"},"image":{"@id":"https:\/\/bladnanews.com\/lothar-matthaus-reacts-to-lennart-karl-real-madrid-admission\/#primaryimage"},"thumbnailUrl":"https:\/\/bladnanews.com\/wp-content\/uploads\/2026\/01\/BladnaNews-Lothar-Matthaus-reacts-to-Lennart-Karl-Real-Madrid-admission-2026-01-06T170958.278Z.jpg","datePublished":"2026-01-06T11:46:20+00:00","breadcrumb":{"@id":"https:\/\/bladnanews.com\/lothar-matthaus-reacts-to-lennart-karl-real-madrid-admission\/#breadcrumb"},"inLanguage":"fr-FR","potentialAction":[{"@type":"ReadAction","target":["https:\/\/bladnanews.com\/lothar-matthaus-reacts-to-lennart-karl-real-madrid-admission\/"]}]},{"@type":"ImageObject","inLanguage":"fr-FR","@id":"https:\/\/bladnanews.com\/lothar-matthaus-reacts-to-lennart-karl-real-madrid-admission\/#primaryimage","url":"https:\/\/bladnanews.com\/wp-content\/uploads\/2026\/01\/BladnaNews-Lothar-Matthaus-reacts-to-Lennart-Karl-Real-Madrid-admission-2026-01-06T170958.278Z.jpg","contentUrl":"https:\/\/bladnanews.com\/wp-content\/uploads\/2026\/01\/BladnaNews-Lothar-Matthaus-reacts-to-Lennart-Karl-Real-Madrid-admission-2026-01-06T170958.278Z.jpg","width":2560,"height":1440,"caption":"Bayern Munich's young player gestures with both hands in an emotional moment during a match, wearing the team's iconic red and white kit."},{"@type":"BreadcrumbList","@id":"https:\/\/bladnanews.com\/lothar-matthaus-reacts-to-lennart-karl-real-madrid-admission\/#breadcrumb","itemListElement":[{"@type":"ListItem","position":1,"name":"Home","item":"https:\/\/bladnanews.com\/"},{"@type":"ListItem","position":2,"name":"Lothar Matthaus reacts to Lennart Karl Real Madrid admission"}]},{"@type":"WebSite","@id":"https:\/\/mediumseagreen-eel-531711.hostingersite.com\/#website","url":"https:\/\/mediumseagreen-eel-531711.hostingersite.com\/","name":"Bladna News - Maroc","description":"Quand le football marocain rencontre le monde","publisher":{"@id":"https:\/\/mediumseagreen-eel-531711.hostingersite.com\/#organization"},"potentialAction":[{"@type":"SearchAction","target":{"@type":"EntryPoint","urlTemplate":"https:\/\/mediumseagreen-eel-531711.hostingersite.com\/?s={search_term_string}"},"query-input":{"@type":"PropertyValueSpecification","valueRequired":true,"valueName":"search_term_string"}}],"inLanguage":"fr-FR"},{"@type":"Organization","@id":"https:\/\/mediumseagreen-eel-531711.hostingersite.com\/#organization","name":"Bladna News.com","url":"https:\/\/mediumseagreen-eel-531711.hostingersite.com\/","logo":{"@type":"ImageObject","inLanguage":"fr-FR","@id":"https:\/\/mediumseagreen-eel-531711.hostingersite.com\/#\/schema\/logo\/image\/","url":"https:\/\/bladnanews.com\/wp-content\/uploads\/2025\/12\/logo-bladnanews-V2-web-black-red.png","contentUrl":"https:\/\/bladnanews.com\/wp-content\/uploads\/2025\/12\/logo-bladnanews-V2-web-black-red.png","width":703,"height":287,"caption":"Bladna News.com"},"image":{"@id":"https:\/\/mediumseagreen-eel-531711.hostingersite.com\/#\/schema\/logo\/image\/"},"email":"info@bladnanews.com","legalName":"Bladna News"},{"@type":"Person","@id":"https:\/\/mediumseagreen-eel-531711.hostingersite.com\/#\/schema\/person\/268e18a453ab080ebf76df6ef7845083","name":"\u00c9quipe r\u00e9dactionnelle de Bladna News","url":"https:\/\/bladnanews.com\/fr\/author\/bladna-news-staff\/"}]}},"_links":{"self":[{"href":"https:\/\/bladnanews.com\/fr\/wp-json\/wp\/v2\/posts\/4505","targetHints":{"allow":["GET"]}}],"collection":[{"href":"https:\/\/bladnanews.com\/fr\/wp-json\/wp\/v2\/posts"}],"about":[{"href":"https:\/\/bladnanews.com\/fr\/wp-json\/wp\/v2\/types\/post"}],"author":[{"embeddable":true,"href":"https:\/\/bladnanews.com\/fr\/wp-json\/wp\/v2\/users\/3"}],"replies":[{"embeddable":true,"href":"https:\/\/bladnanews.com\/fr\/wp-json\/wp\/v2\/comments?post=4505"}],"version-history":[{"count":0,"href":"https:\/\/bladnanews.com\/fr\/wp-json\/wp\/v2\/posts\/4505\/revisions"}],"wp:featuredmedia":[{"embeddable":true,"href":"https:\/\/bladnanews.com\/fr\/wp-json\/wp\/v2\/media\/4504"}],"wp:attachment":[{"href":"https:\/\/bladnanews.com\/fr\/wp-json\/wp\/v2\/media?parent=4505"}],"wp:term":[{"taxonomy":"category","embeddable":true,"href":"https:\/\/bladnanews.com\/fr\/wp-json\/wp\/v2\/categories?post=4505"},{"taxonomy":"post_tag","embeddable":true,"href":"https:\/\/bladnanews.com\/fr\/wp-json\/wp\/v2\/tags?post=4505"}],"curies":[{"name":"wp","href":"https:\/\/api.w.org\/{rel}","templated":true}]}}