{"id":4515,"date":"2026-01-06T17:28:56","date_gmt":"2026-01-06T17:28:56","guid":{"rendered":"https:\/\/bladnanews.com\/truth-behind-algeria-star-theft-accusation-in-morocco\/"},"modified":"2026-01-06T17:28:56","modified_gmt":"2026-01-06T17:28:56","slug":"verite-derriere-laccusation-de-vol-detoile-algerienne-au-maroc","status":"publish","type":"post","link":"https:\/\/bladnanews.com\/fr\/verite-derriere-laccusation-de-vol-detoile-algerienne-au-maroc\/","title":{"rendered":"V\u00e9rit\u00e9 derri\u00e8re l'accusation de vol d'\u00e9toile alg\u00e9rienne au Maroc"},"content":{"rendered":"<p>Une vid\u00e9o circulant sur les r\u00e9seaux sociaux ces derni\u00e8res heures a suscit\u00e9 un vif d\u00e9bat, apr\u00e8s avoir sembl\u00e9 montrer un international alg\u00e9rien accus\u00e9 de vol lors d\u2019un s\u00e9jour au Maroc.<\/p>\n<p>Le clip s\u2019est rapidement propag\u00e9 sur les plateformes, des utilisateurs affirmant que le joueur \u00e9tait impliqu\u00e9 dans un incident survenu dans un lieu public et qu\u2019il avait \u00e9t\u00e9 confront\u00e9 par des personnes l\u2019accusant d\u2019avoir d\u00e9rob\u00e9 des effets personnels. Les images ont provoqu\u00e9 une vague de commentaires, beaucoup s\u2019interrogeant sur ce qui s\u2019\u00e9tait r\u00e9ellement pass\u00e9 et sur la v\u00e9racit\u00e9 des accusations.<\/p>\n<p>Cependant, cette affirmation a par la suite \u00e9t\u00e9 clarifi\u00e9e, r\u00e9v\u00e9lant que la star alg\u00e9rienne n\u2019\u00e9tait <strong>pas<\/strong> impliqu\u00e9e dans aucune affaire de vol au Maroc. La suggestion selon laquelle il aurait vol\u00e9 quoi que ce soit a \u00e9t\u00e9 d\u00e9crite comme <em>infond\u00e9e<\/em>, et la vid\u00e9o largement partag\u00e9e a \u00e9t\u00e9 associ\u00e9e \u00e0 un contexte trompeur.<\/p>\n<p>Cette clarification est intervenue alors que l\u2019histoire continuait de prendre de l\u2019ampleur en ligne, le nom du joueur \u00e9tant m\u00eal\u00e9 \u00e0 la controverse sans qu\u2019aucune plainte officielle ou d\u00e9cision confirm\u00e9e ne soit li\u00e9e \u00e0 lui.<\/p>\n<p>Par cons\u00e9quent, l\u2019incident a \u00e9t\u00e9 trait\u00e9 comme une rumeur des r\u00e9seaux sociaux plut\u00f4t que comme une affaire av\u00e9r\u00e9e, le fait essentiel r\u00e9v\u00e9l\u00e9 \u00e9tant que <strong>l\u2019accusation de vol elle-m\u00eame est fausse<\/strong> et a \u00e9t\u00e9 aliment\u00e9e par des all\u00e9gations inexactes entourant la vid\u00e9o.<\/p>","protected":false},"excerpt":{"rendered":"<p>A video circulating on social media in recent hours has sparked wide debate, after it appeared to show an Algeria [&hellip;]<\/p>\n","protected":false},"author":4,"featured_media":4514,"comment_status":"","ping_status":"open","sticky":false,"template":"","format":"standard","meta":{"googlesitekit_rrm_CAow_uzEDA:productID":"","site-sidebar-layout":"default","site-content-layout":"","ast-site-content-layout":"default","site-content-style":"default","site-sidebar-style":"default","ast-global-header-display":"","ast-banner-title-visibility":"","ast-main-header-display":"","ast-hfb-above-header-display":"","ast-hfb-below-header-display":"","ast-hfb-mobile-header-display":"","site-post-title":"","ast-breadcrumbs-content":"","ast-featured-img":"","footer-sml-layout":"","ast-disable-related-posts":"","theme-transparent-header-meta":"","adv-header-id-meta":"","stick-header-meta":"","header-above-stick-meta":"","header-main-stick-meta":"","header-below-stick-meta":"","astra-migrate-meta-layouts":"default","ast-page-background-enabled":"default","ast-page-background-meta":{"desktop":{"background-color":"var(--ast-global-color-5)","background-image":"","background-repeat":"repeat","background-position":"center center","background-size":"auto","background-attachment":"scroll","background-type":"","background-media":"","overlay-type":"","overlay-color":"","overlay-opacity":"","overlay-gradient":""},"tablet":{"background-color":"","background-image":"","background-repeat":"repeat","background-position":"center center","background-size":"auto","background-attachment":"scroll","background-type":"","background-media":"","overlay-type":"","overlay-color":"","overlay-opacity":"","overlay-gradient":""},"mobile":{"background-color":"","background-image":"","background-repeat":"repeat","background-position":"center center","background-size":"auto","background-attachment":"scroll","background-type":"","background-media":"","overlay-type":"","overlay-color":"","overlay-opacity":"","overlay-gradient":""}},"ast-content-background-meta":{"desktop":{"background-color":"var(--ast-global-color-4)","background-image":"","background-repeat":"repeat","background-position":"center center","background-size":"auto","background-attachment":"scroll","background-type":"","background-media":"","overlay-type":"","overlay-color":"","overlay-opacity":"","overlay-gradient":""},"tablet":{"background-color":"var(--ast-global-color-4)","background-image":"","background-repeat":"repeat","background-position":"center center","background-size":"auto","background-attachment":"scroll","background-type":"","background-media":"","overlay-type":"","overlay-color":"","overlay-opacity":"","overlay-gradient":""},"mobile":{"background-color":"var(--ast-global-color-4)","background-image":"","background-repeat":"repeat","background-position":"center center","background-size":"auto","background-attachment":"scroll","background-type":"","background-media":"","overlay-type":"","overlay-color":"","overlay-opacity":"","overlay-gradient":""}},"footnotes":""},"categories":[1,168],"tags":[],"class_list":["post-4515","post","type-post","status-publish","format-standard","has-post-thumbnail","hentry","category-football-latest-news","category-morocco-national-team"],"yoast_head":"<!-- This site is optimized with the Yoast SEO Premium plugin v26.6 (Yoast SEO v27.4) - https:\/\/yoast.com\/product\/yoast-seo-premium-wordpress\/ -->\n<title>Truth behind Algeria star theft accusation in Morocco - Bladna News<\/title>\n<meta name=\"robots\" content=\"index, follow, max-snippet:-1, max-image-preview:large, max-video-preview:-1\" \/>\n<link rel=\"canonical\" href=\"https:\/\/bladnanews.com\/fr\/verite-derriere-laccusation-de-vol-detoile-algerienne-au-maroc\/\" \/>\n<meta property=\"og:locale\" content=\"fr_FR\" \/>\n<meta property=\"og:type\" content=\"article\" \/>\n<meta property=\"og:title\" content=\"Truth behind Algeria star theft accusation in Morocco\" \/>\n<meta property=\"og:description\" content=\"A video circulating on social media in recent hours has sparked wide debate, after it appeared to show an Algeria [&hellip;]\" \/>\n<meta property=\"og:url\" content=\"https:\/\/bladnanews.com\/fr\/verite-derriere-laccusation-de-vol-detoile-algerienne-au-maroc\/\" \/>\n<meta property=\"og:site_name\" content=\"Bladna News\" \/>\n<meta property=\"article:published_time\" content=\"2026-01-06T17:28:56+00:00\" \/>\n<meta property=\"og:image\" content=\"https:\/\/bladnanews.com\/wp-content\/uploads\/2025\/12\/freepik__bladna-newscom-moroccan-soccer-homepage-banner-mor__41838.png\" \/>\n\t<meta property=\"og:image:width\" content=\"1312\" \/>\n\t<meta property=\"og:image:height\" content=\"736\" \/>\n\t<meta property=\"og:image:type\" content=\"image\/png\" \/>\n<meta name=\"author\" content=\"Bladna Sports Desk\" \/>\n<meta name=\"twitter:card\" content=\"summary_large_image\" \/>\n<meta name=\"twitter:label1\" content=\"\u00c9crit par\" \/>\n\t<meta name=\"twitter:data1\" content=\"Bladna Sports Desk\" \/>\n\t<meta name=\"twitter:label2\" content=\"Dur\u00e9e de lecture estim\u00e9e\" \/>\n\t<meta name=\"twitter:data2\" content=\"1 minute\" \/>\n<script type=\"application\/ld+json\" class=\"yoast-schema-graph\">{\"@context\":\"https:\\\/\\\/schema.org\",\"@graph\":[{\"@type\":\"Article\",\"@id\":\"https:\\\/\\\/bladnanews.com\\\/truth-behind-algeria-star-theft-accusation-in-morocco\\\/#article\",\"isPartOf\":{\"@id\":\"https:\\\/\\\/bladnanews.com\\\/truth-behind-algeria-star-theft-accusation-in-morocco\\\/\"},\"author\":{\"name\":\"Bladna Sports Desk\",\"@id\":\"https:\\\/\\\/mediumseagreen-eel-531711.hostingersite.com\\\/#\\\/schema\\\/person\\\/6712b38fabe810f7eb8d15ed30d90f1e\"},\"headline\":\"Truth behind Algeria star theft accusation in Morocco\",\"datePublished\":\"2026-01-06T17:28:56+00:00\",\"mainEntityOfPage\":{\"@id\":\"https:\\\/\\\/bladnanews.com\\\/truth-behind-algeria-star-theft-accusation-in-morocco\\\/\"},\"wordCount\":205,\"publisher\":{\"@id\":\"https:\\\/\\\/mediumseagreen-eel-531711.hostingersite.com\\\/#organization\"},\"image\":{\"@id\":\"https:\\\/\\\/bladnanews.com\\\/truth-behind-algeria-star-theft-accusation-in-morocco\\\/#primaryimage\"},\"thumbnailUrl\":\"https:\\\/\\\/bladnanews.com\\\/wp-content\\\/uploads\\\/2026\\\/01\\\/G9gz1mKWwAA_hjk.jpg.jpg\",\"articleSection\":[\"Latest News\",\"Morocco National Team\"],\"inLanguage\":\"fr-FR\",\"copyrightYear\":\"2026\",\"copyrightHolder\":{\"@id\":\"https:\\\/\\\/bladnanews.com\\\/fr\\\/#organization\"}},{\"@type\":\"WebPage\",\"@id\":\"https:\\\/\\\/bladnanews.com\\\/truth-behind-algeria-star-theft-accusation-in-morocco\\\/\",\"url\":\"https:\\\/\\\/bladnanews.com\\\/truth-behind-algeria-star-theft-accusation-in-morocco\\\/\",\"name\":\"Truth behind Algeria star theft accusation in Morocco - Bladna News\",\"isPartOf\":{\"@id\":\"https:\\\/\\\/mediumseagreen-eel-531711.hostingersite.com\\\/#website\"},\"primaryImageOfPage\":{\"@id\":\"https:\\\/\\\/bladnanews.com\\\/truth-behind-algeria-star-theft-accusation-in-morocco\\\/#primaryimage\"},\"image\":{\"@id\":\"https:\\\/\\\/bladnanews.com\\\/truth-behind-algeria-star-theft-accusation-in-morocco\\\/#primaryimage\"},\"thumbnailUrl\":\"https:\\\/\\\/bladnanews.com\\\/wp-content\\\/uploads\\\/2026\\\/01\\\/G9gz1mKWwAA_hjk.jpg.jpg\",\"datePublished\":\"2026-01-06T17:28:56+00:00\",\"breadcrumb\":{\"@id\":\"https:\\\/\\\/bladnanews.com\\\/truth-behind-algeria-star-theft-accusation-in-morocco\\\/#breadcrumb\"},\"inLanguage\":\"fr-FR\",\"potentialAction\":[{\"@type\":\"ReadAction\",\"target\":[\"https:\\\/\\\/bladnanews.com\\\/truth-behind-algeria-star-theft-accusation-in-morocco\\\/\"]}]},{\"@type\":\"ImageObject\",\"inLanguage\":\"fr-FR\",\"@id\":\"https:\\\/\\\/bladnanews.com\\\/truth-behind-algeria-star-theft-accusation-in-morocco\\\/#primaryimage\",\"url\":\"https:\\\/\\\/bladnanews.com\\\/wp-content\\\/uploads\\\/2026\\\/01\\\/G9gz1mKWwAA_hjk.jpg.jpg\",\"contentUrl\":\"https:\\\/\\\/bladnanews.com\\\/wp-content\\\/uploads\\\/2026\\\/01\\\/G9gz1mKWwAA_hjk.jpg.jpg\",\"width\":2560,\"height\":1440,\"caption\":\"Algerian players celebrate a goal during a match, with vibrant supporters in the background and a large \\\"GOAL\\\" display.\"},{\"@type\":\"BreadcrumbList\",\"@id\":\"https:\\\/\\\/bladnanews.com\\\/truth-behind-algeria-star-theft-accusation-in-morocco\\\/#breadcrumb\",\"itemListElement\":[{\"@type\":\"ListItem\",\"position\":1,\"name\":\"Home\",\"item\":\"https:\\\/\\\/bladnanews.com\\\/\"},{\"@type\":\"ListItem\",\"position\":2,\"name\":\"Truth behind Algeria star theft accusation in Morocco\"}]},{\"@type\":\"WebSite\",\"@id\":\"https:\\\/\\\/mediumseagreen-eel-531711.hostingersite.com\\\/#website\",\"url\":\"https:\\\/\\\/mediumseagreen-eel-531711.hostingersite.com\\\/\",\"name\":\"Bladna News - Morocco\",\"description\":\"Where Moroccan Football Meets the World\",\"publisher\":{\"@id\":\"https:\\\/\\\/mediumseagreen-eel-531711.hostingersite.com\\\/#organization\"},\"potentialAction\":[{\"@type\":\"SearchAction\",\"target\":{\"@type\":\"EntryPoint\",\"urlTemplate\":\"https:\\\/\\\/mediumseagreen-eel-531711.hostingersite.com\\\/?s={search_term_string}\"},\"query-input\":{\"@type\":\"PropertyValueSpecification\",\"valueRequired\":true,\"valueName\":\"search_term_string\"}}],\"inLanguage\":\"fr-FR\"},{\"@type\":\"Organization\",\"@id\":\"https:\\\/\\\/mediumseagreen-eel-531711.hostingersite.com\\\/#organization\",\"name\":\"Bladna News.com\",\"url\":\"https:\\\/\\\/mediumseagreen-eel-531711.hostingersite.com\\\/\",\"logo\":{\"@type\":\"ImageObject\",\"inLanguage\":\"fr-FR\",\"@id\":\"https:\\\/\\\/mediumseagreen-eel-531711.hostingersite.com\\\/#\\\/schema\\\/logo\\\/image\\\/\",\"url\":\"https:\\\/\\\/bladnanews.com\\\/wp-content\\\/uploads\\\/2025\\\/12\\\/logo-bladnanews-V2-web-black-red.png\",\"contentUrl\":\"https:\\\/\\\/bladnanews.com\\\/wp-content\\\/uploads\\\/2025\\\/12\\\/logo-bladnanews-V2-web-black-red.png\",\"width\":703,\"height\":287,\"caption\":\"Bladna News.com\"},\"image\":{\"@id\":\"https:\\\/\\\/mediumseagreen-eel-531711.hostingersite.com\\\/#\\\/schema\\\/logo\\\/image\\\/\"},\"email\":\"info@bladnanews.com\",\"legalName\":\"Bladna News\"},{\"@type\":\"Person\",\"@id\":\"https:\\\/\\\/mediumseagreen-eel-531711.hostingersite.com\\\/#\\\/schema\\\/person\\\/6712b38fabe810f7eb8d15ed30d90f1e\",\"name\":\"Bladna Sports Desk\",\"url\":\"https:\\\/\\\/bladnanews.com\\\/fr\\\/author\\\/bladna-sports-desk\\\/\"}]}<\/script>\n<!-- \/ Yoast SEO Premium plugin. -->","yoast_head_json":{"title":"La v\u00e9rit\u00e9 derri\u00e8re l'accusation de vol d'une star alg\u00e9rienne au Maroc - Bladna News","robots":{"index":"index","follow":"follow","max-snippet":"max-snippet:-1","max-image-preview":"max-image-preview:large","max-video-preview":"max-video-preview:-1"},"canonical":"https:\/\/bladnanews.com\/fr\/verite-derriere-laccusation-de-vol-detoile-algerienne-au-maroc\/","og_locale":"fr_FR","og_type":"article","og_title":"Truth behind Algeria star theft accusation in Morocco","og_description":"A video circulating on social media in recent hours has sparked wide debate, after it appeared to show an Algeria [&hellip;]","og_url":"https:\/\/bladnanews.com\/fr\/verite-derriere-laccusation-de-vol-detoile-algerienne-au-maroc\/","og_site_name":"Bladna News","article_published_time":"2026-01-06T17:28:56+00:00","og_image":[{"width":1312,"height":736,"url":"https:\/\/bladnanews.com\/wp-content\/uploads\/2025\/12\/freepik__bladna-newscom-moroccan-soccer-homepage-banner-mor__41838.png","type":"image\/png"}],"author":"Bladna Sports Desk","twitter_card":"summary_large_image","twitter_misc":{"\u00c9crit par":"Bladna Sports Desk","Dur\u00e9e de lecture estim\u00e9e":"1 minute"},"schema":{"@context":"https:\/\/schema.org","@graph":[{"@type":"Article","@id":"https:\/\/bladnanews.com\/truth-behind-algeria-star-theft-accusation-in-morocco\/#article","isPartOf":{"@id":"https:\/\/bladnanews.com\/truth-behind-algeria-star-theft-accusation-in-morocco\/"},"author":{"name":"Bladna Sports Desk","@id":"https:\/\/mediumseagreen-eel-531711.hostingersite.com\/#\/schema\/person\/6712b38fabe810f7eb8d15ed30d90f1e"},"headline":"Truth behind Algeria star theft accusation in Morocco","datePublished":"2026-01-06T17:28:56+00:00","mainEntityOfPage":{"@id":"https:\/\/bladnanews.com\/truth-behind-algeria-star-theft-accusation-in-morocco\/"},"wordCount":205,"publisher":{"@id":"https:\/\/mediumseagreen-eel-531711.hostingersite.com\/#organization"},"image":{"@id":"https:\/\/bladnanews.com\/truth-behind-algeria-star-theft-accusation-in-morocco\/#primaryimage"},"thumbnailUrl":"https:\/\/bladnanews.com\/wp-content\/uploads\/2026\/01\/G9gz1mKWwAA_hjk.jpg.jpg","articleSection":["Latest News","Morocco National Team"],"inLanguage":"fr-FR","copyrightYear":"2026","copyrightHolder":{"@id":"https:\/\/bladnanews.com\/fr\/#organization"}},{"@type":"WebPage","@id":"https:\/\/bladnanews.com\/truth-behind-algeria-star-theft-accusation-in-morocco\/","url":"https:\/\/bladnanews.com\/truth-behind-algeria-star-theft-accusation-in-morocco\/","name":"La v\u00e9rit\u00e9 derri\u00e8re l'accusation de vol d'une star alg\u00e9rienne au Maroc - Bladna News","isPartOf":{"@id":"https:\/\/mediumseagreen-eel-531711.hostingersite.com\/#website"},"primaryImageOfPage":{"@id":"https:\/\/bladnanews.com\/truth-behind-algeria-star-theft-accusation-in-morocco\/#primaryimage"},"image":{"@id":"https:\/\/bladnanews.com\/truth-behind-algeria-star-theft-accusation-in-morocco\/#primaryimage"},"thumbnailUrl":"https:\/\/bladnanews.com\/wp-content\/uploads\/2026\/01\/G9gz1mKWwAA_hjk.jpg.jpg","datePublished":"2026-01-06T17:28:56+00:00","breadcrumb":{"@id":"https:\/\/bladnanews.com\/truth-behind-algeria-star-theft-accusation-in-morocco\/#breadcrumb"},"inLanguage":"fr-FR","potentialAction":[{"@type":"ReadAction","target":["https:\/\/bladnanews.com\/truth-behind-algeria-star-theft-accusation-in-morocco\/"]}]},{"@type":"ImageObject","inLanguage":"fr-FR","@id":"https:\/\/bladnanews.com\/truth-behind-algeria-star-theft-accusation-in-morocco\/#primaryimage","url":"https:\/\/bladnanews.com\/wp-content\/uploads\/2026\/01\/G9gz1mKWwAA_hjk.jpg.jpg","contentUrl":"https:\/\/bladnanews.com\/wp-content\/uploads\/2026\/01\/G9gz1mKWwAA_hjk.jpg.jpg","width":2560,"height":1440,"caption":"Algerian players celebrate a goal during a match, with vibrant supporters in the background and a large \"GOAL\" display."},{"@type":"BreadcrumbList","@id":"https:\/\/bladnanews.com\/truth-behind-algeria-star-theft-accusation-in-morocco\/#breadcrumb","itemListElement":[{"@type":"ListItem","position":1,"name":"Home","item":"https:\/\/bladnanews.com\/"},{"@type":"ListItem","position":2,"name":"Truth behind Algeria star theft accusation in Morocco"}]},{"@type":"WebSite","@id":"https:\/\/mediumseagreen-eel-531711.hostingersite.com\/#website","url":"https:\/\/mediumseagreen-eel-531711.hostingersite.com\/","name":"Bladna News - Maroc","description":"Quand le football marocain rencontre le monde","publisher":{"@id":"https:\/\/mediumseagreen-eel-531711.hostingersite.com\/#organization"},"potentialAction":[{"@type":"SearchAction","target":{"@type":"EntryPoint","urlTemplate":"https:\/\/mediumseagreen-eel-531711.hostingersite.com\/?s={search_term_string}"},"query-input":{"@type":"PropertyValueSpecification","valueRequired":true,"valueName":"search_term_string"}}],"inLanguage":"fr-FR"},{"@type":"Organization","@id":"https:\/\/mediumseagreen-eel-531711.hostingersite.com\/#organization","name":"Bladna News.com","url":"https:\/\/mediumseagreen-eel-531711.hostingersite.com\/","logo":{"@type":"ImageObject","inLanguage":"fr-FR","@id":"https:\/\/mediumseagreen-eel-531711.hostingersite.com\/#\/schema\/logo\/image\/","url":"https:\/\/bladnanews.com\/wp-content\/uploads\/2025\/12\/logo-bladnanews-V2-web-black-red.png","contentUrl":"https:\/\/bladnanews.com\/wp-content\/uploads\/2025\/12\/logo-bladnanews-V2-web-black-red.png","width":703,"height":287,"caption":"Bladna News.com"},"image":{"@id":"https:\/\/mediumseagreen-eel-531711.hostingersite.com\/#\/schema\/logo\/image\/"},"email":"info@bladnanews.com","legalName":"Bladna News"},{"@type":"Person","@id":"https:\/\/mediumseagreen-eel-531711.hostingersite.com\/#\/schema\/person\/6712b38fabe810f7eb8d15ed30d90f1e","name":"Bladna Sports Desk","url":"https:\/\/bladnanews.com\/fr\/author\/bladna-sports-desk\/"}]}},"_links":{"self":[{"href":"https:\/\/bladnanews.com\/fr\/wp-json\/wp\/v2\/posts\/4515","targetHints":{"allow":["GET"]}}],"collection":[{"href":"https:\/\/bladnanews.com\/fr\/wp-json\/wp\/v2\/posts"}],"about":[{"href":"https:\/\/bladnanews.com\/fr\/wp-json\/wp\/v2\/types\/post"}],"author":[{"embeddable":true,"href":"https:\/\/bladnanews.com\/fr\/wp-json\/wp\/v2\/users\/4"}],"replies":[{"embeddable":true,"href":"https:\/\/bladnanews.com\/fr\/wp-json\/wp\/v2\/comments?post=4515"}],"version-history":[{"count":0,"href":"https:\/\/bladnanews.com\/fr\/wp-json\/wp\/v2\/posts\/4515\/revisions"}],"wp:featuredmedia":[{"embeddable":true,"href":"https:\/\/bladnanews.com\/fr\/wp-json\/wp\/v2\/media\/4514"}],"wp:attachment":[{"href":"https:\/\/bladnanews.com\/fr\/wp-json\/wp\/v2\/media?parent=4515"}],"wp:term":[{"taxonomy":"category","embeddable":true,"href":"https:\/\/bladnanews.com\/fr\/wp-json\/wp\/v2\/categories?post=4515"},{"taxonomy":"post_tag","embeddable":true,"href":"https:\/\/bladnanews.com\/fr\/wp-json\/wp\/v2\/tags?post=4515"}],"curies":[{"name":"wp","href":"https:\/\/api.w.org\/{rel}","templated":true}]}}