{"id":4534,"date":"2026-01-06T18:07:32","date_gmt":"2026-01-06T18:07:32","guid":{"rendered":"https:\/\/bladnanews.com\/zidane-returns-to-algeria-stands-for-luka-modric\/"},"modified":"2026-01-06T18:07:32","modified_gmt":"2026-01-06T18:07:32","slug":"zidane-retourne-en-algerie-pour-soutenir-luka-modric","status":"publish","type":"post","link":"https:\/\/bladnanews.com\/fr\/zidane-retourne-en-algerie-pour-soutenir-luka-modric\/","title":{"rendered":"Zidane revient dans les tribunes alg\u00e9riennes pour Luka Modric"},"content":{"rendered":"<p>Zinedine Zidane \u00e9tait de retour dans les tribunes en Alg\u00e9rie, continuant ainsi \u00e0 soutenir Luka Modri\u0107.<\/p>\n<p>L'ancien entra\u00eeneur du Real Madrid a assist\u00e9 au match amical entre <strong>l'Alg\u00e9rie<\/strong> et <strong>la Croatie<\/strong>, qui s'est d\u00e9roul\u00e9 au <strong>Stade Nelson-Mandela<\/strong> en <strong>\u00e0 Alger.<\/strong> le <strong>jeudi<\/strong>.<\/p>\n<p>La Croatie a remport\u00e9 le match <strong>3-0<\/strong>, Modri\u0107 ayant commenc\u00e9 la rencontre et jou\u00e9 un r\u00f4le cl\u00e9 au milieu de terrain.<\/p>\n<p>Zidane a suivi le match depuis les tribunes et a \u00e9t\u00e9 observ\u00e9 en train de regarder Modri\u0107 avec une attention particuli\u00e8re, un geste qui refl\u00e8te la relation forte entre les deux hommes, forg\u00e9e lors de leur p\u00e9riode commune au Real Madrid.<\/p>\n<p>Il s'agissait d'une nouvelle apparition de Zidane dans les stades alg\u00e9riens, lui qui s'y \u00e9tait d\u00e9j\u00e0 rendu auparavant pour assister \u00e0 des matches et \u00e9v\u00e9nements, compte tenu de ses origines familiales en Alg\u00e9rie.<\/p>","protected":false},"excerpt":{"rendered":"<p>Zinedine Zidane was back in the stands in Algeria, as he continues to support Luka Modric. The former Real Madrid [&hellip;]<\/p>\n","protected":false},"author":4,"featured_media":4533,"comment_status":"","ping_status":"open","sticky":false,"template":"","format":"standard","meta":{"googlesitekit_rrm_CAow_uzEDA:productID":"","site-sidebar-layout":"default","site-content-layout":"","ast-site-content-layout":"default","site-content-style":"default","site-sidebar-style":"default","ast-global-header-display":"","ast-banner-title-visibility":"","ast-main-header-display":"","ast-hfb-above-header-display":"","ast-hfb-below-header-display":"","ast-hfb-mobile-header-display":"","site-post-title":"","ast-breadcrumbs-content":"","ast-featured-img":"","footer-sml-layout":"","ast-disable-related-posts":"","theme-transparent-header-meta":"","adv-header-id-meta":"","stick-header-meta":"","header-above-stick-meta":"","header-main-stick-meta":"","header-below-stick-meta":"","astra-migrate-meta-layouts":"default","ast-page-background-enabled":"default","ast-page-background-meta":{"desktop":{"background-color":"var(--ast-global-color-5)","background-image":"","background-repeat":"repeat","background-position":"center center","background-size":"auto","background-attachment":"scroll","background-type":"","background-media":"","overlay-type":"","overlay-color":"","overlay-opacity":"","overlay-gradient":""},"tablet":{"background-color":"","background-image":"","background-repeat":"repeat","background-position":"center center","background-size":"auto","background-attachment":"scroll","background-type":"","background-media":"","overlay-type":"","overlay-color":"","overlay-opacity":"","overlay-gradient":""},"mobile":{"background-color":"","background-image":"","background-repeat":"repeat","background-position":"center center","background-size":"auto","background-attachment":"scroll","background-type":"","background-media":"","overlay-type":"","overlay-color":"","overlay-opacity":"","overlay-gradient":""}},"ast-content-background-meta":{"desktop":{"background-color":"var(--ast-global-color-4)","background-image":"","background-repeat":"repeat","background-position":"center center","background-size":"auto","background-attachment":"scroll","background-type":"","background-media":"","overlay-type":"","overlay-color":"","overlay-opacity":"","overlay-gradient":""},"tablet":{"background-color":"var(--ast-global-color-4)","background-image":"","background-repeat":"repeat","background-position":"center center","background-size":"auto","background-attachment":"scroll","background-type":"","background-media":"","overlay-type":"","overlay-color":"","overlay-opacity":"","overlay-gradient":""},"mobile":{"background-color":"var(--ast-global-color-4)","background-image":"","background-repeat":"repeat","background-position":"center center","background-size":"auto","background-attachment":"scroll","background-type":"","background-media":"","overlay-type":"","overlay-color":"","overlay-opacity":"","overlay-gradient":""}},"footnotes":""},"categories":[1,168],"tags":[],"class_list":["post-4534","post","type-post","status-publish","format-standard","has-post-thumbnail","hentry","category-football-latest-news","category-morocco-national-team"],"yoast_head":"<!-- This site is optimized with the Yoast SEO Premium plugin v26.6 (Yoast SEO v27.4) - https:\/\/yoast.com\/product\/yoast-seo-premium-wordpress\/ -->\n<title>Zidane returns to Algeria stands for Luka Modric - Bladna News<\/title>\n<meta name=\"robots\" content=\"index, follow, max-snippet:-1, max-image-preview:large, max-video-preview:-1\" \/>\n<link rel=\"canonical\" href=\"https:\/\/bladnanews.com\/fr\/zidane-retourne-en-algerie-pour-soutenir-luka-modric\/\" \/>\n<meta property=\"og:locale\" content=\"fr_FR\" \/>\n<meta property=\"og:type\" content=\"article\" \/>\n<meta property=\"og:title\" content=\"Zidane returns to Algeria stands for Luka Modric\" \/>\n<meta property=\"og:description\" content=\"Zinedine Zidane was back in the stands in Algeria, as he continues to support Luka Modric. The former Real Madrid [&hellip;]\" \/>\n<meta property=\"og:url\" content=\"https:\/\/bladnanews.com\/fr\/zidane-retourne-en-algerie-pour-soutenir-luka-modric\/\" \/>\n<meta property=\"og:site_name\" content=\"Bladna News\" \/>\n<meta property=\"article:published_time\" content=\"2026-01-06T18:07:32+00:00\" \/>\n<meta property=\"og:image\" content=\"https:\/\/bladnanews.com\/wp-content\/uploads\/2025\/12\/freepik__bladna-newscom-moroccan-soccer-homepage-banner-mor__41838.png\" \/>\n\t<meta property=\"og:image:width\" content=\"1312\" \/>\n\t<meta property=\"og:image:height\" content=\"736\" \/>\n\t<meta property=\"og:image:type\" content=\"image\/png\" \/>\n<meta name=\"author\" content=\"Bladna Sports Desk\" \/>\n<meta name=\"twitter:card\" content=\"summary_large_image\" \/>\n<meta name=\"twitter:label1\" content=\"\u00c9crit par\" \/>\n\t<meta name=\"twitter:data1\" content=\"Bladna Sports Desk\" \/>\n\t<meta name=\"twitter:label2\" content=\"Dur\u00e9e de lecture estim\u00e9e\" \/>\n\t<meta name=\"twitter:data2\" content=\"1 minute\" \/>\n<script type=\"application\/ld+json\" class=\"yoast-schema-graph\">{\"@context\":\"https:\\\/\\\/schema.org\",\"@graph\":[{\"@type\":\"Article\",\"@id\":\"https:\\\/\\\/bladnanews.com\\\/zidane-returns-to-algeria-stands-for-luka-modric\\\/#article\",\"isPartOf\":{\"@id\":\"https:\\\/\\\/bladnanews.com\\\/zidane-returns-to-algeria-stands-for-luka-modric\\\/\"},\"author\":{\"name\":\"Bladna Sports Desk\",\"@id\":\"https:\\\/\\\/mediumseagreen-eel-531711.hostingersite.com\\\/#\\\/schema\\\/person\\\/6712b38fabe810f7eb8d15ed30d90f1e\"},\"headline\":\"Zidane returns to Algeria stands for Luka Modric\",\"datePublished\":\"2026-01-06T18:07:32+00:00\",\"mainEntityOfPage\":{\"@id\":\"https:\\\/\\\/bladnanews.com\\\/zidane-returns-to-algeria-stands-for-luka-modric\\\/\"},\"wordCount\":121,\"publisher\":{\"@id\":\"https:\\\/\\\/mediumseagreen-eel-531711.hostingersite.com\\\/#organization\"},\"image\":{\"@id\":\"https:\\\/\\\/bladnanews.com\\\/zidane-returns-to-algeria-stands-for-luka-modric\\\/#primaryimage\"},\"thumbnailUrl\":\"https:\\\/\\\/bladnanews.com\\\/wp-content\\\/uploads\\\/2026\\\/01\\\/GettyImages-2254307992.jpg.jpg\",\"articleSection\":[\"Latest News\",\"Morocco National Team\"],\"inLanguage\":\"fr-FR\",\"copyrightYear\":\"2026\",\"copyrightHolder\":{\"@id\":\"https:\\\/\\\/bladnanews.com\\\/fr\\\/#organization\"}},{\"@type\":\"WebPage\",\"@id\":\"https:\\\/\\\/bladnanews.com\\\/zidane-returns-to-algeria-stands-for-luka-modric\\\/\",\"url\":\"https:\\\/\\\/bladnanews.com\\\/zidane-returns-to-algeria-stands-for-luka-modric\\\/\",\"name\":\"Zidane returns to Algeria stands for Luka Modric - Bladna News\",\"isPartOf\":{\"@id\":\"https:\\\/\\\/mediumseagreen-eel-531711.hostingersite.com\\\/#website\"},\"primaryImageOfPage\":{\"@id\":\"https:\\\/\\\/bladnanews.com\\\/zidane-returns-to-algeria-stands-for-luka-modric\\\/#primaryimage\"},\"image\":{\"@id\":\"https:\\\/\\\/bladnanews.com\\\/zidane-returns-to-algeria-stands-for-luka-modric\\\/#primaryimage\"},\"thumbnailUrl\":\"https:\\\/\\\/bladnanews.com\\\/wp-content\\\/uploads\\\/2026\\\/01\\\/GettyImages-2254307992.jpg.jpg\",\"datePublished\":\"2026-01-06T18:07:32+00:00\",\"breadcrumb\":{\"@id\":\"https:\\\/\\\/bladnanews.com\\\/zidane-returns-to-algeria-stands-for-luka-modric\\\/#breadcrumb\"},\"inLanguage\":\"fr-FR\",\"potentialAction\":[{\"@type\":\"ReadAction\",\"target\":[\"https:\\\/\\\/bladnanews.com\\\/zidane-returns-to-algeria-stands-for-luka-modric\\\/\"]}]},{\"@type\":\"ImageObject\",\"inLanguage\":\"fr-FR\",\"@id\":\"https:\\\/\\\/bladnanews.com\\\/zidane-returns-to-algeria-stands-for-luka-modric\\\/#primaryimage\",\"url\":\"https:\\\/\\\/bladnanews.com\\\/wp-content\\\/uploads\\\/2026\\\/01\\\/GettyImages-2254307992.jpg.jpg\",\"contentUrl\":\"https:\\\/\\\/bladnanews.com\\\/wp-content\\\/uploads\\\/2026\\\/01\\\/GettyImages-2254307992.jpg.jpg\",\"width\":2560,\"height\":1440,\"caption\":\"Two spectators watch intently from a stadium VIP box, a man in a black Y-3 cap and glasses, and a woman in a green patterned blouse.\"},{\"@type\":\"BreadcrumbList\",\"@id\":\"https:\\\/\\\/bladnanews.com\\\/zidane-returns-to-algeria-stands-for-luka-modric\\\/#breadcrumb\",\"itemListElement\":[{\"@type\":\"ListItem\",\"position\":1,\"name\":\"Home\",\"item\":\"https:\\\/\\\/bladnanews.com\\\/\"},{\"@type\":\"ListItem\",\"position\":2,\"name\":\"Zidane returns to Algeria stands for Luka Modric\"}]},{\"@type\":\"WebSite\",\"@id\":\"https:\\\/\\\/mediumseagreen-eel-531711.hostingersite.com\\\/#website\",\"url\":\"https:\\\/\\\/mediumseagreen-eel-531711.hostingersite.com\\\/\",\"name\":\"Bladna News - Morocco\",\"description\":\"Where Moroccan Football Meets the World\",\"publisher\":{\"@id\":\"https:\\\/\\\/mediumseagreen-eel-531711.hostingersite.com\\\/#organization\"},\"potentialAction\":[{\"@type\":\"SearchAction\",\"target\":{\"@type\":\"EntryPoint\",\"urlTemplate\":\"https:\\\/\\\/mediumseagreen-eel-531711.hostingersite.com\\\/?s={search_term_string}\"},\"query-input\":{\"@type\":\"PropertyValueSpecification\",\"valueRequired\":true,\"valueName\":\"search_term_string\"}}],\"inLanguage\":\"fr-FR\"},{\"@type\":\"Organization\",\"@id\":\"https:\\\/\\\/mediumseagreen-eel-531711.hostingersite.com\\\/#organization\",\"name\":\"Bladna News.com\",\"url\":\"https:\\\/\\\/mediumseagreen-eel-531711.hostingersite.com\\\/\",\"logo\":{\"@type\":\"ImageObject\",\"inLanguage\":\"fr-FR\",\"@id\":\"https:\\\/\\\/mediumseagreen-eel-531711.hostingersite.com\\\/#\\\/schema\\\/logo\\\/image\\\/\",\"url\":\"https:\\\/\\\/bladnanews.com\\\/wp-content\\\/uploads\\\/2025\\\/12\\\/logo-bladnanews-V2-web-black-red.png\",\"contentUrl\":\"https:\\\/\\\/bladnanews.com\\\/wp-content\\\/uploads\\\/2025\\\/12\\\/logo-bladnanews-V2-web-black-red.png\",\"width\":703,\"height\":287,\"caption\":\"Bladna News.com\"},\"image\":{\"@id\":\"https:\\\/\\\/mediumseagreen-eel-531711.hostingersite.com\\\/#\\\/schema\\\/logo\\\/image\\\/\"},\"email\":\"info@bladnanews.com\",\"legalName\":\"Bladna News\"},{\"@type\":\"Person\",\"@id\":\"https:\\\/\\\/mediumseagreen-eel-531711.hostingersite.com\\\/#\\\/schema\\\/person\\\/6712b38fabe810f7eb8d15ed30d90f1e\",\"name\":\"Bladna Sports Desk\",\"url\":\"https:\\\/\\\/bladnanews.com\\\/fr\\\/author\\\/bladna-sports-desk\\\/\"}]}<\/script>\n<!-- \/ Yoast SEO Premium plugin. -->","yoast_head_json":{"title":"Zidane retourne en Alg\u00e9rie repr\u00e9sente Luka Modri\u0107 - Bladna News","robots":{"index":"index","follow":"follow","max-snippet":"max-snippet:-1","max-image-preview":"max-image-preview:large","max-video-preview":"max-video-preview:-1"},"canonical":"https:\/\/bladnanews.com\/fr\/zidane-retourne-en-algerie-pour-soutenir-luka-modric\/","og_locale":"fr_FR","og_type":"article","og_title":"Zidane returns to Algeria stands for Luka Modric","og_description":"Zinedine Zidane was back in the stands in Algeria, as he continues to support Luka Modric. The former Real Madrid [&hellip;]","og_url":"https:\/\/bladnanews.com\/fr\/zidane-retourne-en-algerie-pour-soutenir-luka-modric\/","og_site_name":"Bladna News","article_published_time":"2026-01-06T18:07:32+00:00","og_image":[{"width":1312,"height":736,"url":"https:\/\/bladnanews.com\/wp-content\/uploads\/2025\/12\/freepik__bladna-newscom-moroccan-soccer-homepage-banner-mor__41838.png","type":"image\/png"}],"author":"Bladna Sports Desk","twitter_card":"summary_large_image","twitter_misc":{"\u00c9crit par":"Bladna Sports Desk","Dur\u00e9e de lecture estim\u00e9e":"1 minute"},"schema":{"@context":"https:\/\/schema.org","@graph":[{"@type":"Article","@id":"https:\/\/bladnanews.com\/zidane-returns-to-algeria-stands-for-luka-modric\/#article","isPartOf":{"@id":"https:\/\/bladnanews.com\/zidane-returns-to-algeria-stands-for-luka-modric\/"},"author":{"name":"Bladna Sports Desk","@id":"https:\/\/mediumseagreen-eel-531711.hostingersite.com\/#\/schema\/person\/6712b38fabe810f7eb8d15ed30d90f1e"},"headline":"Zidane returns to Algeria stands for Luka Modric","datePublished":"2026-01-06T18:07:32+00:00","mainEntityOfPage":{"@id":"https:\/\/bladnanews.com\/zidane-returns-to-algeria-stands-for-luka-modric\/"},"wordCount":121,"publisher":{"@id":"https:\/\/mediumseagreen-eel-531711.hostingersite.com\/#organization"},"image":{"@id":"https:\/\/bladnanews.com\/zidane-returns-to-algeria-stands-for-luka-modric\/#primaryimage"},"thumbnailUrl":"https:\/\/bladnanews.com\/wp-content\/uploads\/2026\/01\/GettyImages-2254307992.jpg.jpg","articleSection":["Latest News","Morocco National Team"],"inLanguage":"fr-FR","copyrightYear":"2026","copyrightHolder":{"@id":"https:\/\/bladnanews.com\/fr\/#organization"}},{"@type":"WebPage","@id":"https:\/\/bladnanews.com\/zidane-returns-to-algeria-stands-for-luka-modric\/","url":"https:\/\/bladnanews.com\/zidane-returns-to-algeria-stands-for-luka-modric\/","name":"Zidane retourne en Alg\u00e9rie repr\u00e9sente Luka Modri\u0107 - Bladna News","isPartOf":{"@id":"https:\/\/mediumseagreen-eel-531711.hostingersite.com\/#website"},"primaryImageOfPage":{"@id":"https:\/\/bladnanews.com\/zidane-returns-to-algeria-stands-for-luka-modric\/#primaryimage"},"image":{"@id":"https:\/\/bladnanews.com\/zidane-returns-to-algeria-stands-for-luka-modric\/#primaryimage"},"thumbnailUrl":"https:\/\/bladnanews.com\/wp-content\/uploads\/2026\/01\/GettyImages-2254307992.jpg.jpg","datePublished":"2026-01-06T18:07:32+00:00","breadcrumb":{"@id":"https:\/\/bladnanews.com\/zidane-returns-to-algeria-stands-for-luka-modric\/#breadcrumb"},"inLanguage":"fr-FR","potentialAction":[{"@type":"ReadAction","target":["https:\/\/bladnanews.com\/zidane-returns-to-algeria-stands-for-luka-modric\/"]}]},{"@type":"ImageObject","inLanguage":"fr-FR","@id":"https:\/\/bladnanews.com\/zidane-returns-to-algeria-stands-for-luka-modric\/#primaryimage","url":"https:\/\/bladnanews.com\/wp-content\/uploads\/2026\/01\/GettyImages-2254307992.jpg.jpg","contentUrl":"https:\/\/bladnanews.com\/wp-content\/uploads\/2026\/01\/GettyImages-2254307992.jpg.jpg","width":2560,"height":1440,"caption":"Two spectators watch intently from a stadium VIP box, a man in a black Y-3 cap and glasses, and a woman in a green patterned blouse."},{"@type":"BreadcrumbList","@id":"https:\/\/bladnanews.com\/zidane-returns-to-algeria-stands-for-luka-modric\/#breadcrumb","itemListElement":[{"@type":"ListItem","position":1,"name":"Home","item":"https:\/\/bladnanews.com\/"},{"@type":"ListItem","position":2,"name":"Zidane returns to Algeria stands for Luka Modric"}]},{"@type":"WebSite","@id":"https:\/\/mediumseagreen-eel-531711.hostingersite.com\/#website","url":"https:\/\/mediumseagreen-eel-531711.hostingersite.com\/","name":"Bladna News - Maroc","description":"Quand le football marocain rencontre le monde","publisher":{"@id":"https:\/\/mediumseagreen-eel-531711.hostingersite.com\/#organization"},"potentialAction":[{"@type":"SearchAction","target":{"@type":"EntryPoint","urlTemplate":"https:\/\/mediumseagreen-eel-531711.hostingersite.com\/?s={search_term_string}"},"query-input":{"@type":"PropertyValueSpecification","valueRequired":true,"valueName":"search_term_string"}}],"inLanguage":"fr-FR"},{"@type":"Organization","@id":"https:\/\/mediumseagreen-eel-531711.hostingersite.com\/#organization","name":"Bladna News.com","url":"https:\/\/mediumseagreen-eel-531711.hostingersite.com\/","logo":{"@type":"ImageObject","inLanguage":"fr-FR","@id":"https:\/\/mediumseagreen-eel-531711.hostingersite.com\/#\/schema\/logo\/image\/","url":"https:\/\/bladnanews.com\/wp-content\/uploads\/2025\/12\/logo-bladnanews-V2-web-black-red.png","contentUrl":"https:\/\/bladnanews.com\/wp-content\/uploads\/2025\/12\/logo-bladnanews-V2-web-black-red.png","width":703,"height":287,"caption":"Bladna News.com"},"image":{"@id":"https:\/\/mediumseagreen-eel-531711.hostingersite.com\/#\/schema\/logo\/image\/"},"email":"info@bladnanews.com","legalName":"Bladna News"},{"@type":"Person","@id":"https:\/\/mediumseagreen-eel-531711.hostingersite.com\/#\/schema\/person\/6712b38fabe810f7eb8d15ed30d90f1e","name":"Bladna Sports Desk","url":"https:\/\/bladnanews.com\/fr\/author\/bladna-sports-desk\/"}]}},"_links":{"self":[{"href":"https:\/\/bladnanews.com\/fr\/wp-json\/wp\/v2\/posts\/4534","targetHints":{"allow":["GET"]}}],"collection":[{"href":"https:\/\/bladnanews.com\/fr\/wp-json\/wp\/v2\/posts"}],"about":[{"href":"https:\/\/bladnanews.com\/fr\/wp-json\/wp\/v2\/types\/post"}],"author":[{"embeddable":true,"href":"https:\/\/bladnanews.com\/fr\/wp-json\/wp\/v2\/users\/4"}],"replies":[{"embeddable":true,"href":"https:\/\/bladnanews.com\/fr\/wp-json\/wp\/v2\/comments?post=4534"}],"version-history":[{"count":0,"href":"https:\/\/bladnanews.com\/fr\/wp-json\/wp\/v2\/posts\/4534\/revisions"}],"wp:featuredmedia":[{"embeddable":true,"href":"https:\/\/bladnanews.com\/fr\/wp-json\/wp\/v2\/media\/4533"}],"wp:attachment":[{"href":"https:\/\/bladnanews.com\/fr\/wp-json\/wp\/v2\/media?parent=4534"}],"wp:term":[{"taxonomy":"category","embeddable":true,"href":"https:\/\/bladnanews.com\/fr\/wp-json\/wp\/v2\/categories?post=4534"},{"taxonomy":"post_tag","embeddable":true,"href":"https:\/\/bladnanews.com\/fr\/wp-json\/wp\/v2\/tags?post=4534"}],"curies":[{"name":"wp","href":"https:\/\/api.w.org\/{rel}","templated":true}]}}