{"id":4590,"date":"2026-01-06T13:09:03","date_gmt":"2026-01-06T13:09:03","guid":{"rendered":"https:\/\/bladnanews.com\/maddy-cusack-family-accuse-sheffield-united-of-inquest-delay\/"},"modified":"2026-01-06T13:09:03","modified_gmt":"2026-01-06T13:09:03","slug":"la-famille-de-maddy-cusack-accuse-sheffield-united-de-retard-dans-lenquete","status":"publish","type":"post","link":"https:\/\/bladnanews.com\/fr\/la-famille-de-maddy-cusack-accuse-sheffield-united-de-retard-dans-lenquete\/","title":{"rendered":"La famille de Maddy Cusack accuse Sheffield United de retard dans l'enqu\u00eate"},"content":{"rendered":"<p>La famille de Maddy Cusack a accus\u00e9 Sheffield United d'avoir caus\u00e9 un retard \u201c inacceptable \u201d dans l'enqu\u00eate sur sa mort.<\/p>\n<p>Cusack, \u00e2g\u00e9e de 27 ans, est d\u00e9c\u00e9d\u00e9e en septembre 2023. Sheffield United l'avait alors d\u00e9crite comme \u201c un membre extr\u00eamement populaire de la famille Sheffield United \u201d, tandis que le club et l'\u00e9quipe f\u00e9minine lui avaient rendu hommage apr\u00e8s l'annonce de la nouvelle.<\/p>\n<p>D\u00e9sormais, sa famille affirme que la proc\u00e9dure l\u00e9gale a \u00e9t\u00e9 retard\u00e9e et pointe du doigt le club. Elle estime que l'enqu\u00eate n'a pas progress\u00e9 comme elle aurait d\u00fb et qualifie la situation \u201c d'inacceptable \u201d.<\/p>\n<p>Il a \u00e9galement \u00e9t\u00e9 r\u00e9v\u00e9l\u00e9 que la famille de Cusack s'est inqui\u00e9t\u00e9e du temps n\u00e9cessaire pour faire avancer les d\u00e9marches, ce retard \u00e9tant devenu un probl\u00e8me central dans sa plainte publique.<\/p>\n<p>Sheffield United a \u00e9t\u00e9 contact\u00e9 pour commentaire.<\/p>","protected":false},"excerpt":{"rendered":"<p>The family of Maddy Cusack have accused Sheffield United of causing an \u201cunacceptable\u201d delay to the inquest into her death. [&hellip;]<\/p>\n","protected":false},"author":3,"featured_media":4589,"comment_status":"","ping_status":"open","sticky":false,"template":"","format":"standard","meta":{"googlesitekit_rrm_CAow_uzEDA:productID":"","site-sidebar-layout":"default","site-content-layout":"","ast-site-content-layout":"default","site-content-style":"default","site-sidebar-style":"default","ast-global-header-display":"","ast-banner-title-visibility":"","ast-main-header-display":"","ast-hfb-above-header-display":"","ast-hfb-below-header-display":"","ast-hfb-mobile-header-display":"","site-post-title":"","ast-breadcrumbs-content":"","ast-featured-img":"","footer-sml-layout":"","ast-disable-related-posts":"","theme-transparent-header-meta":"","adv-header-id-meta":"","stick-header-meta":"","header-above-stick-meta":"","header-main-stick-meta":"","header-below-stick-meta":"","astra-migrate-meta-layouts":"default","ast-page-background-enabled":"default","ast-page-background-meta":{"desktop":{"background-color":"var(--ast-global-color-5)","background-image":"","background-repeat":"repeat","background-position":"center center","background-size":"auto","background-attachment":"scroll","background-type":"","background-media":"","overlay-type":"","overlay-color":"","overlay-opacity":"","overlay-gradient":""},"tablet":{"background-color":"","background-image":"","background-repeat":"repeat","background-position":"center center","background-size":"auto","background-attachment":"scroll","background-type":"","background-media":"","overlay-type":"","overlay-color":"","overlay-opacity":"","overlay-gradient":""},"mobile":{"background-color":"","background-image":"","background-repeat":"repeat","background-position":"center center","background-size":"auto","background-attachment":"scroll","background-type":"","background-media":"","overlay-type":"","overlay-color":"","overlay-opacity":"","overlay-gradient":""}},"ast-content-background-meta":{"desktop":{"background-color":"var(--ast-global-color-4)","background-image":"","background-repeat":"repeat","background-position":"center center","background-size":"auto","background-attachment":"scroll","background-type":"","background-media":"","overlay-type":"","overlay-color":"","overlay-opacity":"","overlay-gradient":""},"tablet":{"background-color":"var(--ast-global-color-4)","background-image":"","background-repeat":"repeat","background-position":"center center","background-size":"auto","background-attachment":"scroll","background-type":"","background-media":"","overlay-type":"","overlay-color":"","overlay-opacity":"","overlay-gradient":""},"mobile":{"background-color":"var(--ast-global-color-4)","background-image":"","background-repeat":"repeat","background-position":"center center","background-size":"auto","background-attachment":"scroll","background-type":"","background-media":"","overlay-type":"","overlay-color":"","overlay-opacity":"","overlay-gradient":""}},"footnotes":""},"categories":[20,1],"tags":[],"class_list":["post-4590","post","type-post","status-publish","format-standard","has-post-thumbnail","hentry","category-international","category-football-latest-news"],"yoast_head":"<!-- This site is optimized with the Yoast SEO Premium plugin v26.6 (Yoast SEO v27.5) - https:\/\/yoast.com\/product\/yoast-seo-premium-wordpress\/ -->\n<title>Maddy Cusack family accuse Sheffield United of inquest delay - Bladna News<\/title>\n<meta name=\"robots\" content=\"index, follow, max-snippet:-1, max-image-preview:large, max-video-preview:-1\" \/>\n<link rel=\"canonical\" href=\"https:\/\/bladnanews.com\/fr\/la-famille-de-maddy-cusack-accuse-sheffield-united-de-retard-dans-lenquete\/\" \/>\n<meta property=\"og:locale\" content=\"fr_FR\" \/>\n<meta property=\"og:type\" content=\"article\" \/>\n<meta property=\"og:title\" content=\"Maddy Cusack family accuse Sheffield United of inquest delay\" \/>\n<meta property=\"og:description\" content=\"The family of Maddy Cusack have accused Sheffield United of causing an \u201cunacceptable\u201d delay to the inquest into her death. [&hellip;]\" \/>\n<meta property=\"og:url\" content=\"https:\/\/bladnanews.com\/fr\/la-famille-de-maddy-cusack-accuse-sheffield-united-de-retard-dans-lenquete\/\" \/>\n<meta property=\"og:site_name\" content=\"Bladna News\" \/>\n<meta property=\"article:published_time\" content=\"2026-01-06T13:09:03+00:00\" \/>\n<meta property=\"og:image\" content=\"https:\/\/bladnanews.com\/wp-content\/uploads\/2025\/12\/freepik__bladna-newscom-moroccan-soccer-homepage-banner-mor__41838.png\" \/>\n\t<meta property=\"og:image:width\" content=\"1312\" \/>\n\t<meta property=\"og:image:height\" content=\"736\" \/>\n\t<meta property=\"og:image:type\" content=\"image\/png\" \/>\n<meta name=\"author\" content=\"Bladna News Staff\" \/>\n<meta name=\"twitter:card\" content=\"summary_large_image\" \/>\n<meta name=\"twitter:label1\" content=\"\u00c9crit par\" \/>\n\t<meta name=\"twitter:data1\" content=\"Bladna News Staff\" \/>\n\t<meta name=\"twitter:label2\" content=\"Dur\u00e9e de lecture estim\u00e9e\" \/>\n\t<meta name=\"twitter:data2\" content=\"1 minute\" \/>\n<script type=\"application\/ld+json\" class=\"yoast-schema-graph\">{\"@context\":\"https:\\\/\\\/schema.org\",\"@graph\":[{\"@type\":\"Article\",\"@id\":\"https:\\\/\\\/bladnanews.com\\\/maddy-cusack-family-accuse-sheffield-united-of-inquest-delay\\\/#article\",\"isPartOf\":{\"@id\":\"https:\\\/\\\/bladnanews.com\\\/maddy-cusack-family-accuse-sheffield-united-of-inquest-delay\\\/\"},\"author\":{\"name\":\"Bladna News Staff\",\"@id\":\"https:\\\/\\\/mediumseagreen-eel-531711.hostingersite.com\\\/#\\\/schema\\\/person\\\/268e18a453ab080ebf76df6ef7845083\"},\"headline\":\"Maddy Cusack family accuse Sheffield United of inquest delay\",\"datePublished\":\"2026-01-06T13:09:03+00:00\",\"mainEntityOfPage\":{\"@id\":\"https:\\\/\\\/bladnanews.com\\\/maddy-cusack-family-accuse-sheffield-united-of-inquest-delay\\\/\"},\"wordCount\":142,\"publisher\":{\"@id\":\"https:\\\/\\\/mediumseagreen-eel-531711.hostingersite.com\\\/#organization\"},\"image\":{\"@id\":\"https:\\\/\\\/bladnanews.com\\\/maddy-cusack-family-accuse-sheffield-united-of-inquest-delay\\\/#primaryimage\"},\"thumbnailUrl\":\"https:\\\/\\\/bladnanews.com\\\/wp-content\\\/uploads\\\/2026\\\/01\\\/BladnaNews-Maddy-Cusack-family-accuse-Sheffield-United-of-inquest-delay-2026-01-06T210955.880Z.jpg\",\"articleSection\":[\"International\",\"Latest News\"],\"inLanguage\":\"fr-FR\",\"copyrightYear\":\"2026\",\"copyrightHolder\":{\"@id\":\"https:\\\/\\\/bladnanews.com\\\/fr\\\/#organization\"}},{\"@type\":\"WebPage\",\"@id\":\"https:\\\/\\\/bladnanews.com\\\/maddy-cusack-family-accuse-sheffield-united-of-inquest-delay\\\/\",\"url\":\"https:\\\/\\\/bladnanews.com\\\/maddy-cusack-family-accuse-sheffield-united-of-inquest-delay\\\/\",\"name\":\"Maddy Cusack family accuse Sheffield United of inquest delay - Bladna News\",\"isPartOf\":{\"@id\":\"https:\\\/\\\/mediumseagreen-eel-531711.hostingersite.com\\\/#website\"},\"primaryImageOfPage\":{\"@id\":\"https:\\\/\\\/bladnanews.com\\\/maddy-cusack-family-accuse-sheffield-united-of-inquest-delay\\\/#primaryimage\"},\"image\":{\"@id\":\"https:\\\/\\\/bladnanews.com\\\/maddy-cusack-family-accuse-sheffield-united-of-inquest-delay\\\/#primaryimage\"},\"thumbnailUrl\":\"https:\\\/\\\/bladnanews.com\\\/wp-content\\\/uploads\\\/2026\\\/01\\\/BladnaNews-Maddy-Cusack-family-accuse-Sheffield-United-of-inquest-delay-2026-01-06T210955.880Z.jpg\",\"datePublished\":\"2026-01-06T13:09:03+00:00\",\"breadcrumb\":{\"@id\":\"https:\\\/\\\/bladnanews.com\\\/maddy-cusack-family-accuse-sheffield-united-of-inquest-delay\\\/#breadcrumb\"},\"inLanguage\":\"fr-FR\",\"potentialAction\":[{\"@type\":\"ReadAction\",\"target\":[\"https:\\\/\\\/bladnanews.com\\\/maddy-cusack-family-accuse-sheffield-united-of-inquest-delay\\\/\"]}]},{\"@type\":\"ImageObject\",\"inLanguage\":\"fr-FR\",\"@id\":\"https:\\\/\\\/bladnanews.com\\\/maddy-cusack-family-accuse-sheffield-united-of-inquest-delay\\\/#primaryimage\",\"url\":\"https:\\\/\\\/bladnanews.com\\\/wp-content\\\/uploads\\\/2026\\\/01\\\/BladnaNews-Maddy-Cusack-family-accuse-Sheffield-United-of-inquest-delay-2026-01-06T210955.880Z.jpg\",\"contentUrl\":\"https:\\\/\\\/bladnanews.com\\\/wp-content\\\/uploads\\\/2026\\\/01\\\/BladnaNews-Maddy-Cusack-family-accuse-Sheffield-United-of-inquest-delay-2026-01-06T210955.880Z.jpg\",\"width\":1600,\"height\":900,\"caption\":\"Maddy Cusack in a black Sheffield United kit with poppy emblem, focused on the pitch during a match, showcasing determination.\"},{\"@type\":\"BreadcrumbList\",\"@id\":\"https:\\\/\\\/bladnanews.com\\\/maddy-cusack-family-accuse-sheffield-united-of-inquest-delay\\\/#breadcrumb\",\"itemListElement\":[{\"@type\":\"ListItem\",\"position\":1,\"name\":\"Home\",\"item\":\"https:\\\/\\\/bladnanews.com\\\/\"},{\"@type\":\"ListItem\",\"position\":2,\"name\":\"Maddy Cusack family accuse Sheffield United of inquest delay\"}]},{\"@type\":\"WebSite\",\"@id\":\"https:\\\/\\\/mediumseagreen-eel-531711.hostingersite.com\\\/#website\",\"url\":\"https:\\\/\\\/mediumseagreen-eel-531711.hostingersite.com\\\/\",\"name\":\"Bladna News - Morocco\",\"description\":\"Where Moroccan Football Meets the World\",\"publisher\":{\"@id\":\"https:\\\/\\\/mediumseagreen-eel-531711.hostingersite.com\\\/#organization\"},\"potentialAction\":[{\"@type\":\"SearchAction\",\"target\":{\"@type\":\"EntryPoint\",\"urlTemplate\":\"https:\\\/\\\/mediumseagreen-eel-531711.hostingersite.com\\\/?s={search_term_string}\"},\"query-input\":{\"@type\":\"PropertyValueSpecification\",\"valueRequired\":true,\"valueName\":\"search_term_string\"}}],\"inLanguage\":\"fr-FR\"},{\"@type\":\"Organization\",\"@id\":\"https:\\\/\\\/mediumseagreen-eel-531711.hostingersite.com\\\/#organization\",\"name\":\"Bladna News.com\",\"url\":\"https:\\\/\\\/mediumseagreen-eel-531711.hostingersite.com\\\/\",\"logo\":{\"@type\":\"ImageObject\",\"inLanguage\":\"fr-FR\",\"@id\":\"https:\\\/\\\/mediumseagreen-eel-531711.hostingersite.com\\\/#\\\/schema\\\/logo\\\/image\\\/\",\"url\":\"https:\\\/\\\/bladnanews.com\\\/wp-content\\\/uploads\\\/2025\\\/12\\\/logo-bladnanews-V2-web-black-red.png\",\"contentUrl\":\"https:\\\/\\\/bladnanews.com\\\/wp-content\\\/uploads\\\/2025\\\/12\\\/logo-bladnanews-V2-web-black-red.png\",\"width\":703,\"height\":287,\"caption\":\"Bladna News.com\"},\"image\":{\"@id\":\"https:\\\/\\\/mediumseagreen-eel-531711.hostingersite.com\\\/#\\\/schema\\\/logo\\\/image\\\/\"},\"email\":\"info@bladnanews.com\",\"legalName\":\"Bladna News\"},{\"@type\":\"Person\",\"@id\":\"https:\\\/\\\/mediumseagreen-eel-531711.hostingersite.com\\\/#\\\/schema\\\/person\\\/268e18a453ab080ebf76df6ef7845083\",\"name\":\"Bladna News Staff\",\"url\":\"https:\\\/\\\/bladnanews.com\\\/fr\\\/author\\\/bladna-news-staff\\\/\"}]}<\/script>\n<!-- \/ Yoast SEO Premium plugin. -->","yoast_head_json":{"title":"La famille de Maddy Cusack accuse Sheffield United de retard dans l'enqu\u00eate - Bladna News","robots":{"index":"index","follow":"follow","max-snippet":"max-snippet:-1","max-image-preview":"max-image-preview:large","max-video-preview":"max-video-preview:-1"},"canonical":"https:\/\/bladnanews.com\/fr\/la-famille-de-maddy-cusack-accuse-sheffield-united-de-retard-dans-lenquete\/","og_locale":"fr_FR","og_type":"article","og_title":"Maddy Cusack family accuse Sheffield United of inquest delay","og_description":"The family of Maddy Cusack have accused Sheffield United of causing an \u201cunacceptable\u201d delay to the inquest into her death. [&hellip;]","og_url":"https:\/\/bladnanews.com\/fr\/la-famille-de-maddy-cusack-accuse-sheffield-united-de-retard-dans-lenquete\/","og_site_name":"Bladna News","article_published_time":"2026-01-06T13:09:03+00:00","og_image":[{"width":1312,"height":736,"url":"https:\/\/bladnanews.com\/wp-content\/uploads\/2025\/12\/freepik__bladna-newscom-moroccan-soccer-homepage-banner-mor__41838.png","type":"image\/png"}],"author":"Bladna News Staff","twitter_card":"summary_large_image","twitter_misc":{"\u00c9crit par":"Bladna News Staff","Dur\u00e9e de lecture estim\u00e9e":"1 minute"},"schema":{"@context":"https:\/\/schema.org","@graph":[{"@type":"Article","@id":"https:\/\/bladnanews.com\/maddy-cusack-family-accuse-sheffield-united-of-inquest-delay\/#article","isPartOf":{"@id":"https:\/\/bladnanews.com\/maddy-cusack-family-accuse-sheffield-united-of-inquest-delay\/"},"author":{"name":"Bladna News Staff","@id":"https:\/\/mediumseagreen-eel-531711.hostingersite.com\/#\/schema\/person\/268e18a453ab080ebf76df6ef7845083"},"headline":"Maddy Cusack family accuse Sheffield United of inquest delay","datePublished":"2026-01-06T13:09:03+00:00","mainEntityOfPage":{"@id":"https:\/\/bladnanews.com\/maddy-cusack-family-accuse-sheffield-united-of-inquest-delay\/"},"wordCount":142,"publisher":{"@id":"https:\/\/mediumseagreen-eel-531711.hostingersite.com\/#organization"},"image":{"@id":"https:\/\/bladnanews.com\/maddy-cusack-family-accuse-sheffield-united-of-inquest-delay\/#primaryimage"},"thumbnailUrl":"https:\/\/bladnanews.com\/wp-content\/uploads\/2026\/01\/BladnaNews-Maddy-Cusack-family-accuse-Sheffield-United-of-inquest-delay-2026-01-06T210955.880Z.jpg","articleSection":["International","Latest News"],"inLanguage":"fr-FR","copyrightYear":"2026","copyrightHolder":{"@id":"https:\/\/bladnanews.com\/fr\/#organization"}},{"@type":"WebPage","@id":"https:\/\/bladnanews.com\/maddy-cusack-family-accuse-sheffield-united-of-inquest-delay\/","url":"https:\/\/bladnanews.com\/maddy-cusack-family-accuse-sheffield-united-of-inquest-delay\/","name":"La famille de Maddy Cusack accuse Sheffield United de retard dans l'enqu\u00eate - Bladna News","isPartOf":{"@id":"https:\/\/mediumseagreen-eel-531711.hostingersite.com\/#website"},"primaryImageOfPage":{"@id":"https:\/\/bladnanews.com\/maddy-cusack-family-accuse-sheffield-united-of-inquest-delay\/#primaryimage"},"image":{"@id":"https:\/\/bladnanews.com\/maddy-cusack-family-accuse-sheffield-united-of-inquest-delay\/#primaryimage"},"thumbnailUrl":"https:\/\/bladnanews.com\/wp-content\/uploads\/2026\/01\/BladnaNews-Maddy-Cusack-family-accuse-Sheffield-United-of-inquest-delay-2026-01-06T210955.880Z.jpg","datePublished":"2026-01-06T13:09:03+00:00","breadcrumb":{"@id":"https:\/\/bladnanews.com\/maddy-cusack-family-accuse-sheffield-united-of-inquest-delay\/#breadcrumb"},"inLanguage":"fr-FR","potentialAction":[{"@type":"ReadAction","target":["https:\/\/bladnanews.com\/maddy-cusack-family-accuse-sheffield-united-of-inquest-delay\/"]}]},{"@type":"ImageObject","inLanguage":"fr-FR","@id":"https:\/\/bladnanews.com\/maddy-cusack-family-accuse-sheffield-united-of-inquest-delay\/#primaryimage","url":"https:\/\/bladnanews.com\/wp-content\/uploads\/2026\/01\/BladnaNews-Maddy-Cusack-family-accuse-Sheffield-United-of-inquest-delay-2026-01-06T210955.880Z.jpg","contentUrl":"https:\/\/bladnanews.com\/wp-content\/uploads\/2026\/01\/BladnaNews-Maddy-Cusack-family-accuse-Sheffield-United-of-inquest-delay-2026-01-06T210955.880Z.jpg","width":1600,"height":900,"caption":"Maddy Cusack in a black Sheffield United kit with poppy emblem, focused on the pitch during a match, showcasing determination."},{"@type":"BreadcrumbList","@id":"https:\/\/bladnanews.com\/maddy-cusack-family-accuse-sheffield-united-of-inquest-delay\/#breadcrumb","itemListElement":[{"@type":"ListItem","position":1,"name":"Home","item":"https:\/\/bladnanews.com\/"},{"@type":"ListItem","position":2,"name":"Maddy Cusack family accuse Sheffield United of inquest delay"}]},{"@type":"WebSite","@id":"https:\/\/mediumseagreen-eel-531711.hostingersite.com\/#website","url":"https:\/\/mediumseagreen-eel-531711.hostingersite.com\/","name":"Bladna News - Maroc","description":"Quand le football marocain rencontre le monde","publisher":{"@id":"https:\/\/mediumseagreen-eel-531711.hostingersite.com\/#organization"},"potentialAction":[{"@type":"SearchAction","target":{"@type":"EntryPoint","urlTemplate":"https:\/\/mediumseagreen-eel-531711.hostingersite.com\/?s={search_term_string}"},"query-input":{"@type":"PropertyValueSpecification","valueRequired":true,"valueName":"search_term_string"}}],"inLanguage":"fr-FR"},{"@type":"Organization","@id":"https:\/\/mediumseagreen-eel-531711.hostingersite.com\/#organization","name":"Bladna News.com","url":"https:\/\/mediumseagreen-eel-531711.hostingersite.com\/","logo":{"@type":"ImageObject","inLanguage":"fr-FR","@id":"https:\/\/mediumseagreen-eel-531711.hostingersite.com\/#\/schema\/logo\/image\/","url":"https:\/\/bladnanews.com\/wp-content\/uploads\/2025\/12\/logo-bladnanews-V2-web-black-red.png","contentUrl":"https:\/\/bladnanews.com\/wp-content\/uploads\/2025\/12\/logo-bladnanews-V2-web-black-red.png","width":703,"height":287,"caption":"Bladna News.com"},"image":{"@id":"https:\/\/mediumseagreen-eel-531711.hostingersite.com\/#\/schema\/logo\/image\/"},"email":"info@bladnanews.com","legalName":"Bladna News"},{"@type":"Person","@id":"https:\/\/mediumseagreen-eel-531711.hostingersite.com\/#\/schema\/person\/268e18a453ab080ebf76df6ef7845083","name":"\u00c9quipe r\u00e9dactionnelle de Bladna News","url":"https:\/\/bladnanews.com\/fr\/author\/bladna-news-staff\/"}]}},"_links":{"self":[{"href":"https:\/\/bladnanews.com\/fr\/wp-json\/wp\/v2\/posts\/4590","targetHints":{"allow":["GET"]}}],"collection":[{"href":"https:\/\/bladnanews.com\/fr\/wp-json\/wp\/v2\/posts"}],"about":[{"href":"https:\/\/bladnanews.com\/fr\/wp-json\/wp\/v2\/types\/post"}],"author":[{"embeddable":true,"href":"https:\/\/bladnanews.com\/fr\/wp-json\/wp\/v2\/users\/3"}],"replies":[{"embeddable":true,"href":"https:\/\/bladnanews.com\/fr\/wp-json\/wp\/v2\/comments?post=4590"}],"version-history":[{"count":0,"href":"https:\/\/bladnanews.com\/fr\/wp-json\/wp\/v2\/posts\/4590\/revisions"}],"wp:featuredmedia":[{"embeddable":true,"href":"https:\/\/bladnanews.com\/fr\/wp-json\/wp\/v2\/media\/4589"}],"wp:attachment":[{"href":"https:\/\/bladnanews.com\/fr\/wp-json\/wp\/v2\/media?parent=4590"}],"wp:term":[{"taxonomy":"category","embeddable":true,"href":"https:\/\/bladnanews.com\/fr\/wp-json\/wp\/v2\/categories?post=4590"},{"taxonomy":"post_tag","embeddable":true,"href":"https:\/\/bladnanews.com\/fr\/wp-json\/wp\/v2\/tags?post=4590"}],"curies":[{"name":"wp","href":"https:\/\/api.w.org\/{rel}","templated":true}]}}