{"id":4689,"date":"2026-01-06T14:18:38","date_gmt":"2026-01-06T14:18:38","guid":{"rendered":"https:\/\/bladnanews.com\/guardiola-confirms-ruben-dias-blow-in-man-city-crisis\/"},"modified":"2026-01-06T14:18:38","modified_gmt":"2026-01-06T14:18:38","slug":"guardiola-confirme-le-coup-dur-pour-ruben-dias-dans-la-crise-de-manchester-city","status":"publish","type":"post","link":"https:\/\/bladnanews.com\/fr\/guardiola-confirme-le-coup-dur-pour-ruben-dias-dans-la-crise-de-manchester-city\/","title":{"rendered":"Guardiola confirme le coup dur de Ruben Dias dans la crise de Manchester City"},"content":{"rendered":"<p>Les probl\u00e8mes croissants de blessures de Manchester City se sont \u00e0 nouveau aggrav\u00e9s apr\u00e8s que Pep Guardiola a confirm\u00e9 que Ruben Dias avait contract\u00e9 un probl\u00e8me, Josko Gvardiol \u00e9tant d\u00e9j\u00e0 \u00e9cart\u00e9 suite \u00e0 une fracture de la jambe. Guardiola a \u00e9galement fait une d\u00e9claration inqui\u00e9tante concernant John Stones, alors que les options d\u00e9fensives de City continuent de diminuer.<\/p>\n<p>S'exprimant apr\u00e8s ce nouveau revers, Guardiola a confirm\u00e9 que Dias est d\u00e9sormais incertain, ajoutant un nom \u00e0 la liste des absents \u00e0 un stade crucial de la saison. City a \u00e9t\u00e9 contrainte de jongler avec sa d\u00e9fense ces derni\u00e8res semaines et le manager a admis que la situation devenait de plus en plus difficile \u00e0 g\u00e9rer.<\/p>\n<p>La blessure de Gvardiol a \u00e9t\u00e9 confirm\u00e9e comme \u00e9tant une fracture de la jambe, privant ainsi City d'un autre d\u00e9fenseur cl\u00e9. L'international croate a \u00e9t\u00e9 l'un des joueurs les plus fiables de Guardiola cette saison, mais le diagnostic signifie qu'il devra maintenant s'\u00e9loigner des terrains.<\/p>\n<p>Guardiola a \u00e9galement exprim\u00e9 des inqui\u00e9tudes concernant Stones, indiquant clairement que la situation du d\u00e9fenseur anglais n'\u00e9tait pas simple. Stones a eu du mal \u00e0 encha\u00eener les matches en raison de probl\u00e8mes de forme physique, et les remarques de Guardiola sugg\u00e8rent qu'il n'y a pas de calendrier pr\u00e9cis pour son retour \u00e0 pleine puissance.<\/p>\n<p>Avec les inqui\u00e9tudes concernant d\u00e9sormais Dias, Guardiola est confront\u00e9 \u00e0 un nouveau casse-t\u00eate alors qu'il tente de maintenir City comp\u00e9titif dans ses rencontres restantes. Les commentaires du manager ont soulign\u00e9 la gravit\u00e9 de la situation, City ayant besoin de solutions rapides alors que la saison entre dans ses semaines d\u00e9cisives.<\/p>","protected":false},"excerpt":{"rendered":"<p>Manchester City\u2019s growing injury troubles worsened again as Pep Guardiola confirmed Ruben Dias has picked up a problem, with Josko [&hellip;]<\/p>\n","protected":false},"author":3,"featured_media":4687,"comment_status":"","ping_status":"open","sticky":false,"template":"","format":"standard","meta":{"googlesitekit_rrm_CAow_uzEDA:productID":"","site-sidebar-layout":"default","site-content-layout":"","ast-site-content-layout":"default","site-content-style":"default","site-sidebar-style":"default","ast-global-header-display":"","ast-banner-title-visibility":"","ast-main-header-display":"","ast-hfb-above-header-display":"","ast-hfb-below-header-display":"","ast-hfb-mobile-header-display":"","site-post-title":"","ast-breadcrumbs-content":"","ast-featured-img":"","footer-sml-layout":"","ast-disable-related-posts":"","theme-transparent-header-meta":"","adv-header-id-meta":"","stick-header-meta":"","header-above-stick-meta":"","header-main-stick-meta":"","header-below-stick-meta":"","astra-migrate-meta-layouts":"default","ast-page-background-enabled":"default","ast-page-background-meta":{"desktop":{"background-color":"var(--ast-global-color-5)","background-image":"","background-repeat":"repeat","background-position":"center center","background-size":"auto","background-attachment":"scroll","background-type":"","background-media":"","overlay-type":"","overlay-color":"","overlay-opacity":"","overlay-gradient":""},"tablet":{"background-color":"","background-image":"","background-repeat":"repeat","background-position":"center center","background-size":"auto","background-attachment":"scroll","background-type":"","background-media":"","overlay-type":"","overlay-color":"","overlay-opacity":"","overlay-gradient":""},"mobile":{"background-color":"","background-image":"","background-repeat":"repeat","background-position":"center center","background-size":"auto","background-attachment":"scroll","background-type":"","background-media":"","overlay-type":"","overlay-color":"","overlay-opacity":"","overlay-gradient":""}},"ast-content-background-meta":{"desktop":{"background-color":"var(--ast-global-color-4)","background-image":"","background-repeat":"repeat","background-position":"center center","background-size":"auto","background-attachment":"scroll","background-type":"","background-media":"","overlay-type":"","overlay-color":"","overlay-opacity":"","overlay-gradient":""},"tablet":{"background-color":"var(--ast-global-color-4)","background-image":"","background-repeat":"repeat","background-position":"center center","background-size":"auto","background-attachment":"scroll","background-type":"","background-media":"","overlay-type":"","overlay-color":"","overlay-opacity":"","overlay-gradient":""},"mobile":{"background-color":"var(--ast-global-color-4)","background-image":"","background-repeat":"repeat","background-position":"center center","background-size":"auto","background-attachment":"scroll","background-type":"","background-media":"","overlay-type":"","overlay-color":"","overlay-opacity":"","overlay-gradient":""}},"footnotes":""},"categories":[20,1],"tags":[],"class_list":["post-4689","post","type-post","status-publish","format-standard","has-post-thumbnail","hentry","category-international","category-football-latest-news"],"yoast_head":"<!-- This site is optimized with the Yoast SEO Premium plugin v26.6 (Yoast SEO v27.5) - https:\/\/yoast.com\/product\/yoast-seo-premium-wordpress\/ -->\n<title>Guardiola confirms Ruben Dias blow in Man City crisis - Bladna News<\/title>\n<meta name=\"robots\" content=\"index, follow, max-snippet:-1, max-image-preview:large, max-video-preview:-1\" \/>\n<link rel=\"canonical\" href=\"https:\/\/bladnanews.com\/fr\/guardiola-confirme-le-coup-dur-pour-ruben-dias-dans-la-crise-de-manchester-city\/\" \/>\n<meta property=\"og:locale\" content=\"fr_FR\" \/>\n<meta property=\"og:type\" content=\"article\" \/>\n<meta property=\"og:title\" content=\"Guardiola confirms Ruben Dias blow in Man City crisis\" \/>\n<meta property=\"og:description\" content=\"Manchester City\u2019s growing injury troubles worsened again as Pep Guardiola confirmed Ruben Dias has picked up a problem, with Josko [&hellip;]\" \/>\n<meta property=\"og:url\" content=\"https:\/\/bladnanews.com\/fr\/guardiola-confirme-le-coup-dur-pour-ruben-dias-dans-la-crise-de-manchester-city\/\" \/>\n<meta property=\"og:site_name\" content=\"Bladna News\" \/>\n<meta property=\"article:published_time\" content=\"2026-01-06T14:18:38+00:00\" \/>\n<meta property=\"og:image\" content=\"https:\/\/bladnanews.com\/wp-content\/uploads\/2025\/12\/freepik__bladna-newscom-moroccan-soccer-homepage-banner-mor__41838.png\" \/>\n\t<meta property=\"og:image:width\" content=\"1312\" \/>\n\t<meta property=\"og:image:height\" content=\"736\" \/>\n\t<meta property=\"og:image:type\" content=\"image\/png\" \/>\n<meta name=\"author\" content=\"Bladna News Staff\" \/>\n<meta name=\"twitter:card\" content=\"summary_large_image\" \/>\n<meta name=\"twitter:label1\" content=\"\u00c9crit par\" \/>\n\t<meta name=\"twitter:data1\" content=\"Bladna News Staff\" \/>\n\t<meta name=\"twitter:label2\" content=\"Dur\u00e9e de lecture estim\u00e9e\" \/>\n\t<meta name=\"twitter:data2\" content=\"1 minute\" \/>\n<script type=\"application\/ld+json\" class=\"yoast-schema-graph\">{\"@context\":\"https:\\\/\\\/schema.org\",\"@graph\":[{\"@type\":\"Article\",\"@id\":\"https:\\\/\\\/bladnanews.com\\\/guardiola-confirms-ruben-dias-blow-in-man-city-crisis\\\/#article\",\"isPartOf\":{\"@id\":\"https:\\\/\\\/bladnanews.com\\\/guardiola-confirms-ruben-dias-blow-in-man-city-crisis\\\/\"},\"author\":{\"name\":\"Bladna News Staff\",\"@id\":\"https:\\\/\\\/mediumseagreen-eel-531711.hostingersite.com\\\/#\\\/schema\\\/person\\\/268e18a453ab080ebf76df6ef7845083\"},\"headline\":\"Guardiola confirms Ruben Dias blow in Man City crisis\",\"datePublished\":\"2026-01-06T14:18:38+00:00\",\"mainEntityOfPage\":{\"@id\":\"https:\\\/\\\/bladnanews.com\\\/guardiola-confirms-ruben-dias-blow-in-man-city-crisis\\\/\"},\"wordCount\":241,\"publisher\":{\"@id\":\"https:\\\/\\\/mediumseagreen-eel-531711.hostingersite.com\\\/#organization\"},\"image\":{\"@id\":\"https:\\\/\\\/bladnanews.com\\\/guardiola-confirms-ruben-dias-blow-in-man-city-crisis\\\/#primaryimage\"},\"thumbnailUrl\":\"https:\\\/\\\/bladnanews.com\\\/wp-content\\\/uploads\\\/2026\\\/01\\\/BladnaNews-Guardiola-confirms-Ruben-Dias-blow-in-Man-City-crisis-2026-01-07T010932.614Z.jpg\",\"articleSection\":[\"International\",\"Latest News\"],\"inLanguage\":\"fr-FR\",\"copyrightYear\":\"2026\",\"copyrightHolder\":{\"@id\":\"https:\\\/\\\/bladnanews.com\\\/fr\\\/#organization\"}},{\"@type\":\"WebPage\",\"@id\":\"https:\\\/\\\/bladnanews.com\\\/guardiola-confirms-ruben-dias-blow-in-man-city-crisis\\\/\",\"url\":\"https:\\\/\\\/bladnanews.com\\\/guardiola-confirms-ruben-dias-blow-in-man-city-crisis\\\/\",\"name\":\"Guardiola confirms Ruben Dias blow in Man City crisis - Bladna News\",\"isPartOf\":{\"@id\":\"https:\\\/\\\/mediumseagreen-eel-531711.hostingersite.com\\\/#website\"},\"primaryImageOfPage\":{\"@id\":\"https:\\\/\\\/bladnanews.com\\\/guardiola-confirms-ruben-dias-blow-in-man-city-crisis\\\/#primaryimage\"},\"image\":{\"@id\":\"https:\\\/\\\/bladnanews.com\\\/guardiola-confirms-ruben-dias-blow-in-man-city-crisis\\\/#primaryimage\"},\"thumbnailUrl\":\"https:\\\/\\\/bladnanews.com\\\/wp-content\\\/uploads\\\/2026\\\/01\\\/BladnaNews-Guardiola-confirms-Ruben-Dias-blow-in-Man-City-crisis-2026-01-07T010932.614Z.jpg\",\"datePublished\":\"2026-01-06T14:18:38+00:00\",\"breadcrumb\":{\"@id\":\"https:\\\/\\\/bladnanews.com\\\/guardiola-confirms-ruben-dias-blow-in-man-city-crisis\\\/#breadcrumb\"},\"inLanguage\":\"fr-FR\",\"potentialAction\":[{\"@type\":\"ReadAction\",\"target\":[\"https:\\\/\\\/bladnanews.com\\\/guardiola-confirms-ruben-dias-blow-in-man-city-crisis\\\/\"]}]},{\"@type\":\"ImageObject\",\"inLanguage\":\"fr-FR\",\"@id\":\"https:\\\/\\\/bladnanews.com\\\/guardiola-confirms-ruben-dias-blow-in-man-city-crisis\\\/#primaryimage\",\"url\":\"https:\\\/\\\/bladnanews.com\\\/wp-content\\\/uploads\\\/2026\\\/01\\\/BladnaNews-Guardiola-confirms-Ruben-Dias-blow-in-Man-City-crisis-2026-01-07T010932.614Z.jpg\",\"contentUrl\":\"https:\\\/\\\/bladnanews.com\\\/wp-content\\\/uploads\\\/2026\\\/01\\\/BladnaNews-Guardiola-confirms-Ruben-Dias-blow-in-Man-City-crisis-2026-01-07T010932.614Z.jpg\",\"width\":2560,\"height\":1440,\"caption\":\"R\u00faben Dias passionately gestures during a match, wearing Manchester City's light blue kit with a captain's armband, highlighting team spirit.\"},{\"@type\":\"BreadcrumbList\",\"@id\":\"https:\\\/\\\/bladnanews.com\\\/guardiola-confirms-ruben-dias-blow-in-man-city-crisis\\\/#breadcrumb\",\"itemListElement\":[{\"@type\":\"ListItem\",\"position\":1,\"name\":\"Home\",\"item\":\"https:\\\/\\\/bladnanews.com\\\/\"},{\"@type\":\"ListItem\",\"position\":2,\"name\":\"Guardiola confirms Ruben Dias blow in Man City crisis\"}]},{\"@type\":\"WebSite\",\"@id\":\"https:\\\/\\\/mediumseagreen-eel-531711.hostingersite.com\\\/#website\",\"url\":\"https:\\\/\\\/mediumseagreen-eel-531711.hostingersite.com\\\/\",\"name\":\"Bladna News - Morocco\",\"description\":\"Where Moroccan Football Meets the World\",\"publisher\":{\"@id\":\"https:\\\/\\\/mediumseagreen-eel-531711.hostingersite.com\\\/#organization\"},\"potentialAction\":[{\"@type\":\"SearchAction\",\"target\":{\"@type\":\"EntryPoint\",\"urlTemplate\":\"https:\\\/\\\/mediumseagreen-eel-531711.hostingersite.com\\\/?s={search_term_string}\"},\"query-input\":{\"@type\":\"PropertyValueSpecification\",\"valueRequired\":true,\"valueName\":\"search_term_string\"}}],\"inLanguage\":\"fr-FR\"},{\"@type\":\"Organization\",\"@id\":\"https:\\\/\\\/mediumseagreen-eel-531711.hostingersite.com\\\/#organization\",\"name\":\"Bladna News.com\",\"url\":\"https:\\\/\\\/mediumseagreen-eel-531711.hostingersite.com\\\/\",\"logo\":{\"@type\":\"ImageObject\",\"inLanguage\":\"fr-FR\",\"@id\":\"https:\\\/\\\/mediumseagreen-eel-531711.hostingersite.com\\\/#\\\/schema\\\/logo\\\/image\\\/\",\"url\":\"https:\\\/\\\/bladnanews.com\\\/wp-content\\\/uploads\\\/2025\\\/12\\\/logo-bladnanews-V2-web-black-red.png\",\"contentUrl\":\"https:\\\/\\\/bladnanews.com\\\/wp-content\\\/uploads\\\/2025\\\/12\\\/logo-bladnanews-V2-web-black-red.png\",\"width\":703,\"height\":287,\"caption\":\"Bladna News.com\"},\"image\":{\"@id\":\"https:\\\/\\\/mediumseagreen-eel-531711.hostingersite.com\\\/#\\\/schema\\\/logo\\\/image\\\/\"},\"email\":\"info@bladnanews.com\",\"legalName\":\"Bladna News\"},{\"@type\":\"Person\",\"@id\":\"https:\\\/\\\/mediumseagreen-eel-531711.hostingersite.com\\\/#\\\/schema\\\/person\\\/268e18a453ab080ebf76df6ef7845083\",\"name\":\"Bladna News Staff\",\"url\":\"https:\\\/\\\/bladnanews.com\\\/fr\\\/author\\\/bladna-news-staff\\\/\"}]}<\/script>\n<!-- \/ Yoast SEO Premium plugin. -->","yoast_head_json":{"title":"Guardiola confirme le coup dur de Ruben Dias dans la crise de Manchester City - Bladna News","robots":{"index":"index","follow":"follow","max-snippet":"max-snippet:-1","max-image-preview":"max-image-preview:large","max-video-preview":"max-video-preview:-1"},"canonical":"https:\/\/bladnanews.com\/fr\/guardiola-confirme-le-coup-dur-pour-ruben-dias-dans-la-crise-de-manchester-city\/","og_locale":"fr_FR","og_type":"article","og_title":"Guardiola confirms Ruben Dias blow in Man City crisis","og_description":"Manchester City\u2019s growing injury troubles worsened again as Pep Guardiola confirmed Ruben Dias has picked up a problem, with Josko [&hellip;]","og_url":"https:\/\/bladnanews.com\/fr\/guardiola-confirme-le-coup-dur-pour-ruben-dias-dans-la-crise-de-manchester-city\/","og_site_name":"Bladna News","article_published_time":"2026-01-06T14:18:38+00:00","og_image":[{"width":1312,"height":736,"url":"https:\/\/bladnanews.com\/wp-content\/uploads\/2025\/12\/freepik__bladna-newscom-moroccan-soccer-homepage-banner-mor__41838.png","type":"image\/png"}],"author":"Bladna News Staff","twitter_card":"summary_large_image","twitter_misc":{"\u00c9crit par":"Bladna News Staff","Dur\u00e9e de lecture estim\u00e9e":"1 minute"},"schema":{"@context":"https:\/\/schema.org","@graph":[{"@type":"Article","@id":"https:\/\/bladnanews.com\/guardiola-confirms-ruben-dias-blow-in-man-city-crisis\/#article","isPartOf":{"@id":"https:\/\/bladnanews.com\/guardiola-confirms-ruben-dias-blow-in-man-city-crisis\/"},"author":{"name":"Bladna News Staff","@id":"https:\/\/mediumseagreen-eel-531711.hostingersite.com\/#\/schema\/person\/268e18a453ab080ebf76df6ef7845083"},"headline":"Guardiola confirms Ruben Dias blow in Man City crisis","datePublished":"2026-01-06T14:18:38+00:00","mainEntityOfPage":{"@id":"https:\/\/bladnanews.com\/guardiola-confirms-ruben-dias-blow-in-man-city-crisis\/"},"wordCount":241,"publisher":{"@id":"https:\/\/mediumseagreen-eel-531711.hostingersite.com\/#organization"},"image":{"@id":"https:\/\/bladnanews.com\/guardiola-confirms-ruben-dias-blow-in-man-city-crisis\/#primaryimage"},"thumbnailUrl":"https:\/\/bladnanews.com\/wp-content\/uploads\/2026\/01\/BladnaNews-Guardiola-confirms-Ruben-Dias-blow-in-Man-City-crisis-2026-01-07T010932.614Z.jpg","articleSection":["International","Latest News"],"inLanguage":"fr-FR","copyrightYear":"2026","copyrightHolder":{"@id":"https:\/\/bladnanews.com\/fr\/#organization"}},{"@type":"WebPage","@id":"https:\/\/bladnanews.com\/guardiola-confirms-ruben-dias-blow-in-man-city-crisis\/","url":"https:\/\/bladnanews.com\/guardiola-confirms-ruben-dias-blow-in-man-city-crisis\/","name":"Guardiola confirme le coup dur de Ruben Dias dans la crise de Manchester City - Bladna News","isPartOf":{"@id":"https:\/\/mediumseagreen-eel-531711.hostingersite.com\/#website"},"primaryImageOfPage":{"@id":"https:\/\/bladnanews.com\/guardiola-confirms-ruben-dias-blow-in-man-city-crisis\/#primaryimage"},"image":{"@id":"https:\/\/bladnanews.com\/guardiola-confirms-ruben-dias-blow-in-man-city-crisis\/#primaryimage"},"thumbnailUrl":"https:\/\/bladnanews.com\/wp-content\/uploads\/2026\/01\/BladnaNews-Guardiola-confirms-Ruben-Dias-blow-in-Man-City-crisis-2026-01-07T010932.614Z.jpg","datePublished":"2026-01-06T14:18:38+00:00","breadcrumb":{"@id":"https:\/\/bladnanews.com\/guardiola-confirms-ruben-dias-blow-in-man-city-crisis\/#breadcrumb"},"inLanguage":"fr-FR","potentialAction":[{"@type":"ReadAction","target":["https:\/\/bladnanews.com\/guardiola-confirms-ruben-dias-blow-in-man-city-crisis\/"]}]},{"@type":"ImageObject","inLanguage":"fr-FR","@id":"https:\/\/bladnanews.com\/guardiola-confirms-ruben-dias-blow-in-man-city-crisis\/#primaryimage","url":"https:\/\/bladnanews.com\/wp-content\/uploads\/2026\/01\/BladnaNews-Guardiola-confirms-Ruben-Dias-blow-in-Man-City-crisis-2026-01-07T010932.614Z.jpg","contentUrl":"https:\/\/bladnanews.com\/wp-content\/uploads\/2026\/01\/BladnaNews-Guardiola-confirms-Ruben-Dias-blow-in-Man-City-crisis-2026-01-07T010932.614Z.jpg","width":2560,"height":1440,"caption":"R\u00faben Dias passionately gestures during a match, wearing Manchester City's light blue kit with a captain's armband, highlighting team spirit."},{"@type":"BreadcrumbList","@id":"https:\/\/bladnanews.com\/guardiola-confirms-ruben-dias-blow-in-man-city-crisis\/#breadcrumb","itemListElement":[{"@type":"ListItem","position":1,"name":"Home","item":"https:\/\/bladnanews.com\/"},{"@type":"ListItem","position":2,"name":"Guardiola confirms Ruben Dias blow in Man City crisis"}]},{"@type":"WebSite","@id":"https:\/\/mediumseagreen-eel-531711.hostingersite.com\/#website","url":"https:\/\/mediumseagreen-eel-531711.hostingersite.com\/","name":"Bladna News - Maroc","description":"Quand le football marocain rencontre le monde","publisher":{"@id":"https:\/\/mediumseagreen-eel-531711.hostingersite.com\/#organization"},"potentialAction":[{"@type":"SearchAction","target":{"@type":"EntryPoint","urlTemplate":"https:\/\/mediumseagreen-eel-531711.hostingersite.com\/?s={search_term_string}"},"query-input":{"@type":"PropertyValueSpecification","valueRequired":true,"valueName":"search_term_string"}}],"inLanguage":"fr-FR"},{"@type":"Organization","@id":"https:\/\/mediumseagreen-eel-531711.hostingersite.com\/#organization","name":"Bladna News.com","url":"https:\/\/mediumseagreen-eel-531711.hostingersite.com\/","logo":{"@type":"ImageObject","inLanguage":"fr-FR","@id":"https:\/\/mediumseagreen-eel-531711.hostingersite.com\/#\/schema\/logo\/image\/","url":"https:\/\/bladnanews.com\/wp-content\/uploads\/2025\/12\/logo-bladnanews-V2-web-black-red.png","contentUrl":"https:\/\/bladnanews.com\/wp-content\/uploads\/2025\/12\/logo-bladnanews-V2-web-black-red.png","width":703,"height":287,"caption":"Bladna News.com"},"image":{"@id":"https:\/\/mediumseagreen-eel-531711.hostingersite.com\/#\/schema\/logo\/image\/"},"email":"info@bladnanews.com","legalName":"Bladna News"},{"@type":"Person","@id":"https:\/\/mediumseagreen-eel-531711.hostingersite.com\/#\/schema\/person\/268e18a453ab080ebf76df6ef7845083","name":"\u00c9quipe r\u00e9dactionnelle de Bladna News","url":"https:\/\/bladnanews.com\/fr\/author\/bladna-news-staff\/"}]}},"_links":{"self":[{"href":"https:\/\/bladnanews.com\/fr\/wp-json\/wp\/v2\/posts\/4689","targetHints":{"allow":["GET"]}}],"collection":[{"href":"https:\/\/bladnanews.com\/fr\/wp-json\/wp\/v2\/posts"}],"about":[{"href":"https:\/\/bladnanews.com\/fr\/wp-json\/wp\/v2\/types\/post"}],"author":[{"embeddable":true,"href":"https:\/\/bladnanews.com\/fr\/wp-json\/wp\/v2\/users\/3"}],"replies":[{"embeddable":true,"href":"https:\/\/bladnanews.com\/fr\/wp-json\/wp\/v2\/comments?post=4689"}],"version-history":[{"count":0,"href":"https:\/\/bladnanews.com\/fr\/wp-json\/wp\/v2\/posts\/4689\/revisions"}],"wp:featuredmedia":[{"embeddable":true,"href":"https:\/\/bladnanews.com\/fr\/wp-json\/wp\/v2\/media\/4687"}],"wp:attachment":[{"href":"https:\/\/bladnanews.com\/fr\/wp-json\/wp\/v2\/media?parent=4689"}],"wp:term":[{"taxonomy":"category","embeddable":true,"href":"https:\/\/bladnanews.com\/fr\/wp-json\/wp\/v2\/categories?post=4689"},{"taxonomy":"post_tag","embeddable":true,"href":"https:\/\/bladnanews.com\/fr\/wp-json\/wp\/v2\/tags?post=4689"}],"curies":[{"name":"wp","href":"https:\/\/api.w.org\/{rel}","templated":true}]}}