{"id":4691,"date":"2026-01-06T14:51:19","date_gmt":"2026-01-06T14:51:19","guid":{"rendered":"https:\/\/bladnanews.com\/enzo-maresca-breaks-silence-on-chelsea-exit-and-replacement\/"},"modified":"2026-01-06T14:51:19","modified_gmt":"2026-01-06T14:51:19","slug":"enzo-maresca-rompt-le-silence-sur-son-depart-de-chelsea-et-son-remplacant","status":"publish","type":"post","link":"https:\/\/bladnanews.com\/fr\/enzo-maresca-rompt-le-silence-sur-son-depart-de-chelsea-et-son-remplacant\/","title":{"rendered":"Enzo Maresca rompt le silence sur son d\u00e9part de Chelsea et son rempla\u00e7ant"},"content":{"rendered":"<p>Enzo Maresca s'est exprim\u00e9 publiquement pour la premi\u00e8re fois sur son d\u00e9part tendu de Chelsea, apr\u00e8s que le club ait rapidement nomm\u00e9 Liam Rosenior pour le remplacer.<\/p>\n<p>Maresca, qui travaillait au sein de l'organisation de Chelsea, a reconnu la mani\u00e8re dont son d\u00e9part s'est d\u00e9roul\u00e9 et a admis que ce moment n'avait pas \u00e9t\u00e9 facile. Il a toutefois insist\u00e9 sur le fait qu'il est d\u00e9sormais concentr\u00e9 sur la suite de sa carri\u00e8re plut\u00f4t que de ressasser les cons\u00e9quences de cet \u00e9pisode.<\/p>\n<p>Chelsea a depuis confirm\u00e9 l'arriv\u00e9e de Rosenior pour combler le poste vacant, mettant fin \u00e0 toute incertitude quant \u00e0 la personne qui reprendrait le r\u00f4le apr\u00e8s le d\u00e9part de Maresca. La d\u00e9cision a \u00e9t\u00e9 prise peu apr\u00e8s le d\u00e9part de Maresca, soulignant la rapidit\u00e9 avec laquelle le club souhaitait tourner la page.<\/p>\n<p>Dans ses commentaires, Maresca a clairement indiqu\u00e9 qu'il ne souhaitait pas s'attarder sur la situation, mais n'a pas cach\u00e9 que la s\u00e9paration avait \u00e9t\u00e9 difficile. Il a \u00e9galement pr\u00e9sent\u00e9 ses v\u0153ux de r\u00e9ussite aux personnes avec lesquelles il a travaill\u00e9, tout en soulignant que sa priorit\u00e9 personnelle \u00e9tait de retrouver un poste en ad\u00e9quation avec ses ambitions.<\/p>\n<p>Cet \u00e9pisode cl\u00f4t un chapitre bref et malheureux pour Maresca \u00e0 Stamford Bridge, Chelsea se tournant d\u00e9sormais vers Rosenior tandis que Maresca regarde vers l'\u00e9tape suivante de son parcours d'entra\u00eeneur.<\/p>","protected":false},"excerpt":{"rendered":"<p>Enzo Maresca has spoken publicly for the first time about his strained exit from Chelsea after the club moved quickly [&hellip;]<\/p>\n","protected":false},"author":3,"featured_media":4690,"comment_status":"","ping_status":"open","sticky":false,"template":"","format":"standard","meta":{"googlesitekit_rrm_CAow_uzEDA:productID":"","site-sidebar-layout":"default","site-content-layout":"","ast-site-content-layout":"default","site-content-style":"default","site-sidebar-style":"default","ast-global-header-display":"","ast-banner-title-visibility":"","ast-main-header-display":"","ast-hfb-above-header-display":"","ast-hfb-below-header-display":"","ast-hfb-mobile-header-display":"","site-post-title":"","ast-breadcrumbs-content":"","ast-featured-img":"","footer-sml-layout":"","ast-disable-related-posts":"","theme-transparent-header-meta":"","adv-header-id-meta":"","stick-header-meta":"","header-above-stick-meta":"","header-main-stick-meta":"","header-below-stick-meta":"","astra-migrate-meta-layouts":"default","ast-page-background-enabled":"default","ast-page-background-meta":{"desktop":{"background-color":"var(--ast-global-color-5)","background-image":"","background-repeat":"repeat","background-position":"center center","background-size":"auto","background-attachment":"scroll","background-type":"","background-media":"","overlay-type":"","overlay-color":"","overlay-opacity":"","overlay-gradient":""},"tablet":{"background-color":"","background-image":"","background-repeat":"repeat","background-position":"center center","background-size":"auto","background-attachment":"scroll","background-type":"","background-media":"","overlay-type":"","overlay-color":"","overlay-opacity":"","overlay-gradient":""},"mobile":{"background-color":"","background-image":"","background-repeat":"repeat","background-position":"center center","background-size":"auto","background-attachment":"scroll","background-type":"","background-media":"","overlay-type":"","overlay-color":"","overlay-opacity":"","overlay-gradient":""}},"ast-content-background-meta":{"desktop":{"background-color":"var(--ast-global-color-4)","background-image":"","background-repeat":"repeat","background-position":"center center","background-size":"auto","background-attachment":"scroll","background-type":"","background-media":"","overlay-type":"","overlay-color":"","overlay-opacity":"","overlay-gradient":""},"tablet":{"background-color":"var(--ast-global-color-4)","background-image":"","background-repeat":"repeat","background-position":"center center","background-size":"auto","background-attachment":"scroll","background-type":"","background-media":"","overlay-type":"","overlay-color":"","overlay-opacity":"","overlay-gradient":""},"mobile":{"background-color":"var(--ast-global-color-4)","background-image":"","background-repeat":"repeat","background-position":"center center","background-size":"auto","background-attachment":"scroll","background-type":"","background-media":"","overlay-type":"","overlay-color":"","overlay-opacity":"","overlay-gradient":""}},"footnotes":""},"categories":[20,1],"tags":[],"class_list":["post-4691","post","type-post","status-publish","format-standard","has-post-thumbnail","hentry","category-international","category-football-latest-news"],"yoast_head":"<!-- This site is optimized with the Yoast SEO Premium plugin v26.6 (Yoast SEO v27.5) - https:\/\/yoast.com\/product\/yoast-seo-premium-wordpress\/ -->\n<title>Enzo Maresca breaks silence on Chelsea exit and replacement - Bladna News<\/title>\n<meta name=\"robots\" content=\"index, follow, max-snippet:-1, max-image-preview:large, max-video-preview:-1\" \/>\n<link rel=\"canonical\" href=\"https:\/\/bladnanews.com\/fr\/enzo-maresca-rompt-le-silence-sur-son-depart-de-chelsea-et-son-remplacant\/\" \/>\n<meta property=\"og:locale\" content=\"fr_FR\" \/>\n<meta property=\"og:type\" content=\"article\" \/>\n<meta property=\"og:title\" content=\"Enzo Maresca breaks silence on Chelsea exit and replacement\" \/>\n<meta property=\"og:description\" content=\"Enzo Maresca has spoken publicly for the first time about his strained exit from Chelsea after the club moved quickly [&hellip;]\" \/>\n<meta property=\"og:url\" content=\"https:\/\/bladnanews.com\/fr\/enzo-maresca-rompt-le-silence-sur-son-depart-de-chelsea-et-son-remplacant\/\" \/>\n<meta property=\"og:site_name\" content=\"Bladna News\" \/>\n<meta property=\"article:published_time\" content=\"2026-01-06T14:51:19+00:00\" \/>\n<meta property=\"og:image\" content=\"https:\/\/bladnanews.com\/wp-content\/uploads\/2025\/12\/freepik__bladna-newscom-moroccan-soccer-homepage-banner-mor__41838.png\" \/>\n\t<meta property=\"og:image:width\" content=\"1312\" \/>\n\t<meta property=\"og:image:height\" content=\"736\" \/>\n\t<meta property=\"og:image:type\" content=\"image\/png\" \/>\n<meta name=\"author\" content=\"Bladna News Staff\" \/>\n<meta name=\"twitter:card\" content=\"summary_large_image\" \/>\n<meta name=\"twitter:label1\" content=\"\u00c9crit par\" \/>\n\t<meta name=\"twitter:data1\" content=\"Bladna News Staff\" \/>\n\t<meta name=\"twitter:label2\" content=\"Dur\u00e9e de lecture estim\u00e9e\" \/>\n\t<meta name=\"twitter:data2\" content=\"1 minute\" \/>\n<script type=\"application\/ld+json\" class=\"yoast-schema-graph\">{\"@context\":\"https:\\\/\\\/schema.org\",\"@graph\":[{\"@type\":\"Article\",\"@id\":\"https:\\\/\\\/bladnanews.com\\\/enzo-maresca-breaks-silence-on-chelsea-exit-and-replacement\\\/#article\",\"isPartOf\":{\"@id\":\"https:\\\/\\\/bladnanews.com\\\/enzo-maresca-breaks-silence-on-chelsea-exit-and-replacement\\\/\"},\"author\":{\"name\":\"Bladna News Staff\",\"@id\":\"https:\\\/\\\/mediumseagreen-eel-531711.hostingersite.com\\\/#\\\/schema\\\/person\\\/268e18a453ab080ebf76df6ef7845083\"},\"headline\":\"Enzo Maresca breaks silence on Chelsea exit and replacement\",\"datePublished\":\"2026-01-06T14:51:19+00:00\",\"mainEntityOfPage\":{\"@id\":\"https:\\\/\\\/bladnanews.com\\\/enzo-maresca-breaks-silence-on-chelsea-exit-and-replacement\\\/\"},\"wordCount\":204,\"publisher\":{\"@id\":\"https:\\\/\\\/mediumseagreen-eel-531711.hostingersite.com\\\/#organization\"},\"image\":{\"@id\":\"https:\\\/\\\/bladnanews.com\\\/enzo-maresca-breaks-silence-on-chelsea-exit-and-replacement\\\/#primaryimage\"},\"thumbnailUrl\":\"https:\\\/\\\/bladnanews.com\\\/wp-content\\\/uploads\\\/2026\\\/01\\\/BladnaNews-Enzo-Maresca-breaks-silence-on-Chelsea-exit-and-replacement-2026-01-07T010950.943Z.jpg\",\"articleSection\":[\"International\",\"Latest News\"],\"inLanguage\":\"fr-FR\",\"copyrightYear\":\"2026\",\"copyrightHolder\":{\"@id\":\"https:\\\/\\\/bladnanews.com\\\/fr\\\/#organization\"}},{\"@type\":\"WebPage\",\"@id\":\"https:\\\/\\\/bladnanews.com\\\/enzo-maresca-breaks-silence-on-chelsea-exit-and-replacement\\\/\",\"url\":\"https:\\\/\\\/bladnanews.com\\\/enzo-maresca-breaks-silence-on-chelsea-exit-and-replacement\\\/\",\"name\":\"Enzo Maresca breaks silence on Chelsea exit and replacement - Bladna News\",\"isPartOf\":{\"@id\":\"https:\\\/\\\/mediumseagreen-eel-531711.hostingersite.com\\\/#website\"},\"primaryImageOfPage\":{\"@id\":\"https:\\\/\\\/bladnanews.com\\\/enzo-maresca-breaks-silence-on-chelsea-exit-and-replacement\\\/#primaryimage\"},\"image\":{\"@id\":\"https:\\\/\\\/bladnanews.com\\\/enzo-maresca-breaks-silence-on-chelsea-exit-and-replacement\\\/#primaryimage\"},\"thumbnailUrl\":\"https:\\\/\\\/bladnanews.com\\\/wp-content\\\/uploads\\\/2026\\\/01\\\/BladnaNews-Enzo-Maresca-breaks-silence-on-Chelsea-exit-and-replacement-2026-01-07T010950.943Z.jpg\",\"datePublished\":\"2026-01-06T14:51:19+00:00\",\"breadcrumb\":{\"@id\":\"https:\\\/\\\/bladnanews.com\\\/enzo-maresca-breaks-silence-on-chelsea-exit-and-replacement\\\/#breadcrumb\"},\"inLanguage\":\"fr-FR\",\"potentialAction\":[{\"@type\":\"ReadAction\",\"target\":[\"https:\\\/\\\/bladnanews.com\\\/enzo-maresca-breaks-silence-on-chelsea-exit-and-replacement\\\/\"]}]},{\"@type\":\"ImageObject\",\"inLanguage\":\"fr-FR\",\"@id\":\"https:\\\/\\\/bladnanews.com\\\/enzo-maresca-breaks-silence-on-chelsea-exit-and-replacement\\\/#primaryimage\",\"url\":\"https:\\\/\\\/bladnanews.com\\\/wp-content\\\/uploads\\\/2026\\\/01\\\/BladnaNews-Enzo-Maresca-breaks-silence-on-Chelsea-exit-and-replacement-2026-01-07T010950.943Z.jpg\",\"contentUrl\":\"https:\\\/\\\/bladnanews.com\\\/wp-content\\\/uploads\\\/2026\\\/01\\\/BladnaNews-Enzo-Maresca-breaks-silence-on-Chelsea-exit-and-replacement-2026-01-07T010950.943Z.jpg\",\"width\":1376,\"height\":774,\"caption\":\"Enzo Maresca gestures passionately from the sidelines, wearing a dark coat, amidst a blurred crowd during a football match.\"},{\"@type\":\"BreadcrumbList\",\"@id\":\"https:\\\/\\\/bladnanews.com\\\/enzo-maresca-breaks-silence-on-chelsea-exit-and-replacement\\\/#breadcrumb\",\"itemListElement\":[{\"@type\":\"ListItem\",\"position\":1,\"name\":\"Home\",\"item\":\"https:\\\/\\\/bladnanews.com\\\/\"},{\"@type\":\"ListItem\",\"position\":2,\"name\":\"Enzo Maresca breaks silence on Chelsea exit and replacement\"}]},{\"@type\":\"WebSite\",\"@id\":\"https:\\\/\\\/mediumseagreen-eel-531711.hostingersite.com\\\/#website\",\"url\":\"https:\\\/\\\/mediumseagreen-eel-531711.hostingersite.com\\\/\",\"name\":\"Bladna News - Morocco\",\"description\":\"Where Moroccan Football Meets the World\",\"publisher\":{\"@id\":\"https:\\\/\\\/mediumseagreen-eel-531711.hostingersite.com\\\/#organization\"},\"potentialAction\":[{\"@type\":\"SearchAction\",\"target\":{\"@type\":\"EntryPoint\",\"urlTemplate\":\"https:\\\/\\\/mediumseagreen-eel-531711.hostingersite.com\\\/?s={search_term_string}\"},\"query-input\":{\"@type\":\"PropertyValueSpecification\",\"valueRequired\":true,\"valueName\":\"search_term_string\"}}],\"inLanguage\":\"fr-FR\"},{\"@type\":\"Organization\",\"@id\":\"https:\\\/\\\/mediumseagreen-eel-531711.hostingersite.com\\\/#organization\",\"name\":\"Bladna News.com\",\"url\":\"https:\\\/\\\/mediumseagreen-eel-531711.hostingersite.com\\\/\",\"logo\":{\"@type\":\"ImageObject\",\"inLanguage\":\"fr-FR\",\"@id\":\"https:\\\/\\\/mediumseagreen-eel-531711.hostingersite.com\\\/#\\\/schema\\\/logo\\\/image\\\/\",\"url\":\"https:\\\/\\\/bladnanews.com\\\/wp-content\\\/uploads\\\/2025\\\/12\\\/logo-bladnanews-V2-web-black-red.png\",\"contentUrl\":\"https:\\\/\\\/bladnanews.com\\\/wp-content\\\/uploads\\\/2025\\\/12\\\/logo-bladnanews-V2-web-black-red.png\",\"width\":703,\"height\":287,\"caption\":\"Bladna News.com\"},\"image\":{\"@id\":\"https:\\\/\\\/mediumseagreen-eel-531711.hostingersite.com\\\/#\\\/schema\\\/logo\\\/image\\\/\"},\"email\":\"info@bladnanews.com\",\"legalName\":\"Bladna News\"},{\"@type\":\"Person\",\"@id\":\"https:\\\/\\\/mediumseagreen-eel-531711.hostingersite.com\\\/#\\\/schema\\\/person\\\/268e18a453ab080ebf76df6ef7845083\",\"name\":\"Bladna News Staff\",\"url\":\"https:\\\/\\\/bladnanews.com\\\/fr\\\/author\\\/bladna-news-staff\\\/\"}]}<\/script>\n<!-- \/ Yoast SEO Premium plugin. -->","yoast_head_json":{"title":"Enzo Maresca rompt le silence sur son d\u00e9part de Chelsea et son rempla\u00e7ant - Bladna News","robots":{"index":"index","follow":"follow","max-snippet":"max-snippet:-1","max-image-preview":"max-image-preview:large","max-video-preview":"max-video-preview:-1"},"canonical":"https:\/\/bladnanews.com\/fr\/enzo-maresca-rompt-le-silence-sur-son-depart-de-chelsea-et-son-remplacant\/","og_locale":"fr_FR","og_type":"article","og_title":"Enzo Maresca breaks silence on Chelsea exit and replacement","og_description":"Enzo Maresca has spoken publicly for the first time about his strained exit from Chelsea after the club moved quickly [&hellip;]","og_url":"https:\/\/bladnanews.com\/fr\/enzo-maresca-rompt-le-silence-sur-son-depart-de-chelsea-et-son-remplacant\/","og_site_name":"Bladna News","article_published_time":"2026-01-06T14:51:19+00:00","og_image":[{"width":1312,"height":736,"url":"https:\/\/bladnanews.com\/wp-content\/uploads\/2025\/12\/freepik__bladna-newscom-moroccan-soccer-homepage-banner-mor__41838.png","type":"image\/png"}],"author":"Bladna News Staff","twitter_card":"summary_large_image","twitter_misc":{"\u00c9crit par":"Bladna News Staff","Dur\u00e9e de lecture estim\u00e9e":"1 minute"},"schema":{"@context":"https:\/\/schema.org","@graph":[{"@type":"Article","@id":"https:\/\/bladnanews.com\/enzo-maresca-breaks-silence-on-chelsea-exit-and-replacement\/#article","isPartOf":{"@id":"https:\/\/bladnanews.com\/enzo-maresca-breaks-silence-on-chelsea-exit-and-replacement\/"},"author":{"name":"Bladna News Staff","@id":"https:\/\/mediumseagreen-eel-531711.hostingersite.com\/#\/schema\/person\/268e18a453ab080ebf76df6ef7845083"},"headline":"Enzo Maresca breaks silence on Chelsea exit and replacement","datePublished":"2026-01-06T14:51:19+00:00","mainEntityOfPage":{"@id":"https:\/\/bladnanews.com\/enzo-maresca-breaks-silence-on-chelsea-exit-and-replacement\/"},"wordCount":204,"publisher":{"@id":"https:\/\/mediumseagreen-eel-531711.hostingersite.com\/#organization"},"image":{"@id":"https:\/\/bladnanews.com\/enzo-maresca-breaks-silence-on-chelsea-exit-and-replacement\/#primaryimage"},"thumbnailUrl":"https:\/\/bladnanews.com\/wp-content\/uploads\/2026\/01\/BladnaNews-Enzo-Maresca-breaks-silence-on-Chelsea-exit-and-replacement-2026-01-07T010950.943Z.jpg","articleSection":["International","Latest News"],"inLanguage":"fr-FR","copyrightYear":"2026","copyrightHolder":{"@id":"https:\/\/bladnanews.com\/fr\/#organization"}},{"@type":"WebPage","@id":"https:\/\/bladnanews.com\/enzo-maresca-breaks-silence-on-chelsea-exit-and-replacement\/","url":"https:\/\/bladnanews.com\/enzo-maresca-breaks-silence-on-chelsea-exit-and-replacement\/","name":"Enzo Maresca rompt le silence sur son d\u00e9part de Chelsea et son rempla\u00e7ant - Bladna News","isPartOf":{"@id":"https:\/\/mediumseagreen-eel-531711.hostingersite.com\/#website"},"primaryImageOfPage":{"@id":"https:\/\/bladnanews.com\/enzo-maresca-breaks-silence-on-chelsea-exit-and-replacement\/#primaryimage"},"image":{"@id":"https:\/\/bladnanews.com\/enzo-maresca-breaks-silence-on-chelsea-exit-and-replacement\/#primaryimage"},"thumbnailUrl":"https:\/\/bladnanews.com\/wp-content\/uploads\/2026\/01\/BladnaNews-Enzo-Maresca-breaks-silence-on-Chelsea-exit-and-replacement-2026-01-07T010950.943Z.jpg","datePublished":"2026-01-06T14:51:19+00:00","breadcrumb":{"@id":"https:\/\/bladnanews.com\/enzo-maresca-breaks-silence-on-chelsea-exit-and-replacement\/#breadcrumb"},"inLanguage":"fr-FR","potentialAction":[{"@type":"ReadAction","target":["https:\/\/bladnanews.com\/enzo-maresca-breaks-silence-on-chelsea-exit-and-replacement\/"]}]},{"@type":"ImageObject","inLanguage":"fr-FR","@id":"https:\/\/bladnanews.com\/enzo-maresca-breaks-silence-on-chelsea-exit-and-replacement\/#primaryimage","url":"https:\/\/bladnanews.com\/wp-content\/uploads\/2026\/01\/BladnaNews-Enzo-Maresca-breaks-silence-on-Chelsea-exit-and-replacement-2026-01-07T010950.943Z.jpg","contentUrl":"https:\/\/bladnanews.com\/wp-content\/uploads\/2026\/01\/BladnaNews-Enzo-Maresca-breaks-silence-on-Chelsea-exit-and-replacement-2026-01-07T010950.943Z.jpg","width":1376,"height":774,"caption":"Enzo Maresca gestures passionately from the sidelines, wearing a dark coat, amidst a blurred crowd during a football match."},{"@type":"BreadcrumbList","@id":"https:\/\/bladnanews.com\/enzo-maresca-breaks-silence-on-chelsea-exit-and-replacement\/#breadcrumb","itemListElement":[{"@type":"ListItem","position":1,"name":"Home","item":"https:\/\/bladnanews.com\/"},{"@type":"ListItem","position":2,"name":"Enzo Maresca breaks silence on Chelsea exit and replacement"}]},{"@type":"WebSite","@id":"https:\/\/mediumseagreen-eel-531711.hostingersite.com\/#website","url":"https:\/\/mediumseagreen-eel-531711.hostingersite.com\/","name":"Bladna News - Maroc","description":"Quand le football marocain rencontre le monde","publisher":{"@id":"https:\/\/mediumseagreen-eel-531711.hostingersite.com\/#organization"},"potentialAction":[{"@type":"SearchAction","target":{"@type":"EntryPoint","urlTemplate":"https:\/\/mediumseagreen-eel-531711.hostingersite.com\/?s={search_term_string}"},"query-input":{"@type":"PropertyValueSpecification","valueRequired":true,"valueName":"search_term_string"}}],"inLanguage":"fr-FR"},{"@type":"Organization","@id":"https:\/\/mediumseagreen-eel-531711.hostingersite.com\/#organization","name":"Bladna News.com","url":"https:\/\/mediumseagreen-eel-531711.hostingersite.com\/","logo":{"@type":"ImageObject","inLanguage":"fr-FR","@id":"https:\/\/mediumseagreen-eel-531711.hostingersite.com\/#\/schema\/logo\/image\/","url":"https:\/\/bladnanews.com\/wp-content\/uploads\/2025\/12\/logo-bladnanews-V2-web-black-red.png","contentUrl":"https:\/\/bladnanews.com\/wp-content\/uploads\/2025\/12\/logo-bladnanews-V2-web-black-red.png","width":703,"height":287,"caption":"Bladna News.com"},"image":{"@id":"https:\/\/mediumseagreen-eel-531711.hostingersite.com\/#\/schema\/logo\/image\/"},"email":"info@bladnanews.com","legalName":"Bladna News"},{"@type":"Person","@id":"https:\/\/mediumseagreen-eel-531711.hostingersite.com\/#\/schema\/person\/268e18a453ab080ebf76df6ef7845083","name":"\u00c9quipe r\u00e9dactionnelle de Bladna News","url":"https:\/\/bladnanews.com\/fr\/author\/bladna-news-staff\/"}]}},"_links":{"self":[{"href":"https:\/\/bladnanews.com\/fr\/wp-json\/wp\/v2\/posts\/4691","targetHints":{"allow":["GET"]}}],"collection":[{"href":"https:\/\/bladnanews.com\/fr\/wp-json\/wp\/v2\/posts"}],"about":[{"href":"https:\/\/bladnanews.com\/fr\/wp-json\/wp\/v2\/types\/post"}],"author":[{"embeddable":true,"href":"https:\/\/bladnanews.com\/fr\/wp-json\/wp\/v2\/users\/3"}],"replies":[{"embeddable":true,"href":"https:\/\/bladnanews.com\/fr\/wp-json\/wp\/v2\/comments?post=4691"}],"version-history":[{"count":0,"href":"https:\/\/bladnanews.com\/fr\/wp-json\/wp\/v2\/posts\/4691\/revisions"}],"wp:featuredmedia":[{"embeddable":true,"href":"https:\/\/bladnanews.com\/fr\/wp-json\/wp\/v2\/media\/4690"}],"wp:attachment":[{"href":"https:\/\/bladnanews.com\/fr\/wp-json\/wp\/v2\/media?parent=4691"}],"wp:term":[{"taxonomy":"category","embeddable":true,"href":"https:\/\/bladnanews.com\/fr\/wp-json\/wp\/v2\/categories?post=4691"},{"taxonomy":"post_tag","embeddable":true,"href":"https:\/\/bladnanews.com\/fr\/wp-json\/wp\/v2\/tags?post=4691"}],"curies":[{"name":"wp","href":"https:\/\/api.w.org\/{rel}","templated":true}]}}