{"id":4696,"date":"2026-01-06T15:15:40","date_gmt":"2026-01-06T15:15:40","guid":{"rendered":"https:\/\/bladnanews.com\/morgan-rogers-told-he-lacks-soul-of-man-utd-player\/"},"modified":"2026-01-06T15:15:40","modified_gmt":"2026-01-06T15:15:40","slug":"morgan-rogers-sest-vu-dire-quil-manquait-de-lame-dun-joueur-de-manchester-united","status":"publish","type":"post","link":"https:\/\/bladnanews.com\/fr\/morgan-rogers-sest-vu-dire-quil-manquait-de-lame-dun-joueur-de-manchester-united\/","title":{"rendered":"Morgan Rogers s'est vu dire qu'il manquait de l'\u00e2me d'un joueur de Manchester United."},"content":{"rendered":"<p>Morgan Rogers s'est vu dire qu'il n'avait pas \u201c l'\u00e2me \u201d n\u00e9cessaire pour jouer \u00e0 Manchester United, apr\u00e8s que l'attaquant d'Aston Villa a \u00e9t\u00e9 associ\u00e9 \u00e0 un \u00e9ventuel transfert \u00e0 Old Trafford.<\/p>\n<p>Rogers a connu une p\u00e9riode impressionnante \u00e0 Villa et sa forme a attir\u00e9 l'attention, des rapports le reliant \u00e0 United alors que le club \u00e9tudie des options en attaque.<\/p>\n<p>Cependant, l'ancien milieu de terrain de United, Paul Scholes, a remis en question si le joueur de 21 ans correspondait \u00e0 ce que le club devrait rechercher, sugg\u00e9rant que les exigences de jouer pour les Red Devils n\u00e9cessitent un certain \u00e9tat d'esprit et une personnalit\u00e9 sp\u00e9cifique.<\/p>\n<p>Scholes a d\u00e9clar\u00e9 que Rogers \u201c n'avait pas l'\u00e2me \u201d d'un joueur de Manchester United, tout en reconnaissant les qualit\u00e9s qu'il a montr\u00e9es \u00e0 Villa et l'impact qu'il a eu dans l'\u00e9quipe d'Unai Emery.<\/p>\n<p>Ces commentaires interviennent alors que United continue d'\u00eatre associ\u00e9 \u00e0 plusieurs cibles avant le mercato, Rogers figurant d\u00e9sormais parmi les noms discut\u00e9s alors que le club cherche des solutions apr\u00e8s une saison en dents de scie.<\/p>\n<p>Rogers a \u00e9t\u00e9 l'un des joueurs les plus remarquables de Villa et a jou\u00e9 un r\u00f4le cl\u00e9 dans leur solide campagne, qui les a maintenus en haut du classement de la Premier League et en course pour une qualification europ\u00e9enne.<\/p>\n<p>Bien que les sp\u00e9culations devraient se poursuivre, les critiques de l'un des anciens joueurs les plus respect\u00e9s de United soulignent le niveau d'examen auquel toute recrue potentielle est confront\u00e9e, notamment en ce qui concerne sa conformit\u00e9 \u00e0 l'identit\u00e9 et aux standards associ\u00e9s au club.<\/p>","protected":false},"excerpt":{"rendered":"<p>Morgan Rogers has been told he does not have the \u201csoul\u201d required to play for Manchester United after the Aston [&hellip;]<\/p>\n","protected":false},"author":3,"featured_media":4694,"comment_status":"","ping_status":"open","sticky":false,"template":"","format":"standard","meta":{"googlesitekit_rrm_CAow_uzEDA:productID":"","site-sidebar-layout":"default","site-content-layout":"","ast-site-content-layout":"default","site-content-style":"default","site-sidebar-style":"default","ast-global-header-display":"","ast-banner-title-visibility":"","ast-main-header-display":"","ast-hfb-above-header-display":"","ast-hfb-below-header-display":"","ast-hfb-mobile-header-display":"","site-post-title":"","ast-breadcrumbs-content":"","ast-featured-img":"","footer-sml-layout":"","ast-disable-related-posts":"","theme-transparent-header-meta":"","adv-header-id-meta":"","stick-header-meta":"","header-above-stick-meta":"","header-main-stick-meta":"","header-below-stick-meta":"","astra-migrate-meta-layouts":"default","ast-page-background-enabled":"default","ast-page-background-meta":{"desktop":{"background-color":"var(--ast-global-color-5)","background-image":"","background-repeat":"repeat","background-position":"center center","background-size":"auto","background-attachment":"scroll","background-type":"","background-media":"","overlay-type":"","overlay-color":"","overlay-opacity":"","overlay-gradient":""},"tablet":{"background-color":"","background-image":"","background-repeat":"repeat","background-position":"center center","background-size":"auto","background-attachment":"scroll","background-type":"","background-media":"","overlay-type":"","overlay-color":"","overlay-opacity":"","overlay-gradient":""},"mobile":{"background-color":"","background-image":"","background-repeat":"repeat","background-position":"center center","background-size":"auto","background-attachment":"scroll","background-type":"","background-media":"","overlay-type":"","overlay-color":"","overlay-opacity":"","overlay-gradient":""}},"ast-content-background-meta":{"desktop":{"background-color":"var(--ast-global-color-4)","background-image":"","background-repeat":"repeat","background-position":"center center","background-size":"auto","background-attachment":"scroll","background-type":"","background-media":"","overlay-type":"","overlay-color":"","overlay-opacity":"","overlay-gradient":""},"tablet":{"background-color":"var(--ast-global-color-4)","background-image":"","background-repeat":"repeat","background-position":"center center","background-size":"auto","background-attachment":"scroll","background-type":"","background-media":"","overlay-type":"","overlay-color":"","overlay-opacity":"","overlay-gradient":""},"mobile":{"background-color":"var(--ast-global-color-4)","background-image":"","background-repeat":"repeat","background-position":"center center","background-size":"auto","background-attachment":"scroll","background-type":"","background-media":"","overlay-type":"","overlay-color":"","overlay-opacity":"","overlay-gradient":""}},"footnotes":""},"categories":[20,1],"tags":[],"class_list":["post-4696","post","type-post","status-publish","format-standard","has-post-thumbnail","hentry","category-international","category-football-latest-news"],"yoast_head":"<!-- This site is optimized with the Yoast SEO Premium plugin v26.6 (Yoast SEO v27.5) - https:\/\/yoast.com\/product\/yoast-seo-premium-wordpress\/ -->\n<title>Morgan Rogers told he lacks soul of Man Utd player - Bladna News<\/title>\n<meta name=\"robots\" content=\"index, follow, max-snippet:-1, max-image-preview:large, max-video-preview:-1\" \/>\n<link rel=\"canonical\" href=\"https:\/\/bladnanews.com\/fr\/morgan-rogers-sest-vu-dire-quil-manquait-de-lame-dun-joueur-de-manchester-united\/\" \/>\n<meta property=\"og:locale\" content=\"fr_FR\" \/>\n<meta property=\"og:type\" content=\"article\" \/>\n<meta property=\"og:title\" content=\"Morgan Rogers told he lacks soul of Man Utd player\" \/>\n<meta property=\"og:description\" content=\"Morgan Rogers has been told he does not have the \u201csoul\u201d required to play for Manchester United after the Aston [&hellip;]\" \/>\n<meta property=\"og:url\" content=\"https:\/\/bladnanews.com\/fr\/morgan-rogers-sest-vu-dire-quil-manquait-de-lame-dun-joueur-de-manchester-united\/\" \/>\n<meta property=\"og:site_name\" content=\"Bladna News\" \/>\n<meta property=\"article:published_time\" content=\"2026-01-06T15:15:40+00:00\" \/>\n<meta property=\"og:image\" content=\"https:\/\/bladnanews.com\/wp-content\/uploads\/2025\/12\/freepik__bladna-newscom-moroccan-soccer-homepage-banner-mor__41838.png\" \/>\n\t<meta property=\"og:image:width\" content=\"1312\" \/>\n\t<meta property=\"og:image:height\" content=\"736\" \/>\n\t<meta property=\"og:image:type\" content=\"image\/png\" \/>\n<meta name=\"author\" content=\"Bladna News Staff\" \/>\n<meta name=\"twitter:card\" content=\"summary_large_image\" \/>\n<meta name=\"twitter:label1\" content=\"\u00c9crit par\" \/>\n\t<meta name=\"twitter:data1\" content=\"Bladna News Staff\" \/>\n\t<meta name=\"twitter:label2\" content=\"Dur\u00e9e de lecture estim\u00e9e\" \/>\n\t<meta name=\"twitter:data2\" content=\"1 minute\" \/>\n<script type=\"application\/ld+json\" class=\"yoast-schema-graph\">{\"@context\":\"https:\\\/\\\/schema.org\",\"@graph\":[{\"@type\":\"Article\",\"@id\":\"https:\\\/\\\/bladnanews.com\\\/morgan-rogers-told-he-lacks-soul-of-man-utd-player\\\/#article\",\"isPartOf\":{\"@id\":\"https:\\\/\\\/bladnanews.com\\\/morgan-rogers-told-he-lacks-soul-of-man-utd-player\\\/\"},\"author\":{\"name\":\"Bladna News Staff\",\"@id\":\"https:\\\/\\\/mediumseagreen-eel-531711.hostingersite.com\\\/#\\\/schema\\\/person\\\/268e18a453ab080ebf76df6ef7845083\"},\"headline\":\"Morgan Rogers told he lacks soul of Man Utd player\",\"datePublished\":\"2026-01-06T15:15:40+00:00\",\"mainEntityOfPage\":{\"@id\":\"https:\\\/\\\/bladnanews.com\\\/morgan-rogers-told-he-lacks-soul-of-man-utd-player\\\/\"},\"wordCount\":252,\"publisher\":{\"@id\":\"https:\\\/\\\/mediumseagreen-eel-531711.hostingersite.com\\\/#organization\"},\"image\":{\"@id\":\"https:\\\/\\\/bladnanews.com\\\/morgan-rogers-told-he-lacks-soul-of-man-utd-player\\\/#primaryimage\"},\"thumbnailUrl\":\"https:\\\/\\\/bladnanews.com\\\/wp-content\\\/uploads\\\/2026\\\/01\\\/BladnaNews-Morgan-Rogers-told-he-lacks-soul-of-Man-Utd-player-2026-01-07T011028.198Z.jpg\",\"articleSection\":[\"International\",\"Latest News\"],\"inLanguage\":\"fr-FR\",\"copyrightYear\":\"2026\",\"copyrightHolder\":{\"@id\":\"https:\\\/\\\/bladnanews.com\\\/fr\\\/#organization\"}},{\"@type\":\"WebPage\",\"@id\":\"https:\\\/\\\/bladnanews.com\\\/morgan-rogers-told-he-lacks-soul-of-man-utd-player\\\/\",\"url\":\"https:\\\/\\\/bladnanews.com\\\/morgan-rogers-told-he-lacks-soul-of-man-utd-player\\\/\",\"name\":\"Morgan Rogers told he lacks soul of Man Utd player - Bladna News\",\"isPartOf\":{\"@id\":\"https:\\\/\\\/mediumseagreen-eel-531711.hostingersite.com\\\/#website\"},\"primaryImageOfPage\":{\"@id\":\"https:\\\/\\\/bladnanews.com\\\/morgan-rogers-told-he-lacks-soul-of-man-utd-player\\\/#primaryimage\"},\"image\":{\"@id\":\"https:\\\/\\\/bladnanews.com\\\/morgan-rogers-told-he-lacks-soul-of-man-utd-player\\\/#primaryimage\"},\"thumbnailUrl\":\"https:\\\/\\\/bladnanews.com\\\/wp-content\\\/uploads\\\/2026\\\/01\\\/BladnaNews-Morgan-Rogers-told-he-lacks-soul-of-Man-Utd-player-2026-01-07T011028.198Z.jpg\",\"datePublished\":\"2026-01-06T15:15:40+00:00\",\"breadcrumb\":{\"@id\":\"https:\\\/\\\/bladnanews.com\\\/morgan-rogers-told-he-lacks-soul-of-man-utd-player\\\/#breadcrumb\"},\"inLanguage\":\"fr-FR\",\"potentialAction\":[{\"@type\":\"ReadAction\",\"target\":[\"https:\\\/\\\/bladnanews.com\\\/morgan-rogers-told-he-lacks-soul-of-man-utd-player\\\/\"]}]},{\"@type\":\"ImageObject\",\"inLanguage\":\"fr-FR\",\"@id\":\"https:\\\/\\\/bladnanews.com\\\/morgan-rogers-told-he-lacks-soul-of-man-utd-player\\\/#primaryimage\",\"url\":\"https:\\\/\\\/bladnanews.com\\\/wp-content\\\/uploads\\\/2026\\\/01\\\/BladnaNews-Morgan-Rogers-told-he-lacks-soul-of-Man-Utd-player-2026-01-07T011028.198Z.jpg\",\"contentUrl\":\"https:\\\/\\\/bladnanews.com\\\/wp-content\\\/uploads\\\/2026\\\/01\\\/BladnaNews-Morgan-Rogers-told-he-lacks-soul-of-Man-Utd-player-2026-01-07T011028.198Z.jpg\",\"width\":2560,\"height\":1440,\"caption\":\"Morgan Rogers in Aston Villa's claret and blue kit, passionately expressing emotion during a match, with a focused facial expression.\"},{\"@type\":\"BreadcrumbList\",\"@id\":\"https:\\\/\\\/bladnanews.com\\\/morgan-rogers-told-he-lacks-soul-of-man-utd-player\\\/#breadcrumb\",\"itemListElement\":[{\"@type\":\"ListItem\",\"position\":1,\"name\":\"Home\",\"item\":\"https:\\\/\\\/bladnanews.com\\\/\"},{\"@type\":\"ListItem\",\"position\":2,\"name\":\"Morgan Rogers told he lacks soul of Man Utd player\"}]},{\"@type\":\"WebSite\",\"@id\":\"https:\\\/\\\/mediumseagreen-eel-531711.hostingersite.com\\\/#website\",\"url\":\"https:\\\/\\\/mediumseagreen-eel-531711.hostingersite.com\\\/\",\"name\":\"Bladna News - Morocco\",\"description\":\"Where Moroccan Football Meets the World\",\"publisher\":{\"@id\":\"https:\\\/\\\/mediumseagreen-eel-531711.hostingersite.com\\\/#organization\"},\"potentialAction\":[{\"@type\":\"SearchAction\",\"target\":{\"@type\":\"EntryPoint\",\"urlTemplate\":\"https:\\\/\\\/mediumseagreen-eel-531711.hostingersite.com\\\/?s={search_term_string}\"},\"query-input\":{\"@type\":\"PropertyValueSpecification\",\"valueRequired\":true,\"valueName\":\"search_term_string\"}}],\"inLanguage\":\"fr-FR\"},{\"@type\":\"Organization\",\"@id\":\"https:\\\/\\\/mediumseagreen-eel-531711.hostingersite.com\\\/#organization\",\"name\":\"Bladna News.com\",\"url\":\"https:\\\/\\\/mediumseagreen-eel-531711.hostingersite.com\\\/\",\"logo\":{\"@type\":\"ImageObject\",\"inLanguage\":\"fr-FR\",\"@id\":\"https:\\\/\\\/mediumseagreen-eel-531711.hostingersite.com\\\/#\\\/schema\\\/logo\\\/image\\\/\",\"url\":\"https:\\\/\\\/bladnanews.com\\\/wp-content\\\/uploads\\\/2025\\\/12\\\/logo-bladnanews-V2-web-black-red.png\",\"contentUrl\":\"https:\\\/\\\/bladnanews.com\\\/wp-content\\\/uploads\\\/2025\\\/12\\\/logo-bladnanews-V2-web-black-red.png\",\"width\":703,\"height\":287,\"caption\":\"Bladna News.com\"},\"image\":{\"@id\":\"https:\\\/\\\/mediumseagreen-eel-531711.hostingersite.com\\\/#\\\/schema\\\/logo\\\/image\\\/\"},\"email\":\"info@bladnanews.com\",\"legalName\":\"Bladna News\"},{\"@type\":\"Person\",\"@id\":\"https:\\\/\\\/mediumseagreen-eel-531711.hostingersite.com\\\/#\\\/schema\\\/person\\\/268e18a453ab080ebf76df6ef7845083\",\"name\":\"Bladna News Staff\",\"url\":\"https:\\\/\\\/bladnanews.com\\\/fr\\\/author\\\/bladna-news-staff\\\/\"}]}<\/script>\n<!-- \/ Yoast SEO Premium plugin. -->","yoast_head_json":{"title":"Morgan Rogers s'est entendu dire qu'il manque de l'\u00e2me d'un joueur de Manchester United - Bladna News","robots":{"index":"index","follow":"follow","max-snippet":"max-snippet:-1","max-image-preview":"max-image-preview:large","max-video-preview":"max-video-preview:-1"},"canonical":"https:\/\/bladnanews.com\/fr\/morgan-rogers-sest-vu-dire-quil-manquait-de-lame-dun-joueur-de-manchester-united\/","og_locale":"fr_FR","og_type":"article","og_title":"Morgan Rogers told he lacks soul of Man Utd player","og_description":"Morgan Rogers has been told he does not have the \u201csoul\u201d required to play for Manchester United after the Aston [&hellip;]","og_url":"https:\/\/bladnanews.com\/fr\/morgan-rogers-sest-vu-dire-quil-manquait-de-lame-dun-joueur-de-manchester-united\/","og_site_name":"Bladna News","article_published_time":"2026-01-06T15:15:40+00:00","og_image":[{"width":1312,"height":736,"url":"https:\/\/bladnanews.com\/wp-content\/uploads\/2025\/12\/freepik__bladna-newscom-moroccan-soccer-homepage-banner-mor__41838.png","type":"image\/png"}],"author":"Bladna News Staff","twitter_card":"summary_large_image","twitter_misc":{"\u00c9crit par":"Bladna News Staff","Dur\u00e9e de lecture estim\u00e9e":"1 minute"},"schema":{"@context":"https:\/\/schema.org","@graph":[{"@type":"Article","@id":"https:\/\/bladnanews.com\/morgan-rogers-told-he-lacks-soul-of-man-utd-player\/#article","isPartOf":{"@id":"https:\/\/bladnanews.com\/morgan-rogers-told-he-lacks-soul-of-man-utd-player\/"},"author":{"name":"Bladna News Staff","@id":"https:\/\/mediumseagreen-eel-531711.hostingersite.com\/#\/schema\/person\/268e18a453ab080ebf76df6ef7845083"},"headline":"Morgan Rogers told he lacks soul of Man Utd player","datePublished":"2026-01-06T15:15:40+00:00","mainEntityOfPage":{"@id":"https:\/\/bladnanews.com\/morgan-rogers-told-he-lacks-soul-of-man-utd-player\/"},"wordCount":252,"publisher":{"@id":"https:\/\/mediumseagreen-eel-531711.hostingersite.com\/#organization"},"image":{"@id":"https:\/\/bladnanews.com\/morgan-rogers-told-he-lacks-soul-of-man-utd-player\/#primaryimage"},"thumbnailUrl":"https:\/\/bladnanews.com\/wp-content\/uploads\/2026\/01\/BladnaNews-Morgan-Rogers-told-he-lacks-soul-of-Man-Utd-player-2026-01-07T011028.198Z.jpg","articleSection":["International","Latest News"],"inLanguage":"fr-FR","copyrightYear":"2026","copyrightHolder":{"@id":"https:\/\/bladnanews.com\/fr\/#organization"}},{"@type":"WebPage","@id":"https:\/\/bladnanews.com\/morgan-rogers-told-he-lacks-soul-of-man-utd-player\/","url":"https:\/\/bladnanews.com\/morgan-rogers-told-he-lacks-soul-of-man-utd-player\/","name":"Morgan Rogers s'est entendu dire qu'il manque de l'\u00e2me d'un joueur de Manchester United - Bladna News","isPartOf":{"@id":"https:\/\/mediumseagreen-eel-531711.hostingersite.com\/#website"},"primaryImageOfPage":{"@id":"https:\/\/bladnanews.com\/morgan-rogers-told-he-lacks-soul-of-man-utd-player\/#primaryimage"},"image":{"@id":"https:\/\/bladnanews.com\/morgan-rogers-told-he-lacks-soul-of-man-utd-player\/#primaryimage"},"thumbnailUrl":"https:\/\/bladnanews.com\/wp-content\/uploads\/2026\/01\/BladnaNews-Morgan-Rogers-told-he-lacks-soul-of-Man-Utd-player-2026-01-07T011028.198Z.jpg","datePublished":"2026-01-06T15:15:40+00:00","breadcrumb":{"@id":"https:\/\/bladnanews.com\/morgan-rogers-told-he-lacks-soul-of-man-utd-player\/#breadcrumb"},"inLanguage":"fr-FR","potentialAction":[{"@type":"ReadAction","target":["https:\/\/bladnanews.com\/morgan-rogers-told-he-lacks-soul-of-man-utd-player\/"]}]},{"@type":"ImageObject","inLanguage":"fr-FR","@id":"https:\/\/bladnanews.com\/morgan-rogers-told-he-lacks-soul-of-man-utd-player\/#primaryimage","url":"https:\/\/bladnanews.com\/wp-content\/uploads\/2026\/01\/BladnaNews-Morgan-Rogers-told-he-lacks-soul-of-Man-Utd-player-2026-01-07T011028.198Z.jpg","contentUrl":"https:\/\/bladnanews.com\/wp-content\/uploads\/2026\/01\/BladnaNews-Morgan-Rogers-told-he-lacks-soul-of-Man-Utd-player-2026-01-07T011028.198Z.jpg","width":2560,"height":1440,"caption":"Morgan Rogers in Aston Villa's claret and blue kit, passionately expressing emotion during a match, with a focused facial expression."},{"@type":"BreadcrumbList","@id":"https:\/\/bladnanews.com\/morgan-rogers-told-he-lacks-soul-of-man-utd-player\/#breadcrumb","itemListElement":[{"@type":"ListItem","position":1,"name":"Home","item":"https:\/\/bladnanews.com\/"},{"@type":"ListItem","position":2,"name":"Morgan Rogers told he lacks soul of Man Utd player"}]},{"@type":"WebSite","@id":"https:\/\/mediumseagreen-eel-531711.hostingersite.com\/#website","url":"https:\/\/mediumseagreen-eel-531711.hostingersite.com\/","name":"Bladna News - Maroc","description":"Quand le football marocain rencontre le monde","publisher":{"@id":"https:\/\/mediumseagreen-eel-531711.hostingersite.com\/#organization"},"potentialAction":[{"@type":"SearchAction","target":{"@type":"EntryPoint","urlTemplate":"https:\/\/mediumseagreen-eel-531711.hostingersite.com\/?s={search_term_string}"},"query-input":{"@type":"PropertyValueSpecification","valueRequired":true,"valueName":"search_term_string"}}],"inLanguage":"fr-FR"},{"@type":"Organization","@id":"https:\/\/mediumseagreen-eel-531711.hostingersite.com\/#organization","name":"Bladna News.com","url":"https:\/\/mediumseagreen-eel-531711.hostingersite.com\/","logo":{"@type":"ImageObject","inLanguage":"fr-FR","@id":"https:\/\/mediumseagreen-eel-531711.hostingersite.com\/#\/schema\/logo\/image\/","url":"https:\/\/bladnanews.com\/wp-content\/uploads\/2025\/12\/logo-bladnanews-V2-web-black-red.png","contentUrl":"https:\/\/bladnanews.com\/wp-content\/uploads\/2025\/12\/logo-bladnanews-V2-web-black-red.png","width":703,"height":287,"caption":"Bladna News.com"},"image":{"@id":"https:\/\/mediumseagreen-eel-531711.hostingersite.com\/#\/schema\/logo\/image\/"},"email":"info@bladnanews.com","legalName":"Bladna News"},{"@type":"Person","@id":"https:\/\/mediumseagreen-eel-531711.hostingersite.com\/#\/schema\/person\/268e18a453ab080ebf76df6ef7845083","name":"\u00c9quipe r\u00e9dactionnelle de Bladna News","url":"https:\/\/bladnanews.com\/fr\/author\/bladna-news-staff\/"}]}},"_links":{"self":[{"href":"https:\/\/bladnanews.com\/fr\/wp-json\/wp\/v2\/posts\/4696","targetHints":{"allow":["GET"]}}],"collection":[{"href":"https:\/\/bladnanews.com\/fr\/wp-json\/wp\/v2\/posts"}],"about":[{"href":"https:\/\/bladnanews.com\/fr\/wp-json\/wp\/v2\/types\/post"}],"author":[{"embeddable":true,"href":"https:\/\/bladnanews.com\/fr\/wp-json\/wp\/v2\/users\/3"}],"replies":[{"embeddable":true,"href":"https:\/\/bladnanews.com\/fr\/wp-json\/wp\/v2\/comments?post=4696"}],"version-history":[{"count":0,"href":"https:\/\/bladnanews.com\/fr\/wp-json\/wp\/v2\/posts\/4696\/revisions"}],"wp:featuredmedia":[{"embeddable":true,"href":"https:\/\/bladnanews.com\/fr\/wp-json\/wp\/v2\/media\/4694"}],"wp:attachment":[{"href":"https:\/\/bladnanews.com\/fr\/wp-json\/wp\/v2\/media?parent=4696"}],"wp:term":[{"taxonomy":"category","embeddable":true,"href":"https:\/\/bladnanews.com\/fr\/wp-json\/wp\/v2\/categories?post=4696"},{"taxonomy":"post_tag","embeddable":true,"href":"https:\/\/bladnanews.com\/fr\/wp-json\/wp\/v2\/tags?post=4696"}],"curies":[{"name":"wp","href":"https:\/\/api.w.org\/{rel}","templated":true}]}}