{"id":4737,"date":"2026-01-06T15:59:08","date_gmt":"2026-01-06T15:59:08","guid":{"rendered":"https:\/\/bladnanews.com\/dayne-st-clair-and-maxime-crepeau-battle-for-canada-no-1\/"},"modified":"2026-01-06T15:59:08","modified_gmt":"2026-01-06T15:59:08","slug":"dayne-st-clair-et-maxime-crepeau-se-disputent-le-poste-de-numero-1-du-canada","status":"publish","type":"post","link":"https:\/\/bladnanews.com\/fr\/dayne-st-clair-et-maxime-crepeau-se-disputent-le-poste-de-numero-1-du-canada\/","title":{"rendered":"Dayne St Clair et Maxime Cr\u00e9peau se disputent le poste de num\u00e9ro 1 du Canada"},"content":{"rendered":"<p>La situation des gardiens de but du Canada reste l'un des domaines les plus comp\u00e9titifs au sein de l'\u00e9quipe nationale masculine, avec <strong>Dayne St. Clair<\/strong> et <strong>Maxime Cr\u00e9peau<\/strong> toujours engag\u00e9s dans une lutte serr\u00e9e pour \u00eatre le titulaire incontest\u00e9.<\/p>\n<p>St. Clair continue d'\u00e9tayer sa candidature par des performances r\u00e9guli\u00e8res avec <em>Minnesota United<\/em>, offrant le genre de rythme hebdomadaire qui compte souvent lors des rassemblements de l'\u00e9quipe nationale. Cr\u00e9peau, quant \u00e0 lui, a une nouvelle fois d\u00e9montr\u00e9 pourquoi il est appr\u00e9ci\u00e9 dans les grands moments, apportant de l'exp\u00e9rience et un historique de r\u00e9ussite sous haute pression.<\/p>\n<p>La r\u00e9alit\u00e9 pour le Canada est qu'il n'y a pas d'ordre hi\u00e9rarchique \u00e9tabli actuellement. Les deux gardiens font toujours pleinement partie de la conversation, et l'\u00e9cart entre eux est mince. Leur forme au niveau club alimente constamment le d\u00e9bat plut\u00f4t que de le clore.<\/p>\n<p>Cette comp\u00e9tition est devenue un \u00e9l\u00e9ment cl\u00e9 de la perspective canadienne, l'\u00e9quipe nationale b\u00e9n\u00e9ficiant d'avoir deux options \u00e9prouv\u00e9es qui se poussent mutuellement. La bataille ne porte pas seulement sur les arr\u00eats, mais aussi sur le commandement de la surface, la relance et la r\u00e9gularit\u00e9 \u2014 des d\u00e9tails qui peuvent d\u00e9cider de qui obtient la pr\u00e9f\u00e9rence lorsque les enjeux des matchs sont plus grands.<\/p>\n<p>Pour l'instant, St. Clair et Cr\u00e9peau restent les principaux pr\u00e9tendants, et le maillot num\u00e9ro 1 est toujours \u00e0 gagner.<\/p>","protected":false},"excerpt":{"rendered":"<p>Canada\u2019s goalkeeping picture remains one of the most competitive areas in the men\u2019s national team set-up, with Dayne St. Clair [&hellip;]<\/p>\n","protected":false},"author":3,"featured_media":4735,"comment_status":"","ping_status":"open","sticky":false,"template":"","format":"standard","meta":{"googlesitekit_rrm_CAow_uzEDA:productID":"","site-sidebar-layout":"default","site-content-layout":"","ast-site-content-layout":"default","site-content-style":"default","site-sidebar-style":"default","ast-global-header-display":"","ast-banner-title-visibility":"","ast-main-header-display":"","ast-hfb-above-header-display":"","ast-hfb-below-header-display":"","ast-hfb-mobile-header-display":"","site-post-title":"","ast-breadcrumbs-content":"","ast-featured-img":"","footer-sml-layout":"","ast-disable-related-posts":"","theme-transparent-header-meta":"","adv-header-id-meta":"","stick-header-meta":"","header-above-stick-meta":"","header-main-stick-meta":"","header-below-stick-meta":"","astra-migrate-meta-layouts":"default","ast-page-background-enabled":"default","ast-page-background-meta":{"desktop":{"background-color":"var(--ast-global-color-5)","background-image":"","background-repeat":"repeat","background-position":"center center","background-size":"auto","background-attachment":"scroll","background-type":"","background-media":"","overlay-type":"","overlay-color":"","overlay-opacity":"","overlay-gradient":""},"tablet":{"background-color":"","background-image":"","background-repeat":"repeat","background-position":"center center","background-size":"auto","background-attachment":"scroll","background-type":"","background-media":"","overlay-type":"","overlay-color":"","overlay-opacity":"","overlay-gradient":""},"mobile":{"background-color":"","background-image":"","background-repeat":"repeat","background-position":"center center","background-size":"auto","background-attachment":"scroll","background-type":"","background-media":"","overlay-type":"","overlay-color":"","overlay-opacity":"","overlay-gradient":""}},"ast-content-background-meta":{"desktop":{"background-color":"var(--ast-global-color-4)","background-image":"","background-repeat":"repeat","background-position":"center center","background-size":"auto","background-attachment":"scroll","background-type":"","background-media":"","overlay-type":"","overlay-color":"","overlay-opacity":"","overlay-gradient":""},"tablet":{"background-color":"var(--ast-global-color-4)","background-image":"","background-repeat":"repeat","background-position":"center center","background-size":"auto","background-attachment":"scroll","background-type":"","background-media":"","overlay-type":"","overlay-color":"","overlay-opacity":"","overlay-gradient":""},"mobile":{"background-color":"var(--ast-global-color-4)","background-image":"","background-repeat":"repeat","background-position":"center center","background-size":"auto","background-attachment":"scroll","background-type":"","background-media":"","overlay-type":"","overlay-color":"","overlay-opacity":"","overlay-gradient":""}},"footnotes":""},"categories":[20,1],"tags":[],"class_list":["post-4737","post","type-post","status-publish","format-standard","has-post-thumbnail","hentry","category-international","category-football-latest-news"],"yoast_head":"<!-- This site is optimized with the Yoast SEO Premium plugin v26.6 (Yoast SEO v27.5) - https:\/\/yoast.com\/product\/yoast-seo-premium-wordpress\/ -->\n<title>Dayne St Clair and Maxime Crepeau battle for Canada No 1 - Bladna News<\/title>\n<meta name=\"robots\" content=\"index, follow, max-snippet:-1, max-image-preview:large, max-video-preview:-1\" \/>\n<link rel=\"canonical\" href=\"https:\/\/bladnanews.com\/fr\/dayne-st-clair-et-maxime-crepeau-se-disputent-le-poste-de-numero-1-du-canada\/\" \/>\n<meta property=\"og:locale\" content=\"fr_FR\" \/>\n<meta property=\"og:type\" content=\"article\" \/>\n<meta property=\"og:title\" content=\"Dayne St Clair and Maxime Crepeau battle for Canada No 1\" \/>\n<meta property=\"og:description\" content=\"Canada\u2019s goalkeeping picture remains one of the most competitive areas in the men\u2019s national team set-up, with Dayne St. Clair [&hellip;]\" \/>\n<meta property=\"og:url\" content=\"https:\/\/bladnanews.com\/fr\/dayne-st-clair-et-maxime-crepeau-se-disputent-le-poste-de-numero-1-du-canada\/\" \/>\n<meta property=\"og:site_name\" content=\"Bladna News\" \/>\n<meta property=\"article:published_time\" content=\"2026-01-06T15:59:08+00:00\" \/>\n<meta property=\"og:image\" content=\"https:\/\/bladnanews.com\/wp-content\/uploads\/2025\/12\/freepik__bladna-newscom-moroccan-soccer-homepage-banner-mor__41838.png\" \/>\n\t<meta property=\"og:image:width\" content=\"1312\" \/>\n\t<meta property=\"og:image:height\" content=\"736\" \/>\n\t<meta property=\"og:image:type\" content=\"image\/png\" \/>\n<meta name=\"author\" content=\"Bladna News Staff\" \/>\n<meta name=\"twitter:card\" content=\"summary_large_image\" \/>\n<meta name=\"twitter:label1\" content=\"\u00c9crit par\" \/>\n\t<meta name=\"twitter:data1\" content=\"Bladna News Staff\" \/>\n\t<meta name=\"twitter:label2\" content=\"Dur\u00e9e de lecture estim\u00e9e\" \/>\n\t<meta name=\"twitter:data2\" content=\"1 minute\" \/>\n<script type=\"application\/ld+json\" class=\"yoast-schema-graph\">{\"@context\":\"https:\\\/\\\/schema.org\",\"@graph\":[{\"@type\":\"Article\",\"@id\":\"https:\\\/\\\/bladnanews.com\\\/dayne-st-clair-and-maxime-crepeau-battle-for-canada-no-1\\\/#article\",\"isPartOf\":{\"@id\":\"https:\\\/\\\/bladnanews.com\\\/dayne-st-clair-and-maxime-crepeau-battle-for-canada-no-1\\\/\"},\"author\":{\"name\":\"Bladna News Staff\",\"@id\":\"https:\\\/\\\/mediumseagreen-eel-531711.hostingersite.com\\\/#\\\/schema\\\/person\\\/268e18a453ab080ebf76df6ef7845083\"},\"headline\":\"Dayne St Clair and Maxime Crepeau battle for Canada No 1\",\"datePublished\":\"2026-01-06T15:59:08+00:00\",\"mainEntityOfPage\":{\"@id\":\"https:\\\/\\\/bladnanews.com\\\/dayne-st-clair-and-maxime-crepeau-battle-for-canada-no-1\\\/\"},\"wordCount\":215,\"publisher\":{\"@id\":\"https:\\\/\\\/mediumseagreen-eel-531711.hostingersite.com\\\/#organization\"},\"image\":{\"@id\":\"https:\\\/\\\/bladnanews.com\\\/dayne-st-clair-and-maxime-crepeau-battle-for-canada-no-1\\\/#primaryimage\"},\"thumbnailUrl\":\"https:\\\/\\\/bladnanews.com\\\/wp-content\\\/uploads\\\/2026\\\/01\\\/BladnaNews-Dayne-St-Clair-and-Maxime-Crepeau-battle-for-Canada-No-1-2026-01-07T050934.463Z.jpg\",\"articleSection\":[\"International\",\"Latest News\"],\"inLanguage\":\"fr-FR\",\"copyrightYear\":\"2026\",\"copyrightHolder\":{\"@id\":\"https:\\\/\\\/bladnanews.com\\\/fr\\\/#organization\"}},{\"@type\":\"WebPage\",\"@id\":\"https:\\\/\\\/bladnanews.com\\\/dayne-st-clair-and-maxime-crepeau-battle-for-canada-no-1\\\/\",\"url\":\"https:\\\/\\\/bladnanews.com\\\/dayne-st-clair-and-maxime-crepeau-battle-for-canada-no-1\\\/\",\"name\":\"Dayne St Clair and Maxime Crepeau battle for Canada No 1 - Bladna News\",\"isPartOf\":{\"@id\":\"https:\\\/\\\/mediumseagreen-eel-531711.hostingersite.com\\\/#website\"},\"primaryImageOfPage\":{\"@id\":\"https:\\\/\\\/bladnanews.com\\\/dayne-st-clair-and-maxime-crepeau-battle-for-canada-no-1\\\/#primaryimage\"},\"image\":{\"@id\":\"https:\\\/\\\/bladnanews.com\\\/dayne-st-clair-and-maxime-crepeau-battle-for-canada-no-1\\\/#primaryimage\"},\"thumbnailUrl\":\"https:\\\/\\\/bladnanews.com\\\/wp-content\\\/uploads\\\/2026\\\/01\\\/BladnaNews-Dayne-St-Clair-and-Maxime-Crepeau-battle-for-Canada-No-1-2026-01-07T050934.463Z.jpg\",\"datePublished\":\"2026-01-06T15:59:08+00:00\",\"breadcrumb\":{\"@id\":\"https:\\\/\\\/bladnanews.com\\\/dayne-st-clair-and-maxime-crepeau-battle-for-canada-no-1\\\/#breadcrumb\"},\"inLanguage\":\"fr-FR\",\"potentialAction\":[{\"@type\":\"ReadAction\",\"target\":[\"https:\\\/\\\/bladnanews.com\\\/dayne-st-clair-and-maxime-crepeau-battle-for-canada-no-1\\\/\"]}]},{\"@type\":\"ImageObject\",\"inLanguage\":\"fr-FR\",\"@id\":\"https:\\\/\\\/bladnanews.com\\\/dayne-st-clair-and-maxime-crepeau-battle-for-canada-no-1\\\/#primaryimage\",\"url\":\"https:\\\/\\\/bladnanews.com\\\/wp-content\\\/uploads\\\/2026\\\/01\\\/BladnaNews-Dayne-St-Clair-and-Maxime-Crepeau-battle-for-Canada-No-1-2026-01-07T050934.463Z.jpg\",\"contentUrl\":\"https:\\\/\\\/bladnanews.com\\\/wp-content\\\/uploads\\\/2026\\\/01\\\/BladnaNews-Dayne-St-Clair-and-Maxime-Crepeau-battle-for-Canada-No-1-2026-01-07T050934.463Z.jpg\",\"width\":1600,\"height\":900,\"caption\":\"Dayne St. Clair and Maxime Cr\u00e9pau in Canada kits, showcasing their goalkeeping skills with vibrant backgrounds and Canadian motifs.\"},{\"@type\":\"BreadcrumbList\",\"@id\":\"https:\\\/\\\/bladnanews.com\\\/dayne-st-clair-and-maxime-crepeau-battle-for-canada-no-1\\\/#breadcrumb\",\"itemListElement\":[{\"@type\":\"ListItem\",\"position\":1,\"name\":\"Home\",\"item\":\"https:\\\/\\\/bladnanews.com\\\/\"},{\"@type\":\"ListItem\",\"position\":2,\"name\":\"Dayne St Clair and Maxime Crepeau battle for Canada No 1\"}]},{\"@type\":\"WebSite\",\"@id\":\"https:\\\/\\\/mediumseagreen-eel-531711.hostingersite.com\\\/#website\",\"url\":\"https:\\\/\\\/mediumseagreen-eel-531711.hostingersite.com\\\/\",\"name\":\"Bladna News - Morocco\",\"description\":\"Where Moroccan Football Meets the World\",\"publisher\":{\"@id\":\"https:\\\/\\\/mediumseagreen-eel-531711.hostingersite.com\\\/#organization\"},\"potentialAction\":[{\"@type\":\"SearchAction\",\"target\":{\"@type\":\"EntryPoint\",\"urlTemplate\":\"https:\\\/\\\/mediumseagreen-eel-531711.hostingersite.com\\\/?s={search_term_string}\"},\"query-input\":{\"@type\":\"PropertyValueSpecification\",\"valueRequired\":true,\"valueName\":\"search_term_string\"}}],\"inLanguage\":\"fr-FR\"},{\"@type\":\"Organization\",\"@id\":\"https:\\\/\\\/mediumseagreen-eel-531711.hostingersite.com\\\/#organization\",\"name\":\"Bladna News.com\",\"url\":\"https:\\\/\\\/mediumseagreen-eel-531711.hostingersite.com\\\/\",\"logo\":{\"@type\":\"ImageObject\",\"inLanguage\":\"fr-FR\",\"@id\":\"https:\\\/\\\/mediumseagreen-eel-531711.hostingersite.com\\\/#\\\/schema\\\/logo\\\/image\\\/\",\"url\":\"https:\\\/\\\/bladnanews.com\\\/wp-content\\\/uploads\\\/2025\\\/12\\\/logo-bladnanews-V2-web-black-red.png\",\"contentUrl\":\"https:\\\/\\\/bladnanews.com\\\/wp-content\\\/uploads\\\/2025\\\/12\\\/logo-bladnanews-V2-web-black-red.png\",\"width\":703,\"height\":287,\"caption\":\"Bladna News.com\"},\"image\":{\"@id\":\"https:\\\/\\\/mediumseagreen-eel-531711.hostingersite.com\\\/#\\\/schema\\\/logo\\\/image\\\/\"},\"email\":\"info@bladnanews.com\",\"legalName\":\"Bladna News\"},{\"@type\":\"Person\",\"@id\":\"https:\\\/\\\/mediumseagreen-eel-531711.hostingersite.com\\\/#\\\/schema\\\/person\\\/268e18a453ab080ebf76df6ef7845083\",\"name\":\"Bladna News Staff\",\"url\":\"https:\\\/\\\/bladnanews.com\\\/fr\\\/author\\\/bladna-news-staff\\\/\"}]}<\/script>\n<!-- \/ Yoast SEO Premium plugin. -->","yoast_head_json":{"title":"Dayne St Clair et Maxime Cr\u00e9peau se disputent le poste de num\u00e9ro 1 du Canada - Bladna News","robots":{"index":"index","follow":"follow","max-snippet":"max-snippet:-1","max-image-preview":"max-image-preview:large","max-video-preview":"max-video-preview:-1"},"canonical":"https:\/\/bladnanews.com\/fr\/dayne-st-clair-et-maxime-crepeau-se-disputent-le-poste-de-numero-1-du-canada\/","og_locale":"fr_FR","og_type":"article","og_title":"Dayne St Clair and Maxime Crepeau battle for Canada No 1","og_description":"Canada\u2019s goalkeeping picture remains one of the most competitive areas in the men\u2019s national team set-up, with Dayne St. Clair [&hellip;]","og_url":"https:\/\/bladnanews.com\/fr\/dayne-st-clair-et-maxime-crepeau-se-disputent-le-poste-de-numero-1-du-canada\/","og_site_name":"Bladna News","article_published_time":"2026-01-06T15:59:08+00:00","og_image":[{"width":1312,"height":736,"url":"https:\/\/bladnanews.com\/wp-content\/uploads\/2025\/12\/freepik__bladna-newscom-moroccan-soccer-homepage-banner-mor__41838.png","type":"image\/png"}],"author":"Bladna News Staff","twitter_card":"summary_large_image","twitter_misc":{"\u00c9crit par":"Bladna News Staff","Dur\u00e9e de lecture estim\u00e9e":"1 minute"},"schema":{"@context":"https:\/\/schema.org","@graph":[{"@type":"Article","@id":"https:\/\/bladnanews.com\/dayne-st-clair-and-maxime-crepeau-battle-for-canada-no-1\/#article","isPartOf":{"@id":"https:\/\/bladnanews.com\/dayne-st-clair-and-maxime-crepeau-battle-for-canada-no-1\/"},"author":{"name":"Bladna News Staff","@id":"https:\/\/mediumseagreen-eel-531711.hostingersite.com\/#\/schema\/person\/268e18a453ab080ebf76df6ef7845083"},"headline":"Dayne St Clair and Maxime Crepeau battle for Canada No 1","datePublished":"2026-01-06T15:59:08+00:00","mainEntityOfPage":{"@id":"https:\/\/bladnanews.com\/dayne-st-clair-and-maxime-crepeau-battle-for-canada-no-1\/"},"wordCount":215,"publisher":{"@id":"https:\/\/mediumseagreen-eel-531711.hostingersite.com\/#organization"},"image":{"@id":"https:\/\/bladnanews.com\/dayne-st-clair-and-maxime-crepeau-battle-for-canada-no-1\/#primaryimage"},"thumbnailUrl":"https:\/\/bladnanews.com\/wp-content\/uploads\/2026\/01\/BladnaNews-Dayne-St-Clair-and-Maxime-Crepeau-battle-for-Canada-No-1-2026-01-07T050934.463Z.jpg","articleSection":["International","Latest News"],"inLanguage":"fr-FR","copyrightYear":"2026","copyrightHolder":{"@id":"https:\/\/bladnanews.com\/fr\/#organization"}},{"@type":"WebPage","@id":"https:\/\/bladnanews.com\/dayne-st-clair-and-maxime-crepeau-battle-for-canada-no-1\/","url":"https:\/\/bladnanews.com\/dayne-st-clair-and-maxime-crepeau-battle-for-canada-no-1\/","name":"Dayne St Clair et Maxime Cr\u00e9peau se disputent le poste de num\u00e9ro 1 du Canada - Bladna News","isPartOf":{"@id":"https:\/\/mediumseagreen-eel-531711.hostingersite.com\/#website"},"primaryImageOfPage":{"@id":"https:\/\/bladnanews.com\/dayne-st-clair-and-maxime-crepeau-battle-for-canada-no-1\/#primaryimage"},"image":{"@id":"https:\/\/bladnanews.com\/dayne-st-clair-and-maxime-crepeau-battle-for-canada-no-1\/#primaryimage"},"thumbnailUrl":"https:\/\/bladnanews.com\/wp-content\/uploads\/2026\/01\/BladnaNews-Dayne-St-Clair-and-Maxime-Crepeau-battle-for-Canada-No-1-2026-01-07T050934.463Z.jpg","datePublished":"2026-01-06T15:59:08+00:00","breadcrumb":{"@id":"https:\/\/bladnanews.com\/dayne-st-clair-and-maxime-crepeau-battle-for-canada-no-1\/#breadcrumb"},"inLanguage":"fr-FR","potentialAction":[{"@type":"ReadAction","target":["https:\/\/bladnanews.com\/dayne-st-clair-and-maxime-crepeau-battle-for-canada-no-1\/"]}]},{"@type":"ImageObject","inLanguage":"fr-FR","@id":"https:\/\/bladnanews.com\/dayne-st-clair-and-maxime-crepeau-battle-for-canada-no-1\/#primaryimage","url":"https:\/\/bladnanews.com\/wp-content\/uploads\/2026\/01\/BladnaNews-Dayne-St-Clair-and-Maxime-Crepeau-battle-for-Canada-No-1-2026-01-07T050934.463Z.jpg","contentUrl":"https:\/\/bladnanews.com\/wp-content\/uploads\/2026\/01\/BladnaNews-Dayne-St-Clair-and-Maxime-Crepeau-battle-for-Canada-No-1-2026-01-07T050934.463Z.jpg","width":1600,"height":900,"caption":"Dayne St. Clair and Maxime Cr\u00e9pau in Canada kits, showcasing their goalkeeping skills with vibrant backgrounds and Canadian motifs."},{"@type":"BreadcrumbList","@id":"https:\/\/bladnanews.com\/dayne-st-clair-and-maxime-crepeau-battle-for-canada-no-1\/#breadcrumb","itemListElement":[{"@type":"ListItem","position":1,"name":"Home","item":"https:\/\/bladnanews.com\/"},{"@type":"ListItem","position":2,"name":"Dayne St Clair and Maxime Crepeau battle for Canada No 1"}]},{"@type":"WebSite","@id":"https:\/\/mediumseagreen-eel-531711.hostingersite.com\/#website","url":"https:\/\/mediumseagreen-eel-531711.hostingersite.com\/","name":"Bladna News - Maroc","description":"Quand le football marocain rencontre le monde","publisher":{"@id":"https:\/\/mediumseagreen-eel-531711.hostingersite.com\/#organization"},"potentialAction":[{"@type":"SearchAction","target":{"@type":"EntryPoint","urlTemplate":"https:\/\/mediumseagreen-eel-531711.hostingersite.com\/?s={search_term_string}"},"query-input":{"@type":"PropertyValueSpecification","valueRequired":true,"valueName":"search_term_string"}}],"inLanguage":"fr-FR"},{"@type":"Organization","@id":"https:\/\/mediumseagreen-eel-531711.hostingersite.com\/#organization","name":"Bladna News.com","url":"https:\/\/mediumseagreen-eel-531711.hostingersite.com\/","logo":{"@type":"ImageObject","inLanguage":"fr-FR","@id":"https:\/\/mediumseagreen-eel-531711.hostingersite.com\/#\/schema\/logo\/image\/","url":"https:\/\/bladnanews.com\/wp-content\/uploads\/2025\/12\/logo-bladnanews-V2-web-black-red.png","contentUrl":"https:\/\/bladnanews.com\/wp-content\/uploads\/2025\/12\/logo-bladnanews-V2-web-black-red.png","width":703,"height":287,"caption":"Bladna News.com"},"image":{"@id":"https:\/\/mediumseagreen-eel-531711.hostingersite.com\/#\/schema\/logo\/image\/"},"email":"info@bladnanews.com","legalName":"Bladna News"},{"@type":"Person","@id":"https:\/\/mediumseagreen-eel-531711.hostingersite.com\/#\/schema\/person\/268e18a453ab080ebf76df6ef7845083","name":"\u00c9quipe r\u00e9dactionnelle de Bladna News","url":"https:\/\/bladnanews.com\/fr\/author\/bladna-news-staff\/"}]}},"_links":{"self":[{"href":"https:\/\/bladnanews.com\/fr\/wp-json\/wp\/v2\/posts\/4737","targetHints":{"allow":["GET"]}}],"collection":[{"href":"https:\/\/bladnanews.com\/fr\/wp-json\/wp\/v2\/posts"}],"about":[{"href":"https:\/\/bladnanews.com\/fr\/wp-json\/wp\/v2\/types\/post"}],"author":[{"embeddable":true,"href":"https:\/\/bladnanews.com\/fr\/wp-json\/wp\/v2\/users\/3"}],"replies":[{"embeddable":true,"href":"https:\/\/bladnanews.com\/fr\/wp-json\/wp\/v2\/comments?post=4737"}],"version-history":[{"count":0,"href":"https:\/\/bladnanews.com\/fr\/wp-json\/wp\/v2\/posts\/4737\/revisions"}],"wp:featuredmedia":[{"embeddable":true,"href":"https:\/\/bladnanews.com\/fr\/wp-json\/wp\/v2\/media\/4735"}],"wp:attachment":[{"href":"https:\/\/bladnanews.com\/fr\/wp-json\/wp\/v2\/media?parent=4737"}],"wp:term":[{"taxonomy":"category","embeddable":true,"href":"https:\/\/bladnanews.com\/fr\/wp-json\/wp\/v2\/categories?post=4737"},{"taxonomy":"post_tag","embeddable":true,"href":"https:\/\/bladnanews.com\/fr\/wp-json\/wp\/v2\/tags?post=4737"}],"curies":[{"name":"wp","href":"https:\/\/api.w.org\/{rel}","templated":true}]}}