{"id":4740,"date":"2026-01-06T16:00:25","date_gmt":"2026-01-06T16:00:25","guid":{"rendered":"https:\/\/bladnanews.com\/wrexham-urged-to-bid-in-january-for-matheus-pereira\/"},"modified":"2026-01-06T16:00:25","modified_gmt":"2026-01-06T16:00:25","slug":"wrexham-exhorte-a-soumettre-une-offre-en-janvier-pour-matheus-pereira","status":"publish","type":"post","link":"https:\/\/bladnanews.com\/fr\/wrexham-exhorte-a-soumettre-une-offre-en-janvier-pour-matheus-pereira\/","title":{"rendered":"Wrexham exhort\u00e9 \u00e0 soumissionner en janvier pour Matheus Pereira"},"content":{"rendered":"<p>Il a \u00e9t\u00e9 conseill\u00e9 \u00e0 Wrexham de se mobiliser en janvier pour Matheus Pereira, alors que la pouss\u00e9e du club gallois dans le classement se poursuit et que les discussions sur une \u00e9ventuelle qualification pour les barrages de Championship se multiplient.<\/p>\n<p>L'international br\u00e9silien, qui a de l'exp\u00e9rience en Premier League, a \u00e9t\u00e9 pr\u00e9sent\u00e9 comme une cible de premier choix pour l'\u00e9quipe de Phil Parkinson, avec l'id\u00e9e que sa qualit\u00e9 pourrait avoir un impact imm\u00e9diat lors de la deuxi\u00e8me partie de saison.<\/p>\n<p>Pereira a \u00e9t\u00e9 d\u00e9crit en termes \u00e9logieux par l'ancien attaquant de Wrexham, Neil Roberts, qui estime que le milieu de terrain serait une signature d'ambition pour le club s'ils parviennent \u00e0 conclure un accord \u00e0 l'ouverture du mercato.<\/p>\n<p><strong>\u201c C'est un vrai technicien \u201d,\u201d<\/strong> a d\u00e9clar\u00e9 Roberts, en encourageant Wrexham \u00e0 envisager une offensive pour un joueur qui a \u00e9volu\u00e9 au plus haut niveau et apporte de la cr\u00e9ativit\u00e9 dans le dernier tiers du terrain.<\/p>\n<p>Les commentaires de Roberts interviennent \u00e0 un moment o\u00f9 l'\u00e9lan de Wrexham les maintient dans la course et accro\u00eet les attentes sur ce qui pourrait \u00eatre possible cette saison, la croissance du club sur et en dehors du terrain se poursuivant \u00e0 un rythme soutenu.<\/p>\n<p>La discussion autour de Pereira s'accompagne \u00e9galement d'un message clair : si Wrexham veut continuer \u00e0 grimper, l'ajout de qualit\u00e9 et d'exp\u00e9rience av\u00e9r\u00e9es dans des secteurs cl\u00e9s pourrait faire la diff\u00e9rence entre une campagne encourageante et une v\u00e9ritable course \u00e0 la promotion.<\/p>\n<p>\u00c0 l'approche de janvier, les plans de recrutement du club vont se pr\u00e9ciser, et le nom de Pereira est d\u00e9sormais \u00e9voqu\u00e9 comme un renfort potentiel de premier plan.<\/p>","protected":false},"excerpt":{"rendered":"<p>Wrexham have been urged to move in January for Matheus Pereira as the Welsh club\u2019s push up the table continues [&hellip;]<\/p>\n","protected":false},"author":3,"featured_media":4738,"comment_status":"","ping_status":"open","sticky":false,"template":"","format":"standard","meta":{"googlesitekit_rrm_CAow_uzEDA:productID":"","site-sidebar-layout":"default","site-content-layout":"","ast-site-content-layout":"default","site-content-style":"default","site-sidebar-style":"default","ast-global-header-display":"","ast-banner-title-visibility":"","ast-main-header-display":"","ast-hfb-above-header-display":"","ast-hfb-below-header-display":"","ast-hfb-mobile-header-display":"","site-post-title":"","ast-breadcrumbs-content":"","ast-featured-img":"","footer-sml-layout":"","ast-disable-related-posts":"","theme-transparent-header-meta":"","adv-header-id-meta":"","stick-header-meta":"","header-above-stick-meta":"","header-main-stick-meta":"","header-below-stick-meta":"","astra-migrate-meta-layouts":"default","ast-page-background-enabled":"default","ast-page-background-meta":{"desktop":{"background-color":"var(--ast-global-color-5)","background-image":"","background-repeat":"repeat","background-position":"center center","background-size":"auto","background-attachment":"scroll","background-type":"","background-media":"","overlay-type":"","overlay-color":"","overlay-opacity":"","overlay-gradient":""},"tablet":{"background-color":"","background-image":"","background-repeat":"repeat","background-position":"center center","background-size":"auto","background-attachment":"scroll","background-type":"","background-media":"","overlay-type":"","overlay-color":"","overlay-opacity":"","overlay-gradient":""},"mobile":{"background-color":"","background-image":"","background-repeat":"repeat","background-position":"center center","background-size":"auto","background-attachment":"scroll","background-type":"","background-media":"","overlay-type":"","overlay-color":"","overlay-opacity":"","overlay-gradient":""}},"ast-content-background-meta":{"desktop":{"background-color":"var(--ast-global-color-4)","background-image":"","background-repeat":"repeat","background-position":"center center","background-size":"auto","background-attachment":"scroll","background-type":"","background-media":"","overlay-type":"","overlay-color":"","overlay-opacity":"","overlay-gradient":""},"tablet":{"background-color":"var(--ast-global-color-4)","background-image":"","background-repeat":"repeat","background-position":"center center","background-size":"auto","background-attachment":"scroll","background-type":"","background-media":"","overlay-type":"","overlay-color":"","overlay-opacity":"","overlay-gradient":""},"mobile":{"background-color":"var(--ast-global-color-4)","background-image":"","background-repeat":"repeat","background-position":"center center","background-size":"auto","background-attachment":"scroll","background-type":"","background-media":"","overlay-type":"","overlay-color":"","overlay-opacity":"","overlay-gradient":""}},"footnotes":""},"categories":[20,1],"tags":[],"class_list":["post-4740","post","type-post","status-publish","format-standard","has-post-thumbnail","hentry","category-international","category-football-latest-news"],"yoast_head":"<!-- This site is optimized with the Yoast SEO Premium plugin v26.6 (Yoast SEO v27.5) - https:\/\/yoast.com\/product\/yoast-seo-premium-wordpress\/ -->\n<title>Wrexham urged to bid in January for Matheus Pereira - Bladna News<\/title>\n<meta name=\"robots\" content=\"index, follow, max-snippet:-1, max-image-preview:large, max-video-preview:-1\" \/>\n<link rel=\"canonical\" href=\"https:\/\/bladnanews.com\/fr\/wrexham-exhorte-a-soumettre-une-offre-en-janvier-pour-matheus-pereira\/\" \/>\n<meta property=\"og:locale\" content=\"fr_FR\" \/>\n<meta property=\"og:type\" content=\"article\" \/>\n<meta property=\"og:title\" content=\"Wrexham urged to bid in January for Matheus Pereira\" \/>\n<meta property=\"og:description\" content=\"Wrexham have been urged to move in January for Matheus Pereira as the Welsh club\u2019s push up the table continues [&hellip;]\" \/>\n<meta property=\"og:url\" content=\"https:\/\/bladnanews.com\/fr\/wrexham-exhorte-a-soumettre-une-offre-en-janvier-pour-matheus-pereira\/\" \/>\n<meta property=\"og:site_name\" content=\"Bladna News\" \/>\n<meta property=\"article:published_time\" content=\"2026-01-06T16:00:25+00:00\" \/>\n<meta property=\"og:image\" content=\"https:\/\/bladnanews.com\/wp-content\/uploads\/2025\/12\/freepik__bladna-newscom-moroccan-soccer-homepage-banner-mor__41838.png\" \/>\n\t<meta property=\"og:image:width\" content=\"1312\" \/>\n\t<meta property=\"og:image:height\" content=\"736\" \/>\n\t<meta property=\"og:image:type\" content=\"image\/png\" \/>\n<meta name=\"author\" content=\"Bladna News Staff\" \/>\n<meta name=\"twitter:card\" content=\"summary_large_image\" \/>\n<meta name=\"twitter:label1\" content=\"\u00c9crit par\" \/>\n\t<meta name=\"twitter:data1\" content=\"Bladna News Staff\" \/>\n\t<meta name=\"twitter:label2\" content=\"Dur\u00e9e de lecture estim\u00e9e\" \/>\n\t<meta name=\"twitter:data2\" content=\"1 minute\" \/>\n<script type=\"application\/ld+json\" class=\"yoast-schema-graph\">{\"@context\":\"https:\\\/\\\/schema.org\",\"@graph\":[{\"@type\":\"Article\",\"@id\":\"https:\\\/\\\/bladnanews.com\\\/wrexham-urged-to-bid-in-january-for-matheus-pereira\\\/#article\",\"isPartOf\":{\"@id\":\"https:\\\/\\\/bladnanews.com\\\/wrexham-urged-to-bid-in-january-for-matheus-pereira\\\/\"},\"author\":{\"name\":\"Bladna News Staff\",\"@id\":\"https:\\\/\\\/mediumseagreen-eel-531711.hostingersite.com\\\/#\\\/schema\\\/person\\\/268e18a453ab080ebf76df6ef7845083\"},\"headline\":\"Wrexham urged to bid in January for Matheus Pereira\",\"datePublished\":\"2026-01-06T16:00:25+00:00\",\"mainEntityOfPage\":{\"@id\":\"https:\\\/\\\/bladnanews.com\\\/wrexham-urged-to-bid-in-january-for-matheus-pereira\\\/\"},\"wordCount\":252,\"publisher\":{\"@id\":\"https:\\\/\\\/mediumseagreen-eel-531711.hostingersite.com\\\/#organization\"},\"image\":{\"@id\":\"https:\\\/\\\/bladnanews.com\\\/wrexham-urged-to-bid-in-january-for-matheus-pereira\\\/#primaryimage\"},\"thumbnailUrl\":\"https:\\\/\\\/bladnanews.com\\\/wp-content\\\/uploads\\\/2026\\\/01\\\/BladnaNews-Wrexham-urged-to-bid-in-January-for-Matheus-Pereira-2026-01-07T050952.597Z.jpg\",\"articleSection\":[\"International\",\"Latest News\"],\"inLanguage\":\"fr-FR\",\"copyrightYear\":\"2026\",\"copyrightHolder\":{\"@id\":\"https:\\\/\\\/bladnanews.com\\\/fr\\\/#organization\"}},{\"@type\":\"WebPage\",\"@id\":\"https:\\\/\\\/bladnanews.com\\\/wrexham-urged-to-bid-in-january-for-matheus-pereira\\\/\",\"url\":\"https:\\\/\\\/bladnanews.com\\\/wrexham-urged-to-bid-in-january-for-matheus-pereira\\\/\",\"name\":\"Wrexham urged to bid in January for Matheus Pereira - Bladna News\",\"isPartOf\":{\"@id\":\"https:\\\/\\\/mediumseagreen-eel-531711.hostingersite.com\\\/#website\"},\"primaryImageOfPage\":{\"@id\":\"https:\\\/\\\/bladnanews.com\\\/wrexham-urged-to-bid-in-january-for-matheus-pereira\\\/#primaryimage\"},\"image\":{\"@id\":\"https:\\\/\\\/bladnanews.com\\\/wrexham-urged-to-bid-in-january-for-matheus-pereira\\\/#primaryimage\"},\"thumbnailUrl\":\"https:\\\/\\\/bladnanews.com\\\/wp-content\\\/uploads\\\/2026\\\/01\\\/BladnaNews-Wrexham-urged-to-bid-in-January-for-Matheus-Pereira-2026-01-07T050952.597Z.jpg\",\"datePublished\":\"2026-01-06T16:00:25+00:00\",\"breadcrumb\":{\"@id\":\"https:\\\/\\\/bladnanews.com\\\/wrexham-urged-to-bid-in-january-for-matheus-pereira\\\/#breadcrumb\"},\"inLanguage\":\"fr-FR\",\"potentialAction\":[{\"@type\":\"ReadAction\",\"target\":[\"https:\\\/\\\/bladnanews.com\\\/wrexham-urged-to-bid-in-january-for-matheus-pereira\\\/\"]}]},{\"@type\":\"ImageObject\",\"inLanguage\":\"fr-FR\",\"@id\":\"https:\\\/\\\/bladnanews.com\\\/wrexham-urged-to-bid-in-january-for-matheus-pereira\\\/#primaryimage\",\"url\":\"https:\\\/\\\/bladnanews.com\\\/wp-content\\\/uploads\\\/2026\\\/01\\\/BladnaNews-Wrexham-urged-to-bid-in-January-for-Matheus-Pereira-2026-01-07T050952.597Z.jpg\",\"contentUrl\":\"https:\\\/\\\/bladnanews.com\\\/wp-content\\\/uploads\\\/2026\\\/01\\\/BladnaNews-Wrexham-urged-to-bid-in-January-for-Matheus-Pereira-2026-01-07T050952.597Z.jpg\",\"width\":1600,\"height\":900,\"caption\":\"Wrexham players celebrate after a goal, with one removing his shirt in excitement, wearing a red kit with white details.\"},{\"@type\":\"BreadcrumbList\",\"@id\":\"https:\\\/\\\/bladnanews.com\\\/wrexham-urged-to-bid-in-january-for-matheus-pereira\\\/#breadcrumb\",\"itemListElement\":[{\"@type\":\"ListItem\",\"position\":1,\"name\":\"Home\",\"item\":\"https:\\\/\\\/bladnanews.com\\\/\"},{\"@type\":\"ListItem\",\"position\":2,\"name\":\"Wrexham urged to bid in January for Matheus Pereira\"}]},{\"@type\":\"WebSite\",\"@id\":\"https:\\\/\\\/mediumseagreen-eel-531711.hostingersite.com\\\/#website\",\"url\":\"https:\\\/\\\/mediumseagreen-eel-531711.hostingersite.com\\\/\",\"name\":\"Bladna News - Morocco\",\"description\":\"Where Moroccan Football Meets the World\",\"publisher\":{\"@id\":\"https:\\\/\\\/mediumseagreen-eel-531711.hostingersite.com\\\/#organization\"},\"potentialAction\":[{\"@type\":\"SearchAction\",\"target\":{\"@type\":\"EntryPoint\",\"urlTemplate\":\"https:\\\/\\\/mediumseagreen-eel-531711.hostingersite.com\\\/?s={search_term_string}\"},\"query-input\":{\"@type\":\"PropertyValueSpecification\",\"valueRequired\":true,\"valueName\":\"search_term_string\"}}],\"inLanguage\":\"fr-FR\"},{\"@type\":\"Organization\",\"@id\":\"https:\\\/\\\/mediumseagreen-eel-531711.hostingersite.com\\\/#organization\",\"name\":\"Bladna News.com\",\"url\":\"https:\\\/\\\/mediumseagreen-eel-531711.hostingersite.com\\\/\",\"logo\":{\"@type\":\"ImageObject\",\"inLanguage\":\"fr-FR\",\"@id\":\"https:\\\/\\\/mediumseagreen-eel-531711.hostingersite.com\\\/#\\\/schema\\\/logo\\\/image\\\/\",\"url\":\"https:\\\/\\\/bladnanews.com\\\/wp-content\\\/uploads\\\/2025\\\/12\\\/logo-bladnanews-V2-web-black-red.png\",\"contentUrl\":\"https:\\\/\\\/bladnanews.com\\\/wp-content\\\/uploads\\\/2025\\\/12\\\/logo-bladnanews-V2-web-black-red.png\",\"width\":703,\"height\":287,\"caption\":\"Bladna News.com\"},\"image\":{\"@id\":\"https:\\\/\\\/mediumseagreen-eel-531711.hostingersite.com\\\/#\\\/schema\\\/logo\\\/image\\\/\"},\"email\":\"info@bladnanews.com\",\"legalName\":\"Bladna News\"},{\"@type\":\"Person\",\"@id\":\"https:\\\/\\\/mediumseagreen-eel-531711.hostingersite.com\\\/#\\\/schema\\\/person\\\/268e18a453ab080ebf76df6ef7845083\",\"name\":\"Bladna News Staff\",\"url\":\"https:\\\/\\\/bladnanews.com\\\/fr\\\/author\\\/bladna-news-staff\\\/\"}]}<\/script>\n<!-- \/ Yoast SEO Premium plugin. -->","yoast_head_json":{"title":"Wrexham exhort\u00e9 \u00e0 faire une offre en janvier pour Matheus Pereira - Bladna News","robots":{"index":"index","follow":"follow","max-snippet":"max-snippet:-1","max-image-preview":"max-image-preview:large","max-video-preview":"max-video-preview:-1"},"canonical":"https:\/\/bladnanews.com\/fr\/wrexham-exhorte-a-soumettre-une-offre-en-janvier-pour-matheus-pereira\/","og_locale":"fr_FR","og_type":"article","og_title":"Wrexham urged to bid in January for Matheus Pereira","og_description":"Wrexham have been urged to move in January for Matheus Pereira as the Welsh club\u2019s push up the table continues [&hellip;]","og_url":"https:\/\/bladnanews.com\/fr\/wrexham-exhorte-a-soumettre-une-offre-en-janvier-pour-matheus-pereira\/","og_site_name":"Bladna News","article_published_time":"2026-01-06T16:00:25+00:00","og_image":[{"width":1312,"height":736,"url":"https:\/\/bladnanews.com\/wp-content\/uploads\/2025\/12\/freepik__bladna-newscom-moroccan-soccer-homepage-banner-mor__41838.png","type":"image\/png"}],"author":"Bladna News Staff","twitter_card":"summary_large_image","twitter_misc":{"\u00c9crit par":"Bladna News Staff","Dur\u00e9e de lecture estim\u00e9e":"1 minute"},"schema":{"@context":"https:\/\/schema.org","@graph":[{"@type":"Article","@id":"https:\/\/bladnanews.com\/wrexham-urged-to-bid-in-january-for-matheus-pereira\/#article","isPartOf":{"@id":"https:\/\/bladnanews.com\/wrexham-urged-to-bid-in-january-for-matheus-pereira\/"},"author":{"name":"Bladna News Staff","@id":"https:\/\/mediumseagreen-eel-531711.hostingersite.com\/#\/schema\/person\/268e18a453ab080ebf76df6ef7845083"},"headline":"Wrexham urged to bid in January for Matheus Pereira","datePublished":"2026-01-06T16:00:25+00:00","mainEntityOfPage":{"@id":"https:\/\/bladnanews.com\/wrexham-urged-to-bid-in-january-for-matheus-pereira\/"},"wordCount":252,"publisher":{"@id":"https:\/\/mediumseagreen-eel-531711.hostingersite.com\/#organization"},"image":{"@id":"https:\/\/bladnanews.com\/wrexham-urged-to-bid-in-january-for-matheus-pereira\/#primaryimage"},"thumbnailUrl":"https:\/\/bladnanews.com\/wp-content\/uploads\/2026\/01\/BladnaNews-Wrexham-urged-to-bid-in-January-for-Matheus-Pereira-2026-01-07T050952.597Z.jpg","articleSection":["International","Latest News"],"inLanguage":"fr-FR","copyrightYear":"2026","copyrightHolder":{"@id":"https:\/\/bladnanews.com\/fr\/#organization"}},{"@type":"WebPage","@id":"https:\/\/bladnanews.com\/wrexham-urged-to-bid-in-january-for-matheus-pereira\/","url":"https:\/\/bladnanews.com\/wrexham-urged-to-bid-in-january-for-matheus-pereira\/","name":"Wrexham exhort\u00e9 \u00e0 faire une offre en janvier pour Matheus Pereira - Bladna News","isPartOf":{"@id":"https:\/\/mediumseagreen-eel-531711.hostingersite.com\/#website"},"primaryImageOfPage":{"@id":"https:\/\/bladnanews.com\/wrexham-urged-to-bid-in-january-for-matheus-pereira\/#primaryimage"},"image":{"@id":"https:\/\/bladnanews.com\/wrexham-urged-to-bid-in-january-for-matheus-pereira\/#primaryimage"},"thumbnailUrl":"https:\/\/bladnanews.com\/wp-content\/uploads\/2026\/01\/BladnaNews-Wrexham-urged-to-bid-in-January-for-Matheus-Pereira-2026-01-07T050952.597Z.jpg","datePublished":"2026-01-06T16:00:25+00:00","breadcrumb":{"@id":"https:\/\/bladnanews.com\/wrexham-urged-to-bid-in-january-for-matheus-pereira\/#breadcrumb"},"inLanguage":"fr-FR","potentialAction":[{"@type":"ReadAction","target":["https:\/\/bladnanews.com\/wrexham-urged-to-bid-in-january-for-matheus-pereira\/"]}]},{"@type":"ImageObject","inLanguage":"fr-FR","@id":"https:\/\/bladnanews.com\/wrexham-urged-to-bid-in-january-for-matheus-pereira\/#primaryimage","url":"https:\/\/bladnanews.com\/wp-content\/uploads\/2026\/01\/BladnaNews-Wrexham-urged-to-bid-in-January-for-Matheus-Pereira-2026-01-07T050952.597Z.jpg","contentUrl":"https:\/\/bladnanews.com\/wp-content\/uploads\/2026\/01\/BladnaNews-Wrexham-urged-to-bid-in-January-for-Matheus-Pereira-2026-01-07T050952.597Z.jpg","width":1600,"height":900,"caption":"Wrexham players celebrate after a goal, with one removing his shirt in excitement, wearing a red kit with white details."},{"@type":"BreadcrumbList","@id":"https:\/\/bladnanews.com\/wrexham-urged-to-bid-in-january-for-matheus-pereira\/#breadcrumb","itemListElement":[{"@type":"ListItem","position":1,"name":"Home","item":"https:\/\/bladnanews.com\/"},{"@type":"ListItem","position":2,"name":"Wrexham urged to bid in January for Matheus Pereira"}]},{"@type":"WebSite","@id":"https:\/\/mediumseagreen-eel-531711.hostingersite.com\/#website","url":"https:\/\/mediumseagreen-eel-531711.hostingersite.com\/","name":"Bladna News - Maroc","description":"Quand le football marocain rencontre le monde","publisher":{"@id":"https:\/\/mediumseagreen-eel-531711.hostingersite.com\/#organization"},"potentialAction":[{"@type":"SearchAction","target":{"@type":"EntryPoint","urlTemplate":"https:\/\/mediumseagreen-eel-531711.hostingersite.com\/?s={search_term_string}"},"query-input":{"@type":"PropertyValueSpecification","valueRequired":true,"valueName":"search_term_string"}}],"inLanguage":"fr-FR"},{"@type":"Organization","@id":"https:\/\/mediumseagreen-eel-531711.hostingersite.com\/#organization","name":"Bladna News.com","url":"https:\/\/mediumseagreen-eel-531711.hostingersite.com\/","logo":{"@type":"ImageObject","inLanguage":"fr-FR","@id":"https:\/\/mediumseagreen-eel-531711.hostingersite.com\/#\/schema\/logo\/image\/","url":"https:\/\/bladnanews.com\/wp-content\/uploads\/2025\/12\/logo-bladnanews-V2-web-black-red.png","contentUrl":"https:\/\/bladnanews.com\/wp-content\/uploads\/2025\/12\/logo-bladnanews-V2-web-black-red.png","width":703,"height":287,"caption":"Bladna News.com"},"image":{"@id":"https:\/\/mediumseagreen-eel-531711.hostingersite.com\/#\/schema\/logo\/image\/"},"email":"info@bladnanews.com","legalName":"Bladna News"},{"@type":"Person","@id":"https:\/\/mediumseagreen-eel-531711.hostingersite.com\/#\/schema\/person\/268e18a453ab080ebf76df6ef7845083","name":"\u00c9quipe r\u00e9dactionnelle de Bladna News","url":"https:\/\/bladnanews.com\/fr\/author\/bladna-news-staff\/"}]}},"_links":{"self":[{"href":"https:\/\/bladnanews.com\/fr\/wp-json\/wp\/v2\/posts\/4740","targetHints":{"allow":["GET"]}}],"collection":[{"href":"https:\/\/bladnanews.com\/fr\/wp-json\/wp\/v2\/posts"}],"about":[{"href":"https:\/\/bladnanews.com\/fr\/wp-json\/wp\/v2\/types\/post"}],"author":[{"embeddable":true,"href":"https:\/\/bladnanews.com\/fr\/wp-json\/wp\/v2\/users\/3"}],"replies":[{"embeddable":true,"href":"https:\/\/bladnanews.com\/fr\/wp-json\/wp\/v2\/comments?post=4740"}],"version-history":[{"count":0,"href":"https:\/\/bladnanews.com\/fr\/wp-json\/wp\/v2\/posts\/4740\/revisions"}],"wp:featuredmedia":[{"embeddable":true,"href":"https:\/\/bladnanews.com\/fr\/wp-json\/wp\/v2\/media\/4738"}],"wp:attachment":[{"href":"https:\/\/bladnanews.com\/fr\/wp-json\/wp\/v2\/media?parent=4740"}],"wp:term":[{"taxonomy":"category","embeddable":true,"href":"https:\/\/bladnanews.com\/fr\/wp-json\/wp\/v2\/categories?post=4740"},{"taxonomy":"post_tag","embeddable":true,"href":"https:\/\/bladnanews.com\/fr\/wp-json\/wp\/v2\/tags?post=4740"}],"curies":[{"name":"wp","href":"https:\/\/api.w.org\/{rel}","templated":true}]}}