{"id":4744,"date":"2026-01-06T16:55:11","date_gmt":"2026-01-06T16:55:11","guid":{"rendered":"https:\/\/bladnanews.com\/man-city-book-medical-for-bournemouth-winger-semenyo-for-65m\/"},"modified":"2026-01-06T16:55:11","modified_gmt":"2026-01-06T16:55:11","slug":"manchester-city-programme-un-examen-medical-pour-lailier-de-bournemouth-semenyo-pour-65-millions","status":"publish","type":"post","link":"https:\/\/bladnanews.com\/fr\/manchester-city-programme-un-examen-medical-pour-lailier-de-bournemouth-semenyo-pour-65-millions\/","title":{"rendered":"Manchester City programme un examen m\u00e9dical pour l'ailier de Bournemouth Semenyo pour 65 millions de livres."},"content":{"rendered":"<p>Manchester City a programm\u00e9 une visite m\u00e9dicale pour l'ailier de Bournemouth Antoine Semenyo, se rapprochant ainsi de la finalisation d'un transfert de 65 millions de livres.<\/p>\n<p>\u00c2g\u00e9 de 24 ans, le joueur est sur le point de devenir la derni\u00e8re recrue de Pep Guardiola, les derni\u00e8res \u00e9tapes de l'accord \u00e9tant mises en place apr\u00e8s que City et Bournemouth se sont entendus sur le montant.<\/p>\n<p><strong>Semenyo devrait passer sa visite m\u00e9dicale prochainement<\/strong>, les dispositions ayant d\u00e9j\u00e0 \u00e9t\u00e9 prises alors que City souhaite conclure l'op\u00e9ration le plus rapidement possible.<\/p>\n<p>Cette \u00e9volution soul\u00e8ve \u00e9galement la possibilit\u00e9 que Semenyo ait d\u00e9j\u00e0 disput\u00e9 son dernier match pour Bournemouth, l'ailier s'appr\u00eatant \u00e0 quitter le club apr\u00e8s y \u00eatre devenu l'un des attaquants cl\u00e9s.<\/p>\n<p>Bournemouth se pr\u00e9pare d\u00e9sormais \u00e0 \u00e9voluer sans lui, tandis que City s'appr\u00eatent \u00e0 recruter un joueur qui, selon eux, apportera de la vitesse et des courses directes \u00e0 leurs options offensives.<\/p>\n<p>L'accord de 65 millions de livres s'approche de sa finalisation, sous r\u00e9serve de la visite m\u00e9dicale et de la finalisation des documents.<\/p>","protected":false},"excerpt":{"rendered":"<p>Manchester City have booked a medical for Bournemouth winger Antoine Semenyo as they move closer to completing a \u00a365 million [&hellip;]<\/p>\n","protected":false},"author":3,"featured_media":4743,"comment_status":"","ping_status":"open","sticky":false,"template":"","format":"standard","meta":{"googlesitekit_rrm_CAow_uzEDA:productID":"","site-sidebar-layout":"default","site-content-layout":"","ast-site-content-layout":"default","site-content-style":"default","site-sidebar-style":"default","ast-global-header-display":"","ast-banner-title-visibility":"","ast-main-header-display":"","ast-hfb-above-header-display":"","ast-hfb-below-header-display":"","ast-hfb-mobile-header-display":"","site-post-title":"","ast-breadcrumbs-content":"","ast-featured-img":"","footer-sml-layout":"","ast-disable-related-posts":"","theme-transparent-header-meta":"","adv-header-id-meta":"","stick-header-meta":"","header-above-stick-meta":"","header-main-stick-meta":"","header-below-stick-meta":"","astra-migrate-meta-layouts":"default","ast-page-background-enabled":"default","ast-page-background-meta":{"desktop":{"background-color":"var(--ast-global-color-5)","background-image":"","background-repeat":"repeat","background-position":"center center","background-size":"auto","background-attachment":"scroll","background-type":"","background-media":"","overlay-type":"","overlay-color":"","overlay-opacity":"","overlay-gradient":""},"tablet":{"background-color":"","background-image":"","background-repeat":"repeat","background-position":"center center","background-size":"auto","background-attachment":"scroll","background-type":"","background-media":"","overlay-type":"","overlay-color":"","overlay-opacity":"","overlay-gradient":""},"mobile":{"background-color":"","background-image":"","background-repeat":"repeat","background-position":"center center","background-size":"auto","background-attachment":"scroll","background-type":"","background-media":"","overlay-type":"","overlay-color":"","overlay-opacity":"","overlay-gradient":""}},"ast-content-background-meta":{"desktop":{"background-color":"var(--ast-global-color-4)","background-image":"","background-repeat":"repeat","background-position":"center center","background-size":"auto","background-attachment":"scroll","background-type":"","background-media":"","overlay-type":"","overlay-color":"","overlay-opacity":"","overlay-gradient":""},"tablet":{"background-color":"var(--ast-global-color-4)","background-image":"","background-repeat":"repeat","background-position":"center center","background-size":"auto","background-attachment":"scroll","background-type":"","background-media":"","overlay-type":"","overlay-color":"","overlay-opacity":"","overlay-gradient":""},"mobile":{"background-color":"var(--ast-global-color-4)","background-image":"","background-repeat":"repeat","background-position":"center center","background-size":"auto","background-attachment":"scroll","background-type":"","background-media":"","overlay-type":"","overlay-color":"","overlay-opacity":"","overlay-gradient":""}},"footnotes":""},"categories":[20,1],"tags":[],"class_list":["post-4744","post","type-post","status-publish","format-standard","has-post-thumbnail","hentry","category-international","category-football-latest-news"],"yoast_head":"<!-- This site is optimized with the Yoast SEO Premium plugin v26.6 (Yoast SEO v27.5) - https:\/\/yoast.com\/product\/yoast-seo-premium-wordpress\/ -->\n<title>Man City book medical for Bournemouth winger Semenyo for \u00a365m - Bladna News<\/title>\n<meta name=\"robots\" content=\"index, follow, max-snippet:-1, max-image-preview:large, max-video-preview:-1\" \/>\n<link rel=\"canonical\" href=\"https:\/\/bladnanews.com\/fr\/manchester-city-programme-un-examen-medical-pour-lailier-de-bournemouth-semenyo-pour-65-millions\/\" \/>\n<meta property=\"og:locale\" content=\"fr_FR\" \/>\n<meta property=\"og:type\" content=\"article\" \/>\n<meta property=\"og:title\" content=\"Man City book medical for Bournemouth winger Semenyo for \u00a365m\" \/>\n<meta property=\"og:description\" content=\"Manchester City have booked a medical for Bournemouth winger Antoine Semenyo as they move closer to completing a \u00a365 million [&hellip;]\" \/>\n<meta property=\"og:url\" content=\"https:\/\/bladnanews.com\/fr\/manchester-city-programme-un-examen-medical-pour-lailier-de-bournemouth-semenyo-pour-65-millions\/\" \/>\n<meta property=\"og:site_name\" content=\"Bladna News\" \/>\n<meta property=\"article:published_time\" content=\"2026-01-06T16:55:11+00:00\" \/>\n<meta property=\"og:image\" content=\"https:\/\/bladnanews.com\/wp-content\/uploads\/2025\/12\/freepik__bladna-newscom-moroccan-soccer-homepage-banner-mor__41838.png\" \/>\n\t<meta property=\"og:image:width\" content=\"1312\" \/>\n\t<meta property=\"og:image:height\" content=\"736\" \/>\n\t<meta property=\"og:image:type\" content=\"image\/png\" \/>\n<meta name=\"author\" content=\"Bladna News Staff\" \/>\n<meta name=\"twitter:card\" content=\"summary_large_image\" \/>\n<meta name=\"twitter:label1\" content=\"\u00c9crit par\" \/>\n\t<meta name=\"twitter:data1\" content=\"Bladna News Staff\" \/>\n\t<meta name=\"twitter:label2\" content=\"Dur\u00e9e de lecture estim\u00e9e\" \/>\n\t<meta name=\"twitter:data2\" content=\"1 minute\" \/>\n<script type=\"application\/ld+json\" class=\"yoast-schema-graph\">{\"@context\":\"https:\\\/\\\/schema.org\",\"@graph\":[{\"@type\":\"Article\",\"@id\":\"https:\\\/\\\/bladnanews.com\\\/man-city-book-medical-for-bournemouth-winger-semenyo-for-65m\\\/#article\",\"isPartOf\":{\"@id\":\"https:\\\/\\\/bladnanews.com\\\/man-city-book-medical-for-bournemouth-winger-semenyo-for-65m\\\/\"},\"author\":{\"name\":\"Bladna News Staff\",\"@id\":\"https:\\\/\\\/mediumseagreen-eel-531711.hostingersite.com\\\/#\\\/schema\\\/person\\\/268e18a453ab080ebf76df6ef7845083\"},\"headline\":\"Man City book medical for Bournemouth winger Semenyo for \u00a365m\",\"datePublished\":\"2026-01-06T16:55:11+00:00\",\"mainEntityOfPage\":{\"@id\":\"https:\\\/\\\/bladnanews.com\\\/man-city-book-medical-for-bournemouth-winger-semenyo-for-65m\\\/\"},\"wordCount\":166,\"publisher\":{\"@id\":\"https:\\\/\\\/mediumseagreen-eel-531711.hostingersite.com\\\/#organization\"},\"image\":{\"@id\":\"https:\\\/\\\/bladnanews.com\\\/man-city-book-medical-for-bournemouth-winger-semenyo-for-65m\\\/#primaryimage\"},\"thumbnailUrl\":\"https:\\\/\\\/bladnanews.com\\\/wp-content\\\/uploads\\\/2026\\\/01\\\/BladnaNews-Man-City-book-medical-for-Bournemouth-winger-Semenyo-for-65m-2026-01-07T051026.220Z.jpg\",\"articleSection\":[\"International\",\"Latest News\"],\"inLanguage\":\"fr-FR\",\"copyrightYear\":\"2026\",\"copyrightHolder\":{\"@id\":\"https:\\\/\\\/bladnanews.com\\\/fr\\\/#organization\"}},{\"@type\":\"WebPage\",\"@id\":\"https:\\\/\\\/bladnanews.com\\\/man-city-book-medical-for-bournemouth-winger-semenyo-for-65m\\\/\",\"url\":\"https:\\\/\\\/bladnanews.com\\\/man-city-book-medical-for-bournemouth-winger-semenyo-for-65m\\\/\",\"name\":\"Man City book medical for Bournemouth winger Semenyo for \u00a365m - Bladna News\",\"isPartOf\":{\"@id\":\"https:\\\/\\\/mediumseagreen-eel-531711.hostingersite.com\\\/#website\"},\"primaryImageOfPage\":{\"@id\":\"https:\\\/\\\/bladnanews.com\\\/man-city-book-medical-for-bournemouth-winger-semenyo-for-65m\\\/#primaryimage\"},\"image\":{\"@id\":\"https:\\\/\\\/bladnanews.com\\\/man-city-book-medical-for-bournemouth-winger-semenyo-for-65m\\\/#primaryimage\"},\"thumbnailUrl\":\"https:\\\/\\\/bladnanews.com\\\/wp-content\\\/uploads\\\/2026\\\/01\\\/BladnaNews-Man-City-book-medical-for-Bournemouth-winger-Semenyo-for-65m-2026-01-07T051026.220Z.jpg\",\"datePublished\":\"2026-01-06T16:55:11+00:00\",\"breadcrumb\":{\"@id\":\"https:\\\/\\\/bladnanews.com\\\/man-city-book-medical-for-bournemouth-winger-semenyo-for-65m\\\/#breadcrumb\"},\"inLanguage\":\"fr-FR\",\"potentialAction\":[{\"@type\":\"ReadAction\",\"target\":[\"https:\\\/\\\/bladnanews.com\\\/man-city-book-medical-for-bournemouth-winger-semenyo-for-65m\\\/\"]}]},{\"@type\":\"ImageObject\",\"inLanguage\":\"fr-FR\",\"@id\":\"https:\\\/\\\/bladnanews.com\\\/man-city-book-medical-for-bournemouth-winger-semenyo-for-65m\\\/#primaryimage\",\"url\":\"https:\\\/\\\/bladnanews.com\\\/wp-content\\\/uploads\\\/2026\\\/01\\\/BladnaNews-Man-City-book-medical-for-Bournemouth-winger-Semenyo-for-65m-2026-01-07T051026.220Z.jpg\",\"contentUrl\":\"https:\\\/\\\/bladnanews.com\\\/wp-content\\\/uploads\\\/2026\\\/01\\\/BladnaNews-Man-City-book-medical-for-Bournemouth-winger-Semenyo-for-65m-2026-01-07T051026.220Z.jpg\",\"width\":2560,\"height\":1440,\"caption\":\"Bournemouth winger Antoine Semenyo, wearing the club's red and black kit, gazes thoughtfully under stadium lights.\"},{\"@type\":\"BreadcrumbList\",\"@id\":\"https:\\\/\\\/bladnanews.com\\\/man-city-book-medical-for-bournemouth-winger-semenyo-for-65m\\\/#breadcrumb\",\"itemListElement\":[{\"@type\":\"ListItem\",\"position\":1,\"name\":\"Home\",\"item\":\"https:\\\/\\\/bladnanews.com\\\/\"},{\"@type\":\"ListItem\",\"position\":2,\"name\":\"Man City book medical for Bournemouth winger Semenyo for \u00a365m\"}]},{\"@type\":\"WebSite\",\"@id\":\"https:\\\/\\\/mediumseagreen-eel-531711.hostingersite.com\\\/#website\",\"url\":\"https:\\\/\\\/mediumseagreen-eel-531711.hostingersite.com\\\/\",\"name\":\"Bladna News - Morocco\",\"description\":\"Where Moroccan Football Meets the World\",\"publisher\":{\"@id\":\"https:\\\/\\\/mediumseagreen-eel-531711.hostingersite.com\\\/#organization\"},\"potentialAction\":[{\"@type\":\"SearchAction\",\"target\":{\"@type\":\"EntryPoint\",\"urlTemplate\":\"https:\\\/\\\/mediumseagreen-eel-531711.hostingersite.com\\\/?s={search_term_string}\"},\"query-input\":{\"@type\":\"PropertyValueSpecification\",\"valueRequired\":true,\"valueName\":\"search_term_string\"}}],\"inLanguage\":\"fr-FR\"},{\"@type\":\"Organization\",\"@id\":\"https:\\\/\\\/mediumseagreen-eel-531711.hostingersite.com\\\/#organization\",\"name\":\"Bladna News.com\",\"url\":\"https:\\\/\\\/mediumseagreen-eel-531711.hostingersite.com\\\/\",\"logo\":{\"@type\":\"ImageObject\",\"inLanguage\":\"fr-FR\",\"@id\":\"https:\\\/\\\/mediumseagreen-eel-531711.hostingersite.com\\\/#\\\/schema\\\/logo\\\/image\\\/\",\"url\":\"https:\\\/\\\/bladnanews.com\\\/wp-content\\\/uploads\\\/2025\\\/12\\\/logo-bladnanews-V2-web-black-red.png\",\"contentUrl\":\"https:\\\/\\\/bladnanews.com\\\/wp-content\\\/uploads\\\/2025\\\/12\\\/logo-bladnanews-V2-web-black-red.png\",\"width\":703,\"height\":287,\"caption\":\"Bladna News.com\"},\"image\":{\"@id\":\"https:\\\/\\\/mediumseagreen-eel-531711.hostingersite.com\\\/#\\\/schema\\\/logo\\\/image\\\/\"},\"email\":\"info@bladnanews.com\",\"legalName\":\"Bladna News\"},{\"@type\":\"Person\",\"@id\":\"https:\\\/\\\/mediumseagreen-eel-531711.hostingersite.com\\\/#\\\/schema\\\/person\\\/268e18a453ab080ebf76df6ef7845083\",\"name\":\"Bladna News Staff\",\"url\":\"https:\\\/\\\/bladnanews.com\\\/fr\\\/author\\\/bladna-news-staff\\\/\"}]}<\/script>\n<!-- \/ Yoast SEO Premium plugin. -->","yoast_head_json":{"title":"Manchester City programme une visite m\u00e9dicale pour l'ailier de Bournemouth Semenyo pour 65 millions de livres - Bladna News","robots":{"index":"index","follow":"follow","max-snippet":"max-snippet:-1","max-image-preview":"max-image-preview:large","max-video-preview":"max-video-preview:-1"},"canonical":"https:\/\/bladnanews.com\/fr\/manchester-city-programme-un-examen-medical-pour-lailier-de-bournemouth-semenyo-pour-65-millions\/","og_locale":"fr_FR","og_type":"article","og_title":"Man City book medical for Bournemouth winger Semenyo for \u00a365m","og_description":"Manchester City have booked a medical for Bournemouth winger Antoine Semenyo as they move closer to completing a \u00a365 million [&hellip;]","og_url":"https:\/\/bladnanews.com\/fr\/manchester-city-programme-un-examen-medical-pour-lailier-de-bournemouth-semenyo-pour-65-millions\/","og_site_name":"Bladna News","article_published_time":"2026-01-06T16:55:11+00:00","og_image":[{"width":1312,"height":736,"url":"https:\/\/bladnanews.com\/wp-content\/uploads\/2025\/12\/freepik__bladna-newscom-moroccan-soccer-homepage-banner-mor__41838.png","type":"image\/png"}],"author":"Bladna News Staff","twitter_card":"summary_large_image","twitter_misc":{"\u00c9crit par":"Bladna News Staff","Dur\u00e9e de lecture estim\u00e9e":"1 minute"},"schema":{"@context":"https:\/\/schema.org","@graph":[{"@type":"Article","@id":"https:\/\/bladnanews.com\/man-city-book-medical-for-bournemouth-winger-semenyo-for-65m\/#article","isPartOf":{"@id":"https:\/\/bladnanews.com\/man-city-book-medical-for-bournemouth-winger-semenyo-for-65m\/"},"author":{"name":"Bladna News Staff","@id":"https:\/\/mediumseagreen-eel-531711.hostingersite.com\/#\/schema\/person\/268e18a453ab080ebf76df6ef7845083"},"headline":"Man City book medical for Bournemouth winger Semenyo for \u00a365m","datePublished":"2026-01-06T16:55:11+00:00","mainEntityOfPage":{"@id":"https:\/\/bladnanews.com\/man-city-book-medical-for-bournemouth-winger-semenyo-for-65m\/"},"wordCount":166,"publisher":{"@id":"https:\/\/mediumseagreen-eel-531711.hostingersite.com\/#organization"},"image":{"@id":"https:\/\/bladnanews.com\/man-city-book-medical-for-bournemouth-winger-semenyo-for-65m\/#primaryimage"},"thumbnailUrl":"https:\/\/bladnanews.com\/wp-content\/uploads\/2026\/01\/BladnaNews-Man-City-book-medical-for-Bournemouth-winger-Semenyo-for-65m-2026-01-07T051026.220Z.jpg","articleSection":["International","Latest News"],"inLanguage":"fr-FR","copyrightYear":"2026","copyrightHolder":{"@id":"https:\/\/bladnanews.com\/fr\/#organization"}},{"@type":"WebPage","@id":"https:\/\/bladnanews.com\/man-city-book-medical-for-bournemouth-winger-semenyo-for-65m\/","url":"https:\/\/bladnanews.com\/man-city-book-medical-for-bournemouth-winger-semenyo-for-65m\/","name":"Manchester City programme une visite m\u00e9dicale pour l'ailier de Bournemouth Semenyo pour 65 millions de livres - Bladna News","isPartOf":{"@id":"https:\/\/mediumseagreen-eel-531711.hostingersite.com\/#website"},"primaryImageOfPage":{"@id":"https:\/\/bladnanews.com\/man-city-book-medical-for-bournemouth-winger-semenyo-for-65m\/#primaryimage"},"image":{"@id":"https:\/\/bladnanews.com\/man-city-book-medical-for-bournemouth-winger-semenyo-for-65m\/#primaryimage"},"thumbnailUrl":"https:\/\/bladnanews.com\/wp-content\/uploads\/2026\/01\/BladnaNews-Man-City-book-medical-for-Bournemouth-winger-Semenyo-for-65m-2026-01-07T051026.220Z.jpg","datePublished":"2026-01-06T16:55:11+00:00","breadcrumb":{"@id":"https:\/\/bladnanews.com\/man-city-book-medical-for-bournemouth-winger-semenyo-for-65m\/#breadcrumb"},"inLanguage":"fr-FR","potentialAction":[{"@type":"ReadAction","target":["https:\/\/bladnanews.com\/man-city-book-medical-for-bournemouth-winger-semenyo-for-65m\/"]}]},{"@type":"ImageObject","inLanguage":"fr-FR","@id":"https:\/\/bladnanews.com\/man-city-book-medical-for-bournemouth-winger-semenyo-for-65m\/#primaryimage","url":"https:\/\/bladnanews.com\/wp-content\/uploads\/2026\/01\/BladnaNews-Man-City-book-medical-for-Bournemouth-winger-Semenyo-for-65m-2026-01-07T051026.220Z.jpg","contentUrl":"https:\/\/bladnanews.com\/wp-content\/uploads\/2026\/01\/BladnaNews-Man-City-book-medical-for-Bournemouth-winger-Semenyo-for-65m-2026-01-07T051026.220Z.jpg","width":2560,"height":1440,"caption":"Bournemouth winger Antoine Semenyo, wearing the club's red and black kit, gazes thoughtfully under stadium lights."},{"@type":"BreadcrumbList","@id":"https:\/\/bladnanews.com\/man-city-book-medical-for-bournemouth-winger-semenyo-for-65m\/#breadcrumb","itemListElement":[{"@type":"ListItem","position":1,"name":"Home","item":"https:\/\/bladnanews.com\/"},{"@type":"ListItem","position":2,"name":"Man City book medical for Bournemouth winger Semenyo for \u00a365m"}]},{"@type":"WebSite","@id":"https:\/\/mediumseagreen-eel-531711.hostingersite.com\/#website","url":"https:\/\/mediumseagreen-eel-531711.hostingersite.com\/","name":"Bladna News - Maroc","description":"Quand le football marocain rencontre le monde","publisher":{"@id":"https:\/\/mediumseagreen-eel-531711.hostingersite.com\/#organization"},"potentialAction":[{"@type":"SearchAction","target":{"@type":"EntryPoint","urlTemplate":"https:\/\/mediumseagreen-eel-531711.hostingersite.com\/?s={search_term_string}"},"query-input":{"@type":"PropertyValueSpecification","valueRequired":true,"valueName":"search_term_string"}}],"inLanguage":"fr-FR"},{"@type":"Organization","@id":"https:\/\/mediumseagreen-eel-531711.hostingersite.com\/#organization","name":"Bladna News.com","url":"https:\/\/mediumseagreen-eel-531711.hostingersite.com\/","logo":{"@type":"ImageObject","inLanguage":"fr-FR","@id":"https:\/\/mediumseagreen-eel-531711.hostingersite.com\/#\/schema\/logo\/image\/","url":"https:\/\/bladnanews.com\/wp-content\/uploads\/2025\/12\/logo-bladnanews-V2-web-black-red.png","contentUrl":"https:\/\/bladnanews.com\/wp-content\/uploads\/2025\/12\/logo-bladnanews-V2-web-black-red.png","width":703,"height":287,"caption":"Bladna News.com"},"image":{"@id":"https:\/\/mediumseagreen-eel-531711.hostingersite.com\/#\/schema\/logo\/image\/"},"email":"info@bladnanews.com","legalName":"Bladna News"},{"@type":"Person","@id":"https:\/\/mediumseagreen-eel-531711.hostingersite.com\/#\/schema\/person\/268e18a453ab080ebf76df6ef7845083","name":"\u00c9quipe r\u00e9dactionnelle de Bladna News","url":"https:\/\/bladnanews.com\/fr\/author\/bladna-news-staff\/"}]}},"_links":{"self":[{"href":"https:\/\/bladnanews.com\/fr\/wp-json\/wp\/v2\/posts\/4744","targetHints":{"allow":["GET"]}}],"collection":[{"href":"https:\/\/bladnanews.com\/fr\/wp-json\/wp\/v2\/posts"}],"about":[{"href":"https:\/\/bladnanews.com\/fr\/wp-json\/wp\/v2\/types\/post"}],"author":[{"embeddable":true,"href":"https:\/\/bladnanews.com\/fr\/wp-json\/wp\/v2\/users\/3"}],"replies":[{"embeddable":true,"href":"https:\/\/bladnanews.com\/fr\/wp-json\/wp\/v2\/comments?post=4744"}],"version-history":[{"count":0,"href":"https:\/\/bladnanews.com\/fr\/wp-json\/wp\/v2\/posts\/4744\/revisions"}],"wp:featuredmedia":[{"embeddable":true,"href":"https:\/\/bladnanews.com\/fr\/wp-json\/wp\/v2\/media\/4743"}],"wp:attachment":[{"href":"https:\/\/bladnanews.com\/fr\/wp-json\/wp\/v2\/media?parent=4744"}],"wp:term":[{"taxonomy":"category","embeddable":true,"href":"https:\/\/bladnanews.com\/fr\/wp-json\/wp\/v2\/categories?post=4744"},{"taxonomy":"post_tag","embeddable":true,"href":"https:\/\/bladnanews.com\/fr\/wp-json\/wp\/v2\/tags?post=4744"}],"curies":[{"name":"wp","href":"https:\/\/api.w.org\/{rel}","templated":true}]}}