{"id":4788,"date":"2026-01-06T17:59:48","date_gmt":"2026-01-06T17:59:48","guid":{"rendered":"https:\/\/bladnanews.com\/oliver-glasner-denies-man-utd-manager-links-amid-jokes\/"},"modified":"2026-01-06T17:59:48","modified_gmt":"2026-01-06T17:59:48","slug":"oliver-glasner-nie-les-liens-avec-le-manager-de-man-utd-au-milieu-des-blagues","status":"publish","type":"post","link":"https:\/\/bladnanews.com\/fr\/oliver-glasner-nie-les-liens-avec-le-manager-de-man-utd-au-milieu-des-blagues\/","title":{"rendered":"Oliver Glasner nie les liens avec le manager de Man Utd au milieu des blagues"},"content":{"rendered":"<p>Oliver Glasner a cherch\u00e9 \u00e0 minimiser les rumeurs le liant au poste de Manchester United, insistant sur le fait qu'il est concentr\u00e9 sur son travail \u00e0 Crystal Palace et plaisantant en disant qu'il ne peut pas s'impliquer dans des \u201cparis\u201d sur la situation.<\/p>\n<p>Le patron de Palace a \u00e9t\u00e9 mentionn\u00e9 comme une option possible au milieu des sp\u00e9culations persistantes sur l'avenir manag\u00e9rial de United, mais Glasner a sugg\u00e9r\u00e9 qu'il n'avait aucun int\u00e9r\u00eat \u00e0 alimenter la rumeur. Il a d\u00e9clar\u00e9 qu'il avait des \u201cinformations privil\u00e9gi\u00e9es\u201d sur la question, avant d'ajouter : <em>\u201cJe ne suis pas autoris\u00e9 \u00e0 parier !\u201d<\/em><\/p>\n<p>Les commentaires de Glasner ont \u00e9t\u00e9 d\u00e9livr\u00e9s avec un sourire, mais le message \u00e9tait clair : il ne cherche pas \u00e0 discuter d'un \u00e9ventuel transfert et ne se laissera pas entra\u00eener dans un d\u00e9bat public sur le r\u00f4le d'Old Trafford tant qu'il reste en charge \u00e0 Selhurst Park.<\/p>\n<p>L'Autrichien, qui a pris la direction de Palace plus t\u00f4t cette ann\u00e9e, travaille \u00e0 la mise en \u0153uvre de ses id\u00e9es en Premier League et a maintes fois soulign\u00e9 l'importance de se concentrer sur les performances et les r\u00e9sultats plut\u00f4t que sur le bruit ext\u00e9rieur.<\/p>\n<p>Bien que Glasner n'ait pas offert de d\u00e9tails au-del\u00e0 de la blague et de sa br\u00e8ve r\u00e9ponse, sa position \u00e9quivalait \u00e0 un d\u00e9menti de toute connexion imm\u00e9diate avec les rumeurs de vacance \u00e0 United, alors qu'il maintenait l'accent sur son travail actuel et \u00e9vitait de donner plus d'\u00e9lan aux rumeurs.<\/p>","protected":false},"excerpt":{"rendered":"<p>Oliver Glasner has moved to play down talk linking him with the Manchester United job, insisting he is focused on [&hellip;]<\/p>\n","protected":false},"author":3,"featured_media":4787,"comment_status":"","ping_status":"open","sticky":false,"template":"","format":"standard","meta":{"googlesitekit_rrm_CAow_uzEDA:productID":"","site-sidebar-layout":"default","site-content-layout":"","ast-site-content-layout":"default","site-content-style":"default","site-sidebar-style":"default","ast-global-header-display":"","ast-banner-title-visibility":"","ast-main-header-display":"","ast-hfb-above-header-display":"","ast-hfb-below-header-display":"","ast-hfb-mobile-header-display":"","site-post-title":"","ast-breadcrumbs-content":"","ast-featured-img":"","footer-sml-layout":"","ast-disable-related-posts":"","theme-transparent-header-meta":"","adv-header-id-meta":"","stick-header-meta":"","header-above-stick-meta":"","header-main-stick-meta":"","header-below-stick-meta":"","astra-migrate-meta-layouts":"default","ast-page-background-enabled":"default","ast-page-background-meta":{"desktop":{"background-color":"var(--ast-global-color-5)","background-image":"","background-repeat":"repeat","background-position":"center center","background-size":"auto","background-attachment":"scroll","background-type":"","background-media":"","overlay-type":"","overlay-color":"","overlay-opacity":"","overlay-gradient":""},"tablet":{"background-color":"","background-image":"","background-repeat":"repeat","background-position":"center center","background-size":"auto","background-attachment":"scroll","background-type":"","background-media":"","overlay-type":"","overlay-color":"","overlay-opacity":"","overlay-gradient":""},"mobile":{"background-color":"","background-image":"","background-repeat":"repeat","background-position":"center center","background-size":"auto","background-attachment":"scroll","background-type":"","background-media":"","overlay-type":"","overlay-color":"","overlay-opacity":"","overlay-gradient":""}},"ast-content-background-meta":{"desktop":{"background-color":"var(--ast-global-color-4)","background-image":"","background-repeat":"repeat","background-position":"center center","background-size":"auto","background-attachment":"scroll","background-type":"","background-media":"","overlay-type":"","overlay-color":"","overlay-opacity":"","overlay-gradient":""},"tablet":{"background-color":"var(--ast-global-color-4)","background-image":"","background-repeat":"repeat","background-position":"center center","background-size":"auto","background-attachment":"scroll","background-type":"","background-media":"","overlay-type":"","overlay-color":"","overlay-opacity":"","overlay-gradient":""},"mobile":{"background-color":"var(--ast-global-color-4)","background-image":"","background-repeat":"repeat","background-position":"center center","background-size":"auto","background-attachment":"scroll","background-type":"","background-media":"","overlay-type":"","overlay-color":"","overlay-opacity":"","overlay-gradient":""}},"footnotes":""},"categories":[20,1],"tags":[],"class_list":["post-4788","post","type-post","status-publish","format-standard","has-post-thumbnail","hentry","category-international","category-football-latest-news"],"yoast_head":"<!-- This site is optimized with the Yoast SEO Premium plugin v26.6 (Yoast SEO v27.5) - https:\/\/yoast.com\/product\/yoast-seo-premium-wordpress\/ -->\n<title>Oliver Glasner denies Man Utd manager links amid jokes - Bladna News<\/title>\n<meta name=\"robots\" content=\"index, follow, max-snippet:-1, max-image-preview:large, max-video-preview:-1\" \/>\n<link rel=\"canonical\" href=\"https:\/\/bladnanews.com\/fr\/oliver-glasner-nie-les-liens-avec-le-manager-de-man-utd-au-milieu-des-blagues\/\" \/>\n<meta property=\"og:locale\" content=\"fr_FR\" \/>\n<meta property=\"og:type\" content=\"article\" \/>\n<meta property=\"og:title\" content=\"Oliver Glasner denies Man Utd manager links amid jokes\" \/>\n<meta property=\"og:description\" content=\"Oliver Glasner has moved to play down talk linking him with the Manchester United job, insisting he is focused on [&hellip;]\" \/>\n<meta property=\"og:url\" content=\"https:\/\/bladnanews.com\/fr\/oliver-glasner-nie-les-liens-avec-le-manager-de-man-utd-au-milieu-des-blagues\/\" \/>\n<meta property=\"og:site_name\" content=\"Bladna News\" \/>\n<meta property=\"article:published_time\" content=\"2026-01-06T17:59:48+00:00\" \/>\n<meta property=\"og:image\" content=\"https:\/\/bladnanews.com\/wp-content\/uploads\/2025\/12\/freepik__bladna-newscom-moroccan-soccer-homepage-banner-mor__41838.png\" \/>\n\t<meta property=\"og:image:width\" content=\"1312\" \/>\n\t<meta property=\"og:image:height\" content=\"736\" \/>\n\t<meta property=\"og:image:type\" content=\"image\/png\" \/>\n<meta name=\"author\" content=\"Bladna News Staff\" \/>\n<meta name=\"twitter:card\" content=\"summary_large_image\" \/>\n<meta name=\"twitter:label1\" content=\"\u00c9crit par\" \/>\n\t<meta name=\"twitter:data1\" content=\"Bladna News Staff\" \/>\n\t<meta name=\"twitter:label2\" content=\"Dur\u00e9e de lecture estim\u00e9e\" \/>\n\t<meta name=\"twitter:data2\" content=\"1 minute\" \/>\n<script type=\"application\/ld+json\" class=\"yoast-schema-graph\">{\"@context\":\"https:\\\/\\\/schema.org\",\"@graph\":[{\"@type\":\"Article\",\"@id\":\"https:\\\/\\\/bladnanews.com\\\/oliver-glasner-denies-man-utd-manager-links-amid-jokes\\\/#article\",\"isPartOf\":{\"@id\":\"https:\\\/\\\/bladnanews.com\\\/oliver-glasner-denies-man-utd-manager-links-amid-jokes\\\/\"},\"author\":{\"name\":\"Bladna News Staff\",\"@id\":\"https:\\\/\\\/mediumseagreen-eel-531711.hostingersite.com\\\/#\\\/schema\\\/person\\\/268e18a453ab080ebf76df6ef7845083\"},\"headline\":\"Oliver Glasner denies Man Utd manager links amid jokes\",\"datePublished\":\"2026-01-06T17:59:48+00:00\",\"mainEntityOfPage\":{\"@id\":\"https:\\\/\\\/bladnanews.com\\\/oliver-glasner-denies-man-utd-manager-links-amid-jokes\\\/\"},\"wordCount\":219,\"publisher\":{\"@id\":\"https:\\\/\\\/mediumseagreen-eel-531711.hostingersite.com\\\/#organization\"},\"image\":{\"@id\":\"https:\\\/\\\/bladnanews.com\\\/oliver-glasner-denies-man-utd-manager-links-amid-jokes\\\/#primaryimage\"},\"thumbnailUrl\":\"https:\\\/\\\/bladnanews.com\\\/wp-content\\\/uploads\\\/2026\\\/01\\\/BladnaNews-Oliver-Glasner-denies-Man-Utd-manager-links-amid-jokes-2026-01-07T090949.614Z.jpg\",\"articleSection\":[\"International\",\"Latest News\"],\"inLanguage\":\"fr-FR\",\"copyrightYear\":\"2026\",\"copyrightHolder\":{\"@id\":\"https:\\\/\\\/bladnanews.com\\\/fr\\\/#organization\"}},{\"@type\":\"WebPage\",\"@id\":\"https:\\\/\\\/bladnanews.com\\\/oliver-glasner-denies-man-utd-manager-links-amid-jokes\\\/\",\"url\":\"https:\\\/\\\/bladnanews.com\\\/oliver-glasner-denies-man-utd-manager-links-amid-jokes\\\/\",\"name\":\"Oliver Glasner denies Man Utd manager links amid jokes - Bladna News\",\"isPartOf\":{\"@id\":\"https:\\\/\\\/mediumseagreen-eel-531711.hostingersite.com\\\/#website\"},\"primaryImageOfPage\":{\"@id\":\"https:\\\/\\\/bladnanews.com\\\/oliver-glasner-denies-man-utd-manager-links-amid-jokes\\\/#primaryimage\"},\"image\":{\"@id\":\"https:\\\/\\\/bladnanews.com\\\/oliver-glasner-denies-man-utd-manager-links-amid-jokes\\\/#primaryimage\"},\"thumbnailUrl\":\"https:\\\/\\\/bladnanews.com\\\/wp-content\\\/uploads\\\/2026\\\/01\\\/BladnaNews-Oliver-Glasner-denies-Man-Utd-manager-links-amid-jokes-2026-01-07T090949.614Z.jpg\",\"datePublished\":\"2026-01-06T17:59:48+00:00\",\"breadcrumb\":{\"@id\":\"https:\\\/\\\/bladnanews.com\\\/oliver-glasner-denies-man-utd-manager-links-amid-jokes\\\/#breadcrumb\"},\"inLanguage\":\"fr-FR\",\"potentialAction\":[{\"@type\":\"ReadAction\",\"target\":[\"https:\\\/\\\/bladnanews.com\\\/oliver-glasner-denies-man-utd-manager-links-amid-jokes\\\/\"]}]},{\"@type\":\"ImageObject\",\"inLanguage\":\"fr-FR\",\"@id\":\"https:\\\/\\\/bladnanews.com\\\/oliver-glasner-denies-man-utd-manager-links-amid-jokes\\\/#primaryimage\",\"url\":\"https:\\\/\\\/bladnanews.com\\\/wp-content\\\/uploads\\\/2026\\\/01\\\/BladnaNews-Oliver-Glasner-denies-Man-Utd-manager-links-amid-jokes-2026-01-07T090949.614Z.jpg\",\"contentUrl\":\"https:\\\/\\\/bladnanews.com\\\/wp-content\\\/uploads\\\/2026\\\/01\\\/BladnaNews-Oliver-Glasner-denies-Man-Utd-manager-links-amid-jokes-2026-01-07T090949.614Z.jpg\",\"width\":1600,\"height\":900,\"caption\":\"Oliver Glasner, wearing a black coat, looks thoughtfully upward beside the red and yellow Manchester United logo.\"},{\"@type\":\"BreadcrumbList\",\"@id\":\"https:\\\/\\\/bladnanews.com\\\/oliver-glasner-denies-man-utd-manager-links-amid-jokes\\\/#breadcrumb\",\"itemListElement\":[{\"@type\":\"ListItem\",\"position\":1,\"name\":\"Home\",\"item\":\"https:\\\/\\\/bladnanews.com\\\/\"},{\"@type\":\"ListItem\",\"position\":2,\"name\":\"Oliver Glasner denies Man Utd manager links amid jokes\"}]},{\"@type\":\"WebSite\",\"@id\":\"https:\\\/\\\/mediumseagreen-eel-531711.hostingersite.com\\\/#website\",\"url\":\"https:\\\/\\\/mediumseagreen-eel-531711.hostingersite.com\\\/\",\"name\":\"Bladna News - Morocco\",\"description\":\"Where Moroccan Football Meets the World\",\"publisher\":{\"@id\":\"https:\\\/\\\/mediumseagreen-eel-531711.hostingersite.com\\\/#organization\"},\"potentialAction\":[{\"@type\":\"SearchAction\",\"target\":{\"@type\":\"EntryPoint\",\"urlTemplate\":\"https:\\\/\\\/mediumseagreen-eel-531711.hostingersite.com\\\/?s={search_term_string}\"},\"query-input\":{\"@type\":\"PropertyValueSpecification\",\"valueRequired\":true,\"valueName\":\"search_term_string\"}}],\"inLanguage\":\"fr-FR\"},{\"@type\":\"Organization\",\"@id\":\"https:\\\/\\\/mediumseagreen-eel-531711.hostingersite.com\\\/#organization\",\"name\":\"Bladna News.com\",\"url\":\"https:\\\/\\\/mediumseagreen-eel-531711.hostingersite.com\\\/\",\"logo\":{\"@type\":\"ImageObject\",\"inLanguage\":\"fr-FR\",\"@id\":\"https:\\\/\\\/mediumseagreen-eel-531711.hostingersite.com\\\/#\\\/schema\\\/logo\\\/image\\\/\",\"url\":\"https:\\\/\\\/bladnanews.com\\\/wp-content\\\/uploads\\\/2025\\\/12\\\/logo-bladnanews-V2-web-black-red.png\",\"contentUrl\":\"https:\\\/\\\/bladnanews.com\\\/wp-content\\\/uploads\\\/2025\\\/12\\\/logo-bladnanews-V2-web-black-red.png\",\"width\":703,\"height\":287,\"caption\":\"Bladna News.com\"},\"image\":{\"@id\":\"https:\\\/\\\/mediumseagreen-eel-531711.hostingersite.com\\\/#\\\/schema\\\/logo\\\/image\\\/\"},\"email\":\"info@bladnanews.com\",\"legalName\":\"Bladna News\"},{\"@type\":\"Person\",\"@id\":\"https:\\\/\\\/mediumseagreen-eel-531711.hostingersite.com\\\/#\\\/schema\\\/person\\\/268e18a453ab080ebf76df6ef7845083\",\"name\":\"Bladna News Staff\",\"url\":\"https:\\\/\\\/bladnanews.com\\\/fr\\\/author\\\/bladna-news-staff\\\/\"}]}<\/script>\n<!-- \/ Yoast SEO Premium plugin. -->","yoast_head_json":{"title":"Oliver Glasner nie les liens avec le manager de Man Utd au milieu des blagues - Bladna News","robots":{"index":"index","follow":"follow","max-snippet":"max-snippet:-1","max-image-preview":"max-image-preview:large","max-video-preview":"max-video-preview:-1"},"canonical":"https:\/\/bladnanews.com\/fr\/oliver-glasner-nie-les-liens-avec-le-manager-de-man-utd-au-milieu-des-blagues\/","og_locale":"fr_FR","og_type":"article","og_title":"Oliver Glasner denies Man Utd manager links amid jokes","og_description":"Oliver Glasner has moved to play down talk linking him with the Manchester United job, insisting he is focused on [&hellip;]","og_url":"https:\/\/bladnanews.com\/fr\/oliver-glasner-nie-les-liens-avec-le-manager-de-man-utd-au-milieu-des-blagues\/","og_site_name":"Bladna News","article_published_time":"2026-01-06T17:59:48+00:00","og_image":[{"width":1312,"height":736,"url":"https:\/\/bladnanews.com\/wp-content\/uploads\/2025\/12\/freepik__bladna-newscom-moroccan-soccer-homepage-banner-mor__41838.png","type":"image\/png"}],"author":"Bladna News Staff","twitter_card":"summary_large_image","twitter_misc":{"\u00c9crit par":"Bladna News Staff","Dur\u00e9e de lecture estim\u00e9e":"1 minute"},"schema":{"@context":"https:\/\/schema.org","@graph":[{"@type":"Article","@id":"https:\/\/bladnanews.com\/oliver-glasner-denies-man-utd-manager-links-amid-jokes\/#article","isPartOf":{"@id":"https:\/\/bladnanews.com\/oliver-glasner-denies-man-utd-manager-links-amid-jokes\/"},"author":{"name":"Bladna News Staff","@id":"https:\/\/mediumseagreen-eel-531711.hostingersite.com\/#\/schema\/person\/268e18a453ab080ebf76df6ef7845083"},"headline":"Oliver Glasner denies Man Utd manager links amid jokes","datePublished":"2026-01-06T17:59:48+00:00","mainEntityOfPage":{"@id":"https:\/\/bladnanews.com\/oliver-glasner-denies-man-utd-manager-links-amid-jokes\/"},"wordCount":219,"publisher":{"@id":"https:\/\/mediumseagreen-eel-531711.hostingersite.com\/#organization"},"image":{"@id":"https:\/\/bladnanews.com\/oliver-glasner-denies-man-utd-manager-links-amid-jokes\/#primaryimage"},"thumbnailUrl":"https:\/\/bladnanews.com\/wp-content\/uploads\/2026\/01\/BladnaNews-Oliver-Glasner-denies-Man-Utd-manager-links-amid-jokes-2026-01-07T090949.614Z.jpg","articleSection":["International","Latest News"],"inLanguage":"fr-FR","copyrightYear":"2026","copyrightHolder":{"@id":"https:\/\/bladnanews.com\/fr\/#organization"}},{"@type":"WebPage","@id":"https:\/\/bladnanews.com\/oliver-glasner-denies-man-utd-manager-links-amid-jokes\/","url":"https:\/\/bladnanews.com\/oliver-glasner-denies-man-utd-manager-links-amid-jokes\/","name":"Oliver Glasner nie les liens avec le manager de Man Utd au milieu des blagues - Bladna News","isPartOf":{"@id":"https:\/\/mediumseagreen-eel-531711.hostingersite.com\/#website"},"primaryImageOfPage":{"@id":"https:\/\/bladnanews.com\/oliver-glasner-denies-man-utd-manager-links-amid-jokes\/#primaryimage"},"image":{"@id":"https:\/\/bladnanews.com\/oliver-glasner-denies-man-utd-manager-links-amid-jokes\/#primaryimage"},"thumbnailUrl":"https:\/\/bladnanews.com\/wp-content\/uploads\/2026\/01\/BladnaNews-Oliver-Glasner-denies-Man-Utd-manager-links-amid-jokes-2026-01-07T090949.614Z.jpg","datePublished":"2026-01-06T17:59:48+00:00","breadcrumb":{"@id":"https:\/\/bladnanews.com\/oliver-glasner-denies-man-utd-manager-links-amid-jokes\/#breadcrumb"},"inLanguage":"fr-FR","potentialAction":[{"@type":"ReadAction","target":["https:\/\/bladnanews.com\/oliver-glasner-denies-man-utd-manager-links-amid-jokes\/"]}]},{"@type":"ImageObject","inLanguage":"fr-FR","@id":"https:\/\/bladnanews.com\/oliver-glasner-denies-man-utd-manager-links-amid-jokes\/#primaryimage","url":"https:\/\/bladnanews.com\/wp-content\/uploads\/2026\/01\/BladnaNews-Oliver-Glasner-denies-Man-Utd-manager-links-amid-jokes-2026-01-07T090949.614Z.jpg","contentUrl":"https:\/\/bladnanews.com\/wp-content\/uploads\/2026\/01\/BladnaNews-Oliver-Glasner-denies-Man-Utd-manager-links-amid-jokes-2026-01-07T090949.614Z.jpg","width":1600,"height":900,"caption":"Oliver Glasner, wearing a black coat, looks thoughtfully upward beside the red and yellow Manchester United logo."},{"@type":"BreadcrumbList","@id":"https:\/\/bladnanews.com\/oliver-glasner-denies-man-utd-manager-links-amid-jokes\/#breadcrumb","itemListElement":[{"@type":"ListItem","position":1,"name":"Home","item":"https:\/\/bladnanews.com\/"},{"@type":"ListItem","position":2,"name":"Oliver Glasner denies Man Utd manager links amid jokes"}]},{"@type":"WebSite","@id":"https:\/\/mediumseagreen-eel-531711.hostingersite.com\/#website","url":"https:\/\/mediumseagreen-eel-531711.hostingersite.com\/","name":"Bladna News - Maroc","description":"Quand le football marocain rencontre le monde","publisher":{"@id":"https:\/\/mediumseagreen-eel-531711.hostingersite.com\/#organization"},"potentialAction":[{"@type":"SearchAction","target":{"@type":"EntryPoint","urlTemplate":"https:\/\/mediumseagreen-eel-531711.hostingersite.com\/?s={search_term_string}"},"query-input":{"@type":"PropertyValueSpecification","valueRequired":true,"valueName":"search_term_string"}}],"inLanguage":"fr-FR"},{"@type":"Organization","@id":"https:\/\/mediumseagreen-eel-531711.hostingersite.com\/#organization","name":"Bladna News.com","url":"https:\/\/mediumseagreen-eel-531711.hostingersite.com\/","logo":{"@type":"ImageObject","inLanguage":"fr-FR","@id":"https:\/\/mediumseagreen-eel-531711.hostingersite.com\/#\/schema\/logo\/image\/","url":"https:\/\/bladnanews.com\/wp-content\/uploads\/2025\/12\/logo-bladnanews-V2-web-black-red.png","contentUrl":"https:\/\/bladnanews.com\/wp-content\/uploads\/2025\/12\/logo-bladnanews-V2-web-black-red.png","width":703,"height":287,"caption":"Bladna News.com"},"image":{"@id":"https:\/\/mediumseagreen-eel-531711.hostingersite.com\/#\/schema\/logo\/image\/"},"email":"info@bladnanews.com","legalName":"Bladna News"},{"@type":"Person","@id":"https:\/\/mediumseagreen-eel-531711.hostingersite.com\/#\/schema\/person\/268e18a453ab080ebf76df6ef7845083","name":"\u00c9quipe r\u00e9dactionnelle de Bladna News","url":"https:\/\/bladnanews.com\/fr\/author\/bladna-news-staff\/"}]}},"_links":{"self":[{"href":"https:\/\/bladnanews.com\/fr\/wp-json\/wp\/v2\/posts\/4788","targetHints":{"allow":["GET"]}}],"collection":[{"href":"https:\/\/bladnanews.com\/fr\/wp-json\/wp\/v2\/posts"}],"about":[{"href":"https:\/\/bladnanews.com\/fr\/wp-json\/wp\/v2\/types\/post"}],"author":[{"embeddable":true,"href":"https:\/\/bladnanews.com\/fr\/wp-json\/wp\/v2\/users\/3"}],"replies":[{"embeddable":true,"href":"https:\/\/bladnanews.com\/fr\/wp-json\/wp\/v2\/comments?post=4788"}],"version-history":[{"count":0,"href":"https:\/\/bladnanews.com\/fr\/wp-json\/wp\/v2\/posts\/4788\/revisions"}],"wp:featuredmedia":[{"embeddable":true,"href":"https:\/\/bladnanews.com\/fr\/wp-json\/wp\/v2\/media\/4787"}],"wp:attachment":[{"href":"https:\/\/bladnanews.com\/fr\/wp-json\/wp\/v2\/media?parent=4788"}],"wp:term":[{"taxonomy":"category","embeddable":true,"href":"https:\/\/bladnanews.com\/fr\/wp-json\/wp\/v2\/categories?post=4788"},{"taxonomy":"post_tag","embeddable":true,"href":"https:\/\/bladnanews.com\/fr\/wp-json\/wp\/v2\/tags?post=4788"}],"curies":[{"name":"wp","href":"https:\/\/api.w.org\/{rel}","templated":true}]}}