{"id":4790,"date":"2026-01-06T18:05:02","date_gmt":"2026-01-06T18:05:02","guid":{"rendered":"https:\/\/bladnanews.com\/bruno-fernandes-returns-as-darren-fletcher-takes-interim-role\/"},"modified":"2026-01-06T18:05:02","modified_gmt":"2026-01-06T18:05:02","slug":"bruno-fernandes-revient-alors-que-darren-fletcher-assume-un-role-interimaire","status":"publish","type":"post","link":"https:\/\/bladnanews.com\/fr\/bruno-fernandes-revient-alors-que-darren-fletcher-assume-un-role-interimaire\/","title":{"rendered":"Bruno Fernandes fait son retour alors que Darren Fletcher assure l'int\u00e9rim."},"content":{"rendered":"<p>Bruno Fernandes a repris du service \u00e0 Manchester United alors que le club entame une nouvelle \u00e8re, Darren Fletcher assurant l'int\u00e9rim en tant qu'entra\u00eeneur.<\/p>\n<p>Fletcher, l\u00e9gende de United et ancien international \u00e9cossais, a \u00e9t\u00e9 plac\u00e9 temporairement \u00e0 la t\u00eate de l'\u00e9quipe et assure que les supporters verront rapidement de quoi son \u00e9quipe est capable.<\/p>\n<p>\u201c Vous verrez une \u00e9quipe qui me repr\u00e9sente un peu \u201d, a d\u00e9clar\u00e9 Fletcher, fixant ainsi d\u00e8s le d\u00e9part les standards qu'il attend en dirigeant le groupe de l'\u00e9quipe premi\u00e8re.<\/p>\n<p>Le retour de Fernandes est un coup de pouce bienvenu pour l'effectif alors que Fletcher commence son travail sur le terrain d'entra\u00eenement et se pr\u00e9pare pour le premier d\u00e9fi de son mandat \u00e0 court terme.<\/p>\n<p>Le capitaine de United est de retour dans le groupe et est appel\u00e9 \u00e0 jouer un r\u00f4le cl\u00e9 alors que l'entra\u00eeneur int\u00e9rimaire tente d'imprimer une identit\u00e9 \u00e0 l'\u00e9quipe.<\/p>\n<p>La nomination de Fletcher a \u00e9t\u00e9 confirm\u00e9e comme une d\u00e9cision int\u00e9rimaire, le club avan\u00e7ant d\u00e9sormais sous sa direction pour le moment.<\/p>\n<p>Avec de nouveau Fernandes disponible et Fletcher promettant un groupe engag\u00e9 et offensif, United esp\u00e8re que ce nouveau d\u00e9part donnera un \u00e9lan alors qu'ils abordent la phase suivante de la saison.<\/p>","protected":false},"excerpt":{"rendered":"<p>Bruno Fernandes has returned to Manchester United duty as the club begins a new era, with Darren Fletcher stepping in [&hellip;]<\/p>\n","protected":false},"author":3,"featured_media":4789,"comment_status":"","ping_status":"open","sticky":false,"template":"","format":"standard","meta":{"googlesitekit_rrm_CAow_uzEDA:productID":"","site-sidebar-layout":"default","site-content-layout":"","ast-site-content-layout":"default","site-content-style":"default","site-sidebar-style":"default","ast-global-header-display":"","ast-banner-title-visibility":"","ast-main-header-display":"","ast-hfb-above-header-display":"","ast-hfb-below-header-display":"","ast-hfb-mobile-header-display":"","site-post-title":"","ast-breadcrumbs-content":"","ast-featured-img":"","footer-sml-layout":"","ast-disable-related-posts":"","theme-transparent-header-meta":"","adv-header-id-meta":"","stick-header-meta":"","header-above-stick-meta":"","header-main-stick-meta":"","header-below-stick-meta":"","astra-migrate-meta-layouts":"default","ast-page-background-enabled":"default","ast-page-background-meta":{"desktop":{"background-color":"var(--ast-global-color-5)","background-image":"","background-repeat":"repeat","background-position":"center center","background-size":"auto","background-attachment":"scroll","background-type":"","background-media":"","overlay-type":"","overlay-color":"","overlay-opacity":"","overlay-gradient":""},"tablet":{"background-color":"","background-image":"","background-repeat":"repeat","background-position":"center center","background-size":"auto","background-attachment":"scroll","background-type":"","background-media":"","overlay-type":"","overlay-color":"","overlay-opacity":"","overlay-gradient":""},"mobile":{"background-color":"","background-image":"","background-repeat":"repeat","background-position":"center center","background-size":"auto","background-attachment":"scroll","background-type":"","background-media":"","overlay-type":"","overlay-color":"","overlay-opacity":"","overlay-gradient":""}},"ast-content-background-meta":{"desktop":{"background-color":"var(--ast-global-color-4)","background-image":"","background-repeat":"repeat","background-position":"center center","background-size":"auto","background-attachment":"scroll","background-type":"","background-media":"","overlay-type":"","overlay-color":"","overlay-opacity":"","overlay-gradient":""},"tablet":{"background-color":"var(--ast-global-color-4)","background-image":"","background-repeat":"repeat","background-position":"center center","background-size":"auto","background-attachment":"scroll","background-type":"","background-media":"","overlay-type":"","overlay-color":"","overlay-opacity":"","overlay-gradient":""},"mobile":{"background-color":"var(--ast-global-color-4)","background-image":"","background-repeat":"repeat","background-position":"center center","background-size":"auto","background-attachment":"scroll","background-type":"","background-media":"","overlay-type":"","overlay-color":"","overlay-opacity":"","overlay-gradient":""}},"footnotes":""},"categories":[20,1],"tags":[],"class_list":["post-4790","post","type-post","status-publish","format-standard","has-post-thumbnail","hentry","category-international","category-football-latest-news"],"yoast_head":"<!-- This site is optimized with the Yoast SEO Premium plugin v26.6 (Yoast SEO v27.5) - https:\/\/yoast.com\/product\/yoast-seo-premium-wordpress\/ -->\n<title>Bruno Fernandes returns as Darren Fletcher takes interim role - Bladna News<\/title>\n<meta name=\"robots\" content=\"index, follow, max-snippet:-1, max-image-preview:large, max-video-preview:-1\" \/>\n<link rel=\"canonical\" href=\"https:\/\/bladnanews.com\/fr\/bruno-fernandes-revient-alors-que-darren-fletcher-assume-un-role-interimaire\/\" \/>\n<meta property=\"og:locale\" content=\"fr_FR\" \/>\n<meta property=\"og:type\" content=\"article\" \/>\n<meta property=\"og:title\" content=\"Bruno Fernandes returns as Darren Fletcher takes interim role\" \/>\n<meta property=\"og:description\" content=\"Bruno Fernandes has returned to Manchester United duty as the club begins a new era, with Darren Fletcher stepping in [&hellip;]\" \/>\n<meta property=\"og:url\" content=\"https:\/\/bladnanews.com\/fr\/bruno-fernandes-revient-alors-que-darren-fletcher-assume-un-role-interimaire\/\" \/>\n<meta property=\"og:site_name\" content=\"Bladna News\" \/>\n<meta property=\"article:published_time\" content=\"2026-01-06T18:05:02+00:00\" \/>\n<meta property=\"og:image\" content=\"https:\/\/bladnanews.com\/wp-content\/uploads\/2025\/12\/freepik__bladna-newscom-moroccan-soccer-homepage-banner-mor__41838.png\" \/>\n\t<meta property=\"og:image:width\" content=\"1312\" \/>\n\t<meta property=\"og:image:height\" content=\"736\" \/>\n\t<meta property=\"og:image:type\" content=\"image\/png\" \/>\n<meta name=\"author\" content=\"Bladna News Staff\" \/>\n<meta name=\"twitter:card\" content=\"summary_large_image\" \/>\n<meta name=\"twitter:label1\" content=\"\u00c9crit par\" \/>\n\t<meta name=\"twitter:data1\" content=\"Bladna News Staff\" \/>\n\t<meta name=\"twitter:label2\" content=\"Dur\u00e9e de lecture estim\u00e9e\" \/>\n\t<meta name=\"twitter:data2\" content=\"1 minute\" \/>\n<script type=\"application\/ld+json\" class=\"yoast-schema-graph\">{\"@context\":\"https:\\\/\\\/schema.org\",\"@graph\":[{\"@type\":\"Article\",\"@id\":\"https:\\\/\\\/bladnanews.com\\\/bruno-fernandes-returns-as-darren-fletcher-takes-interim-role\\\/#article\",\"isPartOf\":{\"@id\":\"https:\\\/\\\/bladnanews.com\\\/bruno-fernandes-returns-as-darren-fletcher-takes-interim-role\\\/\"},\"author\":{\"name\":\"Bladna News Staff\",\"@id\":\"https:\\\/\\\/mediumseagreen-eel-531711.hostingersite.com\\\/#\\\/schema\\\/person\\\/268e18a453ab080ebf76df6ef7845083\"},\"headline\":\"Bruno Fernandes returns as Darren Fletcher takes interim role\",\"datePublished\":\"2026-01-06T18:05:02+00:00\",\"mainEntityOfPage\":{\"@id\":\"https:\\\/\\\/bladnanews.com\\\/bruno-fernandes-returns-as-darren-fletcher-takes-interim-role\\\/\"},\"wordCount\":193,\"publisher\":{\"@id\":\"https:\\\/\\\/mediumseagreen-eel-531711.hostingersite.com\\\/#organization\"},\"image\":{\"@id\":\"https:\\\/\\\/bladnanews.com\\\/bruno-fernandes-returns-as-darren-fletcher-takes-interim-role\\\/#primaryimage\"},\"thumbnailUrl\":\"https:\\\/\\\/bladnanews.com\\\/wp-content\\\/uploads\\\/2026\\\/01\\\/BladnaNews-Bruno-Fernandes-returns-as-Darren-Fletcher-takes-interim-role-2026-01-07T091003.749Z.jpg\",\"articleSection\":[\"International\",\"Latest News\"],\"inLanguage\":\"fr-FR\",\"copyrightYear\":\"2026\",\"copyrightHolder\":{\"@id\":\"https:\\\/\\\/bladnanews.com\\\/fr\\\/#organization\"}},{\"@type\":\"WebPage\",\"@id\":\"https:\\\/\\\/bladnanews.com\\\/bruno-fernandes-returns-as-darren-fletcher-takes-interim-role\\\/\",\"url\":\"https:\\\/\\\/bladnanews.com\\\/bruno-fernandes-returns-as-darren-fletcher-takes-interim-role\\\/\",\"name\":\"Bruno Fernandes returns as Darren Fletcher takes interim role - Bladna News\",\"isPartOf\":{\"@id\":\"https:\\\/\\\/mediumseagreen-eel-531711.hostingersite.com\\\/#website\"},\"primaryImageOfPage\":{\"@id\":\"https:\\\/\\\/bladnanews.com\\\/bruno-fernandes-returns-as-darren-fletcher-takes-interim-role\\\/#primaryimage\"},\"image\":{\"@id\":\"https:\\\/\\\/bladnanews.com\\\/bruno-fernandes-returns-as-darren-fletcher-takes-interim-role\\\/#primaryimage\"},\"thumbnailUrl\":\"https:\\\/\\\/bladnanews.com\\\/wp-content\\\/uploads\\\/2026\\\/01\\\/BladnaNews-Bruno-Fernandes-returns-as-Darren-Fletcher-takes-interim-role-2026-01-07T091003.749Z.jpg\",\"datePublished\":\"2026-01-06T18:05:02+00:00\",\"breadcrumb\":{\"@id\":\"https:\\\/\\\/bladnanews.com\\\/bruno-fernandes-returns-as-darren-fletcher-takes-interim-role\\\/#breadcrumb\"},\"inLanguage\":\"fr-FR\",\"potentialAction\":[{\"@type\":\"ReadAction\",\"target\":[\"https:\\\/\\\/bladnanews.com\\\/bruno-fernandes-returns-as-darren-fletcher-takes-interim-role\\\/\"]}]},{\"@type\":\"ImageObject\",\"inLanguage\":\"fr-FR\",\"@id\":\"https:\\\/\\\/bladnanews.com\\\/bruno-fernandes-returns-as-darren-fletcher-takes-interim-role\\\/#primaryimage\",\"url\":\"https:\\\/\\\/bladnanews.com\\\/wp-content\\\/uploads\\\/2026\\\/01\\\/BladnaNews-Bruno-Fernandes-returns-as-Darren-Fletcher-takes-interim-role-2026-01-07T091003.749Z.jpg\",\"contentUrl\":\"https:\\\/\\\/bladnanews.com\\\/wp-content\\\/uploads\\\/2026\\\/01\\\/BladnaNews-Bruno-Fernandes-returns-as-Darren-Fletcher-takes-interim-role-2026-01-07T091003.749Z.jpg\",\"width\":2560,\"height\":1440,\"caption\":\"Bruno Fernandes celebrates passionately in Manchester United's red kit, showcasing intense emotion on the pitch during a match.\"},{\"@type\":\"BreadcrumbList\",\"@id\":\"https:\\\/\\\/bladnanews.com\\\/bruno-fernandes-returns-as-darren-fletcher-takes-interim-role\\\/#breadcrumb\",\"itemListElement\":[{\"@type\":\"ListItem\",\"position\":1,\"name\":\"Home\",\"item\":\"https:\\\/\\\/bladnanews.com\\\/\"},{\"@type\":\"ListItem\",\"position\":2,\"name\":\"Bruno Fernandes returns as Darren Fletcher takes interim role\"}]},{\"@type\":\"WebSite\",\"@id\":\"https:\\\/\\\/mediumseagreen-eel-531711.hostingersite.com\\\/#website\",\"url\":\"https:\\\/\\\/mediumseagreen-eel-531711.hostingersite.com\\\/\",\"name\":\"Bladna News - Morocco\",\"description\":\"Where Moroccan Football Meets the World\",\"publisher\":{\"@id\":\"https:\\\/\\\/mediumseagreen-eel-531711.hostingersite.com\\\/#organization\"},\"potentialAction\":[{\"@type\":\"SearchAction\",\"target\":{\"@type\":\"EntryPoint\",\"urlTemplate\":\"https:\\\/\\\/mediumseagreen-eel-531711.hostingersite.com\\\/?s={search_term_string}\"},\"query-input\":{\"@type\":\"PropertyValueSpecification\",\"valueRequired\":true,\"valueName\":\"search_term_string\"}}],\"inLanguage\":\"fr-FR\"},{\"@type\":\"Organization\",\"@id\":\"https:\\\/\\\/mediumseagreen-eel-531711.hostingersite.com\\\/#organization\",\"name\":\"Bladna News.com\",\"url\":\"https:\\\/\\\/mediumseagreen-eel-531711.hostingersite.com\\\/\",\"logo\":{\"@type\":\"ImageObject\",\"inLanguage\":\"fr-FR\",\"@id\":\"https:\\\/\\\/mediumseagreen-eel-531711.hostingersite.com\\\/#\\\/schema\\\/logo\\\/image\\\/\",\"url\":\"https:\\\/\\\/bladnanews.com\\\/wp-content\\\/uploads\\\/2025\\\/12\\\/logo-bladnanews-V2-web-black-red.png\",\"contentUrl\":\"https:\\\/\\\/bladnanews.com\\\/wp-content\\\/uploads\\\/2025\\\/12\\\/logo-bladnanews-V2-web-black-red.png\",\"width\":703,\"height\":287,\"caption\":\"Bladna News.com\"},\"image\":{\"@id\":\"https:\\\/\\\/mediumseagreen-eel-531711.hostingersite.com\\\/#\\\/schema\\\/logo\\\/image\\\/\"},\"email\":\"info@bladnanews.com\",\"legalName\":\"Bladna News\"},{\"@type\":\"Person\",\"@id\":\"https:\\\/\\\/mediumseagreen-eel-531711.hostingersite.com\\\/#\\\/schema\\\/person\\\/268e18a453ab080ebf76df6ef7845083\",\"name\":\"Bladna News Staff\",\"url\":\"https:\\\/\\\/bladnanews.com\\\/fr\\\/author\\\/bladna-news-staff\\\/\"}]}<\/script>\n<!-- \/ Yoast SEO Premium plugin. -->","yoast_head_json":{"title":"Bruno Fernandes fait son retour alors que Darren Fletcher prend le r\u00f4le int\u00e9rimaire - Bladna News","robots":{"index":"index","follow":"follow","max-snippet":"max-snippet:-1","max-image-preview":"max-image-preview:large","max-video-preview":"max-video-preview:-1"},"canonical":"https:\/\/bladnanews.com\/fr\/bruno-fernandes-revient-alors-que-darren-fletcher-assume-un-role-interimaire\/","og_locale":"fr_FR","og_type":"article","og_title":"Bruno Fernandes returns as Darren Fletcher takes interim role","og_description":"Bruno Fernandes has returned to Manchester United duty as the club begins a new era, with Darren Fletcher stepping in [&hellip;]","og_url":"https:\/\/bladnanews.com\/fr\/bruno-fernandes-revient-alors-que-darren-fletcher-assume-un-role-interimaire\/","og_site_name":"Bladna News","article_published_time":"2026-01-06T18:05:02+00:00","og_image":[{"width":1312,"height":736,"url":"https:\/\/bladnanews.com\/wp-content\/uploads\/2025\/12\/freepik__bladna-newscom-moroccan-soccer-homepage-banner-mor__41838.png","type":"image\/png"}],"author":"Bladna News Staff","twitter_card":"summary_large_image","twitter_misc":{"\u00c9crit par":"Bladna News Staff","Dur\u00e9e de lecture estim\u00e9e":"1 minute"},"schema":{"@context":"https:\/\/schema.org","@graph":[{"@type":"Article","@id":"https:\/\/bladnanews.com\/bruno-fernandes-returns-as-darren-fletcher-takes-interim-role\/#article","isPartOf":{"@id":"https:\/\/bladnanews.com\/bruno-fernandes-returns-as-darren-fletcher-takes-interim-role\/"},"author":{"name":"Bladna News Staff","@id":"https:\/\/mediumseagreen-eel-531711.hostingersite.com\/#\/schema\/person\/268e18a453ab080ebf76df6ef7845083"},"headline":"Bruno Fernandes returns as Darren Fletcher takes interim role","datePublished":"2026-01-06T18:05:02+00:00","mainEntityOfPage":{"@id":"https:\/\/bladnanews.com\/bruno-fernandes-returns-as-darren-fletcher-takes-interim-role\/"},"wordCount":193,"publisher":{"@id":"https:\/\/mediumseagreen-eel-531711.hostingersite.com\/#organization"},"image":{"@id":"https:\/\/bladnanews.com\/bruno-fernandes-returns-as-darren-fletcher-takes-interim-role\/#primaryimage"},"thumbnailUrl":"https:\/\/bladnanews.com\/wp-content\/uploads\/2026\/01\/BladnaNews-Bruno-Fernandes-returns-as-Darren-Fletcher-takes-interim-role-2026-01-07T091003.749Z.jpg","articleSection":["International","Latest News"],"inLanguage":"fr-FR","copyrightYear":"2026","copyrightHolder":{"@id":"https:\/\/bladnanews.com\/fr\/#organization"}},{"@type":"WebPage","@id":"https:\/\/bladnanews.com\/bruno-fernandes-returns-as-darren-fletcher-takes-interim-role\/","url":"https:\/\/bladnanews.com\/bruno-fernandes-returns-as-darren-fletcher-takes-interim-role\/","name":"Bruno Fernandes fait son retour alors que Darren Fletcher prend le r\u00f4le int\u00e9rimaire - Bladna News","isPartOf":{"@id":"https:\/\/mediumseagreen-eel-531711.hostingersite.com\/#website"},"primaryImageOfPage":{"@id":"https:\/\/bladnanews.com\/bruno-fernandes-returns-as-darren-fletcher-takes-interim-role\/#primaryimage"},"image":{"@id":"https:\/\/bladnanews.com\/bruno-fernandes-returns-as-darren-fletcher-takes-interim-role\/#primaryimage"},"thumbnailUrl":"https:\/\/bladnanews.com\/wp-content\/uploads\/2026\/01\/BladnaNews-Bruno-Fernandes-returns-as-Darren-Fletcher-takes-interim-role-2026-01-07T091003.749Z.jpg","datePublished":"2026-01-06T18:05:02+00:00","breadcrumb":{"@id":"https:\/\/bladnanews.com\/bruno-fernandes-returns-as-darren-fletcher-takes-interim-role\/#breadcrumb"},"inLanguage":"fr-FR","potentialAction":[{"@type":"ReadAction","target":["https:\/\/bladnanews.com\/bruno-fernandes-returns-as-darren-fletcher-takes-interim-role\/"]}]},{"@type":"ImageObject","inLanguage":"fr-FR","@id":"https:\/\/bladnanews.com\/bruno-fernandes-returns-as-darren-fletcher-takes-interim-role\/#primaryimage","url":"https:\/\/bladnanews.com\/wp-content\/uploads\/2026\/01\/BladnaNews-Bruno-Fernandes-returns-as-Darren-Fletcher-takes-interim-role-2026-01-07T091003.749Z.jpg","contentUrl":"https:\/\/bladnanews.com\/wp-content\/uploads\/2026\/01\/BladnaNews-Bruno-Fernandes-returns-as-Darren-Fletcher-takes-interim-role-2026-01-07T091003.749Z.jpg","width":2560,"height":1440,"caption":"Bruno Fernandes celebrates passionately in Manchester United's red kit, showcasing intense emotion on the pitch during a match."},{"@type":"BreadcrumbList","@id":"https:\/\/bladnanews.com\/bruno-fernandes-returns-as-darren-fletcher-takes-interim-role\/#breadcrumb","itemListElement":[{"@type":"ListItem","position":1,"name":"Home","item":"https:\/\/bladnanews.com\/"},{"@type":"ListItem","position":2,"name":"Bruno Fernandes returns as Darren Fletcher takes interim role"}]},{"@type":"WebSite","@id":"https:\/\/mediumseagreen-eel-531711.hostingersite.com\/#website","url":"https:\/\/mediumseagreen-eel-531711.hostingersite.com\/","name":"Bladna News - Maroc","description":"Quand le football marocain rencontre le monde","publisher":{"@id":"https:\/\/mediumseagreen-eel-531711.hostingersite.com\/#organization"},"potentialAction":[{"@type":"SearchAction","target":{"@type":"EntryPoint","urlTemplate":"https:\/\/mediumseagreen-eel-531711.hostingersite.com\/?s={search_term_string}"},"query-input":{"@type":"PropertyValueSpecification","valueRequired":true,"valueName":"search_term_string"}}],"inLanguage":"fr-FR"},{"@type":"Organization","@id":"https:\/\/mediumseagreen-eel-531711.hostingersite.com\/#organization","name":"Bladna News.com","url":"https:\/\/mediumseagreen-eel-531711.hostingersite.com\/","logo":{"@type":"ImageObject","inLanguage":"fr-FR","@id":"https:\/\/mediumseagreen-eel-531711.hostingersite.com\/#\/schema\/logo\/image\/","url":"https:\/\/bladnanews.com\/wp-content\/uploads\/2025\/12\/logo-bladnanews-V2-web-black-red.png","contentUrl":"https:\/\/bladnanews.com\/wp-content\/uploads\/2025\/12\/logo-bladnanews-V2-web-black-red.png","width":703,"height":287,"caption":"Bladna News.com"},"image":{"@id":"https:\/\/mediumseagreen-eel-531711.hostingersite.com\/#\/schema\/logo\/image\/"},"email":"info@bladnanews.com","legalName":"Bladna News"},{"@type":"Person","@id":"https:\/\/mediumseagreen-eel-531711.hostingersite.com\/#\/schema\/person\/268e18a453ab080ebf76df6ef7845083","name":"\u00c9quipe r\u00e9dactionnelle de Bladna News","url":"https:\/\/bladnanews.com\/fr\/author\/bladna-news-staff\/"}]}},"_links":{"self":[{"href":"https:\/\/bladnanews.com\/fr\/wp-json\/wp\/v2\/posts\/4790","targetHints":{"allow":["GET"]}}],"collection":[{"href":"https:\/\/bladnanews.com\/fr\/wp-json\/wp\/v2\/posts"}],"about":[{"href":"https:\/\/bladnanews.com\/fr\/wp-json\/wp\/v2\/types\/post"}],"author":[{"embeddable":true,"href":"https:\/\/bladnanews.com\/fr\/wp-json\/wp\/v2\/users\/3"}],"replies":[{"embeddable":true,"href":"https:\/\/bladnanews.com\/fr\/wp-json\/wp\/v2\/comments?post=4790"}],"version-history":[{"count":0,"href":"https:\/\/bladnanews.com\/fr\/wp-json\/wp\/v2\/posts\/4790\/revisions"}],"wp:featuredmedia":[{"embeddable":true,"href":"https:\/\/bladnanews.com\/fr\/wp-json\/wp\/v2\/media\/4789"}],"wp:attachment":[{"href":"https:\/\/bladnanews.com\/fr\/wp-json\/wp\/v2\/media?parent=4790"}],"wp:term":[{"taxonomy":"category","embeddable":true,"href":"https:\/\/bladnanews.com\/fr\/wp-json\/wp\/v2\/categories?post=4790"},{"taxonomy":"post_tag","embeddable":true,"href":"https:\/\/bladnanews.com\/fr\/wp-json\/wp\/v2\/tags?post=4790"}],"curies":[{"name":"wp","href":"https:\/\/api.w.org\/{rel}","templated":true}]}}