{"id":4792,"date":"2026-01-06T18:12:18","date_gmt":"2026-01-06T18:12:18","guid":{"rendered":"https:\/\/bladnanews.com\/unai-emery-chat-with-juan-mata-led-to-aston-villa-signing\/"},"modified":"2026-01-06T18:12:18","modified_gmt":"2026-01-06T18:12:18","slug":"la-conversation-entre-unai-emery-et-juan-mata-a-conduit-a-la-signature-daston-villa","status":"publish","type":"post","link":"https:\/\/bladnanews.com\/fr\/la-conversation-entre-unai-emery-et-juan-mata-a-conduit-a-la-signature-daston-villa\/","title":{"rendered":"Un entretien entre Unai Emery et Juan Mata a conduit \u00e0 la signature d'Aston Villa."},"content":{"rendered":"<p>Unai Emery a r\u00e9v\u00e9l\u00e9 qu'un appel t\u00e9l\u00e9phonique avec Juan Mata a jou\u00e9 un r\u00f4le cl\u00e9 dans la d\u00e9cision d'Aston Villa de recruter Andr\u00e9s Garc\u00eda.<\/p>\n<p>Villa a finalis\u00e9 l'accord pour cet Espagnol peu connu lors du mercato de janvier, Emery levant d\u00e9sormais le voile sur la mani\u00e8re dont ce transfert s'est concr\u00e9tis\u00e9 dans les coulisses.<\/p>\n<p>\u00c9voquant le processus, Emery a d\u00e9clar\u00e9 avoir contact\u00e9 Mata pour obtenir des informations suppl\u00e9mentaires sur le joueur avant de donner son feu vert. <em>\u201c Je l'ai appel\u00e9 \u201d,\u201d<\/em> a expliqu\u00e9 Emery, d\u00e9taillant comment l'ancien milieu de terrain de Manchester United l'a aid\u00e9 \u00e0 se faire une id\u00e9e plus pr\u00e9cise du caract\u00e8re et des qualit\u00e9s de Garc\u00eda.<\/p>\n<p>Le patron de Villa a \u00e9galement pr\u00e9cis\u00e9 que le club avait agi apr\u00e8s avoir fait ses devoirs, utilisant des contacts personnels pour \u00e9tayer son travail de recrutement avant de poursuivre la signature.<\/p>\n<p>Garc\u00eda, ancien joueur de Manchester United largement pass\u00e9 sous les radars ces derni\u00e8res ann\u00e9es, s'appr\u00eate d\u00e9sormais \u00e0 entamer un nouveau chapitre en Premier League sous la direction d'Emery.<\/p>\n<p>Aston Villa continue de remodeler son effectif afin de maintenir le rythme en t\u00eate du classement, et les commentaires d'Emery ont offert un aper\u00e7u rare des conversations personnelles qui peuvent influencer les d\u00e9cisions de recrutement.<\/p>","protected":false},"excerpt":{"rendered":"<p>Unai Emery has revealed that a phone call with Juan Mata played a key role in Aston Villa\u2019s decision to [&hellip;]<\/p>\n","protected":false},"author":3,"featured_media":4791,"comment_status":"","ping_status":"open","sticky":false,"template":"","format":"standard","meta":{"googlesitekit_rrm_CAow_uzEDA:productID":"","site-sidebar-layout":"default","site-content-layout":"","ast-site-content-layout":"default","site-content-style":"default","site-sidebar-style":"default","ast-global-header-display":"","ast-banner-title-visibility":"","ast-main-header-display":"","ast-hfb-above-header-display":"","ast-hfb-below-header-display":"","ast-hfb-mobile-header-display":"","site-post-title":"","ast-breadcrumbs-content":"","ast-featured-img":"","footer-sml-layout":"","ast-disable-related-posts":"","theme-transparent-header-meta":"","adv-header-id-meta":"","stick-header-meta":"","header-above-stick-meta":"","header-main-stick-meta":"","header-below-stick-meta":"","astra-migrate-meta-layouts":"default","ast-page-background-enabled":"default","ast-page-background-meta":{"desktop":{"background-color":"var(--ast-global-color-5)","background-image":"","background-repeat":"repeat","background-position":"center center","background-size":"auto","background-attachment":"scroll","background-type":"","background-media":"","overlay-type":"","overlay-color":"","overlay-opacity":"","overlay-gradient":""},"tablet":{"background-color":"","background-image":"","background-repeat":"repeat","background-position":"center center","background-size":"auto","background-attachment":"scroll","background-type":"","background-media":"","overlay-type":"","overlay-color":"","overlay-opacity":"","overlay-gradient":""},"mobile":{"background-color":"","background-image":"","background-repeat":"repeat","background-position":"center center","background-size":"auto","background-attachment":"scroll","background-type":"","background-media":"","overlay-type":"","overlay-color":"","overlay-opacity":"","overlay-gradient":""}},"ast-content-background-meta":{"desktop":{"background-color":"var(--ast-global-color-4)","background-image":"","background-repeat":"repeat","background-position":"center center","background-size":"auto","background-attachment":"scroll","background-type":"","background-media":"","overlay-type":"","overlay-color":"","overlay-opacity":"","overlay-gradient":""},"tablet":{"background-color":"var(--ast-global-color-4)","background-image":"","background-repeat":"repeat","background-position":"center center","background-size":"auto","background-attachment":"scroll","background-type":"","background-media":"","overlay-type":"","overlay-color":"","overlay-opacity":"","overlay-gradient":""},"mobile":{"background-color":"var(--ast-global-color-4)","background-image":"","background-repeat":"repeat","background-position":"center center","background-size":"auto","background-attachment":"scroll","background-type":"","background-media":"","overlay-type":"","overlay-color":"","overlay-opacity":"","overlay-gradient":""}},"footnotes":""},"categories":[20,1],"tags":[],"class_list":["post-4792","post","type-post","status-publish","format-standard","has-post-thumbnail","hentry","category-international","category-football-latest-news"],"yoast_head":"<!-- This site is optimized with the Yoast SEO Premium plugin v26.6 (Yoast SEO v27.5) - https:\/\/yoast.com\/product\/yoast-seo-premium-wordpress\/ -->\n<title>Unai Emery chat with Juan Mata led to Aston Villa signing - Bladna News<\/title>\n<meta name=\"robots\" content=\"index, follow, max-snippet:-1, max-image-preview:large, max-video-preview:-1\" \/>\n<link rel=\"canonical\" href=\"https:\/\/bladnanews.com\/fr\/la-conversation-entre-unai-emery-et-juan-mata-a-conduit-a-la-signature-daston-villa\/\" \/>\n<meta property=\"og:locale\" content=\"fr_FR\" \/>\n<meta property=\"og:type\" content=\"article\" \/>\n<meta property=\"og:title\" content=\"Unai Emery chat with Juan Mata led to Aston Villa signing\" \/>\n<meta property=\"og:description\" content=\"Unai Emery has revealed that a phone call with Juan Mata played a key role in Aston Villa\u2019s decision to [&hellip;]\" \/>\n<meta property=\"og:url\" content=\"https:\/\/bladnanews.com\/fr\/la-conversation-entre-unai-emery-et-juan-mata-a-conduit-a-la-signature-daston-villa\/\" \/>\n<meta property=\"og:site_name\" content=\"Bladna News\" \/>\n<meta property=\"article:published_time\" content=\"2026-01-06T18:12:18+00:00\" \/>\n<meta property=\"og:image\" content=\"https:\/\/bladnanews.com\/wp-content\/uploads\/2025\/12\/freepik__bladna-newscom-moroccan-soccer-homepage-banner-mor__41838.png\" \/>\n\t<meta property=\"og:image:width\" content=\"1312\" \/>\n\t<meta property=\"og:image:height\" content=\"736\" \/>\n\t<meta property=\"og:image:type\" content=\"image\/png\" \/>\n<meta name=\"author\" content=\"Bladna News Staff\" \/>\n<meta name=\"twitter:card\" content=\"summary_large_image\" \/>\n<meta name=\"twitter:label1\" content=\"\u00c9crit par\" \/>\n\t<meta name=\"twitter:data1\" content=\"Bladna News Staff\" \/>\n\t<meta name=\"twitter:label2\" content=\"Dur\u00e9e de lecture estim\u00e9e\" \/>\n\t<meta name=\"twitter:data2\" content=\"1 minute\" \/>\n<script type=\"application\/ld+json\" class=\"yoast-schema-graph\">{\"@context\":\"https:\\\/\\\/schema.org\",\"@graph\":[{\"@type\":\"Article\",\"@id\":\"https:\\\/\\\/bladnanews.com\\\/unai-emery-chat-with-juan-mata-led-to-aston-villa-signing\\\/#article\",\"isPartOf\":{\"@id\":\"https:\\\/\\\/bladnanews.com\\\/unai-emery-chat-with-juan-mata-led-to-aston-villa-signing\\\/\"},\"author\":{\"name\":\"Bladna News Staff\",\"@id\":\"https:\\\/\\\/mediumseagreen-eel-531711.hostingersite.com\\\/#\\\/schema\\\/person\\\/268e18a453ab080ebf76df6ef7845083\"},\"headline\":\"Unai Emery chat with Juan Mata led to Aston Villa signing\",\"datePublished\":\"2026-01-06T18:12:18+00:00\",\"mainEntityOfPage\":{\"@id\":\"https:\\\/\\\/bladnanews.com\\\/unai-emery-chat-with-juan-mata-led-to-aston-villa-signing\\\/\"},\"wordCount\":213,\"publisher\":{\"@id\":\"https:\\\/\\\/mediumseagreen-eel-531711.hostingersite.com\\\/#organization\"},\"image\":{\"@id\":\"https:\\\/\\\/bladnanews.com\\\/unai-emery-chat-with-juan-mata-led-to-aston-villa-signing\\\/#primaryimage\"},\"thumbnailUrl\":\"https:\\\/\\\/bladnanews.com\\\/wp-content\\\/uploads\\\/2026\\\/01\\\/BladnaNews-Unai-Emery-chat-with-Juan-Mata-led-to-Aston-Villa-signing-2026-01-07T091022.130Z.jpg\",\"articleSection\":[\"International\",\"Latest News\"],\"inLanguage\":\"fr-FR\",\"copyrightYear\":\"2026\",\"copyrightHolder\":{\"@id\":\"https:\\\/\\\/bladnanews.com\\\/fr\\\/#organization\"}},{\"@type\":\"WebPage\",\"@id\":\"https:\\\/\\\/bladnanews.com\\\/unai-emery-chat-with-juan-mata-led-to-aston-villa-signing\\\/\",\"url\":\"https:\\\/\\\/bladnanews.com\\\/unai-emery-chat-with-juan-mata-led-to-aston-villa-signing\\\/\",\"name\":\"Unai Emery chat with Juan Mata led to Aston Villa signing - Bladna News\",\"isPartOf\":{\"@id\":\"https:\\\/\\\/mediumseagreen-eel-531711.hostingersite.com\\\/#website\"},\"primaryImageOfPage\":{\"@id\":\"https:\\\/\\\/bladnanews.com\\\/unai-emery-chat-with-juan-mata-led-to-aston-villa-signing\\\/#primaryimage\"},\"image\":{\"@id\":\"https:\\\/\\\/bladnanews.com\\\/unai-emery-chat-with-juan-mata-led-to-aston-villa-signing\\\/#primaryimage\"},\"thumbnailUrl\":\"https:\\\/\\\/bladnanews.com\\\/wp-content\\\/uploads\\\/2026\\\/01\\\/BladnaNews-Unai-Emery-chat-with-Juan-Mata-led-to-Aston-Villa-signing-2026-01-07T091022.130Z.jpg\",\"datePublished\":\"2026-01-06T18:12:18+00:00\",\"breadcrumb\":{\"@id\":\"https:\\\/\\\/bladnanews.com\\\/unai-emery-chat-with-juan-mata-led-to-aston-villa-signing\\\/#breadcrumb\"},\"inLanguage\":\"fr-FR\",\"potentialAction\":[{\"@type\":\"ReadAction\",\"target\":[\"https:\\\/\\\/bladnanews.com\\\/unai-emery-chat-with-juan-mata-led-to-aston-villa-signing\\\/\"]}]},{\"@type\":\"ImageObject\",\"inLanguage\":\"fr-FR\",\"@id\":\"https:\\\/\\\/bladnanews.com\\\/unai-emery-chat-with-juan-mata-led-to-aston-villa-signing\\\/#primaryimage\",\"url\":\"https:\\\/\\\/bladnanews.com\\\/wp-content\\\/uploads\\\/2026\\\/01\\\/BladnaNews-Unai-Emery-chat-with-Juan-Mata-led-to-Aston-Villa-signing-2026-01-07T091022.130Z.jpg\",\"contentUrl\":\"https:\\\/\\\/bladnanews.com\\\/wp-content\\\/uploads\\\/2026\\\/01\\\/BladnaNews-Unai-Emery-chat-with-Juan-Mata-led-to-Aston-Villa-signing-2026-01-07T091022.130Z.jpg\",\"width\":1600,\"height\":900,\"caption\":\"Unai Emery in a black jacket looking serious on the bench, next to Juan Mata in a red Manchester United jersey with a focused expression.\"},{\"@type\":\"BreadcrumbList\",\"@id\":\"https:\\\/\\\/bladnanews.com\\\/unai-emery-chat-with-juan-mata-led-to-aston-villa-signing\\\/#breadcrumb\",\"itemListElement\":[{\"@type\":\"ListItem\",\"position\":1,\"name\":\"Home\",\"item\":\"https:\\\/\\\/bladnanews.com\\\/\"},{\"@type\":\"ListItem\",\"position\":2,\"name\":\"Unai Emery chat with Juan Mata led to Aston Villa signing\"}]},{\"@type\":\"WebSite\",\"@id\":\"https:\\\/\\\/mediumseagreen-eel-531711.hostingersite.com\\\/#website\",\"url\":\"https:\\\/\\\/mediumseagreen-eel-531711.hostingersite.com\\\/\",\"name\":\"Bladna News - Morocco\",\"description\":\"Where Moroccan Football Meets the World\",\"publisher\":{\"@id\":\"https:\\\/\\\/mediumseagreen-eel-531711.hostingersite.com\\\/#organization\"},\"potentialAction\":[{\"@type\":\"SearchAction\",\"target\":{\"@type\":\"EntryPoint\",\"urlTemplate\":\"https:\\\/\\\/mediumseagreen-eel-531711.hostingersite.com\\\/?s={search_term_string}\"},\"query-input\":{\"@type\":\"PropertyValueSpecification\",\"valueRequired\":true,\"valueName\":\"search_term_string\"}}],\"inLanguage\":\"fr-FR\"},{\"@type\":\"Organization\",\"@id\":\"https:\\\/\\\/mediumseagreen-eel-531711.hostingersite.com\\\/#organization\",\"name\":\"Bladna News.com\",\"url\":\"https:\\\/\\\/mediumseagreen-eel-531711.hostingersite.com\\\/\",\"logo\":{\"@type\":\"ImageObject\",\"inLanguage\":\"fr-FR\",\"@id\":\"https:\\\/\\\/mediumseagreen-eel-531711.hostingersite.com\\\/#\\\/schema\\\/logo\\\/image\\\/\",\"url\":\"https:\\\/\\\/bladnanews.com\\\/wp-content\\\/uploads\\\/2025\\\/12\\\/logo-bladnanews-V2-web-black-red.png\",\"contentUrl\":\"https:\\\/\\\/bladnanews.com\\\/wp-content\\\/uploads\\\/2025\\\/12\\\/logo-bladnanews-V2-web-black-red.png\",\"width\":703,\"height\":287,\"caption\":\"Bladna News.com\"},\"image\":{\"@id\":\"https:\\\/\\\/mediumseagreen-eel-531711.hostingersite.com\\\/#\\\/schema\\\/logo\\\/image\\\/\"},\"email\":\"info@bladnanews.com\",\"legalName\":\"Bladna News\"},{\"@type\":\"Person\",\"@id\":\"https:\\\/\\\/mediumseagreen-eel-531711.hostingersite.com\\\/#\\\/schema\\\/person\\\/268e18a453ab080ebf76df6ef7845083\",\"name\":\"Bladna News Staff\",\"url\":\"https:\\\/\\\/bladnanews.com\\\/fr\\\/author\\\/bladna-news-staff\\\/\"}]}<\/script>\n<!-- \/ Yoast SEO Premium plugin. -->","yoast_head_json":{"title":"Unai Emery chat with Juan Mata led to Aston Villa signing - Bladna News","robots":{"index":"index","follow":"follow","max-snippet":"max-snippet:-1","max-image-preview":"max-image-preview:large","max-video-preview":"max-video-preview:-1"},"canonical":"https:\/\/bladnanews.com\/fr\/la-conversation-entre-unai-emery-et-juan-mata-a-conduit-a-la-signature-daston-villa\/","og_locale":"fr_FR","og_type":"article","og_title":"Unai Emery chat with Juan Mata led to Aston Villa signing","og_description":"Unai Emery has revealed that a phone call with Juan Mata played a key role in Aston Villa\u2019s decision to [&hellip;]","og_url":"https:\/\/bladnanews.com\/fr\/la-conversation-entre-unai-emery-et-juan-mata-a-conduit-a-la-signature-daston-villa\/","og_site_name":"Bladna News","article_published_time":"2026-01-06T18:12:18+00:00","og_image":[{"width":1312,"height":736,"url":"https:\/\/bladnanews.com\/wp-content\/uploads\/2025\/12\/freepik__bladna-newscom-moroccan-soccer-homepage-banner-mor__41838.png","type":"image\/png"}],"author":"Bladna News Staff","twitter_card":"summary_large_image","twitter_misc":{"\u00c9crit par":"Bladna News Staff","Dur\u00e9e de lecture estim\u00e9e":"1 minute"},"schema":{"@context":"https:\/\/schema.org","@graph":[{"@type":"Article","@id":"https:\/\/bladnanews.com\/unai-emery-chat-with-juan-mata-led-to-aston-villa-signing\/#article","isPartOf":{"@id":"https:\/\/bladnanews.com\/unai-emery-chat-with-juan-mata-led-to-aston-villa-signing\/"},"author":{"name":"Bladna News Staff","@id":"https:\/\/mediumseagreen-eel-531711.hostingersite.com\/#\/schema\/person\/268e18a453ab080ebf76df6ef7845083"},"headline":"Unai Emery chat with Juan Mata led to Aston Villa signing","datePublished":"2026-01-06T18:12:18+00:00","mainEntityOfPage":{"@id":"https:\/\/bladnanews.com\/unai-emery-chat-with-juan-mata-led-to-aston-villa-signing\/"},"wordCount":213,"publisher":{"@id":"https:\/\/mediumseagreen-eel-531711.hostingersite.com\/#organization"},"image":{"@id":"https:\/\/bladnanews.com\/unai-emery-chat-with-juan-mata-led-to-aston-villa-signing\/#primaryimage"},"thumbnailUrl":"https:\/\/bladnanews.com\/wp-content\/uploads\/2026\/01\/BladnaNews-Unai-Emery-chat-with-Juan-Mata-led-to-Aston-Villa-signing-2026-01-07T091022.130Z.jpg","articleSection":["International","Latest News"],"inLanguage":"fr-FR","copyrightYear":"2026","copyrightHolder":{"@id":"https:\/\/bladnanews.com\/fr\/#organization"}},{"@type":"WebPage","@id":"https:\/\/bladnanews.com\/unai-emery-chat-with-juan-mata-led-to-aston-villa-signing\/","url":"https:\/\/bladnanews.com\/unai-emery-chat-with-juan-mata-led-to-aston-villa-signing\/","name":"Unai Emery chat with Juan Mata led to Aston Villa signing - Bladna News","isPartOf":{"@id":"https:\/\/mediumseagreen-eel-531711.hostingersite.com\/#website"},"primaryImageOfPage":{"@id":"https:\/\/bladnanews.com\/unai-emery-chat-with-juan-mata-led-to-aston-villa-signing\/#primaryimage"},"image":{"@id":"https:\/\/bladnanews.com\/unai-emery-chat-with-juan-mata-led-to-aston-villa-signing\/#primaryimage"},"thumbnailUrl":"https:\/\/bladnanews.com\/wp-content\/uploads\/2026\/01\/BladnaNews-Unai-Emery-chat-with-Juan-Mata-led-to-Aston-Villa-signing-2026-01-07T091022.130Z.jpg","datePublished":"2026-01-06T18:12:18+00:00","breadcrumb":{"@id":"https:\/\/bladnanews.com\/unai-emery-chat-with-juan-mata-led-to-aston-villa-signing\/#breadcrumb"},"inLanguage":"fr-FR","potentialAction":[{"@type":"ReadAction","target":["https:\/\/bladnanews.com\/unai-emery-chat-with-juan-mata-led-to-aston-villa-signing\/"]}]},{"@type":"ImageObject","inLanguage":"fr-FR","@id":"https:\/\/bladnanews.com\/unai-emery-chat-with-juan-mata-led-to-aston-villa-signing\/#primaryimage","url":"https:\/\/bladnanews.com\/wp-content\/uploads\/2026\/01\/BladnaNews-Unai-Emery-chat-with-Juan-Mata-led-to-Aston-Villa-signing-2026-01-07T091022.130Z.jpg","contentUrl":"https:\/\/bladnanews.com\/wp-content\/uploads\/2026\/01\/BladnaNews-Unai-Emery-chat-with-Juan-Mata-led-to-Aston-Villa-signing-2026-01-07T091022.130Z.jpg","width":1600,"height":900,"caption":"Unai Emery in a black jacket looking serious on the bench, next to Juan Mata in a red Manchester United jersey with a focused expression."},{"@type":"BreadcrumbList","@id":"https:\/\/bladnanews.com\/unai-emery-chat-with-juan-mata-led-to-aston-villa-signing\/#breadcrumb","itemListElement":[{"@type":"ListItem","position":1,"name":"Home","item":"https:\/\/bladnanews.com\/"},{"@type":"ListItem","position":2,"name":"Unai Emery chat with Juan Mata led to Aston Villa signing"}]},{"@type":"WebSite","@id":"https:\/\/mediumseagreen-eel-531711.hostingersite.com\/#website","url":"https:\/\/mediumseagreen-eel-531711.hostingersite.com\/","name":"Bladna News - Maroc","description":"Quand le football marocain rencontre le monde","publisher":{"@id":"https:\/\/mediumseagreen-eel-531711.hostingersite.com\/#organization"},"potentialAction":[{"@type":"SearchAction","target":{"@type":"EntryPoint","urlTemplate":"https:\/\/mediumseagreen-eel-531711.hostingersite.com\/?s={search_term_string}"},"query-input":{"@type":"PropertyValueSpecification","valueRequired":true,"valueName":"search_term_string"}}],"inLanguage":"fr-FR"},{"@type":"Organization","@id":"https:\/\/mediumseagreen-eel-531711.hostingersite.com\/#organization","name":"Bladna News.com","url":"https:\/\/mediumseagreen-eel-531711.hostingersite.com\/","logo":{"@type":"ImageObject","inLanguage":"fr-FR","@id":"https:\/\/mediumseagreen-eel-531711.hostingersite.com\/#\/schema\/logo\/image\/","url":"https:\/\/bladnanews.com\/wp-content\/uploads\/2025\/12\/logo-bladnanews-V2-web-black-red.png","contentUrl":"https:\/\/bladnanews.com\/wp-content\/uploads\/2025\/12\/logo-bladnanews-V2-web-black-red.png","width":703,"height":287,"caption":"Bladna News.com"},"image":{"@id":"https:\/\/mediumseagreen-eel-531711.hostingersite.com\/#\/schema\/logo\/image\/"},"email":"info@bladnanews.com","legalName":"Bladna News"},{"@type":"Person","@id":"https:\/\/mediumseagreen-eel-531711.hostingersite.com\/#\/schema\/person\/268e18a453ab080ebf76df6ef7845083","name":"\u00c9quipe r\u00e9dactionnelle de Bladna News","url":"https:\/\/bladnanews.com\/fr\/author\/bladna-news-staff\/"}]}},"_links":{"self":[{"href":"https:\/\/bladnanews.com\/fr\/wp-json\/wp\/v2\/posts\/4792","targetHints":{"allow":["GET"]}}],"collection":[{"href":"https:\/\/bladnanews.com\/fr\/wp-json\/wp\/v2\/posts"}],"about":[{"href":"https:\/\/bladnanews.com\/fr\/wp-json\/wp\/v2\/types\/post"}],"author":[{"embeddable":true,"href":"https:\/\/bladnanews.com\/fr\/wp-json\/wp\/v2\/users\/3"}],"replies":[{"embeddable":true,"href":"https:\/\/bladnanews.com\/fr\/wp-json\/wp\/v2\/comments?post=4792"}],"version-history":[{"count":0,"href":"https:\/\/bladnanews.com\/fr\/wp-json\/wp\/v2\/posts\/4792\/revisions"}],"wp:featuredmedia":[{"embeddable":true,"href":"https:\/\/bladnanews.com\/fr\/wp-json\/wp\/v2\/media\/4791"}],"wp:attachment":[{"href":"https:\/\/bladnanews.com\/fr\/wp-json\/wp\/v2\/media?parent=4792"}],"wp:term":[{"taxonomy":"category","embeddable":true,"href":"https:\/\/bladnanews.com\/fr\/wp-json\/wp\/v2\/categories?post=4792"},{"taxonomy":"post_tag","embeddable":true,"href":"https:\/\/bladnanews.com\/fr\/wp-json\/wp\/v2\/tags?post=4792"}],"curies":[{"name":"wp","href":"https:\/\/api.w.org\/{rel}","templated":true}]}}