{"id":4878,"date":"2026-01-07T09:54:00","date_gmt":"2026-01-07T09:54:00","guid":{"rendered":"https:\/\/bladnanews.com\/morocco-sets-unprecedented-record-at-african-cup-of-nations\/"},"modified":"2026-01-07T09:54:00","modified_gmt":"2026-01-07T09:54:00","slug":"le-maroc-etablit-un-record-sans-precedent-a-la-coupe-dafrique-des-nations","status":"publish","type":"post","link":"https:\/\/bladnanews.com\/fr\/le-maroc-etablit-un-record-sans-precedent-a-la-coupe-dafrique-des-nations\/","title":{"rendered":"Le Maroc \u00e9tablit un record sans pr\u00e9c\u00e9dent \u00e0 la Coupe d'Afrique des Nations"},"content":{"rendered":"<p>Alors que la Coupe d'Afrique des Nations entre en quart de finale, le Maroc a \u00e9tabli un record sans pr\u00e9c\u00e9dent dans l'histoire de la comp\u00e9tition.<\/p>\n<p>Le Maroc est devenu la premi\u00e8re \u00e9quipe nationale \u00e0 maintenir son but inviol\u00e9 lors de <strong>cinq matchs cons\u00e9cutifs<\/strong> lors d'une seule \u00e9dition de la Coupe d'Afrique des Nations, un jalon qui souligne sa solidit\u00e9 d\u00e9fensive avant que la phase \u00e0 \u00e9limination directe ne s'intensifie.<\/p>\n<p>Les Lions de l'Atlas ont atteint cette marque apr\u00e8s un nouveau blanchissage lors de leur derni\u00e8re sortie, prolongeant une s\u00e9rie qui en fait l'\u00e9quipe la plus remarquable du tournoi en d\u00e9fense.<\/p>\n<p>Ce record intervient \u00e0 un moment cl\u00e9, le calendrier des quarts de finale apportant des tests plus ardus et une marge d'erreur r\u00e9duite. La d\u00e9fense marocaine a \u00e9t\u00e9 l'une des principales raisons de leur maintien sur la bonne voie, offrant \u00e0 l'\u00e9quipe une base solide alors qu'elle vise \u00e0 aller plus loin dans la comp\u00e9tition.<\/p>\n<p>Avec les huit derniers d\u00e9sormais en ligne de mire, le Maroc aborde le tour suivant port\u00e9 \u00e0 la fois par son dynamisme et par un morceau de l'histoire de la CAN.<\/p>","protected":false},"excerpt":{"rendered":"<p>As the Africa Cup of Nations heads into the quarter-finals, Morocco have set an unprecedented record in the tournament\u2019s history. [&hellip;]<\/p>\n","protected":false},"author":4,"featured_media":4877,"comment_status":"","ping_status":"open","sticky":false,"template":"","format":"standard","meta":{"googlesitekit_rrm_CAow_uzEDA:productID":"","site-sidebar-layout":"default","site-content-layout":"","ast-site-content-layout":"default","site-content-style":"default","site-sidebar-style":"default","ast-global-header-display":"","ast-banner-title-visibility":"","ast-main-header-display":"","ast-hfb-above-header-display":"","ast-hfb-below-header-display":"","ast-hfb-mobile-header-display":"","site-post-title":"","ast-breadcrumbs-content":"","ast-featured-img":"","footer-sml-layout":"","ast-disable-related-posts":"","theme-transparent-header-meta":"","adv-header-id-meta":"","stick-header-meta":"","header-above-stick-meta":"","header-main-stick-meta":"","header-below-stick-meta":"","astra-migrate-meta-layouts":"default","ast-page-background-enabled":"default","ast-page-background-meta":{"desktop":{"background-color":"var(--ast-global-color-5)","background-image":"","background-repeat":"repeat","background-position":"center center","background-size":"auto","background-attachment":"scroll","background-type":"","background-media":"","overlay-type":"","overlay-color":"","overlay-opacity":"","overlay-gradient":""},"tablet":{"background-color":"","background-image":"","background-repeat":"repeat","background-position":"center center","background-size":"auto","background-attachment":"scroll","background-type":"","background-media":"","overlay-type":"","overlay-color":"","overlay-opacity":"","overlay-gradient":""},"mobile":{"background-color":"","background-image":"","background-repeat":"repeat","background-position":"center center","background-size":"auto","background-attachment":"scroll","background-type":"","background-media":"","overlay-type":"","overlay-color":"","overlay-opacity":"","overlay-gradient":""}},"ast-content-background-meta":{"desktop":{"background-color":"var(--ast-global-color-4)","background-image":"","background-repeat":"repeat","background-position":"center center","background-size":"auto","background-attachment":"scroll","background-type":"","background-media":"","overlay-type":"","overlay-color":"","overlay-opacity":"","overlay-gradient":""},"tablet":{"background-color":"var(--ast-global-color-4)","background-image":"","background-repeat":"repeat","background-position":"center center","background-size":"auto","background-attachment":"scroll","background-type":"","background-media":"","overlay-type":"","overlay-color":"","overlay-opacity":"","overlay-gradient":""},"mobile":{"background-color":"var(--ast-global-color-4)","background-image":"","background-repeat":"repeat","background-position":"center center","background-size":"auto","background-attachment":"scroll","background-type":"","background-media":"","overlay-type":"","overlay-color":"","overlay-opacity":"","overlay-gradient":""}},"footnotes":""},"categories":[1,168],"tags":[],"class_list":["post-4878","post","type-post","status-publish","format-standard","has-post-thumbnail","hentry","category-football-latest-news","category-morocco-national-team"],"yoast_head":"<!-- This site is optimized with the Yoast SEO Premium plugin v26.6 (Yoast SEO v27.4) - https:\/\/yoast.com\/product\/yoast-seo-premium-wordpress\/ -->\n<title>Morocco sets unprecedented record at African Cup of Nations - Bladna News<\/title>\n<meta name=\"robots\" content=\"index, follow, max-snippet:-1, max-image-preview:large, max-video-preview:-1\" \/>\n<link rel=\"canonical\" href=\"https:\/\/bladnanews.com\/fr\/le-maroc-etablit-un-record-sans-precedent-a-la-coupe-dafrique-des-nations\/\" \/>\n<meta property=\"og:locale\" content=\"fr_FR\" \/>\n<meta property=\"og:type\" content=\"article\" \/>\n<meta property=\"og:title\" content=\"Morocco sets unprecedented record at African Cup of Nations\" \/>\n<meta property=\"og:description\" content=\"As the Africa Cup of Nations heads into the quarter-finals, Morocco have set an unprecedented record in the tournament\u2019s history. [&hellip;]\" \/>\n<meta property=\"og:url\" content=\"https:\/\/bladnanews.com\/fr\/le-maroc-etablit-un-record-sans-precedent-a-la-coupe-dafrique-des-nations\/\" \/>\n<meta property=\"og:site_name\" content=\"Bladna News\" \/>\n<meta property=\"article:published_time\" content=\"2026-01-07T09:54:00+00:00\" \/>\n<meta property=\"og:image\" content=\"https:\/\/bladnanews.com\/wp-content\/uploads\/2025\/12\/freepik__bladna-newscom-moroccan-soccer-homepage-banner-mor__41838.png\" \/>\n\t<meta property=\"og:image:width\" content=\"1312\" \/>\n\t<meta property=\"og:image:height\" content=\"736\" \/>\n\t<meta property=\"og:image:type\" content=\"image\/png\" \/>\n<meta name=\"author\" content=\"Bladna Sports Desk\" \/>\n<meta name=\"twitter:card\" content=\"summary_large_image\" \/>\n<meta name=\"twitter:label1\" content=\"\u00c9crit par\" \/>\n\t<meta name=\"twitter:data1\" content=\"Bladna Sports Desk\" \/>\n\t<meta name=\"twitter:label2\" content=\"Dur\u00e9e de lecture estim\u00e9e\" \/>\n\t<meta name=\"twitter:data2\" content=\"1 minute\" \/>\n<script type=\"application\/ld+json\" class=\"yoast-schema-graph\">{\"@context\":\"https:\\\/\\\/schema.org\",\"@graph\":[{\"@type\":\"Article\",\"@id\":\"https:\\\/\\\/bladnanews.com\\\/morocco-sets-unprecedented-record-at-african-cup-of-nations\\\/#article\",\"isPartOf\":{\"@id\":\"https:\\\/\\\/bladnanews.com\\\/morocco-sets-unprecedented-record-at-african-cup-of-nations\\\/\"},\"author\":{\"name\":\"Bladna Sports Desk\",\"@id\":\"https:\\\/\\\/mediumseagreen-eel-531711.hostingersite.com\\\/#\\\/schema\\\/person\\\/6712b38fabe810f7eb8d15ed30d90f1e\"},\"headline\":\"Morocco sets unprecedented record at African Cup of Nations\",\"datePublished\":\"2026-01-07T09:54:00+00:00\",\"mainEntityOfPage\":{\"@id\":\"https:\\\/\\\/bladnanews.com\\\/morocco-sets-unprecedented-record-at-african-cup-of-nations\\\/\"},\"wordCount\":167,\"publisher\":{\"@id\":\"https:\\\/\\\/mediumseagreen-eel-531711.hostingersite.com\\\/#organization\"},\"image\":{\"@id\":\"https:\\\/\\\/bladnanews.com\\\/morocco-sets-unprecedented-record-at-african-cup-of-nations\\\/#primaryimage\"},\"thumbnailUrl\":\"https:\\\/\\\/bladnanews.com\\\/wp-content\\\/uploads\\\/2026\\\/01\\\/1eeeaebb-8e74-467d-9587-6dbfa924dbe1_1767779734.webp\",\"articleSection\":[\"Latest News\",\"Morocco National Team\"],\"inLanguage\":\"fr-FR\",\"copyrightYear\":\"2026\",\"copyrightHolder\":{\"@id\":\"https:\\\/\\\/bladnanews.com\\\/fr\\\/#organization\"}},{\"@type\":\"WebPage\",\"@id\":\"https:\\\/\\\/bladnanews.com\\\/morocco-sets-unprecedented-record-at-african-cup-of-nations\\\/\",\"url\":\"https:\\\/\\\/bladnanews.com\\\/morocco-sets-unprecedented-record-at-african-cup-of-nations\\\/\",\"name\":\"Morocco sets unprecedented record at African Cup of Nations - Bladna News\",\"isPartOf\":{\"@id\":\"https:\\\/\\\/mediumseagreen-eel-531711.hostingersite.com\\\/#website\"},\"primaryImageOfPage\":{\"@id\":\"https:\\\/\\\/bladnanews.com\\\/morocco-sets-unprecedented-record-at-african-cup-of-nations\\\/#primaryimage\"},\"image\":{\"@id\":\"https:\\\/\\\/bladnanews.com\\\/morocco-sets-unprecedented-record-at-african-cup-of-nations\\\/#primaryimage\"},\"thumbnailUrl\":\"https:\\\/\\\/bladnanews.com\\\/wp-content\\\/uploads\\\/2026\\\/01\\\/1eeeaebb-8e74-467d-9587-6dbfa924dbe1_1767779734.webp\",\"datePublished\":\"2026-01-07T09:54:00+00:00\",\"breadcrumb\":{\"@id\":\"https:\\\/\\\/bladnanews.com\\\/morocco-sets-unprecedented-record-at-african-cup-of-nations\\\/#breadcrumb\"},\"inLanguage\":\"fr-FR\",\"potentialAction\":[{\"@type\":\"ReadAction\",\"target\":[\"https:\\\/\\\/bladnanews.com\\\/morocco-sets-unprecedented-record-at-african-cup-of-nations\\\/\"]}]},{\"@type\":\"ImageObject\",\"inLanguage\":\"fr-FR\",\"@id\":\"https:\\\/\\\/bladnanews.com\\\/morocco-sets-unprecedented-record-at-african-cup-of-nations\\\/#primaryimage\",\"url\":\"https:\\\/\\\/bladnanews.com\\\/wp-content\\\/uploads\\\/2026\\\/01\\\/1eeeaebb-8e74-467d-9587-6dbfa924dbe1_1767779734.webp\",\"contentUrl\":\"https:\\\/\\\/bladnanews.com\\\/wp-content\\\/uploads\\\/2026\\\/01\\\/1eeeaebb-8e74-467d-9587-6dbfa924dbe1_1767779734.webp\",\"width\":860,\"height\":573,\"caption\":\"Moroccan fans wave flags and cheer in vibrant red and green, showcasing national pride during a football match.\"},{\"@type\":\"BreadcrumbList\",\"@id\":\"https:\\\/\\\/bladnanews.com\\\/morocco-sets-unprecedented-record-at-african-cup-of-nations\\\/#breadcrumb\",\"itemListElement\":[{\"@type\":\"ListItem\",\"position\":1,\"name\":\"Home\",\"item\":\"https:\\\/\\\/bladnanews.com\\\/\"},{\"@type\":\"ListItem\",\"position\":2,\"name\":\"Morocco sets unprecedented record at African Cup of Nations\"}]},{\"@type\":\"WebSite\",\"@id\":\"https:\\\/\\\/mediumseagreen-eel-531711.hostingersite.com\\\/#website\",\"url\":\"https:\\\/\\\/mediumseagreen-eel-531711.hostingersite.com\\\/\",\"name\":\"Bladna News - Morocco\",\"description\":\"Where Moroccan Football Meets the World\",\"publisher\":{\"@id\":\"https:\\\/\\\/mediumseagreen-eel-531711.hostingersite.com\\\/#organization\"},\"potentialAction\":[{\"@type\":\"SearchAction\",\"target\":{\"@type\":\"EntryPoint\",\"urlTemplate\":\"https:\\\/\\\/mediumseagreen-eel-531711.hostingersite.com\\\/?s={search_term_string}\"},\"query-input\":{\"@type\":\"PropertyValueSpecification\",\"valueRequired\":true,\"valueName\":\"search_term_string\"}}],\"inLanguage\":\"fr-FR\"},{\"@type\":\"Organization\",\"@id\":\"https:\\\/\\\/mediumseagreen-eel-531711.hostingersite.com\\\/#organization\",\"name\":\"Bladna News.com\",\"url\":\"https:\\\/\\\/mediumseagreen-eel-531711.hostingersite.com\\\/\",\"logo\":{\"@type\":\"ImageObject\",\"inLanguage\":\"fr-FR\",\"@id\":\"https:\\\/\\\/mediumseagreen-eel-531711.hostingersite.com\\\/#\\\/schema\\\/logo\\\/image\\\/\",\"url\":\"https:\\\/\\\/bladnanews.com\\\/wp-content\\\/uploads\\\/2025\\\/12\\\/logo-bladnanews-V2-web-black-red.png\",\"contentUrl\":\"https:\\\/\\\/bladnanews.com\\\/wp-content\\\/uploads\\\/2025\\\/12\\\/logo-bladnanews-V2-web-black-red.png\",\"width\":703,\"height\":287,\"caption\":\"Bladna News.com\"},\"image\":{\"@id\":\"https:\\\/\\\/mediumseagreen-eel-531711.hostingersite.com\\\/#\\\/schema\\\/logo\\\/image\\\/\"},\"email\":\"info@bladnanews.com\",\"legalName\":\"Bladna News\"},{\"@type\":\"Person\",\"@id\":\"https:\\\/\\\/mediumseagreen-eel-531711.hostingersite.com\\\/#\\\/schema\\\/person\\\/6712b38fabe810f7eb8d15ed30d90f1e\",\"name\":\"Bladna Sports Desk\",\"url\":\"https:\\\/\\\/bladnanews.com\\\/fr\\\/author\\\/bladna-sports-desk\\\/\"}]}<\/script>\n<!-- \/ Yoast SEO Premium plugin. -->","yoast_head_json":{"title":"Le Maroc \u00e9tablit un record sans pr\u00e9c\u00e9dent \u00e0 la Coupe d'Afrique des Nations - Bladna News","robots":{"index":"index","follow":"follow","max-snippet":"max-snippet:-1","max-image-preview":"max-image-preview:large","max-video-preview":"max-video-preview:-1"},"canonical":"https:\/\/bladnanews.com\/fr\/le-maroc-etablit-un-record-sans-precedent-a-la-coupe-dafrique-des-nations\/","og_locale":"fr_FR","og_type":"article","og_title":"Morocco sets unprecedented record at African Cup of Nations","og_description":"As the Africa Cup of Nations heads into the quarter-finals, Morocco have set an unprecedented record in the tournament\u2019s history. [&hellip;]","og_url":"https:\/\/bladnanews.com\/fr\/le-maroc-etablit-un-record-sans-precedent-a-la-coupe-dafrique-des-nations\/","og_site_name":"Bladna News","article_published_time":"2026-01-07T09:54:00+00:00","og_image":[{"width":1312,"height":736,"url":"https:\/\/bladnanews.com\/wp-content\/uploads\/2025\/12\/freepik__bladna-newscom-moroccan-soccer-homepage-banner-mor__41838.png","type":"image\/png"}],"author":"Bladna Sports Desk","twitter_card":"summary_large_image","twitter_misc":{"\u00c9crit par":"Bladna Sports Desk","Dur\u00e9e de lecture estim\u00e9e":"1 minute"},"schema":{"@context":"https:\/\/schema.org","@graph":[{"@type":"Article","@id":"https:\/\/bladnanews.com\/morocco-sets-unprecedented-record-at-african-cup-of-nations\/#article","isPartOf":{"@id":"https:\/\/bladnanews.com\/morocco-sets-unprecedented-record-at-african-cup-of-nations\/"},"author":{"name":"Bladna Sports Desk","@id":"https:\/\/mediumseagreen-eel-531711.hostingersite.com\/#\/schema\/person\/6712b38fabe810f7eb8d15ed30d90f1e"},"headline":"Morocco sets unprecedented record at African Cup of Nations","datePublished":"2026-01-07T09:54:00+00:00","mainEntityOfPage":{"@id":"https:\/\/bladnanews.com\/morocco-sets-unprecedented-record-at-african-cup-of-nations\/"},"wordCount":167,"publisher":{"@id":"https:\/\/mediumseagreen-eel-531711.hostingersite.com\/#organization"},"image":{"@id":"https:\/\/bladnanews.com\/morocco-sets-unprecedented-record-at-african-cup-of-nations\/#primaryimage"},"thumbnailUrl":"https:\/\/bladnanews.com\/wp-content\/uploads\/2026\/01\/1eeeaebb-8e74-467d-9587-6dbfa924dbe1_1767779734.webp","articleSection":["Latest News","Morocco National Team"],"inLanguage":"fr-FR","copyrightYear":"2026","copyrightHolder":{"@id":"https:\/\/bladnanews.com\/fr\/#organization"}},{"@type":"WebPage","@id":"https:\/\/bladnanews.com\/morocco-sets-unprecedented-record-at-african-cup-of-nations\/","url":"https:\/\/bladnanews.com\/morocco-sets-unprecedented-record-at-african-cup-of-nations\/","name":"Le Maroc \u00e9tablit un record sans pr\u00e9c\u00e9dent \u00e0 la Coupe d'Afrique des Nations - Bladna News","isPartOf":{"@id":"https:\/\/mediumseagreen-eel-531711.hostingersite.com\/#website"},"primaryImageOfPage":{"@id":"https:\/\/bladnanews.com\/morocco-sets-unprecedented-record-at-african-cup-of-nations\/#primaryimage"},"image":{"@id":"https:\/\/bladnanews.com\/morocco-sets-unprecedented-record-at-african-cup-of-nations\/#primaryimage"},"thumbnailUrl":"https:\/\/bladnanews.com\/wp-content\/uploads\/2026\/01\/1eeeaebb-8e74-467d-9587-6dbfa924dbe1_1767779734.webp","datePublished":"2026-01-07T09:54:00+00:00","breadcrumb":{"@id":"https:\/\/bladnanews.com\/morocco-sets-unprecedented-record-at-african-cup-of-nations\/#breadcrumb"},"inLanguage":"fr-FR","potentialAction":[{"@type":"ReadAction","target":["https:\/\/bladnanews.com\/morocco-sets-unprecedented-record-at-african-cup-of-nations\/"]}]},{"@type":"ImageObject","inLanguage":"fr-FR","@id":"https:\/\/bladnanews.com\/morocco-sets-unprecedented-record-at-african-cup-of-nations\/#primaryimage","url":"https:\/\/bladnanews.com\/wp-content\/uploads\/2026\/01\/1eeeaebb-8e74-467d-9587-6dbfa924dbe1_1767779734.webp","contentUrl":"https:\/\/bladnanews.com\/wp-content\/uploads\/2026\/01\/1eeeaebb-8e74-467d-9587-6dbfa924dbe1_1767779734.webp","width":860,"height":573,"caption":"Moroccan fans wave flags and cheer in vibrant red and green, showcasing national pride during a football match."},{"@type":"BreadcrumbList","@id":"https:\/\/bladnanews.com\/morocco-sets-unprecedented-record-at-african-cup-of-nations\/#breadcrumb","itemListElement":[{"@type":"ListItem","position":1,"name":"Home","item":"https:\/\/bladnanews.com\/"},{"@type":"ListItem","position":2,"name":"Morocco sets unprecedented record at African Cup of Nations"}]},{"@type":"WebSite","@id":"https:\/\/mediumseagreen-eel-531711.hostingersite.com\/#website","url":"https:\/\/mediumseagreen-eel-531711.hostingersite.com\/","name":"Bladna News - Maroc","description":"Quand le football marocain rencontre le monde","publisher":{"@id":"https:\/\/mediumseagreen-eel-531711.hostingersite.com\/#organization"},"potentialAction":[{"@type":"SearchAction","target":{"@type":"EntryPoint","urlTemplate":"https:\/\/mediumseagreen-eel-531711.hostingersite.com\/?s={search_term_string}"},"query-input":{"@type":"PropertyValueSpecification","valueRequired":true,"valueName":"search_term_string"}}],"inLanguage":"fr-FR"},{"@type":"Organization","@id":"https:\/\/mediumseagreen-eel-531711.hostingersite.com\/#organization","name":"Bladna News.com","url":"https:\/\/mediumseagreen-eel-531711.hostingersite.com\/","logo":{"@type":"ImageObject","inLanguage":"fr-FR","@id":"https:\/\/mediumseagreen-eel-531711.hostingersite.com\/#\/schema\/logo\/image\/","url":"https:\/\/bladnanews.com\/wp-content\/uploads\/2025\/12\/logo-bladnanews-V2-web-black-red.png","contentUrl":"https:\/\/bladnanews.com\/wp-content\/uploads\/2025\/12\/logo-bladnanews-V2-web-black-red.png","width":703,"height":287,"caption":"Bladna News.com"},"image":{"@id":"https:\/\/mediumseagreen-eel-531711.hostingersite.com\/#\/schema\/logo\/image\/"},"email":"info@bladnanews.com","legalName":"Bladna News"},{"@type":"Person","@id":"https:\/\/mediumseagreen-eel-531711.hostingersite.com\/#\/schema\/person\/6712b38fabe810f7eb8d15ed30d90f1e","name":"Bladna Sports Desk","url":"https:\/\/bladnanews.com\/fr\/author\/bladna-sports-desk\/"}]}},"_links":{"self":[{"href":"https:\/\/bladnanews.com\/fr\/wp-json\/wp\/v2\/posts\/4878","targetHints":{"allow":["GET"]}}],"collection":[{"href":"https:\/\/bladnanews.com\/fr\/wp-json\/wp\/v2\/posts"}],"about":[{"href":"https:\/\/bladnanews.com\/fr\/wp-json\/wp\/v2\/types\/post"}],"author":[{"embeddable":true,"href":"https:\/\/bladnanews.com\/fr\/wp-json\/wp\/v2\/users\/4"}],"replies":[{"embeddable":true,"href":"https:\/\/bladnanews.com\/fr\/wp-json\/wp\/v2\/comments?post=4878"}],"version-history":[{"count":0,"href":"https:\/\/bladnanews.com\/fr\/wp-json\/wp\/v2\/posts\/4878\/revisions"}],"wp:featuredmedia":[{"embeddable":true,"href":"https:\/\/bladnanews.com\/fr\/wp-json\/wp\/v2\/media\/4877"}],"wp:attachment":[{"href":"https:\/\/bladnanews.com\/fr\/wp-json\/wp\/v2\/media?parent=4878"}],"wp:term":[{"taxonomy":"category","embeddable":true,"href":"https:\/\/bladnanews.com\/fr\/wp-json\/wp\/v2\/categories?post=4878"},{"taxonomy":"post_tag","embeddable":true,"href":"https:\/\/bladnanews.com\/fr\/wp-json\/wp\/v2\/tags?post=4878"}],"curies":[{"name":"wp","href":"https:\/\/api.w.org\/{rel}","templated":true}]}}