{"id":4906,"date":"2026-01-07T09:11:21","date_gmt":"2026-01-07T09:11:21","guid":{"rendered":"https:\/\/bladnanews.com\/solskjaer-could-seal-man-utd-return-by-friday-amid-talks\/"},"modified":"2026-01-07T09:11:21","modified_gmt":"2026-01-07T09:11:21","slug":"solskjaer-pourrait-sceller-son-retour-a-man-utd-dici-vendredi-au-milieu-des-pourparlers","status":"publish","type":"post","link":"https:\/\/bladnanews.com\/fr\/solskjaer-pourrait-sceller-son-retour-a-man-utd-dici-vendredi-au-milieu-des-pourparlers\/","title":{"rendered":"Solskjaer pourrait sceller son retour \u00e0 Manchester United d'ici vendredi, des discussions \u00e9tant en cours."},"content":{"rendered":"<p>Ole Gunnar Solskjaer pourrait \u00eatre sur le point d'effectuer un retour surprise \u00e0 Manchester United, l'ancien entra\u00eeneur du club \u00e9tant d\u00e9sormais en n\u00e9gociations contractuelles et un accord pouvant \u00eatre conclu d'ici vendredi.<\/p>\n<p>Solskjaer est sans club depuis son d\u00e9part d'Old Trafford en novembre 2021, mais des discussions ont d\u00e9sormais eu lieu concernant un possible retour. Il a \u00e9t\u00e9 r\u00e9v\u00e9l\u00e9 que les pourparlers contractuels sont d\u00e9j\u00e0 en cours, pla\u00e7ant un accord rapide sur la table.<\/p>\n<p>\u00c2g\u00e9 de 51 ans, il reste une figure populaire au sein du club apr\u00e8s son passage \u00e0 sa t\u00eate, qui a inclus une deuxi\u00e8me place en Premier League et une finale de Ligue Europa. Il occupe \u00e9galement une place particuli\u00e8re dans l'histoire moderne du club apr\u00e8s avoir marqu\u00e9 le but victorieux en finale de la Ligue des Champions 1999.<\/p>\n<p>Alors que les n\u00e9gociations se poursuivent, la situation \u00e9volue rapidement et les prochains jours devraient \u00eatre d\u00e9cisifs. Solskjaer pourrait voir les termes de son accord finalis\u00e9s d'ici vendredi, alors que le projet de retour prend de l'ampleur.<\/p>","protected":false},"excerpt":{"rendered":"<p>Ole Gunnar Solskjaer could be set for a shock return to Manchester United, with the club\u2019s former manager now in [&hellip;]<\/p>\n","protected":false},"author":3,"featured_media":4905,"comment_status":"","ping_status":"open","sticky":false,"template":"","format":"standard","meta":{"googlesitekit_rrm_CAow_uzEDA:productID":"","site-sidebar-layout":"default","site-content-layout":"","ast-site-content-layout":"default","site-content-style":"default","site-sidebar-style":"default","ast-global-header-display":"","ast-banner-title-visibility":"","ast-main-header-display":"","ast-hfb-above-header-display":"","ast-hfb-below-header-display":"","ast-hfb-mobile-header-display":"","site-post-title":"","ast-breadcrumbs-content":"","ast-featured-img":"","footer-sml-layout":"","ast-disable-related-posts":"","theme-transparent-header-meta":"","adv-header-id-meta":"","stick-header-meta":"","header-above-stick-meta":"","header-main-stick-meta":"","header-below-stick-meta":"","astra-migrate-meta-layouts":"default","ast-page-background-enabled":"default","ast-page-background-meta":{"desktop":{"background-color":"var(--ast-global-color-5)","background-image":"","background-repeat":"repeat","background-position":"center center","background-size":"auto","background-attachment":"scroll","background-type":"","background-media":"","overlay-type":"","overlay-color":"","overlay-opacity":"","overlay-gradient":""},"tablet":{"background-color":"","background-image":"","background-repeat":"repeat","background-position":"center center","background-size":"auto","background-attachment":"scroll","background-type":"","background-media":"","overlay-type":"","overlay-color":"","overlay-opacity":"","overlay-gradient":""},"mobile":{"background-color":"","background-image":"","background-repeat":"repeat","background-position":"center center","background-size":"auto","background-attachment":"scroll","background-type":"","background-media":"","overlay-type":"","overlay-color":"","overlay-opacity":"","overlay-gradient":""}},"ast-content-background-meta":{"desktop":{"background-color":"var(--ast-global-color-4)","background-image":"","background-repeat":"repeat","background-position":"center center","background-size":"auto","background-attachment":"scroll","background-type":"","background-media":"","overlay-type":"","overlay-color":"","overlay-opacity":"","overlay-gradient":""},"tablet":{"background-color":"var(--ast-global-color-4)","background-image":"","background-repeat":"repeat","background-position":"center center","background-size":"auto","background-attachment":"scroll","background-type":"","background-media":"","overlay-type":"","overlay-color":"","overlay-opacity":"","overlay-gradient":""},"mobile":{"background-color":"var(--ast-global-color-4)","background-image":"","background-repeat":"repeat","background-position":"center center","background-size":"auto","background-attachment":"scroll","background-type":"","background-media":"","overlay-type":"","overlay-color":"","overlay-opacity":"","overlay-gradient":""}},"footnotes":""},"categories":[20,1],"tags":[],"class_list":["post-4906","post","type-post","status-publish","format-standard","has-post-thumbnail","hentry","category-international","category-football-latest-news"],"yoast_head":"<!-- This site is optimized with the Yoast SEO Premium plugin v26.6 (Yoast SEO v27.5) - https:\/\/yoast.com\/product\/yoast-seo-premium-wordpress\/ -->\n<title>Solskjaer could seal Man Utd return by Friday amid talks - Bladna News<\/title>\n<meta name=\"robots\" content=\"index, follow, max-snippet:-1, max-image-preview:large, max-video-preview:-1\" \/>\n<link rel=\"canonical\" href=\"https:\/\/bladnanews.com\/fr\/solskjaer-pourrait-sceller-son-retour-a-man-utd-dici-vendredi-au-milieu-des-pourparlers\/\" \/>\n<meta property=\"og:locale\" content=\"fr_FR\" \/>\n<meta property=\"og:type\" content=\"article\" \/>\n<meta property=\"og:title\" content=\"Solskjaer could seal Man Utd return by Friday amid talks\" \/>\n<meta property=\"og:description\" content=\"Ole Gunnar Solskjaer could be set for a shock return to Manchester United, with the club\u2019s former manager now in [&hellip;]\" \/>\n<meta property=\"og:url\" content=\"https:\/\/bladnanews.com\/fr\/solskjaer-pourrait-sceller-son-retour-a-man-utd-dici-vendredi-au-milieu-des-pourparlers\/\" \/>\n<meta property=\"og:site_name\" content=\"Bladna News\" \/>\n<meta property=\"article:published_time\" content=\"2026-01-07T09:11:21+00:00\" \/>\n<meta property=\"og:image\" content=\"https:\/\/bladnanews.com\/wp-content\/uploads\/2025\/12\/freepik__bladna-newscom-moroccan-soccer-homepage-banner-mor__41838.png\" \/>\n\t<meta property=\"og:image:width\" content=\"1312\" \/>\n\t<meta property=\"og:image:height\" content=\"736\" \/>\n\t<meta property=\"og:image:type\" content=\"image\/png\" \/>\n<meta name=\"author\" content=\"Bladna News Staff\" \/>\n<meta name=\"twitter:card\" content=\"summary_large_image\" \/>\n<meta name=\"twitter:label1\" content=\"\u00c9crit par\" \/>\n\t<meta name=\"twitter:data1\" content=\"Bladna News Staff\" \/>\n\t<meta name=\"twitter:label2\" content=\"Dur\u00e9e de lecture estim\u00e9e\" \/>\n\t<meta name=\"twitter:data2\" content=\"1 minute\" \/>\n<script type=\"application\/ld+json\" class=\"yoast-schema-graph\">{\"@context\":\"https:\\\/\\\/schema.org\",\"@graph\":[{\"@type\":\"Article\",\"@id\":\"https:\\\/\\\/bladnanews.com\\\/solskjaer-could-seal-man-utd-return-by-friday-amid-talks\\\/#article\",\"isPartOf\":{\"@id\":\"https:\\\/\\\/bladnanews.com\\\/solskjaer-could-seal-man-utd-return-by-friday-amid-talks\\\/\"},\"author\":{\"name\":\"Bladna News Staff\",\"@id\":\"https:\\\/\\\/mediumseagreen-eel-531711.hostingersite.com\\\/#\\\/schema\\\/person\\\/268e18a453ab080ebf76df6ef7845083\"},\"headline\":\"Solskjaer could seal Man Utd return by Friday amid talks\",\"datePublished\":\"2026-01-07T09:11:21+00:00\",\"mainEntityOfPage\":{\"@id\":\"https:\\\/\\\/bladnanews.com\\\/solskjaer-could-seal-man-utd-return-by-friday-amid-talks\\\/\"},\"wordCount\":162,\"publisher\":{\"@id\":\"https:\\\/\\\/mediumseagreen-eel-531711.hostingersite.com\\\/#organization\"},\"image\":{\"@id\":\"https:\\\/\\\/bladnanews.com\\\/solskjaer-could-seal-man-utd-return-by-friday-amid-talks\\\/#primaryimage\"},\"thumbnailUrl\":\"https:\\\/\\\/bladnanews.com\\\/wp-content\\\/uploads\\\/2026\\\/01\\\/BladnaNews-Solskjaer-could-seal-Man-Utd-return-by-Friday-amid-talks-2026-01-07T170928.771Z.jpg\",\"articleSection\":[\"International\",\"Latest News\"],\"inLanguage\":\"fr-FR\",\"copyrightYear\":\"2026\",\"copyrightHolder\":{\"@id\":\"https:\\\/\\\/bladnanews.com\\\/fr\\\/#organization\"}},{\"@type\":\"WebPage\",\"@id\":\"https:\\\/\\\/bladnanews.com\\\/solskjaer-could-seal-man-utd-return-by-friday-amid-talks\\\/\",\"url\":\"https:\\\/\\\/bladnanews.com\\\/solskjaer-could-seal-man-utd-return-by-friday-amid-talks\\\/\",\"name\":\"Solskjaer could seal Man Utd return by Friday amid talks - Bladna News\",\"isPartOf\":{\"@id\":\"https:\\\/\\\/mediumseagreen-eel-531711.hostingersite.com\\\/#website\"},\"primaryImageOfPage\":{\"@id\":\"https:\\\/\\\/bladnanews.com\\\/solskjaer-could-seal-man-utd-return-by-friday-amid-talks\\\/#primaryimage\"},\"image\":{\"@id\":\"https:\\\/\\\/bladnanews.com\\\/solskjaer-could-seal-man-utd-return-by-friday-amid-talks\\\/#primaryimage\"},\"thumbnailUrl\":\"https:\\\/\\\/bladnanews.com\\\/wp-content\\\/uploads\\\/2026\\\/01\\\/BladnaNews-Solskjaer-could-seal-Man-Utd-return-by-Friday-amid-talks-2026-01-07T170928.771Z.jpg\",\"datePublished\":\"2026-01-07T09:11:21+00:00\",\"breadcrumb\":{\"@id\":\"https:\\\/\\\/bladnanews.com\\\/solskjaer-could-seal-man-utd-return-by-friday-amid-talks\\\/#breadcrumb\"},\"inLanguage\":\"fr-FR\",\"potentialAction\":[{\"@type\":\"ReadAction\",\"target\":[\"https:\\\/\\\/bladnanews.com\\\/solskjaer-could-seal-man-utd-return-by-friday-amid-talks\\\/\"]}]},{\"@type\":\"ImageObject\",\"inLanguage\":\"fr-FR\",\"@id\":\"https:\\\/\\\/bladnanews.com\\\/solskjaer-could-seal-man-utd-return-by-friday-amid-talks\\\/#primaryimage\",\"url\":\"https:\\\/\\\/bladnanews.com\\\/wp-content\\\/uploads\\\/2026\\\/01\\\/BladnaNews-Solskjaer-could-seal-Man-Utd-return-by-Friday-amid-talks-2026-01-07T170928.771Z.jpg\",\"contentUrl\":\"https:\\\/\\\/bladnanews.com\\\/wp-content\\\/uploads\\\/2026\\\/01\\\/BladnaNews-Solskjaer-could-seal-Man-Utd-return-by-Friday-amid-talks-2026-01-07T170928.771Z.jpg\",\"width\":1536,\"height\":864,\"caption\":\"Ole Gunnar Solskj\u00e6r applauds fans, dressed in a black jacket with grey hair, showing his appreciation after a match.\"},{\"@type\":\"BreadcrumbList\",\"@id\":\"https:\\\/\\\/bladnanews.com\\\/solskjaer-could-seal-man-utd-return-by-friday-amid-talks\\\/#breadcrumb\",\"itemListElement\":[{\"@type\":\"ListItem\",\"position\":1,\"name\":\"Home\",\"item\":\"https:\\\/\\\/bladnanews.com\\\/\"},{\"@type\":\"ListItem\",\"position\":2,\"name\":\"Solskjaer could seal Man Utd return by Friday amid talks\"}]},{\"@type\":\"WebSite\",\"@id\":\"https:\\\/\\\/mediumseagreen-eel-531711.hostingersite.com\\\/#website\",\"url\":\"https:\\\/\\\/mediumseagreen-eel-531711.hostingersite.com\\\/\",\"name\":\"Bladna News - Morocco\",\"description\":\"Where Moroccan Football Meets the World\",\"publisher\":{\"@id\":\"https:\\\/\\\/mediumseagreen-eel-531711.hostingersite.com\\\/#organization\"},\"potentialAction\":[{\"@type\":\"SearchAction\",\"target\":{\"@type\":\"EntryPoint\",\"urlTemplate\":\"https:\\\/\\\/mediumseagreen-eel-531711.hostingersite.com\\\/?s={search_term_string}\"},\"query-input\":{\"@type\":\"PropertyValueSpecification\",\"valueRequired\":true,\"valueName\":\"search_term_string\"}}],\"inLanguage\":\"fr-FR\"},{\"@type\":\"Organization\",\"@id\":\"https:\\\/\\\/mediumseagreen-eel-531711.hostingersite.com\\\/#organization\",\"name\":\"Bladna News.com\",\"url\":\"https:\\\/\\\/mediumseagreen-eel-531711.hostingersite.com\\\/\",\"logo\":{\"@type\":\"ImageObject\",\"inLanguage\":\"fr-FR\",\"@id\":\"https:\\\/\\\/mediumseagreen-eel-531711.hostingersite.com\\\/#\\\/schema\\\/logo\\\/image\\\/\",\"url\":\"https:\\\/\\\/bladnanews.com\\\/wp-content\\\/uploads\\\/2025\\\/12\\\/logo-bladnanews-V2-web-black-red.png\",\"contentUrl\":\"https:\\\/\\\/bladnanews.com\\\/wp-content\\\/uploads\\\/2025\\\/12\\\/logo-bladnanews-V2-web-black-red.png\",\"width\":703,\"height\":287,\"caption\":\"Bladna News.com\"},\"image\":{\"@id\":\"https:\\\/\\\/mediumseagreen-eel-531711.hostingersite.com\\\/#\\\/schema\\\/logo\\\/image\\\/\"},\"email\":\"info@bladnanews.com\",\"legalName\":\"Bladna News\"},{\"@type\":\"Person\",\"@id\":\"https:\\\/\\\/mediumseagreen-eel-531711.hostingersite.com\\\/#\\\/schema\\\/person\\\/268e18a453ab080ebf76df6ef7845083\",\"name\":\"Bladna News Staff\",\"url\":\"https:\\\/\\\/bladnanews.com\\\/fr\\\/author\\\/bladna-news-staff\\\/\"}]}<\/script>\n<!-- \/ Yoast SEO Premium plugin. -->","yoast_head_json":{"title":"Solskjaer pourrait sceller son retour \u00e0 Manchester United d'ici vendredi lors des pourparlers - Bladna News","robots":{"index":"index","follow":"follow","max-snippet":"max-snippet:-1","max-image-preview":"max-image-preview:large","max-video-preview":"max-video-preview:-1"},"canonical":"https:\/\/bladnanews.com\/fr\/solskjaer-pourrait-sceller-son-retour-a-man-utd-dici-vendredi-au-milieu-des-pourparlers\/","og_locale":"fr_FR","og_type":"article","og_title":"Solskjaer could seal Man Utd return by Friday amid talks","og_description":"Ole Gunnar Solskjaer could be set for a shock return to Manchester United, with the club\u2019s former manager now in [&hellip;]","og_url":"https:\/\/bladnanews.com\/fr\/solskjaer-pourrait-sceller-son-retour-a-man-utd-dici-vendredi-au-milieu-des-pourparlers\/","og_site_name":"Bladna News","article_published_time":"2026-01-07T09:11:21+00:00","og_image":[{"width":1312,"height":736,"url":"https:\/\/bladnanews.com\/wp-content\/uploads\/2025\/12\/freepik__bladna-newscom-moroccan-soccer-homepage-banner-mor__41838.png","type":"image\/png"}],"author":"Bladna News Staff","twitter_card":"summary_large_image","twitter_misc":{"\u00c9crit par":"Bladna News Staff","Dur\u00e9e de lecture estim\u00e9e":"1 minute"},"schema":{"@context":"https:\/\/schema.org","@graph":[{"@type":"Article","@id":"https:\/\/bladnanews.com\/solskjaer-could-seal-man-utd-return-by-friday-amid-talks\/#article","isPartOf":{"@id":"https:\/\/bladnanews.com\/solskjaer-could-seal-man-utd-return-by-friday-amid-talks\/"},"author":{"name":"Bladna News Staff","@id":"https:\/\/mediumseagreen-eel-531711.hostingersite.com\/#\/schema\/person\/268e18a453ab080ebf76df6ef7845083"},"headline":"Solskjaer could seal Man Utd return by Friday amid talks","datePublished":"2026-01-07T09:11:21+00:00","mainEntityOfPage":{"@id":"https:\/\/bladnanews.com\/solskjaer-could-seal-man-utd-return-by-friday-amid-talks\/"},"wordCount":162,"publisher":{"@id":"https:\/\/mediumseagreen-eel-531711.hostingersite.com\/#organization"},"image":{"@id":"https:\/\/bladnanews.com\/solskjaer-could-seal-man-utd-return-by-friday-amid-talks\/#primaryimage"},"thumbnailUrl":"https:\/\/bladnanews.com\/wp-content\/uploads\/2026\/01\/BladnaNews-Solskjaer-could-seal-Man-Utd-return-by-Friday-amid-talks-2026-01-07T170928.771Z.jpg","articleSection":["International","Latest News"],"inLanguage":"fr-FR","copyrightYear":"2026","copyrightHolder":{"@id":"https:\/\/bladnanews.com\/fr\/#organization"}},{"@type":"WebPage","@id":"https:\/\/bladnanews.com\/solskjaer-could-seal-man-utd-return-by-friday-amid-talks\/","url":"https:\/\/bladnanews.com\/solskjaer-could-seal-man-utd-return-by-friday-amid-talks\/","name":"Solskjaer pourrait sceller son retour \u00e0 Manchester United d'ici vendredi lors des pourparlers - Bladna News","isPartOf":{"@id":"https:\/\/mediumseagreen-eel-531711.hostingersite.com\/#website"},"primaryImageOfPage":{"@id":"https:\/\/bladnanews.com\/solskjaer-could-seal-man-utd-return-by-friday-amid-talks\/#primaryimage"},"image":{"@id":"https:\/\/bladnanews.com\/solskjaer-could-seal-man-utd-return-by-friday-amid-talks\/#primaryimage"},"thumbnailUrl":"https:\/\/bladnanews.com\/wp-content\/uploads\/2026\/01\/BladnaNews-Solskjaer-could-seal-Man-Utd-return-by-Friday-amid-talks-2026-01-07T170928.771Z.jpg","datePublished":"2026-01-07T09:11:21+00:00","breadcrumb":{"@id":"https:\/\/bladnanews.com\/solskjaer-could-seal-man-utd-return-by-friday-amid-talks\/#breadcrumb"},"inLanguage":"fr-FR","potentialAction":[{"@type":"ReadAction","target":["https:\/\/bladnanews.com\/solskjaer-could-seal-man-utd-return-by-friday-amid-talks\/"]}]},{"@type":"ImageObject","inLanguage":"fr-FR","@id":"https:\/\/bladnanews.com\/solskjaer-could-seal-man-utd-return-by-friday-amid-talks\/#primaryimage","url":"https:\/\/bladnanews.com\/wp-content\/uploads\/2026\/01\/BladnaNews-Solskjaer-could-seal-Man-Utd-return-by-Friday-amid-talks-2026-01-07T170928.771Z.jpg","contentUrl":"https:\/\/bladnanews.com\/wp-content\/uploads\/2026\/01\/BladnaNews-Solskjaer-could-seal-Man-Utd-return-by-Friday-amid-talks-2026-01-07T170928.771Z.jpg","width":1536,"height":864,"caption":"Ole Gunnar Solskj\u00e6r applauds fans, dressed in a black jacket with grey hair, showing his appreciation after a match."},{"@type":"BreadcrumbList","@id":"https:\/\/bladnanews.com\/solskjaer-could-seal-man-utd-return-by-friday-amid-talks\/#breadcrumb","itemListElement":[{"@type":"ListItem","position":1,"name":"Home","item":"https:\/\/bladnanews.com\/"},{"@type":"ListItem","position":2,"name":"Solskjaer could seal Man Utd return by Friday amid talks"}]},{"@type":"WebSite","@id":"https:\/\/mediumseagreen-eel-531711.hostingersite.com\/#website","url":"https:\/\/mediumseagreen-eel-531711.hostingersite.com\/","name":"Bladna News - Maroc","description":"Quand le football marocain rencontre le monde","publisher":{"@id":"https:\/\/mediumseagreen-eel-531711.hostingersite.com\/#organization"},"potentialAction":[{"@type":"SearchAction","target":{"@type":"EntryPoint","urlTemplate":"https:\/\/mediumseagreen-eel-531711.hostingersite.com\/?s={search_term_string}"},"query-input":{"@type":"PropertyValueSpecification","valueRequired":true,"valueName":"search_term_string"}}],"inLanguage":"fr-FR"},{"@type":"Organization","@id":"https:\/\/mediumseagreen-eel-531711.hostingersite.com\/#organization","name":"Bladna News.com","url":"https:\/\/mediumseagreen-eel-531711.hostingersite.com\/","logo":{"@type":"ImageObject","inLanguage":"fr-FR","@id":"https:\/\/mediumseagreen-eel-531711.hostingersite.com\/#\/schema\/logo\/image\/","url":"https:\/\/bladnanews.com\/wp-content\/uploads\/2025\/12\/logo-bladnanews-V2-web-black-red.png","contentUrl":"https:\/\/bladnanews.com\/wp-content\/uploads\/2025\/12\/logo-bladnanews-V2-web-black-red.png","width":703,"height":287,"caption":"Bladna News.com"},"image":{"@id":"https:\/\/mediumseagreen-eel-531711.hostingersite.com\/#\/schema\/logo\/image\/"},"email":"info@bladnanews.com","legalName":"Bladna News"},{"@type":"Person","@id":"https:\/\/mediumseagreen-eel-531711.hostingersite.com\/#\/schema\/person\/268e18a453ab080ebf76df6ef7845083","name":"\u00c9quipe r\u00e9dactionnelle de Bladna News","url":"https:\/\/bladnanews.com\/fr\/author\/bladna-news-staff\/"}]}},"_links":{"self":[{"href":"https:\/\/bladnanews.com\/fr\/wp-json\/wp\/v2\/posts\/4906","targetHints":{"allow":["GET"]}}],"collection":[{"href":"https:\/\/bladnanews.com\/fr\/wp-json\/wp\/v2\/posts"}],"about":[{"href":"https:\/\/bladnanews.com\/fr\/wp-json\/wp\/v2\/types\/post"}],"author":[{"embeddable":true,"href":"https:\/\/bladnanews.com\/fr\/wp-json\/wp\/v2\/users\/3"}],"replies":[{"embeddable":true,"href":"https:\/\/bladnanews.com\/fr\/wp-json\/wp\/v2\/comments?post=4906"}],"version-history":[{"count":0,"href":"https:\/\/bladnanews.com\/fr\/wp-json\/wp\/v2\/posts\/4906\/revisions"}],"wp:featuredmedia":[{"embeddable":true,"href":"https:\/\/bladnanews.com\/fr\/wp-json\/wp\/v2\/media\/4905"}],"wp:attachment":[{"href":"https:\/\/bladnanews.com\/fr\/wp-json\/wp\/v2\/media?parent=4906"}],"wp:term":[{"taxonomy":"category","embeddable":true,"href":"https:\/\/bladnanews.com\/fr\/wp-json\/wp\/v2\/categories?post=4906"},{"taxonomy":"post_tag","embeddable":true,"href":"https:\/\/bladnanews.com\/fr\/wp-json\/wp\/v2\/tags?post=4906"}],"curies":[{"name":"wp","href":"https:\/\/api.w.org\/{rel}","templated":true}]}}