{"id":4908,"date":"2026-01-07T09:33:06","date_gmt":"2026-01-07T09:33:06","guid":{"rendered":"https:\/\/bladnanews.com\/ruben-amorim-assistant-reacts-after-man-utd-sacking-claims\/"},"modified":"2026-01-07T09:33:06","modified_gmt":"2026-01-07T09:33:06","slug":"lassistant-de-ruben-amorim-reagit-apres-les-affirmations-de-licenciement-de-manchester-united","status":"publish","type":"post","link":"https:\/\/bladnanews.com\/fr\/lassistant-de-ruben-amorim-reagit-apres-les-affirmations-de-licenciement-de-manchester-united\/","title":{"rendered":"L'assistant de Ruben Amorim r\u00e9agit apr\u00e8s les all\u00e9gations de licenciement de Man Utd"},"content":{"rendered":"<p>L'assistant de Ruben Amorim s'est exprim\u00e9 publiquement apr\u00e8s que des all\u00e9gations aient \u00e9merg\u00e9 selon lesquelles il \u201c riait et plaisantait \u201d suite \u00e0 la d\u00e9cision de Manchester United de licencier l'entra\u00eeneur.<\/p>\n<p>Ces commentaires sont intervenus alors que l'examen des circonstances du changement \u00e0 United s'intensifiait, l'attention se tournant vers les proches d'Amorim et les \u00e9v\u00e9nements imm\u00e9diats qui ont suivi.<\/p>\n<p>En abordant la situation, l'assistant d'Amorim a rejet\u00e9 toute id\u00e9e de moquerie et a contest\u00e9 la suggestion selon laquelle il aurait pris la d\u00e9cision \u00e0 la l\u00e9g\u00e8re.<\/p>\n<p>Il a \u00e9galement pr\u00e9cis\u00e9 que la r\u00e9action d\u00e9crite ne refl\u00e9tait pas la r\u00e9alit\u00e9 du moment, insistant sur le fait que toute interpr\u00e9tation sugg\u00e9rant un manque de respect \u00e9tait erron\u00e9e.<\/p>\n<p>La r\u00e9ponse de l'assistant fait suite \u00e0 une vague de discussions sur les r\u00e9seaux sociaux et parmi les supporters apr\u00e8s l'apparition de l'all\u00e9gation de \u201c rires et plaisanteries \u201d, ajoutant une nouvelle dimension \u00e0 une histoire qui n'a cess\u00e9 de prendre de l'ampleur depuis le licenciement d'Amorim par United.<\/p>\n<p>Manchester United n'a pas fourni de d\u00e9tails suppl\u00e9mentaires au-del\u00e0 de la d\u00e9cision elle-m\u00eame, mais la d\u00e9fense de l'assistant a d\u00e9sormais inscrit sa version des faits au dossier alors que le d\u00e9bat se poursuit.<\/p>","protected":false},"excerpt":{"rendered":"<p>Ruben Amorim\u2019s assistant has spoken publicly after claims emerged that he was \u201claughing and joking\u201d following Manchester United\u2019s decision to [&hellip;]<\/p>\n","protected":false},"author":3,"featured_media":4907,"comment_status":"","ping_status":"open","sticky":false,"template":"","format":"standard","meta":{"googlesitekit_rrm_CAow_uzEDA:productID":"","site-sidebar-layout":"default","site-content-layout":"","ast-site-content-layout":"default","site-content-style":"default","site-sidebar-style":"default","ast-global-header-display":"","ast-banner-title-visibility":"","ast-main-header-display":"","ast-hfb-above-header-display":"","ast-hfb-below-header-display":"","ast-hfb-mobile-header-display":"","site-post-title":"","ast-breadcrumbs-content":"","ast-featured-img":"","footer-sml-layout":"","ast-disable-related-posts":"","theme-transparent-header-meta":"","adv-header-id-meta":"","stick-header-meta":"","header-above-stick-meta":"","header-main-stick-meta":"","header-below-stick-meta":"","astra-migrate-meta-layouts":"default","ast-page-background-enabled":"default","ast-page-background-meta":{"desktop":{"background-color":"var(--ast-global-color-5)","background-image":"","background-repeat":"repeat","background-position":"center center","background-size":"auto","background-attachment":"scroll","background-type":"","background-media":"","overlay-type":"","overlay-color":"","overlay-opacity":"","overlay-gradient":""},"tablet":{"background-color":"","background-image":"","background-repeat":"repeat","background-position":"center center","background-size":"auto","background-attachment":"scroll","background-type":"","background-media":"","overlay-type":"","overlay-color":"","overlay-opacity":"","overlay-gradient":""},"mobile":{"background-color":"","background-image":"","background-repeat":"repeat","background-position":"center center","background-size":"auto","background-attachment":"scroll","background-type":"","background-media":"","overlay-type":"","overlay-color":"","overlay-opacity":"","overlay-gradient":""}},"ast-content-background-meta":{"desktop":{"background-color":"var(--ast-global-color-4)","background-image":"","background-repeat":"repeat","background-position":"center center","background-size":"auto","background-attachment":"scroll","background-type":"","background-media":"","overlay-type":"","overlay-color":"","overlay-opacity":"","overlay-gradient":""},"tablet":{"background-color":"var(--ast-global-color-4)","background-image":"","background-repeat":"repeat","background-position":"center center","background-size":"auto","background-attachment":"scroll","background-type":"","background-media":"","overlay-type":"","overlay-color":"","overlay-opacity":"","overlay-gradient":""},"mobile":{"background-color":"var(--ast-global-color-4)","background-image":"","background-repeat":"repeat","background-position":"center center","background-size":"auto","background-attachment":"scroll","background-type":"","background-media":"","overlay-type":"","overlay-color":"","overlay-opacity":"","overlay-gradient":""}},"footnotes":""},"categories":[20,1],"tags":[],"class_list":["post-4908","post","type-post","status-publish","format-standard","has-post-thumbnail","hentry","category-international","category-football-latest-news"],"yoast_head":"<!-- This site is optimized with the Yoast SEO Premium plugin v26.6 (Yoast SEO v27.5) - https:\/\/yoast.com\/product\/yoast-seo-premium-wordpress\/ -->\n<title>Ruben Amorim assistant reacts after Man Utd sacking claims - Bladna News<\/title>\n<meta name=\"robots\" content=\"index, follow, max-snippet:-1, max-image-preview:large, max-video-preview:-1\" \/>\n<link rel=\"canonical\" href=\"https:\/\/bladnanews.com\/fr\/lassistant-de-ruben-amorim-reagit-apres-les-affirmations-de-licenciement-de-manchester-united\/\" \/>\n<meta property=\"og:locale\" content=\"fr_FR\" \/>\n<meta property=\"og:type\" content=\"article\" \/>\n<meta property=\"og:title\" content=\"Ruben Amorim assistant reacts after Man Utd sacking claims\" \/>\n<meta property=\"og:description\" content=\"Ruben Amorim\u2019s assistant has spoken publicly after claims emerged that he was \u201claughing and joking\u201d following Manchester United\u2019s decision to [&hellip;]\" \/>\n<meta property=\"og:url\" content=\"https:\/\/bladnanews.com\/fr\/lassistant-de-ruben-amorim-reagit-apres-les-affirmations-de-licenciement-de-manchester-united\/\" \/>\n<meta property=\"og:site_name\" content=\"Bladna News\" \/>\n<meta property=\"article:published_time\" content=\"2026-01-07T09:33:06+00:00\" \/>\n<meta property=\"og:image\" content=\"https:\/\/bladnanews.com\/wp-content\/uploads\/2025\/12\/freepik__bladna-newscom-moroccan-soccer-homepage-banner-mor__41838.png\" \/>\n\t<meta property=\"og:image:width\" content=\"1312\" \/>\n\t<meta property=\"og:image:height\" content=\"736\" \/>\n\t<meta property=\"og:image:type\" content=\"image\/png\" \/>\n<meta name=\"author\" content=\"Bladna News Staff\" \/>\n<meta name=\"twitter:card\" content=\"summary_large_image\" \/>\n<meta name=\"twitter:label1\" content=\"\u00c9crit par\" \/>\n\t<meta name=\"twitter:data1\" content=\"Bladna News Staff\" \/>\n\t<meta name=\"twitter:label2\" content=\"Dur\u00e9e de lecture estim\u00e9e\" \/>\n\t<meta name=\"twitter:data2\" content=\"1 minute\" \/>\n<script type=\"application\/ld+json\" class=\"yoast-schema-graph\">{\"@context\":\"https:\\\/\\\/schema.org\",\"@graph\":[{\"@type\":\"Article\",\"@id\":\"https:\\\/\\\/bladnanews.com\\\/ruben-amorim-assistant-reacts-after-man-utd-sacking-claims\\\/#article\",\"isPartOf\":{\"@id\":\"https:\\\/\\\/bladnanews.com\\\/ruben-amorim-assistant-reacts-after-man-utd-sacking-claims\\\/\"},\"author\":{\"name\":\"Bladna News Staff\",\"@id\":\"https:\\\/\\\/mediumseagreen-eel-531711.hostingersite.com\\\/#\\\/schema\\\/person\\\/268e18a453ab080ebf76df6ef7845083\"},\"headline\":\"Ruben Amorim assistant reacts after Man Utd sacking claims\",\"datePublished\":\"2026-01-07T09:33:06+00:00\",\"mainEntityOfPage\":{\"@id\":\"https:\\\/\\\/bladnanews.com\\\/ruben-amorim-assistant-reacts-after-man-utd-sacking-claims\\\/\"},\"wordCount\":186,\"publisher\":{\"@id\":\"https:\\\/\\\/mediumseagreen-eel-531711.hostingersite.com\\\/#organization\"},\"image\":{\"@id\":\"https:\\\/\\\/bladnanews.com\\\/ruben-amorim-assistant-reacts-after-man-utd-sacking-claims\\\/#primaryimage\"},\"thumbnailUrl\":\"https:\\\/\\\/bladnanews.com\\\/wp-content\\\/uploads\\\/2026\\\/01\\\/BladnaNews-Ruben-Amorim-assistant-reacts-after-Man-Utd-sacking-claims-2026-01-07T170943.837Z.jpg\",\"articleSection\":[\"International\",\"Latest News\"],\"inLanguage\":\"fr-FR\",\"copyrightYear\":\"2026\",\"copyrightHolder\":{\"@id\":\"https:\\\/\\\/bladnanews.com\\\/fr\\\/#organization\"}},{\"@type\":\"WebPage\",\"@id\":\"https:\\\/\\\/bladnanews.com\\\/ruben-amorim-assistant-reacts-after-man-utd-sacking-claims\\\/\",\"url\":\"https:\\\/\\\/bladnanews.com\\\/ruben-amorim-assistant-reacts-after-man-utd-sacking-claims\\\/\",\"name\":\"Ruben Amorim assistant reacts after Man Utd sacking claims - Bladna News\",\"isPartOf\":{\"@id\":\"https:\\\/\\\/mediumseagreen-eel-531711.hostingersite.com\\\/#website\"},\"primaryImageOfPage\":{\"@id\":\"https:\\\/\\\/bladnanews.com\\\/ruben-amorim-assistant-reacts-after-man-utd-sacking-claims\\\/#primaryimage\"},\"image\":{\"@id\":\"https:\\\/\\\/bladnanews.com\\\/ruben-amorim-assistant-reacts-after-man-utd-sacking-claims\\\/#primaryimage\"},\"thumbnailUrl\":\"https:\\\/\\\/bladnanews.com\\\/wp-content\\\/uploads\\\/2026\\\/01\\\/BladnaNews-Ruben-Amorim-assistant-reacts-after-Man-Utd-sacking-claims-2026-01-07T170943.837Z.jpg\",\"datePublished\":\"2026-01-07T09:33:06+00:00\",\"breadcrumb\":{\"@id\":\"https:\\\/\\\/bladnanews.com\\\/ruben-amorim-assistant-reacts-after-man-utd-sacking-claims\\\/#breadcrumb\"},\"inLanguage\":\"fr-FR\",\"potentialAction\":[{\"@type\":\"ReadAction\",\"target\":[\"https:\\\/\\\/bladnanews.com\\\/ruben-amorim-assistant-reacts-after-man-utd-sacking-claims\\\/\"]}]},{\"@type\":\"ImageObject\",\"inLanguage\":\"fr-FR\",\"@id\":\"https:\\\/\\\/bladnanews.com\\\/ruben-amorim-assistant-reacts-after-man-utd-sacking-claims\\\/#primaryimage\",\"url\":\"https:\\\/\\\/bladnanews.com\\\/wp-content\\\/uploads\\\/2026\\\/01\\\/BladnaNews-Ruben-Amorim-assistant-reacts-after-Man-Utd-sacking-claims-2026-01-07T170943.837Z.jpg\",\"contentUrl\":\"https:\\\/\\\/bladnanews.com\\\/wp-content\\\/uploads\\\/2026\\\/01\\\/BladnaNews-Ruben-Amorim-assistant-reacts-after-Man-Utd-sacking-claims-2026-01-07T170943.837Z.jpg\",\"width\":2560,\"height\":1440,\"caption\":\"Ruben Amorim's assistant, deep in thought, walks alongside a solemn-looking colleague in Manchester United training gear.\"},{\"@type\":\"BreadcrumbList\",\"@id\":\"https:\\\/\\\/bladnanews.com\\\/ruben-amorim-assistant-reacts-after-man-utd-sacking-claims\\\/#breadcrumb\",\"itemListElement\":[{\"@type\":\"ListItem\",\"position\":1,\"name\":\"Home\",\"item\":\"https:\\\/\\\/bladnanews.com\\\/\"},{\"@type\":\"ListItem\",\"position\":2,\"name\":\"Ruben Amorim assistant reacts after Man Utd sacking claims\"}]},{\"@type\":\"WebSite\",\"@id\":\"https:\\\/\\\/mediumseagreen-eel-531711.hostingersite.com\\\/#website\",\"url\":\"https:\\\/\\\/mediumseagreen-eel-531711.hostingersite.com\\\/\",\"name\":\"Bladna News - Morocco\",\"description\":\"Where Moroccan Football Meets the World\",\"publisher\":{\"@id\":\"https:\\\/\\\/mediumseagreen-eel-531711.hostingersite.com\\\/#organization\"},\"potentialAction\":[{\"@type\":\"SearchAction\",\"target\":{\"@type\":\"EntryPoint\",\"urlTemplate\":\"https:\\\/\\\/mediumseagreen-eel-531711.hostingersite.com\\\/?s={search_term_string}\"},\"query-input\":{\"@type\":\"PropertyValueSpecification\",\"valueRequired\":true,\"valueName\":\"search_term_string\"}}],\"inLanguage\":\"fr-FR\"},{\"@type\":\"Organization\",\"@id\":\"https:\\\/\\\/mediumseagreen-eel-531711.hostingersite.com\\\/#organization\",\"name\":\"Bladna News.com\",\"url\":\"https:\\\/\\\/mediumseagreen-eel-531711.hostingersite.com\\\/\",\"logo\":{\"@type\":\"ImageObject\",\"inLanguage\":\"fr-FR\",\"@id\":\"https:\\\/\\\/mediumseagreen-eel-531711.hostingersite.com\\\/#\\\/schema\\\/logo\\\/image\\\/\",\"url\":\"https:\\\/\\\/bladnanews.com\\\/wp-content\\\/uploads\\\/2025\\\/12\\\/logo-bladnanews-V2-web-black-red.png\",\"contentUrl\":\"https:\\\/\\\/bladnanews.com\\\/wp-content\\\/uploads\\\/2025\\\/12\\\/logo-bladnanews-V2-web-black-red.png\",\"width\":703,\"height\":287,\"caption\":\"Bladna News.com\"},\"image\":{\"@id\":\"https:\\\/\\\/mediumseagreen-eel-531711.hostingersite.com\\\/#\\\/schema\\\/logo\\\/image\\\/\"},\"email\":\"info@bladnanews.com\",\"legalName\":\"Bladna News\"},{\"@type\":\"Person\",\"@id\":\"https:\\\/\\\/mediumseagreen-eel-531711.hostingersite.com\\\/#\\\/schema\\\/person\\\/268e18a453ab080ebf76df6ef7845083\",\"name\":\"Bladna News Staff\",\"url\":\"https:\\\/\\\/bladnanews.com\\\/fr\\\/author\\\/bladna-news-staff\\\/\"}]}<\/script>\n<!-- \/ Yoast SEO Premium plugin. -->","yoast_head_json":{"title":"L'assistant de Ruben Amorim r\u00e9agit apr\u00e8s les affirmations de licenciement de Manchester United - Bladna News","robots":{"index":"index","follow":"follow","max-snippet":"max-snippet:-1","max-image-preview":"max-image-preview:large","max-video-preview":"max-video-preview:-1"},"canonical":"https:\/\/bladnanews.com\/fr\/lassistant-de-ruben-amorim-reagit-apres-les-affirmations-de-licenciement-de-manchester-united\/","og_locale":"fr_FR","og_type":"article","og_title":"Ruben Amorim assistant reacts after Man Utd sacking claims","og_description":"Ruben Amorim\u2019s assistant has spoken publicly after claims emerged that he was \u201claughing and joking\u201d following Manchester United\u2019s decision to [&hellip;]","og_url":"https:\/\/bladnanews.com\/fr\/lassistant-de-ruben-amorim-reagit-apres-les-affirmations-de-licenciement-de-manchester-united\/","og_site_name":"Bladna News","article_published_time":"2026-01-07T09:33:06+00:00","og_image":[{"width":1312,"height":736,"url":"https:\/\/bladnanews.com\/wp-content\/uploads\/2025\/12\/freepik__bladna-newscom-moroccan-soccer-homepage-banner-mor__41838.png","type":"image\/png"}],"author":"Bladna News Staff","twitter_card":"summary_large_image","twitter_misc":{"\u00c9crit par":"Bladna News Staff","Dur\u00e9e de lecture estim\u00e9e":"1 minute"},"schema":{"@context":"https:\/\/schema.org","@graph":[{"@type":"Article","@id":"https:\/\/bladnanews.com\/ruben-amorim-assistant-reacts-after-man-utd-sacking-claims\/#article","isPartOf":{"@id":"https:\/\/bladnanews.com\/ruben-amorim-assistant-reacts-after-man-utd-sacking-claims\/"},"author":{"name":"Bladna News Staff","@id":"https:\/\/mediumseagreen-eel-531711.hostingersite.com\/#\/schema\/person\/268e18a453ab080ebf76df6ef7845083"},"headline":"Ruben Amorim assistant reacts after Man Utd sacking claims","datePublished":"2026-01-07T09:33:06+00:00","mainEntityOfPage":{"@id":"https:\/\/bladnanews.com\/ruben-amorim-assistant-reacts-after-man-utd-sacking-claims\/"},"wordCount":186,"publisher":{"@id":"https:\/\/mediumseagreen-eel-531711.hostingersite.com\/#organization"},"image":{"@id":"https:\/\/bladnanews.com\/ruben-amorim-assistant-reacts-after-man-utd-sacking-claims\/#primaryimage"},"thumbnailUrl":"https:\/\/bladnanews.com\/wp-content\/uploads\/2026\/01\/BladnaNews-Ruben-Amorim-assistant-reacts-after-Man-Utd-sacking-claims-2026-01-07T170943.837Z.jpg","articleSection":["International","Latest News"],"inLanguage":"fr-FR","copyrightYear":"2026","copyrightHolder":{"@id":"https:\/\/bladnanews.com\/fr\/#organization"}},{"@type":"WebPage","@id":"https:\/\/bladnanews.com\/ruben-amorim-assistant-reacts-after-man-utd-sacking-claims\/","url":"https:\/\/bladnanews.com\/ruben-amorim-assistant-reacts-after-man-utd-sacking-claims\/","name":"L'assistant de Ruben Amorim r\u00e9agit apr\u00e8s les affirmations de licenciement de Manchester United - Bladna News","isPartOf":{"@id":"https:\/\/mediumseagreen-eel-531711.hostingersite.com\/#website"},"primaryImageOfPage":{"@id":"https:\/\/bladnanews.com\/ruben-amorim-assistant-reacts-after-man-utd-sacking-claims\/#primaryimage"},"image":{"@id":"https:\/\/bladnanews.com\/ruben-amorim-assistant-reacts-after-man-utd-sacking-claims\/#primaryimage"},"thumbnailUrl":"https:\/\/bladnanews.com\/wp-content\/uploads\/2026\/01\/BladnaNews-Ruben-Amorim-assistant-reacts-after-Man-Utd-sacking-claims-2026-01-07T170943.837Z.jpg","datePublished":"2026-01-07T09:33:06+00:00","breadcrumb":{"@id":"https:\/\/bladnanews.com\/ruben-amorim-assistant-reacts-after-man-utd-sacking-claims\/#breadcrumb"},"inLanguage":"fr-FR","potentialAction":[{"@type":"ReadAction","target":["https:\/\/bladnanews.com\/ruben-amorim-assistant-reacts-after-man-utd-sacking-claims\/"]}]},{"@type":"ImageObject","inLanguage":"fr-FR","@id":"https:\/\/bladnanews.com\/ruben-amorim-assistant-reacts-after-man-utd-sacking-claims\/#primaryimage","url":"https:\/\/bladnanews.com\/wp-content\/uploads\/2026\/01\/BladnaNews-Ruben-Amorim-assistant-reacts-after-Man-Utd-sacking-claims-2026-01-07T170943.837Z.jpg","contentUrl":"https:\/\/bladnanews.com\/wp-content\/uploads\/2026\/01\/BladnaNews-Ruben-Amorim-assistant-reacts-after-Man-Utd-sacking-claims-2026-01-07T170943.837Z.jpg","width":2560,"height":1440,"caption":"Ruben Amorim's assistant, deep in thought, walks alongside a solemn-looking colleague in Manchester United training gear."},{"@type":"BreadcrumbList","@id":"https:\/\/bladnanews.com\/ruben-amorim-assistant-reacts-after-man-utd-sacking-claims\/#breadcrumb","itemListElement":[{"@type":"ListItem","position":1,"name":"Home","item":"https:\/\/bladnanews.com\/"},{"@type":"ListItem","position":2,"name":"Ruben Amorim assistant reacts after Man Utd sacking claims"}]},{"@type":"WebSite","@id":"https:\/\/mediumseagreen-eel-531711.hostingersite.com\/#website","url":"https:\/\/mediumseagreen-eel-531711.hostingersite.com\/","name":"Bladna News - Maroc","description":"Quand le football marocain rencontre le monde","publisher":{"@id":"https:\/\/mediumseagreen-eel-531711.hostingersite.com\/#organization"},"potentialAction":[{"@type":"SearchAction","target":{"@type":"EntryPoint","urlTemplate":"https:\/\/mediumseagreen-eel-531711.hostingersite.com\/?s={search_term_string}"},"query-input":{"@type":"PropertyValueSpecification","valueRequired":true,"valueName":"search_term_string"}}],"inLanguage":"fr-FR"},{"@type":"Organization","@id":"https:\/\/mediumseagreen-eel-531711.hostingersite.com\/#organization","name":"Bladna News.com","url":"https:\/\/mediumseagreen-eel-531711.hostingersite.com\/","logo":{"@type":"ImageObject","inLanguage":"fr-FR","@id":"https:\/\/mediumseagreen-eel-531711.hostingersite.com\/#\/schema\/logo\/image\/","url":"https:\/\/bladnanews.com\/wp-content\/uploads\/2025\/12\/logo-bladnanews-V2-web-black-red.png","contentUrl":"https:\/\/bladnanews.com\/wp-content\/uploads\/2025\/12\/logo-bladnanews-V2-web-black-red.png","width":703,"height":287,"caption":"Bladna News.com"},"image":{"@id":"https:\/\/mediumseagreen-eel-531711.hostingersite.com\/#\/schema\/logo\/image\/"},"email":"info@bladnanews.com","legalName":"Bladna News"},{"@type":"Person","@id":"https:\/\/mediumseagreen-eel-531711.hostingersite.com\/#\/schema\/person\/268e18a453ab080ebf76df6ef7845083","name":"\u00c9quipe r\u00e9dactionnelle de Bladna News","url":"https:\/\/bladnanews.com\/fr\/author\/bladna-news-staff\/"}]}},"_links":{"self":[{"href":"https:\/\/bladnanews.com\/fr\/wp-json\/wp\/v2\/posts\/4908","targetHints":{"allow":["GET"]}}],"collection":[{"href":"https:\/\/bladnanews.com\/fr\/wp-json\/wp\/v2\/posts"}],"about":[{"href":"https:\/\/bladnanews.com\/fr\/wp-json\/wp\/v2\/types\/post"}],"author":[{"embeddable":true,"href":"https:\/\/bladnanews.com\/fr\/wp-json\/wp\/v2\/users\/3"}],"replies":[{"embeddable":true,"href":"https:\/\/bladnanews.com\/fr\/wp-json\/wp\/v2\/comments?post=4908"}],"version-history":[{"count":0,"href":"https:\/\/bladnanews.com\/fr\/wp-json\/wp\/v2\/posts\/4908\/revisions"}],"wp:featuredmedia":[{"embeddable":true,"href":"https:\/\/bladnanews.com\/fr\/wp-json\/wp\/v2\/media\/4907"}],"wp:attachment":[{"href":"https:\/\/bladnanews.com\/fr\/wp-json\/wp\/v2\/media?parent=4908"}],"wp:term":[{"taxonomy":"category","embeddable":true,"href":"https:\/\/bladnanews.com\/fr\/wp-json\/wp\/v2\/categories?post=4908"},{"taxonomy":"post_tag","embeddable":true,"href":"https:\/\/bladnanews.com\/fr\/wp-json\/wp\/v2\/tags?post=4908"}],"curies":[{"name":"wp","href":"https:\/\/api.w.org\/{rel}","templated":true}]}}