{"id":4917,"date":"2026-01-07T10:05:00","date_gmt":"2026-01-07T10:05:00","guid":{"rendered":"https:\/\/bladnanews.com\/osimhen-and-lookman-dispute-sparks-nigeria-withdrawal-talk\/"},"modified":"2026-01-07T10:05:00","modified_gmt":"2026-01-07T10:05:00","slug":"la-dispute-entre-osimhen-et-lookman-suscite-des-discussions-sur-un-retrait-du-nigeria","status":"publish","type":"post","link":"https:\/\/bladnanews.com\/fr\/la-dispute-entre-osimhen-et-lookman-suscite-des-discussions-sur-un-retrait-du-nigeria\/","title":{"rendered":"La dispute entre Osimhen et Lookman suscite des rumeurs de retrait du Nigeria"},"content":{"rendered":"<p>Le camp nig\u00e9rian \u00e0 la Coupe d'Afrique des Nations a \u00e9t\u00e9 secou\u00e9 par un diff\u00e9rend tendu impliquant Victor Osimhen et Ademola Lookman, une situation qui a rapidement aliment\u00e9 les rumeurs d'un possible retrait du tournoi.<\/p>\n<p>Les rapports autour de l'\u00e9quipe ont confirm\u00e9 que le probl\u00e8me a commenc\u00e9 apr\u00e8s un d\u00e9saccord entre les deux joueurs au sein du camp, avant de se transformer en un probl\u00e8me plus large n\u00e9cessitant une intervention pour \u00e9viter son escalade.<\/p>\n<p>La v\u00e9rit\u00e9 derri\u00e8re cette histoire, telle qu'elle a \u00e9t\u00e9 r\u00e9v\u00e9l\u00e9e, est que la dispute \u00e9tait li\u00e9e \u00e0 des r\u00e9actions suite \u00e0 un match, les \u00e9motions \u00e9tant vives et des mots ayant \u00e9t\u00e9 \u00e9chang\u00e9s entre Osimhen et Lookman. La situation a ensuite \u00e9t\u00e9 d\u00e9crite par certains comme une crise suffisamment grave pour pousser les \u201c Super Eagles \u201d vers des mesures drastiques.<\/p>\n<p>Cependant, la r\u00e9alit\u00e9 est que le Nigeria n'a jamais pris de d\u00e9cision officielle de se retirer de la Coupe d'Afrique des Nations. Aucune d\u00e9claration formelle de la F\u00e9d\u00e9ration nig\u00e9riane de football n'a confirm\u00e9 une telle d\u00e9marche, malgr\u00e9 la propagation largement r\u00e9pandue de ces rumeurs.<\/p>\n<p>Au sein du camp, la priorit\u00e9 est devenue d'apaiser les tensions et de maintenir la concentration sur la campagne de l'\u00e9quipe \u00e0 la CAN. Le message des proches de la situation \u00e9tait clair : la controverse a \u00e9t\u00e9 exag\u00e9r\u00e9e, et l'id\u00e9e d'un d\u00e9part du Nigeria du tournoi ne refl\u00e9tait aucun plan confirm\u00e9.<\/p>\n<p>L'incident a n\u00e9anmoins mis en lumi\u00e8re la pression au sein de l'effectif nig\u00e9rian alors qu'il poursuit son objectif \u00e0 la Coupe d'Afrique des Nations, Osimhen et Lookman \u00e9tant au centre de l'attention apr\u00e8s la dispute.<\/p>","protected":false},"excerpt":{"rendered":"<p>The Nigeria camp at the Africa Cup of Nations has been hit by a tense dispute involving Victor Osimhen and [&hellip;]<\/p>\n","protected":false},"author":4,"featured_media":4916,"comment_status":"","ping_status":"open","sticky":false,"template":"","format":"standard","meta":{"googlesitekit_rrm_CAow_uzEDA:productID":"","site-sidebar-layout":"default","site-content-layout":"","ast-site-content-layout":"default","site-content-style":"default","site-sidebar-style":"default","ast-global-header-display":"","ast-banner-title-visibility":"","ast-main-header-display":"","ast-hfb-above-header-display":"","ast-hfb-below-header-display":"","ast-hfb-mobile-header-display":"","site-post-title":"","ast-breadcrumbs-content":"","ast-featured-img":"","footer-sml-layout":"","ast-disable-related-posts":"","theme-transparent-header-meta":"","adv-header-id-meta":"","stick-header-meta":"","header-above-stick-meta":"","header-main-stick-meta":"","header-below-stick-meta":"","astra-migrate-meta-layouts":"default","ast-page-background-enabled":"default","ast-page-background-meta":{"desktop":{"background-color":"var(--ast-global-color-5)","background-image":"","background-repeat":"repeat","background-position":"center center","background-size":"auto","background-attachment":"scroll","background-type":"","background-media":"","overlay-type":"","overlay-color":"","overlay-opacity":"","overlay-gradient":""},"tablet":{"background-color":"","background-image":"","background-repeat":"repeat","background-position":"center center","background-size":"auto","background-attachment":"scroll","background-type":"","background-media":"","overlay-type":"","overlay-color":"","overlay-opacity":"","overlay-gradient":""},"mobile":{"background-color":"","background-image":"","background-repeat":"repeat","background-position":"center center","background-size":"auto","background-attachment":"scroll","background-type":"","background-media":"","overlay-type":"","overlay-color":"","overlay-opacity":"","overlay-gradient":""}},"ast-content-background-meta":{"desktop":{"background-color":"var(--ast-global-color-4)","background-image":"","background-repeat":"repeat","background-position":"center center","background-size":"auto","background-attachment":"scroll","background-type":"","background-media":"","overlay-type":"","overlay-color":"","overlay-opacity":"","overlay-gradient":""},"tablet":{"background-color":"var(--ast-global-color-4)","background-image":"","background-repeat":"repeat","background-position":"center center","background-size":"auto","background-attachment":"scroll","background-type":"","background-media":"","overlay-type":"","overlay-color":"","overlay-opacity":"","overlay-gradient":""},"mobile":{"background-color":"var(--ast-global-color-4)","background-image":"","background-repeat":"repeat","background-position":"center center","background-size":"auto","background-attachment":"scroll","background-type":"","background-media":"","overlay-type":"","overlay-color":"","overlay-opacity":"","overlay-gradient":""}},"footnotes":""},"categories":[1,168],"tags":[],"class_list":["post-4917","post","type-post","status-publish","format-standard","has-post-thumbnail","hentry","category-football-latest-news","category-morocco-national-team"],"yoast_head":"<!-- This site is optimized with the Yoast SEO Premium plugin v26.6 (Yoast SEO v27.4) - https:\/\/yoast.com\/product\/yoast-seo-premium-wordpress\/ -->\n<title>Osimhen and Lookman dispute sparks Nigeria withdrawal talk - Bladna News<\/title>\n<meta name=\"robots\" content=\"index, follow, max-snippet:-1, max-image-preview:large, max-video-preview:-1\" \/>\n<link rel=\"canonical\" href=\"https:\/\/bladnanews.com\/fr\/la-dispute-entre-osimhen-et-lookman-suscite-des-discussions-sur-un-retrait-du-nigeria\/\" \/>\n<meta property=\"og:locale\" content=\"fr_FR\" \/>\n<meta property=\"og:type\" content=\"article\" \/>\n<meta property=\"og:title\" content=\"Osimhen and Lookman dispute sparks Nigeria withdrawal talk\" \/>\n<meta property=\"og:description\" content=\"The Nigeria camp at the Africa Cup of Nations has been hit by a tense dispute involving Victor Osimhen and [&hellip;]\" \/>\n<meta property=\"og:url\" content=\"https:\/\/bladnanews.com\/fr\/la-dispute-entre-osimhen-et-lookman-suscite-des-discussions-sur-un-retrait-du-nigeria\/\" \/>\n<meta property=\"og:site_name\" content=\"Bladna News\" \/>\n<meta property=\"article:published_time\" content=\"2026-01-07T10:05:00+00:00\" \/>\n<meta property=\"og:image\" content=\"https:\/\/bladnanews.com\/wp-content\/uploads\/2025\/12\/freepik__bladna-newscom-moroccan-soccer-homepage-banner-mor__41838.png\" \/>\n\t<meta property=\"og:image:width\" content=\"1312\" \/>\n\t<meta property=\"og:image:height\" content=\"736\" \/>\n\t<meta property=\"og:image:type\" content=\"image\/png\" \/>\n<meta name=\"author\" content=\"Bladna Sports Desk\" \/>\n<meta name=\"twitter:card\" content=\"summary_large_image\" \/>\n<meta name=\"twitter:label1\" content=\"\u00c9crit par\" \/>\n\t<meta name=\"twitter:data1\" content=\"Bladna Sports Desk\" \/>\n\t<meta name=\"twitter:label2\" content=\"Dur\u00e9e de lecture estim\u00e9e\" \/>\n\t<meta name=\"twitter:data2\" content=\"1 minute\" \/>\n<script type=\"application\/ld+json\" class=\"yoast-schema-graph\">{\"@context\":\"https:\\\/\\\/schema.org\",\"@graph\":[{\"@type\":\"Article\",\"@id\":\"https:\\\/\\\/bladnanews.com\\\/osimhen-and-lookman-dispute-sparks-nigeria-withdrawal-talk\\\/#article\",\"isPartOf\":{\"@id\":\"https:\\\/\\\/bladnanews.com\\\/osimhen-and-lookman-dispute-sparks-nigeria-withdrawal-talk\\\/\"},\"author\":{\"name\":\"Bladna Sports Desk\",\"@id\":\"https:\\\/\\\/mediumseagreen-eel-531711.hostingersite.com\\\/#\\\/schema\\\/person\\\/6712b38fabe810f7eb8d15ed30d90f1e\"},\"headline\":\"Osimhen and Lookman dispute sparks Nigeria withdrawal talk\",\"datePublished\":\"2026-01-07T10:05:00+00:00\",\"mainEntityOfPage\":{\"@id\":\"https:\\\/\\\/bladnanews.com\\\/osimhen-and-lookman-dispute-sparks-nigeria-withdrawal-talk\\\/\"},\"wordCount\":246,\"publisher\":{\"@id\":\"https:\\\/\\\/mediumseagreen-eel-531711.hostingersite.com\\\/#organization\"},\"image\":{\"@id\":\"https:\\\/\\\/bladnanews.com\\\/osimhen-and-lookman-dispute-sparks-nigeria-withdrawal-talk\\\/#primaryimage\"},\"thumbnailUrl\":\"https:\\\/\\\/bladnanews.com\\\/wp-content\\\/uploads\\\/2026\\\/01\\\/ousiminloukman_1767780444.webp\",\"articleSection\":[\"Latest News\",\"Morocco National Team\"],\"inLanguage\":\"fr-FR\",\"copyrightYear\":\"2026\",\"copyrightHolder\":{\"@id\":\"https:\\\/\\\/bladnanews.com\\\/fr\\\/#organization\"}},{\"@type\":\"WebPage\",\"@id\":\"https:\\\/\\\/bladnanews.com\\\/osimhen-and-lookman-dispute-sparks-nigeria-withdrawal-talk\\\/\",\"url\":\"https:\\\/\\\/bladnanews.com\\\/osimhen-and-lookman-dispute-sparks-nigeria-withdrawal-talk\\\/\",\"name\":\"Osimhen and Lookman dispute sparks Nigeria withdrawal talk - Bladna News\",\"isPartOf\":{\"@id\":\"https:\\\/\\\/mediumseagreen-eel-531711.hostingersite.com\\\/#website\"},\"primaryImageOfPage\":{\"@id\":\"https:\\\/\\\/bladnanews.com\\\/osimhen-and-lookman-dispute-sparks-nigeria-withdrawal-talk\\\/#primaryimage\"},\"image\":{\"@id\":\"https:\\\/\\\/bladnanews.com\\\/osimhen-and-lookman-dispute-sparks-nigeria-withdrawal-talk\\\/#primaryimage\"},\"thumbnailUrl\":\"https:\\\/\\\/bladnanews.com\\\/wp-content\\\/uploads\\\/2026\\\/01\\\/ousiminloukman_1767780444.webp\",\"datePublished\":\"2026-01-07T10:05:00+00:00\",\"breadcrumb\":{\"@id\":\"https:\\\/\\\/bladnanews.com\\\/osimhen-and-lookman-dispute-sparks-nigeria-withdrawal-talk\\\/#breadcrumb\"},\"inLanguage\":\"fr-FR\",\"potentialAction\":[{\"@type\":\"ReadAction\",\"target\":[\"https:\\\/\\\/bladnanews.com\\\/osimhen-and-lookman-dispute-sparks-nigeria-withdrawal-talk\\\/\"]}]},{\"@type\":\"ImageObject\",\"inLanguage\":\"fr-FR\",\"@id\":\"https:\\\/\\\/bladnanews.com\\\/osimhen-and-lookman-dispute-sparks-nigeria-withdrawal-talk\\\/#primaryimage\",\"url\":\"https:\\\/\\\/bladnanews.com\\\/wp-content\\\/uploads\\\/2026\\\/01\\\/ousiminloukman_1767780444.webp\",\"contentUrl\":\"https:\\\/\\\/bladnanews.com\\\/wp-content\\\/uploads\\\/2026\\\/01\\\/ousiminloukman_1767780444.webp\",\"width\":860,\"height\":483,\"caption\":\"Ousim Loukman celebrates with a teammate after scoring during a match, both wearing Nigeria's vibrant green kit against a cheering crowd.\"},{\"@type\":\"BreadcrumbList\",\"@id\":\"https:\\\/\\\/bladnanews.com\\\/osimhen-and-lookman-dispute-sparks-nigeria-withdrawal-talk\\\/#breadcrumb\",\"itemListElement\":[{\"@type\":\"ListItem\",\"position\":1,\"name\":\"Home\",\"item\":\"https:\\\/\\\/bladnanews.com\\\/\"},{\"@type\":\"ListItem\",\"position\":2,\"name\":\"Osimhen and Lookman dispute sparks Nigeria withdrawal talk\"}]},{\"@type\":\"WebSite\",\"@id\":\"https:\\\/\\\/mediumseagreen-eel-531711.hostingersite.com\\\/#website\",\"url\":\"https:\\\/\\\/mediumseagreen-eel-531711.hostingersite.com\\\/\",\"name\":\"Bladna News - Morocco\",\"description\":\"Where Moroccan Football Meets the World\",\"publisher\":{\"@id\":\"https:\\\/\\\/mediumseagreen-eel-531711.hostingersite.com\\\/#organization\"},\"potentialAction\":[{\"@type\":\"SearchAction\",\"target\":{\"@type\":\"EntryPoint\",\"urlTemplate\":\"https:\\\/\\\/mediumseagreen-eel-531711.hostingersite.com\\\/?s={search_term_string}\"},\"query-input\":{\"@type\":\"PropertyValueSpecification\",\"valueRequired\":true,\"valueName\":\"search_term_string\"}}],\"inLanguage\":\"fr-FR\"},{\"@type\":\"Organization\",\"@id\":\"https:\\\/\\\/mediumseagreen-eel-531711.hostingersite.com\\\/#organization\",\"name\":\"Bladna News.com\",\"url\":\"https:\\\/\\\/mediumseagreen-eel-531711.hostingersite.com\\\/\",\"logo\":{\"@type\":\"ImageObject\",\"inLanguage\":\"fr-FR\",\"@id\":\"https:\\\/\\\/mediumseagreen-eel-531711.hostingersite.com\\\/#\\\/schema\\\/logo\\\/image\\\/\",\"url\":\"https:\\\/\\\/bladnanews.com\\\/wp-content\\\/uploads\\\/2025\\\/12\\\/logo-bladnanews-V2-web-black-red.png\",\"contentUrl\":\"https:\\\/\\\/bladnanews.com\\\/wp-content\\\/uploads\\\/2025\\\/12\\\/logo-bladnanews-V2-web-black-red.png\",\"width\":703,\"height\":287,\"caption\":\"Bladna News.com\"},\"image\":{\"@id\":\"https:\\\/\\\/mediumseagreen-eel-531711.hostingersite.com\\\/#\\\/schema\\\/logo\\\/image\\\/\"},\"email\":\"info@bladnanews.com\",\"legalName\":\"Bladna News\"},{\"@type\":\"Person\",\"@id\":\"https:\\\/\\\/mediumseagreen-eel-531711.hostingersite.com\\\/#\\\/schema\\\/person\\\/6712b38fabe810f7eb8d15ed30d90f1e\",\"name\":\"Bladna Sports Desk\",\"url\":\"https:\\\/\\\/bladnanews.com\\\/fr\\\/author\\\/bladna-sports-desk\\\/\"}]}<\/script>\n<!-- \/ Yoast SEO Premium plugin. -->","yoast_head_json":{"title":"Osimhen et Lookman : un diff\u00e9rend suscite des rumeurs de retrait du Nigeria - Bladna News","robots":{"index":"index","follow":"follow","max-snippet":"max-snippet:-1","max-image-preview":"max-image-preview:large","max-video-preview":"max-video-preview:-1"},"canonical":"https:\/\/bladnanews.com\/fr\/la-dispute-entre-osimhen-et-lookman-suscite-des-discussions-sur-un-retrait-du-nigeria\/","og_locale":"fr_FR","og_type":"article","og_title":"Osimhen and Lookman dispute sparks Nigeria withdrawal talk","og_description":"The Nigeria camp at the Africa Cup of Nations has been hit by a tense dispute involving Victor Osimhen and [&hellip;]","og_url":"https:\/\/bladnanews.com\/fr\/la-dispute-entre-osimhen-et-lookman-suscite-des-discussions-sur-un-retrait-du-nigeria\/","og_site_name":"Bladna News","article_published_time":"2026-01-07T10:05:00+00:00","og_image":[{"width":1312,"height":736,"url":"https:\/\/bladnanews.com\/wp-content\/uploads\/2025\/12\/freepik__bladna-newscom-moroccan-soccer-homepage-banner-mor__41838.png","type":"image\/png"}],"author":"Bladna Sports Desk","twitter_card":"summary_large_image","twitter_misc":{"\u00c9crit par":"Bladna Sports Desk","Dur\u00e9e de lecture estim\u00e9e":"1 minute"},"schema":{"@context":"https:\/\/schema.org","@graph":[{"@type":"Article","@id":"https:\/\/bladnanews.com\/osimhen-and-lookman-dispute-sparks-nigeria-withdrawal-talk\/#article","isPartOf":{"@id":"https:\/\/bladnanews.com\/osimhen-and-lookman-dispute-sparks-nigeria-withdrawal-talk\/"},"author":{"name":"Bladna Sports Desk","@id":"https:\/\/mediumseagreen-eel-531711.hostingersite.com\/#\/schema\/person\/6712b38fabe810f7eb8d15ed30d90f1e"},"headline":"Osimhen and Lookman dispute sparks Nigeria withdrawal talk","datePublished":"2026-01-07T10:05:00+00:00","mainEntityOfPage":{"@id":"https:\/\/bladnanews.com\/osimhen-and-lookman-dispute-sparks-nigeria-withdrawal-talk\/"},"wordCount":246,"publisher":{"@id":"https:\/\/mediumseagreen-eel-531711.hostingersite.com\/#organization"},"image":{"@id":"https:\/\/bladnanews.com\/osimhen-and-lookman-dispute-sparks-nigeria-withdrawal-talk\/#primaryimage"},"thumbnailUrl":"https:\/\/bladnanews.com\/wp-content\/uploads\/2026\/01\/ousiminloukman_1767780444.webp","articleSection":["Latest News","Morocco National Team"],"inLanguage":"fr-FR","copyrightYear":"2026","copyrightHolder":{"@id":"https:\/\/bladnanews.com\/fr\/#organization"}},{"@type":"WebPage","@id":"https:\/\/bladnanews.com\/osimhen-and-lookman-dispute-sparks-nigeria-withdrawal-talk\/","url":"https:\/\/bladnanews.com\/osimhen-and-lookman-dispute-sparks-nigeria-withdrawal-talk\/","name":"Osimhen et Lookman : un diff\u00e9rend suscite des rumeurs de retrait du Nigeria - Bladna News","isPartOf":{"@id":"https:\/\/mediumseagreen-eel-531711.hostingersite.com\/#website"},"primaryImageOfPage":{"@id":"https:\/\/bladnanews.com\/osimhen-and-lookman-dispute-sparks-nigeria-withdrawal-talk\/#primaryimage"},"image":{"@id":"https:\/\/bladnanews.com\/osimhen-and-lookman-dispute-sparks-nigeria-withdrawal-talk\/#primaryimage"},"thumbnailUrl":"https:\/\/bladnanews.com\/wp-content\/uploads\/2026\/01\/ousiminloukman_1767780444.webp","datePublished":"2026-01-07T10:05:00+00:00","breadcrumb":{"@id":"https:\/\/bladnanews.com\/osimhen-and-lookman-dispute-sparks-nigeria-withdrawal-talk\/#breadcrumb"},"inLanguage":"fr-FR","potentialAction":[{"@type":"ReadAction","target":["https:\/\/bladnanews.com\/osimhen-and-lookman-dispute-sparks-nigeria-withdrawal-talk\/"]}]},{"@type":"ImageObject","inLanguage":"fr-FR","@id":"https:\/\/bladnanews.com\/osimhen-and-lookman-dispute-sparks-nigeria-withdrawal-talk\/#primaryimage","url":"https:\/\/bladnanews.com\/wp-content\/uploads\/2026\/01\/ousiminloukman_1767780444.webp","contentUrl":"https:\/\/bladnanews.com\/wp-content\/uploads\/2026\/01\/ousiminloukman_1767780444.webp","width":860,"height":483,"caption":"Ousim Loukman celebrates with a teammate after scoring during a match, both wearing Nigeria's vibrant green kit against a cheering crowd."},{"@type":"BreadcrumbList","@id":"https:\/\/bladnanews.com\/osimhen-and-lookman-dispute-sparks-nigeria-withdrawal-talk\/#breadcrumb","itemListElement":[{"@type":"ListItem","position":1,"name":"Home","item":"https:\/\/bladnanews.com\/"},{"@type":"ListItem","position":2,"name":"Osimhen and Lookman dispute sparks Nigeria withdrawal talk"}]},{"@type":"WebSite","@id":"https:\/\/mediumseagreen-eel-531711.hostingersite.com\/#website","url":"https:\/\/mediumseagreen-eel-531711.hostingersite.com\/","name":"Bladna News - Maroc","description":"Quand le football marocain rencontre le monde","publisher":{"@id":"https:\/\/mediumseagreen-eel-531711.hostingersite.com\/#organization"},"potentialAction":[{"@type":"SearchAction","target":{"@type":"EntryPoint","urlTemplate":"https:\/\/mediumseagreen-eel-531711.hostingersite.com\/?s={search_term_string}"},"query-input":{"@type":"PropertyValueSpecification","valueRequired":true,"valueName":"search_term_string"}}],"inLanguage":"fr-FR"},{"@type":"Organization","@id":"https:\/\/mediumseagreen-eel-531711.hostingersite.com\/#organization","name":"Bladna News.com","url":"https:\/\/mediumseagreen-eel-531711.hostingersite.com\/","logo":{"@type":"ImageObject","inLanguage":"fr-FR","@id":"https:\/\/mediumseagreen-eel-531711.hostingersite.com\/#\/schema\/logo\/image\/","url":"https:\/\/bladnanews.com\/wp-content\/uploads\/2025\/12\/logo-bladnanews-V2-web-black-red.png","contentUrl":"https:\/\/bladnanews.com\/wp-content\/uploads\/2025\/12\/logo-bladnanews-V2-web-black-red.png","width":703,"height":287,"caption":"Bladna News.com"},"image":{"@id":"https:\/\/mediumseagreen-eel-531711.hostingersite.com\/#\/schema\/logo\/image\/"},"email":"info@bladnanews.com","legalName":"Bladna News"},{"@type":"Person","@id":"https:\/\/mediumseagreen-eel-531711.hostingersite.com\/#\/schema\/person\/6712b38fabe810f7eb8d15ed30d90f1e","name":"Bladna Sports Desk","url":"https:\/\/bladnanews.com\/fr\/author\/bladna-sports-desk\/"}]}},"_links":{"self":[{"href":"https:\/\/bladnanews.com\/fr\/wp-json\/wp\/v2\/posts\/4917","targetHints":{"allow":["GET"]}}],"collection":[{"href":"https:\/\/bladnanews.com\/fr\/wp-json\/wp\/v2\/posts"}],"about":[{"href":"https:\/\/bladnanews.com\/fr\/wp-json\/wp\/v2\/types\/post"}],"author":[{"embeddable":true,"href":"https:\/\/bladnanews.com\/fr\/wp-json\/wp\/v2\/users\/4"}],"replies":[{"embeddable":true,"href":"https:\/\/bladnanews.com\/fr\/wp-json\/wp\/v2\/comments?post=4917"}],"version-history":[{"count":0,"href":"https:\/\/bladnanews.com\/fr\/wp-json\/wp\/v2\/posts\/4917\/revisions"}],"wp:featuredmedia":[{"embeddable":true,"href":"https:\/\/bladnanews.com\/fr\/wp-json\/wp\/v2\/media\/4916"}],"wp:attachment":[{"href":"https:\/\/bladnanews.com\/fr\/wp-json\/wp\/v2\/media?parent=4917"}],"wp:term":[{"taxonomy":"category","embeddable":true,"href":"https:\/\/bladnanews.com\/fr\/wp-json\/wp\/v2\/categories?post=4917"},{"taxonomy":"post_tag","embeddable":true,"href":"https:\/\/bladnanews.com\/fr\/wp-json\/wp\/v2\/tags?post=4917"}],"curies":[{"name":"wp","href":"https:\/\/api.w.org\/{rel}","templated":true}]}}