{"id":4919,"date":"2026-01-07T10:48:00","date_gmt":"2026-01-07T10:48:00","guid":{"rendered":"https:\/\/bladnanews.com\/cheickito-denies-claims-after-being-linked-to-ben-ganna-scandal\/"},"modified":"2026-01-07T10:48:00","modified_gmt":"2026-01-07T10:48:00","slug":"cheickito-nie-les-allegations-apres-avoir-ete-lie-au-scandale-ben-ganna","status":"publish","type":"post","link":"https:\/\/bladnanews.com\/fr\/cheickito-nie-les-allegations-apres-avoir-ete-lie-au-scandale-ben-ganna\/","title":{"rendered":"Cheickito nie les all\u00e9gations apr\u00e8s avoir \u00e9t\u00e9 li\u00e9 au scandale Ben Ganna"},"content":{"rendered":"<p>Le fan congolais et personnalit\u00e9 en ligne \u201cCheickito\u201d a ni\u00e9 les all\u00e9gations circulant \u00e0 son sujet apr\u00e8s que son nom a \u00e9t\u00e9 li\u00e9 \u00e0 un pr\u00e9tendu scandale moral impliquant le commentateur alg\u00e9rien Hafid Ben Ganna.<\/p>\n<p>L'histoire s'est largement r\u00e9pandue sur les r\u00e9seaux sociaux ces derniers jours, avec des publications et des messages tentant de relier \u201cCheickito\u201d \u00e0 la controverse et de l'attirer au centre du d\u00e9bat.<\/p>\n<p>En r\u00e9ponse, \u201cCheickito\u201d a rejet\u00e9 les all\u00e9gations dirig\u00e9es contre lui, insistant sur le fait que ce qui est partag\u00e9 est faux et qu'il n'a aucun lien avec l'affaire.<\/p>\n<p>Le d\u00e9ni est intervenu alors que la discussion en ligne continuait de cro\u00eetre, de nombreux utilisateurs partageant des captures d'\u00e9cran et des commentaires, tandis que d'autres appelaient \u00e0 la clart\u00e9 et \u00e0 la fin de ce qu'ils d\u00e9crivaient comme de la d\u00e9sinformation.<\/p>\n<p>Les d\u00e9veloppements ont maintenu le nom de Ben Ganna en tendance, \u201cCheickito\u201d faisant maintenant \u00e9galement l'objet d'un examen minutieux malgr\u00e9 son refus clair des accusations et son insistance sur le fait qu'il est injustement cibl\u00e9.<\/p>","protected":false},"excerpt":{"rendered":"<p>Congolese fan and online personality \u201cCheickito\u201d has denied the claims circulating about him after his name was linked to an [&hellip;]<\/p>\n","protected":false},"author":4,"featured_media":4918,"comment_status":"","ping_status":"open","sticky":false,"template":"","format":"standard","meta":{"googlesitekit_rrm_CAow_uzEDA:productID":"","site-sidebar-layout":"default","site-content-layout":"","ast-site-content-layout":"default","site-content-style":"default","site-sidebar-style":"default","ast-global-header-display":"","ast-banner-title-visibility":"","ast-main-header-display":"","ast-hfb-above-header-display":"","ast-hfb-below-header-display":"","ast-hfb-mobile-header-display":"","site-post-title":"","ast-breadcrumbs-content":"","ast-featured-img":"","footer-sml-layout":"","ast-disable-related-posts":"","theme-transparent-header-meta":"","adv-header-id-meta":"","stick-header-meta":"","header-above-stick-meta":"","header-main-stick-meta":"","header-below-stick-meta":"","astra-migrate-meta-layouts":"default","ast-page-background-enabled":"default","ast-page-background-meta":{"desktop":{"background-color":"var(--ast-global-color-5)","background-image":"","background-repeat":"repeat","background-position":"center center","background-size":"auto","background-attachment":"scroll","background-type":"","background-media":"","overlay-type":"","overlay-color":"","overlay-opacity":"","overlay-gradient":""},"tablet":{"background-color":"","background-image":"","background-repeat":"repeat","background-position":"center center","background-size":"auto","background-attachment":"scroll","background-type":"","background-media":"","overlay-type":"","overlay-color":"","overlay-opacity":"","overlay-gradient":""},"mobile":{"background-color":"","background-image":"","background-repeat":"repeat","background-position":"center center","background-size":"auto","background-attachment":"scroll","background-type":"","background-media":"","overlay-type":"","overlay-color":"","overlay-opacity":"","overlay-gradient":""}},"ast-content-background-meta":{"desktop":{"background-color":"var(--ast-global-color-4)","background-image":"","background-repeat":"repeat","background-position":"center center","background-size":"auto","background-attachment":"scroll","background-type":"","background-media":"","overlay-type":"","overlay-color":"","overlay-opacity":"","overlay-gradient":""},"tablet":{"background-color":"var(--ast-global-color-4)","background-image":"","background-repeat":"repeat","background-position":"center center","background-size":"auto","background-attachment":"scroll","background-type":"","background-media":"","overlay-type":"","overlay-color":"","overlay-opacity":"","overlay-gradient":""},"mobile":{"background-color":"var(--ast-global-color-4)","background-image":"","background-repeat":"repeat","background-position":"center center","background-size":"auto","background-attachment":"scroll","background-type":"","background-media":"","overlay-type":"","overlay-color":"","overlay-opacity":"","overlay-gradient":""}},"footnotes":""},"categories":[1,168],"tags":[],"class_list":["post-4919","post","type-post","status-publish","format-standard","has-post-thumbnail","hentry","category-football-latest-news","category-morocco-national-team"],"yoast_head":"<!-- This site is optimized with the Yoast SEO Premium plugin v26.6 (Yoast SEO v27.4) - https:\/\/yoast.com\/product\/yoast-seo-premium-wordpress\/ -->\n<title>Cheickito denies claims after being linked to Ben Ganna scandal - Bladna News<\/title>\n<meta name=\"robots\" content=\"index, follow, max-snippet:-1, max-image-preview:large, max-video-preview:-1\" \/>\n<link rel=\"canonical\" href=\"https:\/\/bladnanews.com\/fr\/cheickito-nie-les-allegations-apres-avoir-ete-lie-au-scandale-ben-ganna\/\" \/>\n<meta property=\"og:locale\" content=\"fr_FR\" \/>\n<meta property=\"og:type\" content=\"article\" \/>\n<meta property=\"og:title\" content=\"Cheickito denies claims after being linked to Ben Ganna scandal\" \/>\n<meta property=\"og:description\" content=\"Congolese fan and online personality \u201cCheickito\u201d has denied the claims circulating about him after his name was linked to an [&hellip;]\" \/>\n<meta property=\"og:url\" content=\"https:\/\/bladnanews.com\/fr\/cheickito-nie-les-allegations-apres-avoir-ete-lie-au-scandale-ben-ganna\/\" \/>\n<meta property=\"og:site_name\" content=\"Bladna News\" \/>\n<meta property=\"article:published_time\" content=\"2026-01-07T10:48:00+00:00\" \/>\n<meta property=\"og:image\" content=\"https:\/\/bladnanews.com\/wp-content\/uploads\/2025\/12\/freepik__bladna-newscom-moroccan-soccer-homepage-banner-mor__41838.png\" \/>\n\t<meta property=\"og:image:width\" content=\"1312\" \/>\n\t<meta property=\"og:image:height\" content=\"736\" \/>\n\t<meta property=\"og:image:type\" content=\"image\/png\" \/>\n<meta name=\"author\" content=\"Bladna Sports Desk\" \/>\n<meta name=\"twitter:card\" content=\"summary_large_image\" \/>\n<meta name=\"twitter:label1\" content=\"\u00c9crit par\" \/>\n\t<meta name=\"twitter:data1\" content=\"Bladna Sports Desk\" \/>\n\t<meta name=\"twitter:label2\" content=\"Dur\u00e9e de lecture estim\u00e9e\" \/>\n\t<meta name=\"twitter:data2\" content=\"1 minute\" \/>\n<script type=\"application\/ld+json\" class=\"yoast-schema-graph\">{\"@context\":\"https:\\\/\\\/schema.org\",\"@graph\":[{\"@type\":\"Article\",\"@id\":\"https:\\\/\\\/bladnanews.com\\\/cheickito-denies-claims-after-being-linked-to-ben-ganna-scandal\\\/#article\",\"isPartOf\":{\"@id\":\"https:\\\/\\\/bladnanews.com\\\/cheickito-denies-claims-after-being-linked-to-ben-ganna-scandal\\\/\"},\"author\":{\"name\":\"Bladna Sports Desk\",\"@id\":\"https:\\\/\\\/mediumseagreen-eel-531711.hostingersite.com\\\/#\\\/schema\\\/person\\\/6712b38fabe810f7eb8d15ed30d90f1e\"},\"headline\":\"Cheickito denies claims after being linked to Ben Ganna scandal\",\"datePublished\":\"2026-01-07T10:48:00+00:00\",\"mainEntityOfPage\":{\"@id\":\"https:\\\/\\\/bladnanews.com\\\/cheickito-denies-claims-after-being-linked-to-ben-ganna-scandal\\\/\"},\"wordCount\":159,\"publisher\":{\"@id\":\"https:\\\/\\\/mediumseagreen-eel-531711.hostingersite.com\\\/#organization\"},\"image\":{\"@id\":\"https:\\\/\\\/bladnanews.com\\\/cheickito-denies-claims-after-being-linked-to-ben-ganna-scandal\\\/#primaryimage\"},\"thumbnailUrl\":\"https:\\\/\\\/bladnanews.com\\\/wp-content\\\/uploads\\\/2026\\\/01\\\/ca4f3aea-eeca-4725-be8f-840340f87d4b_1767783019.webp\",\"articleSection\":[\"Latest News\",\"Morocco National Team\"],\"inLanguage\":\"fr-FR\",\"copyrightYear\":\"2026\",\"copyrightHolder\":{\"@id\":\"https:\\\/\\\/bladnanews.com\\\/fr\\\/#organization\"}},{\"@type\":\"WebPage\",\"@id\":\"https:\\\/\\\/bladnanews.com\\\/cheickito-denies-claims-after-being-linked-to-ben-ganna-scandal\\\/\",\"url\":\"https:\\\/\\\/bladnanews.com\\\/cheickito-denies-claims-after-being-linked-to-ben-ganna-scandal\\\/\",\"name\":\"Cheickito denies claims after being linked to Ben Ganna scandal - Bladna News\",\"isPartOf\":{\"@id\":\"https:\\\/\\\/mediumseagreen-eel-531711.hostingersite.com\\\/#website\"},\"primaryImageOfPage\":{\"@id\":\"https:\\\/\\\/bladnanews.com\\\/cheickito-denies-claims-after-being-linked-to-ben-ganna-scandal\\\/#primaryimage\"},\"image\":{\"@id\":\"https:\\\/\\\/bladnanews.com\\\/cheickito-denies-claims-after-being-linked-to-ben-ganna-scandal\\\/#primaryimage\"},\"thumbnailUrl\":\"https:\\\/\\\/bladnanews.com\\\/wp-content\\\/uploads\\\/2026\\\/01\\\/ca4f3aea-eeca-4725-be8f-840340f87d4b_1767783019.webp\",\"datePublished\":\"2026-01-07T10:48:00+00:00\",\"breadcrumb\":{\"@id\":\"https:\\\/\\\/bladnanews.com\\\/cheickito-denies-claims-after-being-linked-to-ben-ganna-scandal\\\/#breadcrumb\"},\"inLanguage\":\"fr-FR\",\"potentialAction\":[{\"@type\":\"ReadAction\",\"target\":[\"https:\\\/\\\/bladnanews.com\\\/cheickito-denies-claims-after-being-linked-to-ben-ganna-scandal\\\/\"]}]},{\"@type\":\"ImageObject\",\"inLanguage\":\"fr-FR\",\"@id\":\"https:\\\/\\\/bladnanews.com\\\/cheickito-denies-claims-after-being-linked-to-ben-ganna-scandal\\\/#primaryimage\",\"url\":\"https:\\\/\\\/bladnanews.com\\\/wp-content\\\/uploads\\\/2026\\\/01\\\/ca4f3aea-eeca-4725-be8f-840340f87d4b_1767783019.webp\",\"contentUrl\":\"https:\\\/\\\/bladnanews.com\\\/wp-content\\\/uploads\\\/2026\\\/01\\\/ca4f3aea-eeca-4725-be8f-840340f87d4b_1767783019.webp\",\"width\":860,\"height\":483,\"caption\":\"Celebration scene with a smiling female presenter in a red outfit, a man in a yellow suit, and a male reporter, all amidst Algerian flags.\"},{\"@type\":\"BreadcrumbList\",\"@id\":\"https:\\\/\\\/bladnanews.com\\\/cheickito-denies-claims-after-being-linked-to-ben-ganna-scandal\\\/#breadcrumb\",\"itemListElement\":[{\"@type\":\"ListItem\",\"position\":1,\"name\":\"Home\",\"item\":\"https:\\\/\\\/bladnanews.com\\\/\"},{\"@type\":\"ListItem\",\"position\":2,\"name\":\"Cheickito denies claims after being linked to Ben Ganna scandal\"}]},{\"@type\":\"WebSite\",\"@id\":\"https:\\\/\\\/mediumseagreen-eel-531711.hostingersite.com\\\/#website\",\"url\":\"https:\\\/\\\/mediumseagreen-eel-531711.hostingersite.com\\\/\",\"name\":\"Bladna News - Morocco\",\"description\":\"Where Moroccan Football Meets the World\",\"publisher\":{\"@id\":\"https:\\\/\\\/mediumseagreen-eel-531711.hostingersite.com\\\/#organization\"},\"potentialAction\":[{\"@type\":\"SearchAction\",\"target\":{\"@type\":\"EntryPoint\",\"urlTemplate\":\"https:\\\/\\\/mediumseagreen-eel-531711.hostingersite.com\\\/?s={search_term_string}\"},\"query-input\":{\"@type\":\"PropertyValueSpecification\",\"valueRequired\":true,\"valueName\":\"search_term_string\"}}],\"inLanguage\":\"fr-FR\"},{\"@type\":\"Organization\",\"@id\":\"https:\\\/\\\/mediumseagreen-eel-531711.hostingersite.com\\\/#organization\",\"name\":\"Bladna News.com\",\"url\":\"https:\\\/\\\/mediumseagreen-eel-531711.hostingersite.com\\\/\",\"logo\":{\"@type\":\"ImageObject\",\"inLanguage\":\"fr-FR\",\"@id\":\"https:\\\/\\\/mediumseagreen-eel-531711.hostingersite.com\\\/#\\\/schema\\\/logo\\\/image\\\/\",\"url\":\"https:\\\/\\\/bladnanews.com\\\/wp-content\\\/uploads\\\/2025\\\/12\\\/logo-bladnanews-V2-web-black-red.png\",\"contentUrl\":\"https:\\\/\\\/bladnanews.com\\\/wp-content\\\/uploads\\\/2025\\\/12\\\/logo-bladnanews-V2-web-black-red.png\",\"width\":703,\"height\":287,\"caption\":\"Bladna News.com\"},\"image\":{\"@id\":\"https:\\\/\\\/mediumseagreen-eel-531711.hostingersite.com\\\/#\\\/schema\\\/logo\\\/image\\\/\"},\"email\":\"info@bladnanews.com\",\"legalName\":\"Bladna News\"},{\"@type\":\"Person\",\"@id\":\"https:\\\/\\\/mediumseagreen-eel-531711.hostingersite.com\\\/#\\\/schema\\\/person\\\/6712b38fabe810f7eb8d15ed30d90f1e\",\"name\":\"Bladna Sports Desk\",\"url\":\"https:\\\/\\\/bladnanews.com\\\/fr\\\/author\\\/bladna-sports-desk\\\/\"}]}<\/script>\n<!-- \/ Yoast SEO Premium plugin. -->","yoast_head_json":{"title":"Cheickito nie les all\u00e9gations apr\u00e8s avoir \u00e9t\u00e9 li\u00e9 au scandale Ben Ganna - Bladna News","robots":{"index":"index","follow":"follow","max-snippet":"max-snippet:-1","max-image-preview":"max-image-preview:large","max-video-preview":"max-video-preview:-1"},"canonical":"https:\/\/bladnanews.com\/fr\/cheickito-nie-les-allegations-apres-avoir-ete-lie-au-scandale-ben-ganna\/","og_locale":"fr_FR","og_type":"article","og_title":"Cheickito denies claims after being linked to Ben Ganna scandal","og_description":"Congolese fan and online personality \u201cCheickito\u201d has denied the claims circulating about him after his name was linked to an [&hellip;]","og_url":"https:\/\/bladnanews.com\/fr\/cheickito-nie-les-allegations-apres-avoir-ete-lie-au-scandale-ben-ganna\/","og_site_name":"Bladna News","article_published_time":"2026-01-07T10:48:00+00:00","og_image":[{"width":1312,"height":736,"url":"https:\/\/bladnanews.com\/wp-content\/uploads\/2025\/12\/freepik__bladna-newscom-moroccan-soccer-homepage-banner-mor__41838.png","type":"image\/png"}],"author":"Bladna Sports Desk","twitter_card":"summary_large_image","twitter_misc":{"\u00c9crit par":"Bladna Sports Desk","Dur\u00e9e de lecture estim\u00e9e":"1 minute"},"schema":{"@context":"https:\/\/schema.org","@graph":[{"@type":"Article","@id":"https:\/\/bladnanews.com\/cheickito-denies-claims-after-being-linked-to-ben-ganna-scandal\/#article","isPartOf":{"@id":"https:\/\/bladnanews.com\/cheickito-denies-claims-after-being-linked-to-ben-ganna-scandal\/"},"author":{"name":"Bladna Sports Desk","@id":"https:\/\/mediumseagreen-eel-531711.hostingersite.com\/#\/schema\/person\/6712b38fabe810f7eb8d15ed30d90f1e"},"headline":"Cheickito denies claims after being linked to Ben Ganna scandal","datePublished":"2026-01-07T10:48:00+00:00","mainEntityOfPage":{"@id":"https:\/\/bladnanews.com\/cheickito-denies-claims-after-being-linked-to-ben-ganna-scandal\/"},"wordCount":159,"publisher":{"@id":"https:\/\/mediumseagreen-eel-531711.hostingersite.com\/#organization"},"image":{"@id":"https:\/\/bladnanews.com\/cheickito-denies-claims-after-being-linked-to-ben-ganna-scandal\/#primaryimage"},"thumbnailUrl":"https:\/\/bladnanews.com\/wp-content\/uploads\/2026\/01\/ca4f3aea-eeca-4725-be8f-840340f87d4b_1767783019.webp","articleSection":["Latest News","Morocco National Team"],"inLanguage":"fr-FR","copyrightYear":"2026","copyrightHolder":{"@id":"https:\/\/bladnanews.com\/fr\/#organization"}},{"@type":"WebPage","@id":"https:\/\/bladnanews.com\/cheickito-denies-claims-after-being-linked-to-ben-ganna-scandal\/","url":"https:\/\/bladnanews.com\/cheickito-denies-claims-after-being-linked-to-ben-ganna-scandal\/","name":"Cheickito nie les all\u00e9gations apr\u00e8s avoir \u00e9t\u00e9 li\u00e9 au scandale Ben Ganna - Bladna News","isPartOf":{"@id":"https:\/\/mediumseagreen-eel-531711.hostingersite.com\/#website"},"primaryImageOfPage":{"@id":"https:\/\/bladnanews.com\/cheickito-denies-claims-after-being-linked-to-ben-ganna-scandal\/#primaryimage"},"image":{"@id":"https:\/\/bladnanews.com\/cheickito-denies-claims-after-being-linked-to-ben-ganna-scandal\/#primaryimage"},"thumbnailUrl":"https:\/\/bladnanews.com\/wp-content\/uploads\/2026\/01\/ca4f3aea-eeca-4725-be8f-840340f87d4b_1767783019.webp","datePublished":"2026-01-07T10:48:00+00:00","breadcrumb":{"@id":"https:\/\/bladnanews.com\/cheickito-denies-claims-after-being-linked-to-ben-ganna-scandal\/#breadcrumb"},"inLanguage":"fr-FR","potentialAction":[{"@type":"ReadAction","target":["https:\/\/bladnanews.com\/cheickito-denies-claims-after-being-linked-to-ben-ganna-scandal\/"]}]},{"@type":"ImageObject","inLanguage":"fr-FR","@id":"https:\/\/bladnanews.com\/cheickito-denies-claims-after-being-linked-to-ben-ganna-scandal\/#primaryimage","url":"https:\/\/bladnanews.com\/wp-content\/uploads\/2026\/01\/ca4f3aea-eeca-4725-be8f-840340f87d4b_1767783019.webp","contentUrl":"https:\/\/bladnanews.com\/wp-content\/uploads\/2026\/01\/ca4f3aea-eeca-4725-be8f-840340f87d4b_1767783019.webp","width":860,"height":483,"caption":"Celebration scene with a smiling female presenter in a red outfit, a man in a yellow suit, and a male reporter, all amidst Algerian flags."},{"@type":"BreadcrumbList","@id":"https:\/\/bladnanews.com\/cheickito-denies-claims-after-being-linked-to-ben-ganna-scandal\/#breadcrumb","itemListElement":[{"@type":"ListItem","position":1,"name":"Home","item":"https:\/\/bladnanews.com\/"},{"@type":"ListItem","position":2,"name":"Cheickito denies claims after being linked to Ben Ganna scandal"}]},{"@type":"WebSite","@id":"https:\/\/mediumseagreen-eel-531711.hostingersite.com\/#website","url":"https:\/\/mediumseagreen-eel-531711.hostingersite.com\/","name":"Bladna News - Maroc","description":"Quand le football marocain rencontre le monde","publisher":{"@id":"https:\/\/mediumseagreen-eel-531711.hostingersite.com\/#organization"},"potentialAction":[{"@type":"SearchAction","target":{"@type":"EntryPoint","urlTemplate":"https:\/\/mediumseagreen-eel-531711.hostingersite.com\/?s={search_term_string}"},"query-input":{"@type":"PropertyValueSpecification","valueRequired":true,"valueName":"search_term_string"}}],"inLanguage":"fr-FR"},{"@type":"Organization","@id":"https:\/\/mediumseagreen-eel-531711.hostingersite.com\/#organization","name":"Bladna News.com","url":"https:\/\/mediumseagreen-eel-531711.hostingersite.com\/","logo":{"@type":"ImageObject","inLanguage":"fr-FR","@id":"https:\/\/mediumseagreen-eel-531711.hostingersite.com\/#\/schema\/logo\/image\/","url":"https:\/\/bladnanews.com\/wp-content\/uploads\/2025\/12\/logo-bladnanews-V2-web-black-red.png","contentUrl":"https:\/\/bladnanews.com\/wp-content\/uploads\/2025\/12\/logo-bladnanews-V2-web-black-red.png","width":703,"height":287,"caption":"Bladna News.com"},"image":{"@id":"https:\/\/mediumseagreen-eel-531711.hostingersite.com\/#\/schema\/logo\/image\/"},"email":"info@bladnanews.com","legalName":"Bladna News"},{"@type":"Person","@id":"https:\/\/mediumseagreen-eel-531711.hostingersite.com\/#\/schema\/person\/6712b38fabe810f7eb8d15ed30d90f1e","name":"Bladna Sports Desk","url":"https:\/\/bladnanews.com\/fr\/author\/bladna-sports-desk\/"}]}},"_links":{"self":[{"href":"https:\/\/bladnanews.com\/fr\/wp-json\/wp\/v2\/posts\/4919","targetHints":{"allow":["GET"]}}],"collection":[{"href":"https:\/\/bladnanews.com\/fr\/wp-json\/wp\/v2\/posts"}],"about":[{"href":"https:\/\/bladnanews.com\/fr\/wp-json\/wp\/v2\/types\/post"}],"author":[{"embeddable":true,"href":"https:\/\/bladnanews.com\/fr\/wp-json\/wp\/v2\/users\/4"}],"replies":[{"embeddable":true,"href":"https:\/\/bladnanews.com\/fr\/wp-json\/wp\/v2\/comments?post=4919"}],"version-history":[{"count":0,"href":"https:\/\/bladnanews.com\/fr\/wp-json\/wp\/v2\/posts\/4919\/revisions"}],"wp:featuredmedia":[{"embeddable":true,"href":"https:\/\/bladnanews.com\/fr\/wp-json\/wp\/v2\/media\/4918"}],"wp:attachment":[{"href":"https:\/\/bladnanews.com\/fr\/wp-json\/wp\/v2\/media?parent=4919"}],"wp:term":[{"taxonomy":"category","embeddable":true,"href":"https:\/\/bladnanews.com\/fr\/wp-json\/wp\/v2\/categories?post=4919"},{"taxonomy":"post_tag","embeddable":true,"href":"https:\/\/bladnanews.com\/fr\/wp-json\/wp\/v2\/tags?post=4919"}],"curies":[{"name":"wp","href":"https:\/\/api.w.org\/{rel}","templated":true}]}}