{"id":4967,"date":"2026-01-07T11:57:59","date_gmt":"2026-01-07T11:57:59","guid":{"rendered":"https:\/\/bladnanews.com\/roma-chief-confirms-interest-in-joshua-zirkzee-transfer-pursuit\/"},"modified":"2026-01-07T11:57:59","modified_gmt":"2026-01-07T11:57:59","slug":"le-directeur-de-la-roma-confirme-son-interet-pour-la-poursuite-du-transfert-de-joshua-zirkzee","status":"publish","type":"post","link":"https:\/\/bladnanews.com\/fr\/le-directeur-de-la-roma-confirme-son-interet-pour-la-poursuite-du-transfert-de-joshua-zirkzee\/","title":{"rendered":"Le responsable de la Roma confirme l'int\u00e9r\u00eat pour la poursuite du transfert de Joshua Zirkzee."},"content":{"rendered":"<p>La Roma a confirm\u00e9 qu'elle suit Joshua Zirkzee alors qu'elle envisage une offre pour l'attaquant de Manchester United.<\/p>\n<p>Cette mise \u00e0 jour provient de la direction de la Roma, qui a \u00e9voqu\u00e9 les plans de transfert du club et n'a pas ni\u00e9 son int\u00e9r\u00eat pour l'attaquant n\u00e9erlandais. La Roma examine des options en attaque et Zirkzee est apparu comme l'un des noms \u00e9voqu\u00e9s.<\/p>\n<p>Ces commentaires interviennent \u00e0 une p\u00e9riode de changement \u00e0 Old Trafford, apr\u00e8s que Manchester United a pris la d\u00e9cision de licencier Ruben Amorim. Cette d\u00e9cision a accru l'incertitude autour de l'effectif et a in\u00e9vitablement aliment\u00e9 les rumeurs de d\u00e9parts potentiels et de nouvelles opportunit\u00e9s ailleurs.<\/p>\n<p>Le dirigeant de la Roma a clairement indiqu\u00e9 que Zirkzee \u00e9tait un joueur qu'ils appr\u00e9ciaient, tout en soulignant que toute transaction n\u00e9cessiterait des conditions appropri\u00e9es. La Roma surveille la situation et n'ira de l'avant que si les termes sont convenables.<\/p>\n<p>L'avenir de Zirkzee est un sujet de discussion alors que United \u00e9value ses prochaines \u00e9tapes suite au changement d'entra\u00eeneur. La Roma, quant \u00e0 elle, planifie sa propre reconstruction et voit dans cet attaquant un profil qui pourrait correspondre \u00e0 ce qu'elle souhaite ajouter dans le dernier tiers du terrain.<\/p>\n<p>Pour l'instant, la position de la Roma est simple : elle est int\u00e9ress\u00e9e, mais aucun accord n'a \u00e9t\u00e9 trouv\u00e9 et rien n'a \u00e9t\u00e9 finalis\u00e9.<\/p>","protected":false},"excerpt":{"rendered":"<p>Roma have confirmed they are tracking Joshua Zirkzee as they weigh up a move for the Manchester United forward. The [&hellip;]<\/p>\n","protected":false},"author":3,"featured_media":4966,"comment_status":"","ping_status":"open","sticky":false,"template":"","format":"standard","meta":{"googlesitekit_rrm_CAow_uzEDA:productID":"","site-sidebar-layout":"default","site-content-layout":"","ast-site-content-layout":"default","site-content-style":"default","site-sidebar-style":"default","ast-global-header-display":"","ast-banner-title-visibility":"","ast-main-header-display":"","ast-hfb-above-header-display":"","ast-hfb-below-header-display":"","ast-hfb-mobile-header-display":"","site-post-title":"","ast-breadcrumbs-content":"","ast-featured-img":"","footer-sml-layout":"","ast-disable-related-posts":"","theme-transparent-header-meta":"","adv-header-id-meta":"","stick-header-meta":"","header-above-stick-meta":"","header-main-stick-meta":"","header-below-stick-meta":"","astra-migrate-meta-layouts":"default","ast-page-background-enabled":"default","ast-page-background-meta":{"desktop":{"background-color":"var(--ast-global-color-5)","background-image":"","background-repeat":"repeat","background-position":"center center","background-size":"auto","background-attachment":"scroll","background-type":"","background-media":"","overlay-type":"","overlay-color":"","overlay-opacity":"","overlay-gradient":""},"tablet":{"background-color":"","background-image":"","background-repeat":"repeat","background-position":"center center","background-size":"auto","background-attachment":"scroll","background-type":"","background-media":"","overlay-type":"","overlay-color":"","overlay-opacity":"","overlay-gradient":""},"mobile":{"background-color":"","background-image":"","background-repeat":"repeat","background-position":"center center","background-size":"auto","background-attachment":"scroll","background-type":"","background-media":"","overlay-type":"","overlay-color":"","overlay-opacity":"","overlay-gradient":""}},"ast-content-background-meta":{"desktop":{"background-color":"var(--ast-global-color-4)","background-image":"","background-repeat":"repeat","background-position":"center center","background-size":"auto","background-attachment":"scroll","background-type":"","background-media":"","overlay-type":"","overlay-color":"","overlay-opacity":"","overlay-gradient":""},"tablet":{"background-color":"var(--ast-global-color-4)","background-image":"","background-repeat":"repeat","background-position":"center center","background-size":"auto","background-attachment":"scroll","background-type":"","background-media":"","overlay-type":"","overlay-color":"","overlay-opacity":"","overlay-gradient":""},"mobile":{"background-color":"var(--ast-global-color-4)","background-image":"","background-repeat":"repeat","background-position":"center center","background-size":"auto","background-attachment":"scroll","background-type":"","background-media":"","overlay-type":"","overlay-color":"","overlay-opacity":"","overlay-gradient":""}},"footnotes":""},"categories":[20,1],"tags":[],"class_list":["post-4967","post","type-post","status-publish","format-standard","has-post-thumbnail","hentry","category-international","category-football-latest-news"],"yoast_head":"<!-- This site is optimized with the Yoast SEO Premium plugin v26.6 (Yoast SEO v27.5) - https:\/\/yoast.com\/product\/yoast-seo-premium-wordpress\/ -->\n<title>Roma chief confirms interest in Joshua Zirkzee transfer pursuit - Bladna News<\/title>\n<meta name=\"robots\" content=\"index, follow, max-snippet:-1, max-image-preview:large, max-video-preview:-1\" \/>\n<link rel=\"canonical\" href=\"https:\/\/bladnanews.com\/fr\/le-directeur-de-la-roma-confirme-son-interet-pour-la-poursuite-du-transfert-de-joshua-zirkzee\/\" \/>\n<meta property=\"og:locale\" content=\"fr_FR\" \/>\n<meta property=\"og:type\" content=\"article\" \/>\n<meta property=\"og:title\" content=\"Roma chief confirms interest in Joshua Zirkzee transfer pursuit\" \/>\n<meta property=\"og:description\" content=\"Roma have confirmed they are tracking Joshua Zirkzee as they weigh up a move for the Manchester United forward. The [&hellip;]\" \/>\n<meta property=\"og:url\" content=\"https:\/\/bladnanews.com\/fr\/le-directeur-de-la-roma-confirme-son-interet-pour-la-poursuite-du-transfert-de-joshua-zirkzee\/\" \/>\n<meta property=\"og:site_name\" content=\"Bladna News\" \/>\n<meta property=\"article:published_time\" content=\"2026-01-07T11:57:59+00:00\" \/>\n<meta property=\"og:image\" content=\"https:\/\/bladnanews.com\/wp-content\/uploads\/2025\/12\/freepik__bladna-newscom-moroccan-soccer-homepage-banner-mor__41838.png\" \/>\n\t<meta property=\"og:image:width\" content=\"1312\" \/>\n\t<meta property=\"og:image:height\" content=\"736\" \/>\n\t<meta property=\"og:image:type\" content=\"image\/png\" \/>\n<meta name=\"author\" content=\"Bladna News Staff\" \/>\n<meta name=\"twitter:card\" content=\"summary_large_image\" \/>\n<meta name=\"twitter:label1\" content=\"\u00c9crit par\" \/>\n\t<meta name=\"twitter:data1\" content=\"Bladna News Staff\" \/>\n\t<meta name=\"twitter:label2\" content=\"Dur\u00e9e de lecture estim\u00e9e\" \/>\n\t<meta name=\"twitter:data2\" content=\"1 minute\" \/>\n<script type=\"application\/ld+json\" class=\"yoast-schema-graph\">{\"@context\":\"https:\\\/\\\/schema.org\",\"@graph\":[{\"@type\":\"Article\",\"@id\":\"https:\\\/\\\/bladnanews.com\\\/roma-chief-confirms-interest-in-joshua-zirkzee-transfer-pursuit\\\/#article\",\"isPartOf\":{\"@id\":\"https:\\\/\\\/bladnanews.com\\\/roma-chief-confirms-interest-in-joshua-zirkzee-transfer-pursuit\\\/\"},\"author\":{\"name\":\"Bladna News Staff\",\"@id\":\"https:\\\/\\\/mediumseagreen-eel-531711.hostingersite.com\\\/#\\\/schema\\\/person\\\/268e18a453ab080ebf76df6ef7845083\"},\"headline\":\"Roma chief confirms interest in Joshua Zirkzee transfer pursuit\",\"datePublished\":\"2026-01-07T11:57:59+00:00\",\"mainEntityOfPage\":{\"@id\":\"https:\\\/\\\/bladnanews.com\\\/roma-chief-confirms-interest-in-joshua-zirkzee-transfer-pursuit\\\/\"},\"wordCount\":216,\"publisher\":{\"@id\":\"https:\\\/\\\/mediumseagreen-eel-531711.hostingersite.com\\\/#organization\"},\"image\":{\"@id\":\"https:\\\/\\\/bladnanews.com\\\/roma-chief-confirms-interest-in-joshua-zirkzee-transfer-pursuit\\\/#primaryimage\"},\"thumbnailUrl\":\"https:\\\/\\\/bladnanews.com\\\/wp-content\\\/uploads\\\/2026\\\/01\\\/BladnaNews-Roma-chief-confirms-interest-in-Joshua-Zirkzee-transfer-pursuit-2026-01-07T210932.619Z.jpg\",\"articleSection\":[\"International\",\"Latest News\"],\"inLanguage\":\"fr-FR\",\"copyrightYear\":\"2026\",\"copyrightHolder\":{\"@id\":\"https:\\\/\\\/bladnanews.com\\\/fr\\\/#organization\"}},{\"@type\":\"WebPage\",\"@id\":\"https:\\\/\\\/bladnanews.com\\\/roma-chief-confirms-interest-in-joshua-zirkzee-transfer-pursuit\\\/\",\"url\":\"https:\\\/\\\/bladnanews.com\\\/roma-chief-confirms-interest-in-joshua-zirkzee-transfer-pursuit\\\/\",\"name\":\"Roma chief confirms interest in Joshua Zirkzee transfer pursuit - Bladna News\",\"isPartOf\":{\"@id\":\"https:\\\/\\\/mediumseagreen-eel-531711.hostingersite.com\\\/#website\"},\"primaryImageOfPage\":{\"@id\":\"https:\\\/\\\/bladnanews.com\\\/roma-chief-confirms-interest-in-joshua-zirkzee-transfer-pursuit\\\/#primaryimage\"},\"image\":{\"@id\":\"https:\\\/\\\/bladnanews.com\\\/roma-chief-confirms-interest-in-joshua-zirkzee-transfer-pursuit\\\/#primaryimage\"},\"thumbnailUrl\":\"https:\\\/\\\/bladnanews.com\\\/wp-content\\\/uploads\\\/2026\\\/01\\\/BladnaNews-Roma-chief-confirms-interest-in-Joshua-Zirkzee-transfer-pursuit-2026-01-07T210932.619Z.jpg\",\"datePublished\":\"2026-01-07T11:57:59+00:00\",\"breadcrumb\":{\"@id\":\"https:\\\/\\\/bladnanews.com\\\/roma-chief-confirms-interest-in-joshua-zirkzee-transfer-pursuit\\\/#breadcrumb\"},\"inLanguage\":\"fr-FR\",\"potentialAction\":[{\"@type\":\"ReadAction\",\"target\":[\"https:\\\/\\\/bladnanews.com\\\/roma-chief-confirms-interest-in-joshua-zirkzee-transfer-pursuit\\\/\"]}]},{\"@type\":\"ImageObject\",\"inLanguage\":\"fr-FR\",\"@id\":\"https:\\\/\\\/bladnanews.com\\\/roma-chief-confirms-interest-in-joshua-zirkzee-transfer-pursuit\\\/#primaryimage\",\"url\":\"https:\\\/\\\/bladnanews.com\\\/wp-content\\\/uploads\\\/2026\\\/01\\\/BladnaNews-Roma-chief-confirms-interest-in-Joshua-Zirkzee-transfer-pursuit-2026-01-07T210932.619Z.jpg\",\"contentUrl\":\"https:\\\/\\\/bladnanews.com\\\/wp-content\\\/uploads\\\/2026\\\/01\\\/BladnaNews-Roma-chief-confirms-interest-in-Joshua-Zirkzee-transfer-pursuit-2026-01-07T210932.619Z.jpg\",\"width\":2560,\"height\":1440,\"caption\":\"Joshua Zirkzee celebrating with a raised finger, wearing a red Manchester United jersey in a lit stadium.\"},{\"@type\":\"BreadcrumbList\",\"@id\":\"https:\\\/\\\/bladnanews.com\\\/roma-chief-confirms-interest-in-joshua-zirkzee-transfer-pursuit\\\/#breadcrumb\",\"itemListElement\":[{\"@type\":\"ListItem\",\"position\":1,\"name\":\"Home\",\"item\":\"https:\\\/\\\/bladnanews.com\\\/\"},{\"@type\":\"ListItem\",\"position\":2,\"name\":\"Roma chief confirms interest in Joshua Zirkzee transfer pursuit\"}]},{\"@type\":\"WebSite\",\"@id\":\"https:\\\/\\\/mediumseagreen-eel-531711.hostingersite.com\\\/#website\",\"url\":\"https:\\\/\\\/mediumseagreen-eel-531711.hostingersite.com\\\/\",\"name\":\"Bladna News - Morocco\",\"description\":\"Where Moroccan Football Meets the World\",\"publisher\":{\"@id\":\"https:\\\/\\\/mediumseagreen-eel-531711.hostingersite.com\\\/#organization\"},\"potentialAction\":[{\"@type\":\"SearchAction\",\"target\":{\"@type\":\"EntryPoint\",\"urlTemplate\":\"https:\\\/\\\/mediumseagreen-eel-531711.hostingersite.com\\\/?s={search_term_string}\"},\"query-input\":{\"@type\":\"PropertyValueSpecification\",\"valueRequired\":true,\"valueName\":\"search_term_string\"}}],\"inLanguage\":\"fr-FR\"},{\"@type\":\"Organization\",\"@id\":\"https:\\\/\\\/mediumseagreen-eel-531711.hostingersite.com\\\/#organization\",\"name\":\"Bladna News.com\",\"url\":\"https:\\\/\\\/mediumseagreen-eel-531711.hostingersite.com\\\/\",\"logo\":{\"@type\":\"ImageObject\",\"inLanguage\":\"fr-FR\",\"@id\":\"https:\\\/\\\/mediumseagreen-eel-531711.hostingersite.com\\\/#\\\/schema\\\/logo\\\/image\\\/\",\"url\":\"https:\\\/\\\/bladnanews.com\\\/wp-content\\\/uploads\\\/2025\\\/12\\\/logo-bladnanews-V2-web-black-red.png\",\"contentUrl\":\"https:\\\/\\\/bladnanews.com\\\/wp-content\\\/uploads\\\/2025\\\/12\\\/logo-bladnanews-V2-web-black-red.png\",\"width\":703,\"height\":287,\"caption\":\"Bladna News.com\"},\"image\":{\"@id\":\"https:\\\/\\\/mediumseagreen-eel-531711.hostingersite.com\\\/#\\\/schema\\\/logo\\\/image\\\/\"},\"email\":\"info@bladnanews.com\",\"legalName\":\"Bladna News\"},{\"@type\":\"Person\",\"@id\":\"https:\\\/\\\/mediumseagreen-eel-531711.hostingersite.com\\\/#\\\/schema\\\/person\\\/268e18a453ab080ebf76df6ef7845083\",\"name\":\"Bladna News Staff\",\"url\":\"https:\\\/\\\/bladnanews.com\\\/fr\\\/author\\\/bladna-news-staff\\\/\"}]}<\/script>\n<!-- \/ Yoast SEO Premium plugin. -->","yoast_head_json":{"title":"Le directeur de la Roma confirme son int\u00e9r\u00eat pour la poursuite du transfert de Joshua Zirkzee - Bladna News","robots":{"index":"index","follow":"follow","max-snippet":"max-snippet:-1","max-image-preview":"max-image-preview:large","max-video-preview":"max-video-preview:-1"},"canonical":"https:\/\/bladnanews.com\/fr\/le-directeur-de-la-roma-confirme-son-interet-pour-la-poursuite-du-transfert-de-joshua-zirkzee\/","og_locale":"fr_FR","og_type":"article","og_title":"Roma chief confirms interest in Joshua Zirkzee transfer pursuit","og_description":"Roma have confirmed they are tracking Joshua Zirkzee as they weigh up a move for the Manchester United forward. The [&hellip;]","og_url":"https:\/\/bladnanews.com\/fr\/le-directeur-de-la-roma-confirme-son-interet-pour-la-poursuite-du-transfert-de-joshua-zirkzee\/","og_site_name":"Bladna News","article_published_time":"2026-01-07T11:57:59+00:00","og_image":[{"width":1312,"height":736,"url":"https:\/\/bladnanews.com\/wp-content\/uploads\/2025\/12\/freepik__bladna-newscom-moroccan-soccer-homepage-banner-mor__41838.png","type":"image\/png"}],"author":"Bladna News Staff","twitter_card":"summary_large_image","twitter_misc":{"\u00c9crit par":"Bladna News Staff","Dur\u00e9e de lecture estim\u00e9e":"1 minute"},"schema":{"@context":"https:\/\/schema.org","@graph":[{"@type":"Article","@id":"https:\/\/bladnanews.com\/roma-chief-confirms-interest-in-joshua-zirkzee-transfer-pursuit\/#article","isPartOf":{"@id":"https:\/\/bladnanews.com\/roma-chief-confirms-interest-in-joshua-zirkzee-transfer-pursuit\/"},"author":{"name":"Bladna News Staff","@id":"https:\/\/mediumseagreen-eel-531711.hostingersite.com\/#\/schema\/person\/268e18a453ab080ebf76df6ef7845083"},"headline":"Roma chief confirms interest in Joshua Zirkzee transfer pursuit","datePublished":"2026-01-07T11:57:59+00:00","mainEntityOfPage":{"@id":"https:\/\/bladnanews.com\/roma-chief-confirms-interest-in-joshua-zirkzee-transfer-pursuit\/"},"wordCount":216,"publisher":{"@id":"https:\/\/mediumseagreen-eel-531711.hostingersite.com\/#organization"},"image":{"@id":"https:\/\/bladnanews.com\/roma-chief-confirms-interest-in-joshua-zirkzee-transfer-pursuit\/#primaryimage"},"thumbnailUrl":"https:\/\/bladnanews.com\/wp-content\/uploads\/2026\/01\/BladnaNews-Roma-chief-confirms-interest-in-Joshua-Zirkzee-transfer-pursuit-2026-01-07T210932.619Z.jpg","articleSection":["International","Latest News"],"inLanguage":"fr-FR","copyrightYear":"2026","copyrightHolder":{"@id":"https:\/\/bladnanews.com\/fr\/#organization"}},{"@type":"WebPage","@id":"https:\/\/bladnanews.com\/roma-chief-confirms-interest-in-joshua-zirkzee-transfer-pursuit\/","url":"https:\/\/bladnanews.com\/roma-chief-confirms-interest-in-joshua-zirkzee-transfer-pursuit\/","name":"Le directeur de la Roma confirme son int\u00e9r\u00eat pour la poursuite du transfert de Joshua Zirkzee - Bladna News","isPartOf":{"@id":"https:\/\/mediumseagreen-eel-531711.hostingersite.com\/#website"},"primaryImageOfPage":{"@id":"https:\/\/bladnanews.com\/roma-chief-confirms-interest-in-joshua-zirkzee-transfer-pursuit\/#primaryimage"},"image":{"@id":"https:\/\/bladnanews.com\/roma-chief-confirms-interest-in-joshua-zirkzee-transfer-pursuit\/#primaryimage"},"thumbnailUrl":"https:\/\/bladnanews.com\/wp-content\/uploads\/2026\/01\/BladnaNews-Roma-chief-confirms-interest-in-Joshua-Zirkzee-transfer-pursuit-2026-01-07T210932.619Z.jpg","datePublished":"2026-01-07T11:57:59+00:00","breadcrumb":{"@id":"https:\/\/bladnanews.com\/roma-chief-confirms-interest-in-joshua-zirkzee-transfer-pursuit\/#breadcrumb"},"inLanguage":"fr-FR","potentialAction":[{"@type":"ReadAction","target":["https:\/\/bladnanews.com\/roma-chief-confirms-interest-in-joshua-zirkzee-transfer-pursuit\/"]}]},{"@type":"ImageObject","inLanguage":"fr-FR","@id":"https:\/\/bladnanews.com\/roma-chief-confirms-interest-in-joshua-zirkzee-transfer-pursuit\/#primaryimage","url":"https:\/\/bladnanews.com\/wp-content\/uploads\/2026\/01\/BladnaNews-Roma-chief-confirms-interest-in-Joshua-Zirkzee-transfer-pursuit-2026-01-07T210932.619Z.jpg","contentUrl":"https:\/\/bladnanews.com\/wp-content\/uploads\/2026\/01\/BladnaNews-Roma-chief-confirms-interest-in-Joshua-Zirkzee-transfer-pursuit-2026-01-07T210932.619Z.jpg","width":2560,"height":1440,"caption":"Joshua Zirkzee celebrating with a raised finger, wearing a red Manchester United jersey in a lit stadium."},{"@type":"BreadcrumbList","@id":"https:\/\/bladnanews.com\/roma-chief-confirms-interest-in-joshua-zirkzee-transfer-pursuit\/#breadcrumb","itemListElement":[{"@type":"ListItem","position":1,"name":"Home","item":"https:\/\/bladnanews.com\/"},{"@type":"ListItem","position":2,"name":"Roma chief confirms interest in Joshua Zirkzee transfer pursuit"}]},{"@type":"WebSite","@id":"https:\/\/mediumseagreen-eel-531711.hostingersite.com\/#website","url":"https:\/\/mediumseagreen-eel-531711.hostingersite.com\/","name":"Bladna News - Maroc","description":"Quand le football marocain rencontre le monde","publisher":{"@id":"https:\/\/mediumseagreen-eel-531711.hostingersite.com\/#organization"},"potentialAction":[{"@type":"SearchAction","target":{"@type":"EntryPoint","urlTemplate":"https:\/\/mediumseagreen-eel-531711.hostingersite.com\/?s={search_term_string}"},"query-input":{"@type":"PropertyValueSpecification","valueRequired":true,"valueName":"search_term_string"}}],"inLanguage":"fr-FR"},{"@type":"Organization","@id":"https:\/\/mediumseagreen-eel-531711.hostingersite.com\/#organization","name":"Bladna News.com","url":"https:\/\/mediumseagreen-eel-531711.hostingersite.com\/","logo":{"@type":"ImageObject","inLanguage":"fr-FR","@id":"https:\/\/mediumseagreen-eel-531711.hostingersite.com\/#\/schema\/logo\/image\/","url":"https:\/\/bladnanews.com\/wp-content\/uploads\/2025\/12\/logo-bladnanews-V2-web-black-red.png","contentUrl":"https:\/\/bladnanews.com\/wp-content\/uploads\/2025\/12\/logo-bladnanews-V2-web-black-red.png","width":703,"height":287,"caption":"Bladna News.com"},"image":{"@id":"https:\/\/mediumseagreen-eel-531711.hostingersite.com\/#\/schema\/logo\/image\/"},"email":"info@bladnanews.com","legalName":"Bladna News"},{"@type":"Person","@id":"https:\/\/mediumseagreen-eel-531711.hostingersite.com\/#\/schema\/person\/268e18a453ab080ebf76df6ef7845083","name":"\u00c9quipe r\u00e9dactionnelle de Bladna News","url":"https:\/\/bladnanews.com\/fr\/author\/bladna-news-staff\/"}]}},"_links":{"self":[{"href":"https:\/\/bladnanews.com\/fr\/wp-json\/wp\/v2\/posts\/4967","targetHints":{"allow":["GET"]}}],"collection":[{"href":"https:\/\/bladnanews.com\/fr\/wp-json\/wp\/v2\/posts"}],"about":[{"href":"https:\/\/bladnanews.com\/fr\/wp-json\/wp\/v2\/types\/post"}],"author":[{"embeddable":true,"href":"https:\/\/bladnanews.com\/fr\/wp-json\/wp\/v2\/users\/3"}],"replies":[{"embeddable":true,"href":"https:\/\/bladnanews.com\/fr\/wp-json\/wp\/v2\/comments?post=4967"}],"version-history":[{"count":0,"href":"https:\/\/bladnanews.com\/fr\/wp-json\/wp\/v2\/posts\/4967\/revisions"}],"wp:featuredmedia":[{"embeddable":true,"href":"https:\/\/bladnanews.com\/fr\/wp-json\/wp\/v2\/media\/4966"}],"wp:attachment":[{"href":"https:\/\/bladnanews.com\/fr\/wp-json\/wp\/v2\/media?parent=4967"}],"wp:term":[{"taxonomy":"category","embeddable":true,"href":"https:\/\/bladnanews.com\/fr\/wp-json\/wp\/v2\/categories?post=4967"},{"taxonomy":"post_tag","embeddable":true,"href":"https:\/\/bladnanews.com\/fr\/wp-json\/wp\/v2\/tags?post=4967"}],"curies":[{"name":"wp","href":"https:\/\/api.w.org\/{rel}","templated":true}]}}