{"id":4972,"date":"2026-01-07T12:27:22","date_gmt":"2026-01-07T12:27:22","guid":{"rendered":"https:\/\/bladnanews.com\/gio-reyna-responds-to-christian-pulisic-man-utd-links\/"},"modified":"2026-01-07T12:27:22","modified_gmt":"2026-01-07T12:27:22","slug":"gio-reyna-repond-aux-liens-de-christian-pulisic-avec-man-utd","status":"publish","type":"post","link":"https:\/\/bladnanews.com\/fr\/gio-reyna-repond-aux-liens-de-christian-pulisic-avec-man-utd\/","title":{"rendered":"Gio Reyna r\u00e9pond aux liens de Christian Pulisic avec Man Utd."},"content":{"rendered":"<p>Gio Reyna a minimis\u00e9 les rumeurs liant Christian Pulisic \u00e0 un transfert vers Manchester United, insistant sur le fait que la star de l'USMNT est concentr\u00e9e sur l'AC Milan alors qu'il continue sa bonne forme en Italie.<\/p>\n<p>Pulisic a \u00e9t\u00e9 l'objet de nouvelles rumeurs de transfert ces derni\u00e8res semaines, avec des rapports sugg\u00e9rant que United suit l'ailier apr\u00e8s une p\u00e9riode remarqu\u00e9e en Serie A. L'Am\u00e9ricain a \u00e9t\u00e9 percutant pour Milan et reste une partie importante de leur attaque, ce qui n'a fait qu'ajouter de l'essence aux derni\u00e8res rumeurs.<\/p>\n<p>Reyna, parlant de son co\u00e9quipier en \u00e9quipe nationale, a clairement indiqu\u00e9 qu'il n'avait rien entendu de concret et a soulign\u00e9 que Pulisic appr\u00e9cie sa vie \u00e0 San Siro. Reyna a \u00e9galement soulign\u00e9 le niveau que Pulisic a montr\u00e9, le d\u00e9crivant comme \u201cen pleine forme\u201d \u00e0 Milan, tout en notant que la sp\u00e9culation fait partie du jeu lorsqu'un joueur performe bien.<\/p>\n<p>Les commentaires interviennent alors que Pulisic est bien install\u00e9 \u00e0 Milan et continue de performer, alors que l'attention grandit de la part des clubs \u00e9trangers. Pour l'instant, le message de Reyna \u00e9tait simple : il n'y a pas de transfert confirm\u00e9, et l'accent de Pulisic reste sur son football en Italie.<\/p>","protected":false},"excerpt":{"rendered":"<p>Gio Reyna has played down talk linking Christian Pulisic with a move to Manchester United, insisting the USMNT star is [&hellip;]<\/p>\n","protected":false},"author":3,"featured_media":4971,"comment_status":"","ping_status":"open","sticky":false,"template":"","format":"standard","meta":{"googlesitekit_rrm_CAow_uzEDA:productID":"","site-sidebar-layout":"default","site-content-layout":"","ast-site-content-layout":"default","site-content-style":"default","site-sidebar-style":"default","ast-global-header-display":"","ast-banner-title-visibility":"","ast-main-header-display":"","ast-hfb-above-header-display":"","ast-hfb-below-header-display":"","ast-hfb-mobile-header-display":"","site-post-title":"","ast-breadcrumbs-content":"","ast-featured-img":"","footer-sml-layout":"","ast-disable-related-posts":"","theme-transparent-header-meta":"","adv-header-id-meta":"","stick-header-meta":"","header-above-stick-meta":"","header-main-stick-meta":"","header-below-stick-meta":"","astra-migrate-meta-layouts":"default","ast-page-background-enabled":"default","ast-page-background-meta":{"desktop":{"background-color":"var(--ast-global-color-5)","background-image":"","background-repeat":"repeat","background-position":"center center","background-size":"auto","background-attachment":"scroll","background-type":"","background-media":"","overlay-type":"","overlay-color":"","overlay-opacity":"","overlay-gradient":""},"tablet":{"background-color":"","background-image":"","background-repeat":"repeat","background-position":"center center","background-size":"auto","background-attachment":"scroll","background-type":"","background-media":"","overlay-type":"","overlay-color":"","overlay-opacity":"","overlay-gradient":""},"mobile":{"background-color":"","background-image":"","background-repeat":"repeat","background-position":"center center","background-size":"auto","background-attachment":"scroll","background-type":"","background-media":"","overlay-type":"","overlay-color":"","overlay-opacity":"","overlay-gradient":""}},"ast-content-background-meta":{"desktop":{"background-color":"var(--ast-global-color-4)","background-image":"","background-repeat":"repeat","background-position":"center center","background-size":"auto","background-attachment":"scroll","background-type":"","background-media":"","overlay-type":"","overlay-color":"","overlay-opacity":"","overlay-gradient":""},"tablet":{"background-color":"var(--ast-global-color-4)","background-image":"","background-repeat":"repeat","background-position":"center center","background-size":"auto","background-attachment":"scroll","background-type":"","background-media":"","overlay-type":"","overlay-color":"","overlay-opacity":"","overlay-gradient":""},"mobile":{"background-color":"var(--ast-global-color-4)","background-image":"","background-repeat":"repeat","background-position":"center center","background-size":"auto","background-attachment":"scroll","background-type":"","background-media":"","overlay-type":"","overlay-color":"","overlay-opacity":"","overlay-gradient":""}},"footnotes":""},"categories":[20,1],"tags":[],"class_list":["post-4972","post","type-post","status-publish","format-standard","has-post-thumbnail","hentry","category-international","category-football-latest-news"],"yoast_head":"<!-- This site is optimized with the Yoast SEO Premium plugin v26.6 (Yoast SEO v27.5) - https:\/\/yoast.com\/product\/yoast-seo-premium-wordpress\/ -->\n<title>Gio Reyna responds to Christian Pulisic Man Utd links - Bladna News<\/title>\n<meta name=\"robots\" content=\"index, follow, max-snippet:-1, max-image-preview:large, max-video-preview:-1\" \/>\n<link rel=\"canonical\" href=\"https:\/\/bladnanews.com\/fr\/gio-reyna-repond-aux-liens-de-christian-pulisic-avec-man-utd\/\" \/>\n<meta property=\"og:locale\" content=\"fr_FR\" \/>\n<meta property=\"og:type\" content=\"article\" \/>\n<meta property=\"og:title\" content=\"Gio Reyna responds to Christian Pulisic Man Utd links\" \/>\n<meta property=\"og:description\" content=\"Gio Reyna has played down talk linking Christian Pulisic with a move to Manchester United, insisting the USMNT star is [&hellip;]\" \/>\n<meta property=\"og:url\" content=\"https:\/\/bladnanews.com\/fr\/gio-reyna-repond-aux-liens-de-christian-pulisic-avec-man-utd\/\" \/>\n<meta property=\"og:site_name\" content=\"Bladna News\" \/>\n<meta property=\"article:published_time\" content=\"2026-01-07T12:27:22+00:00\" \/>\n<meta property=\"og:image\" content=\"https:\/\/bladnanews.com\/wp-content\/uploads\/2025\/12\/freepik__bladna-newscom-moroccan-soccer-homepage-banner-mor__41838.png\" \/>\n\t<meta property=\"og:image:width\" content=\"1312\" \/>\n\t<meta property=\"og:image:height\" content=\"736\" \/>\n\t<meta property=\"og:image:type\" content=\"image\/png\" \/>\n<meta name=\"author\" content=\"Bladna News Staff\" \/>\n<meta name=\"twitter:card\" content=\"summary_large_image\" \/>\n<meta name=\"twitter:label1\" content=\"\u00c9crit par\" \/>\n\t<meta name=\"twitter:data1\" content=\"Bladna News Staff\" \/>\n\t<meta name=\"twitter:label2\" content=\"Dur\u00e9e de lecture estim\u00e9e\" \/>\n\t<meta name=\"twitter:data2\" content=\"1 minute\" \/>\n<script type=\"application\/ld+json\" class=\"yoast-schema-graph\">{\"@context\":\"https:\\\/\\\/schema.org\",\"@graph\":[{\"@type\":\"Article\",\"@id\":\"https:\\\/\\\/bladnanews.com\\\/gio-reyna-responds-to-christian-pulisic-man-utd-links\\\/#article\",\"isPartOf\":{\"@id\":\"https:\\\/\\\/bladnanews.com\\\/gio-reyna-responds-to-christian-pulisic-man-utd-links\\\/\"},\"author\":{\"name\":\"Bladna News Staff\",\"@id\":\"https:\\\/\\\/mediumseagreen-eel-531711.hostingersite.com\\\/#\\\/schema\\\/person\\\/268e18a453ab080ebf76df6ef7845083\"},\"headline\":\"Gio Reyna responds to Christian Pulisic Man Utd links\",\"datePublished\":\"2026-01-07T12:27:22+00:00\",\"mainEntityOfPage\":{\"@id\":\"https:\\\/\\\/bladnanews.com\\\/gio-reyna-responds-to-christian-pulisic-man-utd-links\\\/\"},\"wordCount\":188,\"publisher\":{\"@id\":\"https:\\\/\\\/mediumseagreen-eel-531711.hostingersite.com\\\/#organization\"},\"image\":{\"@id\":\"https:\\\/\\\/bladnanews.com\\\/gio-reyna-responds-to-christian-pulisic-man-utd-links\\\/#primaryimage\"},\"thumbnailUrl\":\"https:\\\/\\\/bladnanews.com\\\/wp-content\\\/uploads\\\/2026\\\/01\\\/BladnaNews-Gio-Reyna-responds-to-Christian-Pulisic-Man-Utd-links-2026-01-07T211004.305Z.jpg\",\"articleSection\":[\"International\",\"Latest News\"],\"inLanguage\":\"fr-FR\",\"copyrightYear\":\"2026\",\"copyrightHolder\":{\"@id\":\"https:\\\/\\\/bladnanews.com\\\/fr\\\/#organization\"}},{\"@type\":\"WebPage\",\"@id\":\"https:\\\/\\\/bladnanews.com\\\/gio-reyna-responds-to-christian-pulisic-man-utd-links\\\/\",\"url\":\"https:\\\/\\\/bladnanews.com\\\/gio-reyna-responds-to-christian-pulisic-man-utd-links\\\/\",\"name\":\"Gio Reyna responds to Christian Pulisic Man Utd links - Bladna News\",\"isPartOf\":{\"@id\":\"https:\\\/\\\/mediumseagreen-eel-531711.hostingersite.com\\\/#website\"},\"primaryImageOfPage\":{\"@id\":\"https:\\\/\\\/bladnanews.com\\\/gio-reyna-responds-to-christian-pulisic-man-utd-links\\\/#primaryimage\"},\"image\":{\"@id\":\"https:\\\/\\\/bladnanews.com\\\/gio-reyna-responds-to-christian-pulisic-man-utd-links\\\/#primaryimage\"},\"thumbnailUrl\":\"https:\\\/\\\/bladnanews.com\\\/wp-content\\\/uploads\\\/2026\\\/01\\\/BladnaNews-Gio-Reyna-responds-to-Christian-Pulisic-Man-Utd-links-2026-01-07T211004.305Z.jpg\",\"datePublished\":\"2026-01-07T12:27:22+00:00\",\"breadcrumb\":{\"@id\":\"https:\\\/\\\/bladnanews.com\\\/gio-reyna-responds-to-christian-pulisic-man-utd-links\\\/#breadcrumb\"},\"inLanguage\":\"fr-FR\",\"potentialAction\":[{\"@type\":\"ReadAction\",\"target\":[\"https:\\\/\\\/bladnanews.com\\\/gio-reyna-responds-to-christian-pulisic-man-utd-links\\\/\"]}]},{\"@type\":\"ImageObject\",\"inLanguage\":\"fr-FR\",\"@id\":\"https:\\\/\\\/bladnanews.com\\\/gio-reyna-responds-to-christian-pulisic-man-utd-links\\\/#primaryimage\",\"url\":\"https:\\\/\\\/bladnanews.com\\\/wp-content\\\/uploads\\\/2026\\\/01\\\/BladnaNews-Gio-Reyna-responds-to-Christian-Pulisic-Man-Utd-links-2026-01-07T211004.305Z.jpg\",\"contentUrl\":\"https:\\\/\\\/bladnanews.com\\\/wp-content\\\/uploads\\\/2026\\\/01\\\/BladnaNews-Gio-Reyna-responds-to-Christian-Pulisic-Man-Utd-links-2026-01-07T211004.305Z.jpg\",\"width\":1600,\"height\":900,\"caption\":\"Christian Pulisic in AC Milan's red and black kit celebrating a goal, and Gio Reyna in Borussia M\u00f6nchengladbach's white kit, looking focused.\"},{\"@type\":\"BreadcrumbList\",\"@id\":\"https:\\\/\\\/bladnanews.com\\\/gio-reyna-responds-to-christian-pulisic-man-utd-links\\\/#breadcrumb\",\"itemListElement\":[{\"@type\":\"ListItem\",\"position\":1,\"name\":\"Home\",\"item\":\"https:\\\/\\\/bladnanews.com\\\/\"},{\"@type\":\"ListItem\",\"position\":2,\"name\":\"Gio Reyna responds to Christian Pulisic Man Utd links\"}]},{\"@type\":\"WebSite\",\"@id\":\"https:\\\/\\\/mediumseagreen-eel-531711.hostingersite.com\\\/#website\",\"url\":\"https:\\\/\\\/mediumseagreen-eel-531711.hostingersite.com\\\/\",\"name\":\"Bladna News - Morocco\",\"description\":\"Where Moroccan Football Meets the World\",\"publisher\":{\"@id\":\"https:\\\/\\\/mediumseagreen-eel-531711.hostingersite.com\\\/#organization\"},\"potentialAction\":[{\"@type\":\"SearchAction\",\"target\":{\"@type\":\"EntryPoint\",\"urlTemplate\":\"https:\\\/\\\/mediumseagreen-eel-531711.hostingersite.com\\\/?s={search_term_string}\"},\"query-input\":{\"@type\":\"PropertyValueSpecification\",\"valueRequired\":true,\"valueName\":\"search_term_string\"}}],\"inLanguage\":\"fr-FR\"},{\"@type\":\"Organization\",\"@id\":\"https:\\\/\\\/mediumseagreen-eel-531711.hostingersite.com\\\/#organization\",\"name\":\"Bladna News.com\",\"url\":\"https:\\\/\\\/mediumseagreen-eel-531711.hostingersite.com\\\/\",\"logo\":{\"@type\":\"ImageObject\",\"inLanguage\":\"fr-FR\",\"@id\":\"https:\\\/\\\/mediumseagreen-eel-531711.hostingersite.com\\\/#\\\/schema\\\/logo\\\/image\\\/\",\"url\":\"https:\\\/\\\/bladnanews.com\\\/wp-content\\\/uploads\\\/2025\\\/12\\\/logo-bladnanews-V2-web-black-red.png\",\"contentUrl\":\"https:\\\/\\\/bladnanews.com\\\/wp-content\\\/uploads\\\/2025\\\/12\\\/logo-bladnanews-V2-web-black-red.png\",\"width\":703,\"height\":287,\"caption\":\"Bladna News.com\"},\"image\":{\"@id\":\"https:\\\/\\\/mediumseagreen-eel-531711.hostingersite.com\\\/#\\\/schema\\\/logo\\\/image\\\/\"},\"email\":\"info@bladnanews.com\",\"legalName\":\"Bladna News\"},{\"@type\":\"Person\",\"@id\":\"https:\\\/\\\/mediumseagreen-eel-531711.hostingersite.com\\\/#\\\/schema\\\/person\\\/268e18a453ab080ebf76df6ef7845083\",\"name\":\"Bladna News Staff\",\"url\":\"https:\\\/\\\/bladnanews.com\\\/fr\\\/author\\\/bladna-news-staff\\\/\"}]}<\/script>\n<!-- \/ Yoast SEO Premium plugin. -->","yoast_head_json":{"title":"Gio Reyna r\u00e9pond aux liens de Christian Pulisic avec Man Utd - Bladna News","robots":{"index":"index","follow":"follow","max-snippet":"max-snippet:-1","max-image-preview":"max-image-preview:large","max-video-preview":"max-video-preview:-1"},"canonical":"https:\/\/bladnanews.com\/fr\/gio-reyna-repond-aux-liens-de-christian-pulisic-avec-man-utd\/","og_locale":"fr_FR","og_type":"article","og_title":"Gio Reyna responds to Christian Pulisic Man Utd links","og_description":"Gio Reyna has played down talk linking Christian Pulisic with a move to Manchester United, insisting the USMNT star is [&hellip;]","og_url":"https:\/\/bladnanews.com\/fr\/gio-reyna-repond-aux-liens-de-christian-pulisic-avec-man-utd\/","og_site_name":"Bladna News","article_published_time":"2026-01-07T12:27:22+00:00","og_image":[{"width":1312,"height":736,"url":"https:\/\/bladnanews.com\/wp-content\/uploads\/2025\/12\/freepik__bladna-newscom-moroccan-soccer-homepage-banner-mor__41838.png","type":"image\/png"}],"author":"Bladna News Staff","twitter_card":"summary_large_image","twitter_misc":{"\u00c9crit par":"Bladna News Staff","Dur\u00e9e de lecture estim\u00e9e":"1 minute"},"schema":{"@context":"https:\/\/schema.org","@graph":[{"@type":"Article","@id":"https:\/\/bladnanews.com\/gio-reyna-responds-to-christian-pulisic-man-utd-links\/#article","isPartOf":{"@id":"https:\/\/bladnanews.com\/gio-reyna-responds-to-christian-pulisic-man-utd-links\/"},"author":{"name":"Bladna News Staff","@id":"https:\/\/mediumseagreen-eel-531711.hostingersite.com\/#\/schema\/person\/268e18a453ab080ebf76df6ef7845083"},"headline":"Gio Reyna responds to Christian Pulisic Man Utd links","datePublished":"2026-01-07T12:27:22+00:00","mainEntityOfPage":{"@id":"https:\/\/bladnanews.com\/gio-reyna-responds-to-christian-pulisic-man-utd-links\/"},"wordCount":188,"publisher":{"@id":"https:\/\/mediumseagreen-eel-531711.hostingersite.com\/#organization"},"image":{"@id":"https:\/\/bladnanews.com\/gio-reyna-responds-to-christian-pulisic-man-utd-links\/#primaryimage"},"thumbnailUrl":"https:\/\/bladnanews.com\/wp-content\/uploads\/2026\/01\/BladnaNews-Gio-Reyna-responds-to-Christian-Pulisic-Man-Utd-links-2026-01-07T211004.305Z.jpg","articleSection":["International","Latest News"],"inLanguage":"fr-FR","copyrightYear":"2026","copyrightHolder":{"@id":"https:\/\/bladnanews.com\/fr\/#organization"}},{"@type":"WebPage","@id":"https:\/\/bladnanews.com\/gio-reyna-responds-to-christian-pulisic-man-utd-links\/","url":"https:\/\/bladnanews.com\/gio-reyna-responds-to-christian-pulisic-man-utd-links\/","name":"Gio Reyna r\u00e9pond aux liens de Christian Pulisic avec Man Utd - Bladna News","isPartOf":{"@id":"https:\/\/mediumseagreen-eel-531711.hostingersite.com\/#website"},"primaryImageOfPage":{"@id":"https:\/\/bladnanews.com\/gio-reyna-responds-to-christian-pulisic-man-utd-links\/#primaryimage"},"image":{"@id":"https:\/\/bladnanews.com\/gio-reyna-responds-to-christian-pulisic-man-utd-links\/#primaryimage"},"thumbnailUrl":"https:\/\/bladnanews.com\/wp-content\/uploads\/2026\/01\/BladnaNews-Gio-Reyna-responds-to-Christian-Pulisic-Man-Utd-links-2026-01-07T211004.305Z.jpg","datePublished":"2026-01-07T12:27:22+00:00","breadcrumb":{"@id":"https:\/\/bladnanews.com\/gio-reyna-responds-to-christian-pulisic-man-utd-links\/#breadcrumb"},"inLanguage":"fr-FR","potentialAction":[{"@type":"ReadAction","target":["https:\/\/bladnanews.com\/gio-reyna-responds-to-christian-pulisic-man-utd-links\/"]}]},{"@type":"ImageObject","inLanguage":"fr-FR","@id":"https:\/\/bladnanews.com\/gio-reyna-responds-to-christian-pulisic-man-utd-links\/#primaryimage","url":"https:\/\/bladnanews.com\/wp-content\/uploads\/2026\/01\/BladnaNews-Gio-Reyna-responds-to-Christian-Pulisic-Man-Utd-links-2026-01-07T211004.305Z.jpg","contentUrl":"https:\/\/bladnanews.com\/wp-content\/uploads\/2026\/01\/BladnaNews-Gio-Reyna-responds-to-Christian-Pulisic-Man-Utd-links-2026-01-07T211004.305Z.jpg","width":1600,"height":900,"caption":"Christian Pulisic in AC Milan's red and black kit celebrating a goal, and Gio Reyna in Borussia M\u00f6nchengladbach's white kit, looking focused."},{"@type":"BreadcrumbList","@id":"https:\/\/bladnanews.com\/gio-reyna-responds-to-christian-pulisic-man-utd-links\/#breadcrumb","itemListElement":[{"@type":"ListItem","position":1,"name":"Home","item":"https:\/\/bladnanews.com\/"},{"@type":"ListItem","position":2,"name":"Gio Reyna responds to Christian Pulisic Man Utd links"}]},{"@type":"WebSite","@id":"https:\/\/mediumseagreen-eel-531711.hostingersite.com\/#website","url":"https:\/\/mediumseagreen-eel-531711.hostingersite.com\/","name":"Bladna News - Maroc","description":"Quand le football marocain rencontre le monde","publisher":{"@id":"https:\/\/mediumseagreen-eel-531711.hostingersite.com\/#organization"},"potentialAction":[{"@type":"SearchAction","target":{"@type":"EntryPoint","urlTemplate":"https:\/\/mediumseagreen-eel-531711.hostingersite.com\/?s={search_term_string}"},"query-input":{"@type":"PropertyValueSpecification","valueRequired":true,"valueName":"search_term_string"}}],"inLanguage":"fr-FR"},{"@type":"Organization","@id":"https:\/\/mediumseagreen-eel-531711.hostingersite.com\/#organization","name":"Bladna News.com","url":"https:\/\/mediumseagreen-eel-531711.hostingersite.com\/","logo":{"@type":"ImageObject","inLanguage":"fr-FR","@id":"https:\/\/mediumseagreen-eel-531711.hostingersite.com\/#\/schema\/logo\/image\/","url":"https:\/\/bladnanews.com\/wp-content\/uploads\/2025\/12\/logo-bladnanews-V2-web-black-red.png","contentUrl":"https:\/\/bladnanews.com\/wp-content\/uploads\/2025\/12\/logo-bladnanews-V2-web-black-red.png","width":703,"height":287,"caption":"Bladna News.com"},"image":{"@id":"https:\/\/mediumseagreen-eel-531711.hostingersite.com\/#\/schema\/logo\/image\/"},"email":"info@bladnanews.com","legalName":"Bladna News"},{"@type":"Person","@id":"https:\/\/mediumseagreen-eel-531711.hostingersite.com\/#\/schema\/person\/268e18a453ab080ebf76df6ef7845083","name":"\u00c9quipe r\u00e9dactionnelle de Bladna News","url":"https:\/\/bladnanews.com\/fr\/author\/bladna-news-staff\/"}]}},"_links":{"self":[{"href":"https:\/\/bladnanews.com\/fr\/wp-json\/wp\/v2\/posts\/4972","targetHints":{"allow":["GET"]}}],"collection":[{"href":"https:\/\/bladnanews.com\/fr\/wp-json\/wp\/v2\/posts"}],"about":[{"href":"https:\/\/bladnanews.com\/fr\/wp-json\/wp\/v2\/types\/post"}],"author":[{"embeddable":true,"href":"https:\/\/bladnanews.com\/fr\/wp-json\/wp\/v2\/users\/3"}],"replies":[{"embeddable":true,"href":"https:\/\/bladnanews.com\/fr\/wp-json\/wp\/v2\/comments?post=4972"}],"version-history":[{"count":0,"href":"https:\/\/bladnanews.com\/fr\/wp-json\/wp\/v2\/posts\/4972\/revisions"}],"wp:featuredmedia":[{"embeddable":true,"href":"https:\/\/bladnanews.com\/fr\/wp-json\/wp\/v2\/media\/4971"}],"wp:attachment":[{"href":"https:\/\/bladnanews.com\/fr\/wp-json\/wp\/v2\/media?parent=4972"}],"wp:term":[{"taxonomy":"category","embeddable":true,"href":"https:\/\/bladnanews.com\/fr\/wp-json\/wp\/v2\/categories?post=4972"},{"taxonomy":"post_tag","embeddable":true,"href":"https:\/\/bladnanews.com\/fr\/wp-json\/wp\/v2\/tags?post=4972"}],"curies":[{"name":"wp","href":"https:\/\/api.w.org\/{rel}","templated":true}]}}