{"id":5008,"date":"2026-01-07T14:35:00","date_gmt":"2026-01-07T14:35:00","guid":{"rendered":"https:\/\/bladnanews.com\/south-africa-praises-moroccos-hosting-plans-for-afcon-2025\/"},"modified":"2026-01-07T14:35:00","modified_gmt":"2026-01-07T14:35:00","slug":"lafrique-du-sud-loue-les-plans-daccueil-du-maroc-pour-la-can-2025","status":"publish","type":"post","link":"https:\/\/bladnanews.com\/fr\/lafrique-du-sud-loue-les-plans-daccueil-du-maroc-pour-la-can-2025\/","title":{"rendered":"L'Afrique du Sud loue les plans d'accueil du Maroc pour l'AFCON 2025."},"content":{"rendered":"<p>L'Afrique du Sud a officiellement lou\u00e9 les pr\u00e9paratifs du Maroc pour accueillir la Coupe d'Afrique des Nations en 2025, en contraste clair avec les r\u00e9cents commentaires du s\u00e9lectionneur des Bafana Bafana, Hugo Broos.<\/p>\n<p>La F\u00e9d\u00e9ration sud-africaine de football (SAFA) a d\u00e9clar\u00e9 qu'elle \u00e9tait satisfaite du plan d'organisation pr\u00e9sent\u00e9 par le Maroc, soulignant que le tournoi devrait se d\u00e9rouler dans de bonnes conditions et dans des stades r\u00e9pondant aux normes requises.<\/p>\n<p>La d\u00e9claration est intervenue apr\u00e8s que Broos a \u00e9t\u00e9 critiqu\u00e9 pour ses remarques sur le Maroc et l'organisation de l'AFCON 2025, des commentaires qui ont suscit\u00e9 une large r\u00e9action.<\/p>\n<p>La position de la SAFA a \u00e9t\u00e9 per\u00e7ue comme une r\u00e9ponse formelle qui remet l'accent sur les pr\u00e9paratifs de la comp\u00e9tition, tout en confirmant la confiance dans la capacit\u00e9 du Maroc \u00e0 livrer une \u00e9dition r\u00e9ussie des finales continentales.<\/p>","protected":false},"excerpt":{"rendered":"<p>South Africa has officially praised Morocco\u2019s preparations to host the Africa Cup of Nations in 2025, in a clear contrast [&hellip;]<\/p>\n","protected":false},"author":4,"featured_media":5007,"comment_status":"","ping_status":"open","sticky":false,"template":"","format":"standard","meta":{"googlesitekit_rrm_CAow_uzEDA:productID":"","site-sidebar-layout":"default","site-content-layout":"","ast-site-content-layout":"default","site-content-style":"default","site-sidebar-style":"default","ast-global-header-display":"","ast-banner-title-visibility":"","ast-main-header-display":"","ast-hfb-above-header-display":"","ast-hfb-below-header-display":"","ast-hfb-mobile-header-display":"","site-post-title":"","ast-breadcrumbs-content":"","ast-featured-img":"","footer-sml-layout":"","ast-disable-related-posts":"","theme-transparent-header-meta":"","adv-header-id-meta":"","stick-header-meta":"","header-above-stick-meta":"","header-main-stick-meta":"","header-below-stick-meta":"","astra-migrate-meta-layouts":"default","ast-page-background-enabled":"default","ast-page-background-meta":{"desktop":{"background-color":"var(--ast-global-color-5)","background-image":"","background-repeat":"repeat","background-position":"center center","background-size":"auto","background-attachment":"scroll","background-type":"","background-media":"","overlay-type":"","overlay-color":"","overlay-opacity":"","overlay-gradient":""},"tablet":{"background-color":"","background-image":"","background-repeat":"repeat","background-position":"center center","background-size":"auto","background-attachment":"scroll","background-type":"","background-media":"","overlay-type":"","overlay-color":"","overlay-opacity":"","overlay-gradient":""},"mobile":{"background-color":"","background-image":"","background-repeat":"repeat","background-position":"center center","background-size":"auto","background-attachment":"scroll","background-type":"","background-media":"","overlay-type":"","overlay-color":"","overlay-opacity":"","overlay-gradient":""}},"ast-content-background-meta":{"desktop":{"background-color":"var(--ast-global-color-4)","background-image":"","background-repeat":"repeat","background-position":"center center","background-size":"auto","background-attachment":"scroll","background-type":"","background-media":"","overlay-type":"","overlay-color":"","overlay-opacity":"","overlay-gradient":""},"tablet":{"background-color":"var(--ast-global-color-4)","background-image":"","background-repeat":"repeat","background-position":"center center","background-size":"auto","background-attachment":"scroll","background-type":"","background-media":"","overlay-type":"","overlay-color":"","overlay-opacity":"","overlay-gradient":""},"mobile":{"background-color":"var(--ast-global-color-4)","background-image":"","background-repeat":"repeat","background-position":"center center","background-size":"auto","background-attachment":"scroll","background-type":"","background-media":"","overlay-type":"","overlay-color":"","overlay-opacity":"","overlay-gradient":""}},"footnotes":""},"categories":[1,168],"tags":[],"class_list":["post-5008","post","type-post","status-publish","format-standard","has-post-thumbnail","hentry","category-football-latest-news","category-morocco-national-team"],"yoast_head":"<!-- This site is optimized with the Yoast SEO Premium plugin v26.6 (Yoast SEO v27.4) - https:\/\/yoast.com\/product\/yoast-seo-premium-wordpress\/ -->\n<title>South Africa praises Morocco\u2019s hosting plans for AFCON 2025 - Bladna News<\/title>\n<meta name=\"robots\" content=\"index, follow, max-snippet:-1, max-image-preview:large, max-video-preview:-1\" \/>\n<link rel=\"canonical\" href=\"https:\/\/bladnanews.com\/fr\/lafrique-du-sud-loue-les-plans-daccueil-du-maroc-pour-la-can-2025\/\" \/>\n<meta property=\"og:locale\" content=\"fr_FR\" \/>\n<meta property=\"og:type\" content=\"article\" \/>\n<meta property=\"og:title\" content=\"South Africa praises Morocco\u2019s hosting plans for AFCON 2025\" \/>\n<meta property=\"og:description\" content=\"South Africa has officially praised Morocco\u2019s preparations to host the Africa Cup of Nations in 2025, in a clear contrast [&hellip;]\" \/>\n<meta property=\"og:url\" content=\"https:\/\/bladnanews.com\/fr\/lafrique-du-sud-loue-les-plans-daccueil-du-maroc-pour-la-can-2025\/\" \/>\n<meta property=\"og:site_name\" content=\"Bladna News\" \/>\n<meta property=\"article:published_time\" content=\"2026-01-07T14:35:00+00:00\" \/>\n<meta property=\"og:image\" content=\"https:\/\/bladnanews.com\/wp-content\/uploads\/2025\/12\/freepik__bladna-newscom-moroccan-soccer-homepage-banner-mor__41838.png\" \/>\n\t<meta property=\"og:image:width\" content=\"1312\" \/>\n\t<meta property=\"og:image:height\" content=\"736\" \/>\n\t<meta property=\"og:image:type\" content=\"image\/png\" \/>\n<meta name=\"author\" content=\"Bladna Sports Desk\" \/>\n<meta name=\"twitter:card\" content=\"summary_large_image\" \/>\n<meta name=\"twitter:label1\" content=\"\u00c9crit par\" \/>\n\t<meta name=\"twitter:data1\" content=\"Bladna Sports Desk\" \/>\n\t<meta name=\"twitter:label2\" content=\"Dur\u00e9e de lecture estim\u00e9e\" \/>\n\t<meta name=\"twitter:data2\" content=\"1 minute\" \/>\n<script type=\"application\/ld+json\" class=\"yoast-schema-graph\">{\"@context\":\"https:\\\/\\\/schema.org\",\"@graph\":[{\"@type\":\"Article\",\"@id\":\"https:\\\/\\\/bladnanews.com\\\/south-africa-praises-moroccos-hosting-plans-for-afcon-2025\\\/#article\",\"isPartOf\":{\"@id\":\"https:\\\/\\\/bladnanews.com\\\/south-africa-praises-moroccos-hosting-plans-for-afcon-2025\\\/\"},\"author\":{\"name\":\"Bladna Sports Desk\",\"@id\":\"https:\\\/\\\/mediumseagreen-eel-531711.hostingersite.com\\\/#\\\/schema\\\/person\\\/6712b38fabe810f7eb8d15ed30d90f1e\"},\"headline\":\"South Africa praises Morocco\u2019s hosting plans for AFCON 2025\",\"datePublished\":\"2026-01-07T14:35:00+00:00\",\"mainEntityOfPage\":{\"@id\":\"https:\\\/\\\/bladnanews.com\\\/south-africa-praises-moroccos-hosting-plans-for-afcon-2025\\\/\"},\"wordCount\":136,\"publisher\":{\"@id\":\"https:\\\/\\\/mediumseagreen-eel-531711.hostingersite.com\\\/#organization\"},\"image\":{\"@id\":\"https:\\\/\\\/bladnanews.com\\\/south-africa-praises-moroccos-hosting-plans-for-afcon-2025\\\/#primaryimage\"},\"thumbnailUrl\":\"https:\\\/\\\/bladnanews.com\\\/wp-content\\\/uploads\\\/2026\\\/01\\\/\u062c\u0627\u064a\u062a\u0648\u0646-\u0645\u0627\u0643\u0646\u0632\u064a_1767796728.webp\",\"articleSection\":[\"Latest News\",\"Morocco National Team\"],\"inLanguage\":\"fr-FR\",\"copyrightYear\":\"2026\",\"copyrightHolder\":{\"@id\":\"https:\\\/\\\/bladnanews.com\\\/fr\\\/#organization\"}},{\"@type\":\"WebPage\",\"@id\":\"https:\\\/\\\/bladnanews.com\\\/south-africa-praises-moroccos-hosting-plans-for-afcon-2025\\\/\",\"url\":\"https:\\\/\\\/bladnanews.com\\\/south-africa-praises-moroccos-hosting-plans-for-afcon-2025\\\/\",\"name\":\"South Africa praises Morocco\u2019s hosting plans for AFCON 2025 - Bladna News\",\"isPartOf\":{\"@id\":\"https:\\\/\\\/mediumseagreen-eel-531711.hostingersite.com\\\/#website\"},\"primaryImageOfPage\":{\"@id\":\"https:\\\/\\\/bladnanews.com\\\/south-africa-praises-moroccos-hosting-plans-for-afcon-2025\\\/#primaryimage\"},\"image\":{\"@id\":\"https:\\\/\\\/bladnanews.com\\\/south-africa-praises-moroccos-hosting-plans-for-afcon-2025\\\/#primaryimage\"},\"thumbnailUrl\":\"https:\\\/\\\/bladnanews.com\\\/wp-content\\\/uploads\\\/2026\\\/01\\\/\u062c\u0627\u064a\u062a\u0648\u0646-\u0645\u0627\u0643\u0646\u0632\u064a_1767796728.webp\",\"datePublished\":\"2026-01-07T14:35:00+00:00\",\"breadcrumb\":{\"@id\":\"https:\\\/\\\/bladnanews.com\\\/south-africa-praises-moroccos-hosting-plans-for-afcon-2025\\\/#breadcrumb\"},\"inLanguage\":\"fr-FR\",\"potentialAction\":[{\"@type\":\"ReadAction\",\"target\":[\"https:\\\/\\\/bladnanews.com\\\/south-africa-praises-moroccos-hosting-plans-for-afcon-2025\\\/\"]}]},{\"@type\":\"ImageObject\",\"inLanguage\":\"fr-FR\",\"@id\":\"https:\\\/\\\/bladnanews.com\\\/south-africa-praises-moroccos-hosting-plans-for-afcon-2025\\\/#primaryimage\",\"url\":\"https:\\\/\\\/bladnanews.com\\\/wp-content\\\/uploads\\\/2026\\\/01\\\/\u062c\u0627\u064a\u062a\u0648\u0646-\u0645\u0627\u0643\u0646\u0632\u064a_1767796728.webp\",\"contentUrl\":\"https:\\\/\\\/bladnanews.com\\\/wp-content\\\/uploads\\\/2026\\\/01\\\/\u062c\u0627\u064a\u062a\u0648\u0646-\u0645\u0627\u0643\u0646\u0632\u064a_1767796728.webp\",\"width\":860,\"height\":572,\"caption\":\"Football coach in a grey suit, turned slightly, engaged with the match atmosphere. Blurred green background indicates a stadium setting.\"},{\"@type\":\"BreadcrumbList\",\"@id\":\"https:\\\/\\\/bladnanews.com\\\/south-africa-praises-moroccos-hosting-plans-for-afcon-2025\\\/#breadcrumb\",\"itemListElement\":[{\"@type\":\"ListItem\",\"position\":1,\"name\":\"Home\",\"item\":\"https:\\\/\\\/bladnanews.com\\\/\"},{\"@type\":\"ListItem\",\"position\":2,\"name\":\"South Africa praises Morocco\u2019s hosting plans for AFCON 2025\"}]},{\"@type\":\"WebSite\",\"@id\":\"https:\\\/\\\/mediumseagreen-eel-531711.hostingersite.com\\\/#website\",\"url\":\"https:\\\/\\\/mediumseagreen-eel-531711.hostingersite.com\\\/\",\"name\":\"Bladna News - Morocco\",\"description\":\"Where Moroccan Football Meets the World\",\"publisher\":{\"@id\":\"https:\\\/\\\/mediumseagreen-eel-531711.hostingersite.com\\\/#organization\"},\"potentialAction\":[{\"@type\":\"SearchAction\",\"target\":{\"@type\":\"EntryPoint\",\"urlTemplate\":\"https:\\\/\\\/mediumseagreen-eel-531711.hostingersite.com\\\/?s={search_term_string}\"},\"query-input\":{\"@type\":\"PropertyValueSpecification\",\"valueRequired\":true,\"valueName\":\"search_term_string\"}}],\"inLanguage\":\"fr-FR\"},{\"@type\":\"Organization\",\"@id\":\"https:\\\/\\\/mediumseagreen-eel-531711.hostingersite.com\\\/#organization\",\"name\":\"Bladna News.com\",\"url\":\"https:\\\/\\\/mediumseagreen-eel-531711.hostingersite.com\\\/\",\"logo\":{\"@type\":\"ImageObject\",\"inLanguage\":\"fr-FR\",\"@id\":\"https:\\\/\\\/mediumseagreen-eel-531711.hostingersite.com\\\/#\\\/schema\\\/logo\\\/image\\\/\",\"url\":\"https:\\\/\\\/bladnanews.com\\\/wp-content\\\/uploads\\\/2025\\\/12\\\/logo-bladnanews-V2-web-black-red.png\",\"contentUrl\":\"https:\\\/\\\/bladnanews.com\\\/wp-content\\\/uploads\\\/2025\\\/12\\\/logo-bladnanews-V2-web-black-red.png\",\"width\":703,\"height\":287,\"caption\":\"Bladna News.com\"},\"image\":{\"@id\":\"https:\\\/\\\/mediumseagreen-eel-531711.hostingersite.com\\\/#\\\/schema\\\/logo\\\/image\\\/\"},\"email\":\"info@bladnanews.com\",\"legalName\":\"Bladna News\"},{\"@type\":\"Person\",\"@id\":\"https:\\\/\\\/mediumseagreen-eel-531711.hostingersite.com\\\/#\\\/schema\\\/person\\\/6712b38fabe810f7eb8d15ed30d90f1e\",\"name\":\"Bladna Sports Desk\",\"url\":\"https:\\\/\\\/bladnanews.com\\\/fr\\\/author\\\/bladna-sports-desk\\\/\"}]}<\/script>\n<!-- \/ Yoast SEO Premium plugin. -->","yoast_head_json":{"title":"L'Afrique du Sud loue les plans d'accueil du Maroc pour la CAN 2025 - Bladna News","robots":{"index":"index","follow":"follow","max-snippet":"max-snippet:-1","max-image-preview":"max-image-preview:large","max-video-preview":"max-video-preview:-1"},"canonical":"https:\/\/bladnanews.com\/fr\/lafrique-du-sud-loue-les-plans-daccueil-du-maroc-pour-la-can-2025\/","og_locale":"fr_FR","og_type":"article","og_title":"South Africa praises Morocco\u2019s hosting plans for AFCON 2025","og_description":"South Africa has officially praised Morocco\u2019s preparations to host the Africa Cup of Nations in 2025, in a clear contrast [&hellip;]","og_url":"https:\/\/bladnanews.com\/fr\/lafrique-du-sud-loue-les-plans-daccueil-du-maroc-pour-la-can-2025\/","og_site_name":"Bladna News","article_published_time":"2026-01-07T14:35:00+00:00","og_image":[{"width":1312,"height":736,"url":"https:\/\/bladnanews.com\/wp-content\/uploads\/2025\/12\/freepik__bladna-newscom-moroccan-soccer-homepage-banner-mor__41838.png","type":"image\/png"}],"author":"Bladna Sports Desk","twitter_card":"summary_large_image","twitter_misc":{"\u00c9crit par":"Bladna Sports Desk","Dur\u00e9e de lecture estim\u00e9e":"1 minute"},"schema":{"@context":"https:\/\/schema.org","@graph":[{"@type":"Article","@id":"https:\/\/bladnanews.com\/south-africa-praises-moroccos-hosting-plans-for-afcon-2025\/#article","isPartOf":{"@id":"https:\/\/bladnanews.com\/south-africa-praises-moroccos-hosting-plans-for-afcon-2025\/"},"author":{"name":"Bladna Sports Desk","@id":"https:\/\/mediumseagreen-eel-531711.hostingersite.com\/#\/schema\/person\/6712b38fabe810f7eb8d15ed30d90f1e"},"headline":"South Africa praises Morocco\u2019s hosting plans for AFCON 2025","datePublished":"2026-01-07T14:35:00+00:00","mainEntityOfPage":{"@id":"https:\/\/bladnanews.com\/south-africa-praises-moroccos-hosting-plans-for-afcon-2025\/"},"wordCount":136,"publisher":{"@id":"https:\/\/mediumseagreen-eel-531711.hostingersite.com\/#organization"},"image":{"@id":"https:\/\/bladnanews.com\/south-africa-praises-moroccos-hosting-plans-for-afcon-2025\/#primaryimage"},"thumbnailUrl":"https:\/\/bladnanews.com\/wp-content\/uploads\/2026\/01\/\u062c\u0627\u064a\u062a\u0648\u0646-\u0645\u0627\u0643\u0646\u0632\u064a_1767796728.webp","articleSection":["Latest News","Morocco National Team"],"inLanguage":"fr-FR","copyrightYear":"2026","copyrightHolder":{"@id":"https:\/\/bladnanews.com\/fr\/#organization"}},{"@type":"WebPage","@id":"https:\/\/bladnanews.com\/south-africa-praises-moroccos-hosting-plans-for-afcon-2025\/","url":"https:\/\/bladnanews.com\/south-africa-praises-moroccos-hosting-plans-for-afcon-2025\/","name":"L'Afrique du Sud loue les plans d'accueil du Maroc pour la CAN 2025 - Bladna News","isPartOf":{"@id":"https:\/\/mediumseagreen-eel-531711.hostingersite.com\/#website"},"primaryImageOfPage":{"@id":"https:\/\/bladnanews.com\/south-africa-praises-moroccos-hosting-plans-for-afcon-2025\/#primaryimage"},"image":{"@id":"https:\/\/bladnanews.com\/south-africa-praises-moroccos-hosting-plans-for-afcon-2025\/#primaryimage"},"thumbnailUrl":"https:\/\/bladnanews.com\/wp-content\/uploads\/2026\/01\/\u062c\u0627\u064a\u062a\u0648\u0646-\u0645\u0627\u0643\u0646\u0632\u064a_1767796728.webp","datePublished":"2026-01-07T14:35:00+00:00","breadcrumb":{"@id":"https:\/\/bladnanews.com\/south-africa-praises-moroccos-hosting-plans-for-afcon-2025\/#breadcrumb"},"inLanguage":"fr-FR","potentialAction":[{"@type":"ReadAction","target":["https:\/\/bladnanews.com\/south-africa-praises-moroccos-hosting-plans-for-afcon-2025\/"]}]},{"@type":"ImageObject","inLanguage":"fr-FR","@id":"https:\/\/bladnanews.com\/south-africa-praises-moroccos-hosting-plans-for-afcon-2025\/#primaryimage","url":"https:\/\/bladnanews.com\/wp-content\/uploads\/2026\/01\/\u062c\u0627\u064a\u062a\u0648\u0646-\u0645\u0627\u0643\u0646\u0632\u064a_1767796728.webp","contentUrl":"https:\/\/bladnanews.com\/wp-content\/uploads\/2026\/01\/\u062c\u0627\u064a\u062a\u0648\u0646-\u0645\u0627\u0643\u0646\u0632\u064a_1767796728.webp","width":860,"height":572,"caption":"Football coach in a grey suit, turned slightly, engaged with the match atmosphere. Blurred green background indicates a stadium setting."},{"@type":"BreadcrumbList","@id":"https:\/\/bladnanews.com\/south-africa-praises-moroccos-hosting-plans-for-afcon-2025\/#breadcrumb","itemListElement":[{"@type":"ListItem","position":1,"name":"Home","item":"https:\/\/bladnanews.com\/"},{"@type":"ListItem","position":2,"name":"South Africa praises Morocco\u2019s hosting plans for AFCON 2025"}]},{"@type":"WebSite","@id":"https:\/\/mediumseagreen-eel-531711.hostingersite.com\/#website","url":"https:\/\/mediumseagreen-eel-531711.hostingersite.com\/","name":"Bladna News - Maroc","description":"Quand le football marocain rencontre le monde","publisher":{"@id":"https:\/\/mediumseagreen-eel-531711.hostingersite.com\/#organization"},"potentialAction":[{"@type":"SearchAction","target":{"@type":"EntryPoint","urlTemplate":"https:\/\/mediumseagreen-eel-531711.hostingersite.com\/?s={search_term_string}"},"query-input":{"@type":"PropertyValueSpecification","valueRequired":true,"valueName":"search_term_string"}}],"inLanguage":"fr-FR"},{"@type":"Organization","@id":"https:\/\/mediumseagreen-eel-531711.hostingersite.com\/#organization","name":"Bladna News.com","url":"https:\/\/mediumseagreen-eel-531711.hostingersite.com\/","logo":{"@type":"ImageObject","inLanguage":"fr-FR","@id":"https:\/\/mediumseagreen-eel-531711.hostingersite.com\/#\/schema\/logo\/image\/","url":"https:\/\/bladnanews.com\/wp-content\/uploads\/2025\/12\/logo-bladnanews-V2-web-black-red.png","contentUrl":"https:\/\/bladnanews.com\/wp-content\/uploads\/2025\/12\/logo-bladnanews-V2-web-black-red.png","width":703,"height":287,"caption":"Bladna News.com"},"image":{"@id":"https:\/\/mediumseagreen-eel-531711.hostingersite.com\/#\/schema\/logo\/image\/"},"email":"info@bladnanews.com","legalName":"Bladna News"},{"@type":"Person","@id":"https:\/\/mediumseagreen-eel-531711.hostingersite.com\/#\/schema\/person\/6712b38fabe810f7eb8d15ed30d90f1e","name":"Bladna Sports Desk","url":"https:\/\/bladnanews.com\/fr\/author\/bladna-sports-desk\/"}]}},"_links":{"self":[{"href":"https:\/\/bladnanews.com\/fr\/wp-json\/wp\/v2\/posts\/5008","targetHints":{"allow":["GET"]}}],"collection":[{"href":"https:\/\/bladnanews.com\/fr\/wp-json\/wp\/v2\/posts"}],"about":[{"href":"https:\/\/bladnanews.com\/fr\/wp-json\/wp\/v2\/types\/post"}],"author":[{"embeddable":true,"href":"https:\/\/bladnanews.com\/fr\/wp-json\/wp\/v2\/users\/4"}],"replies":[{"embeddable":true,"href":"https:\/\/bladnanews.com\/fr\/wp-json\/wp\/v2\/comments?post=5008"}],"version-history":[{"count":0,"href":"https:\/\/bladnanews.com\/fr\/wp-json\/wp\/v2\/posts\/5008\/revisions"}],"wp:featuredmedia":[{"embeddable":true,"href":"https:\/\/bladnanews.com\/fr\/wp-json\/wp\/v2\/media\/5007"}],"wp:attachment":[{"href":"https:\/\/bladnanews.com\/fr\/wp-json\/wp\/v2\/media?parent=5008"}],"wp:term":[{"taxonomy":"category","embeddable":true,"href":"https:\/\/bladnanews.com\/fr\/wp-json\/wp\/v2\/categories?post=5008"},{"taxonomy":"post_tag","embeddable":true,"href":"https:\/\/bladnanews.com\/fr\/wp-json\/wp\/v2\/tags?post=5008"}],"curies":[{"name":"wp","href":"https:\/\/api.w.org\/{rel}","templated":true}]}}